{"id":53276,"date":"2025-03-27T10:56:18","date_gmt":"2025-03-27T08:56:18","guid":{"rendered":"https:\/\/www.esplac.cat\/?p=53276"},"modified":"2025-03-27T11:05:27","modified_gmt":"2025-03-27T09:05:27","slug":"sector-baix-llobregat-formacions-macarrons","status":"publish","type":"post","link":"https:\/\/www.esplac.cat\/en\/sector-baix-llobregat-formacions-macarrons\/","title":{"rendered":"Al Sector Baix Llobregat, formacions i macarrons!"},"content":{"rendered":"<div class=\"fusion-fullwidth fullwidth-box fusion-builder-row-1 fusion-flex-container has-pattern-background has-mask-background nonhundred-percent-fullwidth non-hundred-percent-height-scrolling\" style=\"--awb-border-radius-top-left:0px;--awb-border-radius-top-right:0px;--awb-border-radius-bottom-right:0px;--awb-border-radius-bottom-left:0px;--awb-flex-wrap:wrap;\" ><div class=\"fusion-builder-row fusion-row fusion-flex-align-items-flex-start fusion-flex-content-wrap\" style=\"max-width:1248px;margin-left: calc(-4% \/ 2 );margin-right: calc(-4% \/ 2 );\"><div class=\"fusion-layout-column fusion_builder_column fusion-builder-column-0 fusion_builder_column_1_1 1_1 fusion-flex-column\" style=\"--awb-bg-size:cover;--awb-width-large:100%;--awb-margin-top-large:0px;--awb-spacing-right-large:1.92%;--awb-margin-bottom-large:20px;--awb-spacing-left-large:1.92%;--awb-width-medium:100%;--awb-order-medium:0;--awb-spacing-right-medium:1.92%;--awb-spacing-left-medium:1.92%;--awb-width-small:100%;--awb-order-small:0;--awb-spacing-right-small:1.92%;--awb-spacing-left-small:1.92%;\"><div class=\"fusion-column-wrapper fusion-column-has-shadow fusion-flex-justify-content-flex-start fusion-content-layout-column\"><div class=\"fusion-text fusion-text-1\"><h6><strong>Les monitores i els monitors del Sector Baix Llobregat s\u2019han format i cohesionat durant la Macarronada Formativa d\u2019aquest cap de setmana passat.<\/strong><\/h6>\n<p>Vora una vintena de monis de diferents esplais del <span style=\"color: #f69d0b;\"><a style=\"color: #f69d0b;\" href=\"https:\/\/www.esplac.cat\/sectors-geografics\/baix-llobregat\/\" target=\"_blank\" rel=\"noopener\"><strong>Sector Baix Llobregat<\/strong><\/a><\/span> han participat en la m\u00edtica <strong>Macarronada Formativa<\/strong> del sector. Enguany, la trobada de cap de setmana s\u2019ha dut a terme a la casa de col\u00f2nies La Farga del Montseny.<\/p>\n<p>El dissabte a la tarda, les monitores i monitors van poder assistir a una de les dues formacions que van escollir en les reunions de sector pr\u00e8vies: <strong><em>Millorar la din\u00e0mica i la cohesi\u00f3 dels equips<\/em><\/strong> i <strong><em>Comunicaci\u00f3 amb fam\u00edlies: ASI, agressions i conflictes<\/em><\/strong>. Aquestes formacions impartides per l&#8217;<span style=\"color: #f69d0b;\"><a style=\"color: #f69d0b;\" href=\"https:\/\/escolaelsol.coop\/\" target=\"_blank\" rel=\"noopener\"><strong>Escola Lliure el Sol<\/strong><\/a><\/span> van oferir eines \u00fatils i pr\u00e0ctiques que ben segur podran aplicar en el seu dia a dia a l\u2019esplai.<\/p>\n<p>La resta del cap de setmana va servir per compartir experi\u00e8ncies i recursos, crear xarxa i cohesionar-se com a sector. El cap de setmana va acabar amb el ja t\u00edpic dinar de macarrons i tothom va marxar a casa amb el cap ple de nous coneixements i l\u2019est\u00f3mac ple de macarrons!<\/p>\n<\/div><\/div><\/div><\/div><\/div>\n","protected":false},"excerpt":{"rendered":"","protected":false},"author":3,"featured_media":53279,"comment_status":"closed","ping_status":"closed","sticky":false,"template":"","format":"standard","meta":{"om_disable_all_campaigns":false,"_monsterinsights_skip_tracking":false,"_monsterinsights_sitenote_active":false,"_monsterinsights_sitenote_note":"","_monsterinsights_sitenote_category":0,"_uf_show_specific_survey":0,"_uf_disable_surveys":false,"footnotes":""},"categories":[1124,1],"tags":[],"class_list":["post-53276","post","type-post","status-publish","format-standard","has-post-thumbnail","hentry","category-sector-baix-llobregat","category-sense-categoria"],"yoast_head":"<!-- This site is optimized with the Yoast SEO plugin v27.5 - https:\/\/yoast.com\/product\/yoast-seo-wordpress\/ -->\n<title>Al Sector Baix Llobregat, formacions i macarrons! - Esplac<\/title>\n<meta name=\"description\" content=\"Les monitores i els monitors del Sector Baix Llobregat s\u2019han format i cohesionat durant la Macarronada Formativa d\u2019aquest cap de setmana.\" \/>\n<meta name=\"robots\" content=\"index, follow, max-snippet:-1, max-image-preview:large, max-video-preview:-1\" \/>\n<link rel=\"canonical\" href=\"https:\/\/www.esplac.cat\/sector-baix-llobregat-formacions-macarrons\/\" \/>\n<meta property=\"og:locale\" content=\"en_US\" \/>\n<meta property=\"og:type\" content=\"article\" \/>\n<meta property=\"og:title\" content=\"Al Sector Baix Llobregat, formacions i macarrons! - Esplac\" \/>\n<meta property=\"og:description\" content=\"Les monitores i els monitors del Sector Baix Llobregat s\u2019han format i cohesionat durant la Macarronada Formativa d\u2019aquest cap de setmana.\" \/>\n<meta property=\"og:url\" content=\"https:\/\/www.esplac.cat\/sector-baix-llobregat-formacions-macarrons\/\" \/>\n<meta property=\"og:site_name\" content=\"Esplac\" \/>\n<meta property=\"article:published_time\" content=\"2025-03-27T08:56:18+00:00\" \/>\n<meta property=\"article:modified_time\" content=\"2025-03-27T09:05:27+00:00\" \/>\n<meta property=\"og:image\" content=\"https:\/\/www.esplac.cat\/wp-content\/uploads\/2025\/03\/Macarronada_BaixLlo.jpg\" \/>\n\t<meta property=\"og:image:width\" content=\"2546\" \/>\n\t<meta property=\"og:image:height\" content=\"1050\" \/>\n\t<meta property=\"og:image:type\" content=\"image\/jpeg\" \/>\n<meta name=\"author\" content=\"Comunicaci\u00f3 Esplac\" \/>\n<meta name=\"twitter:card\" content=\"summary_large_image\" \/>\n<meta name=\"twitter:label1\" content=\"Written by\" \/>\n\t<meta name=\"twitter:data1\" content=\"Comunicaci\u00f3 Esplac\" \/>\n\t<meta name=\"twitter:label2\" content=\"Est. reading time\" \/>\n\t<meta name=\"twitter:data2\" content=\"2 minutes\" \/>\n<script type=\"application\/ld+json\" class=\"yoast-schema-graph\">{\"@context\":\"https:\\\/\\\/schema.org\",\"@graph\":[{\"@type\":\"Article\",\"@id\":\"https:\\\/\\\/www.esplac.cat\\\/sector-baix-llobregat-formacions-macarrons\\\/#article\",\"isPartOf\":{\"@id\":\"https:\\\/\\\/www.esplac.cat\\\/sector-baix-llobregat-formacions-macarrons\\\/\"},\"author\":{\"name\":\"Comunicaci\u00f3 Esplac\",\"@id\":\"https:\\\/\\\/www.esplac.cat\\\/#\\\/schema\\\/person\\\/908383cf240be18b68f8855d0583faca\"},\"headline\":\"Al Sector Baix Llobregat, formacions i macarrons!\",\"datePublished\":\"2025-03-27T08:56:18+00:00\",\"dateModified\":\"2025-03-27T09:05:27+00:00\",\"mainEntityOfPage\":{\"@id\":\"https:\\\/\\\/www.esplac.cat\\\/sector-baix-llobregat-formacions-macarrons\\\/\"},\"wordCount\":1163,\"publisher\":{\"@id\":\"https:\\\/\\\/www.esplac.cat\\\/#organization\"},\"image\":{\"@id\":\"https:\\\/\\\/www.esplac.cat\\\/sector-baix-llobregat-formacions-macarrons\\\/#primaryimage\"},\"thumbnailUrl\":\"https:\\\/\\\/www.esplac.cat\\\/wp-content\\\/uploads\\\/2025\\\/03\\\/Macarronada_BaixLlo.jpg\",\"articleSection\":[\"Sector Baix Llobregat\",\"Sense categoria\"],\"inLanguage\":\"en-US\"},{\"@type\":\"WebPage\",\"@id\":\"https:\\\/\\\/www.esplac.cat\\\/sector-baix-llobregat-formacions-macarrons\\\/\",\"url\":\"https:\\\/\\\/www.esplac.cat\\\/sector-baix-llobregat-formacions-macarrons\\\/\",\"name\":\"Al Sector Baix Llobregat, formacions i macarrons! - Esplac\",\"isPartOf\":{\"@id\":\"https:\\\/\\\/www.esplac.cat\\\/#website\"},\"primaryImageOfPage\":{\"@id\":\"https:\\\/\\\/www.esplac.cat\\\/sector-baix-llobregat-formacions-macarrons\\\/#primaryimage\"},\"image\":{\"@id\":\"https:\\\/\\\/www.esplac.cat\\\/sector-baix-llobregat-formacions-macarrons\\\/#primaryimage\"},\"thumbnailUrl\":\"https:\\\/\\\/www.esplac.cat\\\/wp-content\\\/uploads\\\/2025\\\/03\\\/Macarronada_BaixLlo.jpg\",\"datePublished\":\"2025-03-27T08:56:18+00:00\",\"dateModified\":\"2025-03-27T09:05:27+00:00\",\"description\":\"Les monitores i els monitors del Sector Baix Llobregat s\u2019han format i cohesionat durant la Macarronada Formativa d\u2019aquest cap de setmana.\",\"breadcrumb\":{\"@id\":\"https:\\\/\\\/www.esplac.cat\\\/sector-baix-llobregat-formacions-macarrons\\\/#breadcrumb\"},\"inLanguage\":\"en-US\",\"potentialAction\":[{\"@type\":\"ReadAction\",\"target\":[\"https:\\\/\\\/www.esplac.cat\\\/sector-baix-llobregat-formacions-macarrons\\\/\"]}]},{\"@type\":\"ImageObject\",\"inLanguage\":\"en-US\",\"@id\":\"https:\\\/\\\/www.esplac.cat\\\/sector-baix-llobregat-formacions-macarrons\\\/#primaryimage\",\"url\":\"https:\\\/\\\/www.esplac.cat\\\/wp-content\\\/uploads\\\/2025\\\/03\\\/Macarronada_BaixLlo.jpg\",\"contentUrl\":\"https:\\\/\\\/www.esplac.cat\\\/wp-content\\\/uploads\\\/2025\\\/03\\\/Macarronada_BaixLlo.jpg\",\"width\":2546,\"height\":1050,\"caption\":\"sector baix llobregat\"},{\"@type\":\"BreadcrumbList\",\"@id\":\"https:\\\/\\\/www.esplac.cat\\\/sector-baix-llobregat-formacions-macarrons\\\/#breadcrumb\",\"itemListElement\":[{\"@type\":\"ListItem\",\"position\":1,\"name\":\"Inici\",\"item\":\"https:\\\/\\\/www.esplac.cat\\\/en\\\/\"},{\"@type\":\"ListItem\",\"position\":2,\"name\":\"Al Sector Baix Llobregat, formacions i macarrons!\"}]},{\"@type\":\"WebSite\",\"@id\":\"https:\\\/\\\/www.esplac.cat\\\/#website\",\"url\":\"https:\\\/\\\/www.esplac.cat\\\/\",\"name\":\"Esplac\",\"description\":\"Esplais Catalans\",\"publisher\":{\"@id\":\"https:\\\/\\\/www.esplac.cat\\\/#organization\"},\"potentialAction\":[{\"@type\":\"SearchAction\",\"target\":{\"@type\":\"EntryPoint\",\"urlTemplate\":\"https:\\\/\\\/www.esplac.cat\\\/?s={search_term_string}\"},\"query-input\":{\"@type\":\"PropertyValueSpecification\",\"valueRequired\":true,\"valueName\":\"search_term_string\"}}],\"inLanguage\":\"en-US\"},{\"@type\":\"Organization\",\"@id\":\"https:\\\/\\\/www.esplac.cat\\\/#organization\",\"name\":\"Esplac\",\"url\":\"https:\\\/\\\/www.esplac.cat\\\/\",\"logo\":{\"@type\":\"ImageObject\",\"inLanguage\":\"en-US\",\"@id\":\"https:\\\/\\\/www.esplac.cat\\\/#\\\/schema\\\/logo\\\/image\\\/\",\"url\":\"https:\\\/\\\/www.esplac.cat\\\/wp-content\\\/uploads\\\/2019\\\/08\\\/logox2.png\",\"contentUrl\":\"https:\\\/\\\/www.esplac.cat\\\/wp-content\\\/uploads\\\/2019\\\/08\\\/logox2.png\",\"width\":600,\"height\":295,\"caption\":\"Esplac\"},\"image\":{\"@id\":\"https:\\\/\\\/www.esplac.cat\\\/#\\\/schema\\\/logo\\\/image\\\/\"}},{\"@type\":\"Person\",\"@id\":\"https:\\\/\\\/www.esplac.cat\\\/#\\\/schema\\\/person\\\/908383cf240be18b68f8855d0583faca\",\"name\":\"Comunicaci\u00f3 Esplac\",\"image\":{\"@type\":\"ImageObject\",\"inLanguage\":\"en-US\",\"@id\":\"https:\\\/\\\/secure.gravatar.com\\\/avatar\\\/7a4cf8feb412a76ea4a740ca02d95b06b2907b5a6c648c2dd0a1082a093c3141?s=96&d=mm&r=g\",\"url\":\"https:\\\/\\\/secure.gravatar.com\\\/avatar\\\/7a4cf8feb412a76ea4a740ca02d95b06b2907b5a6c648c2dd0a1082a093c3141?s=96&d=mm&r=g\",\"contentUrl\":\"https:\\\/\\\/secure.gravatar.com\\\/avatar\\\/7a4cf8feb412a76ea4a740ca02d95b06b2907b5a6c648c2dd0a1082a093c3141?s=96&d=mm&r=g\",\"caption\":\"Comunicaci\u00f3 Esplac\"}}]}<\/script>\n<!-- \/ Yoast SEO plugin. -->","yoast_head_json":{"title":"Al Sector Baix Llobregat, formacions i macarrons! - Esplac","description":"Les monitores i els monitors del Sector Baix Llobregat s\u2019han format i cohesionat durant la Macarronada Formativa d\u2019aquest cap de setmana.","robots":{"index":"index","follow":"follow","max-snippet":"max-snippet:-1","max-image-preview":"max-image-preview:large","max-video-preview":"max-video-preview:-1"},"canonical":"https:\/\/www.esplac.cat\/sector-baix-llobregat-formacions-macarrons\/","og_locale":"en_US","og_type":"article","og_title":"Al Sector Baix Llobregat, formacions i macarrons! - Esplac","og_description":"Les monitores i els monitors del Sector Baix Llobregat s\u2019han format i cohesionat durant la Macarronada Formativa d\u2019aquest cap de setmana.","og_url":"https:\/\/www.esplac.cat\/sector-baix-llobregat-formacions-macarrons\/","og_site_name":"Esplac","article_published_time":"2025-03-27T08:56:18+00:00","article_modified_time":"2025-03-27T09:05:27+00:00","og_image":[{"width":2546,"height":1050,"url":"https:\/\/www.esplac.cat\/wp-content\/uploads\/2025\/03\/Macarronada_BaixLlo.jpg","type":"image\/jpeg"}],"author":"Comunicaci\u00f3 Esplac","twitter_card":"summary_large_image","twitter_misc":{"Written by":"Comunicaci\u00f3 Esplac","Est. reading time":"2 minutes"},"schema":{"@context":"https:\/\/schema.org","@graph":[{"@type":"Article","@id":"https:\/\/www.esplac.cat\/sector-baix-llobregat-formacions-macarrons\/#article","isPartOf":{"@id":"https:\/\/www.esplac.cat\/sector-baix-llobregat-formacions-macarrons\/"},"author":{"name":"Comunicaci\u00f3 Esplac","@id":"https:\/\/www.esplac.cat\/#\/schema\/person\/908383cf240be18b68f8855d0583faca"},"headline":"Al Sector Baix Llobregat, formacions i macarrons!","datePublished":"2025-03-27T08:56:18+00:00","dateModified":"2025-03-27T09:05:27+00:00","mainEntityOfPage":{"@id":"https:\/\/www.esplac.cat\/sector-baix-llobregat-formacions-macarrons\/"},"wordCount":1163,"publisher":{"@id":"https:\/\/www.esplac.cat\/#organization"},"image":{"@id":"https:\/\/www.esplac.cat\/sector-baix-llobregat-formacions-macarrons\/#primaryimage"},"thumbnailUrl":"https:\/\/www.esplac.cat\/wp-content\/uploads\/2025\/03\/Macarronada_BaixLlo.jpg","articleSection":["Sector Baix Llobregat","Sense categoria"],"inLanguage":"en-US"},{"@type":"WebPage","@id":"https:\/\/www.esplac.cat\/sector-baix-llobregat-formacions-macarrons\/","url":"https:\/\/www.esplac.cat\/sector-baix-llobregat-formacions-macarrons\/","name":"Al Sector Baix Llobregat, formacions i macarrons! - Esplac","isPartOf":{"@id":"https:\/\/www.esplac.cat\/#website"},"primaryImageOfPage":{"@id":"https:\/\/www.esplac.cat\/sector-baix-llobregat-formacions-macarrons\/#primaryimage"},"image":{"@id":"https:\/\/www.esplac.cat\/sector-baix-llobregat-formacions-macarrons\/#primaryimage"},"thumbnailUrl":"https:\/\/www.esplac.cat\/wp-content\/uploads\/2025\/03\/Macarronada_BaixLlo.jpg","datePublished":"2025-03-27T08:56:18+00:00","dateModified":"2025-03-27T09:05:27+00:00","description":"Les monitores i els monitors del Sector Baix Llobregat s\u2019han format i cohesionat durant la Macarronada Formativa d\u2019aquest cap de setmana.","breadcrumb":{"@id":"https:\/\/www.esplac.cat\/sector-baix-llobregat-formacions-macarrons\/#breadcrumb"},"inLanguage":"en-US","potentialAction":[{"@type":"ReadAction","target":["https:\/\/www.esplac.cat\/sector-baix-llobregat-formacions-macarrons\/"]}]},{"@type":"ImageObject","inLanguage":"en-US","@id":"https:\/\/www.esplac.cat\/sector-baix-llobregat-formacions-macarrons\/#primaryimage","url":"https:\/\/www.esplac.cat\/wp-content\/uploads\/2025\/03\/Macarronada_BaixLlo.jpg","contentUrl":"https:\/\/www.esplac.cat\/wp-content\/uploads\/2025\/03\/Macarronada_BaixLlo.jpg","width":2546,"height":1050,"caption":"sector baix llobregat"},{"@type":"BreadcrumbList","@id":"https:\/\/www.esplac.cat\/sector-baix-llobregat-formacions-macarrons\/#breadcrumb","itemListElement":[{"@type":"ListItem","position":1,"name":"Inici","item":"https:\/\/www.esplac.cat\/en\/"},{"@type":"ListItem","position":2,"name":"Al Sector Baix Llobregat, formacions i macarrons!"}]},{"@type":"WebSite","@id":"https:\/\/www.esplac.cat\/#website","url":"https:\/\/www.esplac.cat\/","name":"Esplac","description":"Esplais Catalans","publisher":{"@id":"https:\/\/www.esplac.cat\/#organization"},"potentialAction":[{"@type":"SearchAction","target":{"@type":"EntryPoint","urlTemplate":"https:\/\/www.esplac.cat\/?s={search_term_string}"},"query-input":{"@type":"PropertyValueSpecification","valueRequired":true,"valueName":"search_term_string"}}],"inLanguage":"en-US"},{"@type":"Organization","@id":"https:\/\/www.esplac.cat\/#organization","name":"Esplac","url":"https:\/\/www.esplac.cat\/","logo":{"@type":"ImageObject","inLanguage":"en-US","@id":"https:\/\/www.esplac.cat\/#\/schema\/logo\/image\/","url":"https:\/\/www.esplac.cat\/wp-content\/uploads\/2019\/08\/logox2.png","contentUrl":"https:\/\/www.esplac.cat\/wp-content\/uploads\/2019\/08\/logox2.png","width":600,"height":295,"caption":"Esplac"},"image":{"@id":"https:\/\/www.esplac.cat\/#\/schema\/logo\/image\/"}},{"@type":"Person","@id":"https:\/\/www.esplac.cat\/#\/schema\/person\/908383cf240be18b68f8855d0583faca","name":"Comunicaci\u00f3 Esplac","image":{"@type":"ImageObject","inLanguage":"en-US","@id":"https:\/\/secure.gravatar.com\/avatar\/7a4cf8feb412a76ea4a740ca02d95b06b2907b5a6c648c2dd0a1082a093c3141?s=96&d=mm&r=g","url":"https:\/\/secure.gravatar.com\/avatar\/7a4cf8feb412a76ea4a740ca02d95b06b2907b5a6c648c2dd0a1082a093c3141?s=96&d=mm&r=g","contentUrl":"https:\/\/secure.gravatar.com\/avatar\/7a4cf8feb412a76ea4a740ca02d95b06b2907b5a6c648c2dd0a1082a093c3141?s=96&d=mm&r=g","caption":"Comunicaci\u00f3 Esplac"}}]}},"_links":{"self":[{"href":"https:\/\/www.esplac.cat\/en\/wp-json\/wp\/v2\/posts\/53276","targetHints":{"allow":["GET"]}}],"collection":[{"href":"https:\/\/www.esplac.cat\/en\/wp-json\/wp\/v2\/posts"}],"about":[{"href":"https:\/\/www.esplac.cat\/en\/wp-json\/wp\/v2\/types\/post"}],"author":[{"embeddable":true,"href":"https:\/\/www.esplac.cat\/en\/wp-json\/wp\/v2\/users\/3"}],"replies":[{"embeddable":true,"href":"https:\/\/www.esplac.cat\/en\/wp-json\/wp\/v2\/comments?post=53276"}],"version-history":[{"count":4,"href":"https:\/\/www.esplac.cat\/en\/wp-json\/wp\/v2\/posts\/53276\/revisions"}],"predecessor-version":[{"id":53283,"href":"https:\/\/www.esplac.cat\/en\/wp-json\/wp\/v2\/posts\/53276\/revisions\/53283"}],"wp:featuredmedia":[{"embeddable":true,"href":"https:\/\/www.esplac.cat\/en\/wp-json\/wp\/v2\/media\/53279"}],"wp:attachment":[{"href":"https:\/\/www.esplac.cat\/en\/wp-json\/wp\/v2\/media?parent=53276"}],"wp:term":[{"taxonomy":"category","embeddable":true,"href":"https:\/\/www.esplac.cat\/en\/wp-json\/wp\/v2\/categories?post=53276"},{"taxonomy":"post_tag","embeddable":true,"href":"https:\/\/www.esplac.cat\/en\/wp-json\/wp\/v2\/tags?post=53276"}],"curies":[{"name":"wp","href":"https:\/\/api.w.org\/{rel}","templated":true}]}}