{"id":53358,"date":"2025-03-31T10:30:45","date_gmt":"2025-03-31T08:30:45","guid":{"rendered":"https:\/\/www.esplac.cat\/?p=53358"},"modified":"2025-03-31T10:30:45","modified_gmt":"2025-03-31T08:30:45","slug":"31m-dia-de-la-visibilitat-trans-2025","status":"publish","type":"post","link":"https:\/\/www.esplac.cat\/en\/31m-dia-de-la-visibilitat-trans-2025\/","title":{"rendered":"31M: Dia de la Visibilitat Trans*"},"content":{"rendered":"<p><div class=\"fusion-fullwidth fullwidth-box fusion-builder-row-1 fusion-flex-container nonhundred-percent-fullwidth non-hundred-percent-height-scrolling\" style=\"--awb-border-radius-top-left:0px;--awb-border-radius-top-right:0px;--awb-border-radius-bottom-right:0px;--awb-border-radius-bottom-left:0px;--awb-flex-wrap:wrap;\" ><div class=\"fusion-builder-row fusion-row fusion-flex-align-items-flex-start fusion-flex-content-wrap\" style=\"max-width:1248px;margin-left: calc(-4% \/ 2 );margin-right: calc(-4% \/ 2 );\"><div class=\"fusion-layout-column fusion_builder_column fusion-builder-column-0 fusion_builder_column_1_1 1_1 fusion-flex-column\" style=\"--awb-bg-size:cover;--awb-width-large:100%;--awb-margin-top-large:0px;--awb-spacing-right-large:1.92%;--awb-margin-bottom-large:0px;--awb-spacing-left-large:1.92%;--awb-width-medium:100%;--awb-spacing-right-medium:1.92%;--awb-spacing-left-medium:1.92%;--awb-width-small:100%;--awb-spacing-right-small:1.92%;--awb-spacing-left-small:1.92%;\"><div class=\"fusion-column-wrapper fusion-flex-justify-content-flex-start fusion-content-layout-column\"><div class=\"fusion-text fusion-text-1\"><h6 dir=\"ltr\"><strong>Eduquem des d\u2019una perspectiva queer i transfeminista, visibilitzant les realitats trans* del nostre voltant i generant referents que trenquin amb les l\u00f2giques cisheteropatriaricals per ensenyar i demostrar que hi ha vida m\u00e9s enll\u00e0 de la norma.\u00a0<\/strong><\/h6>\n<p>Avui, com cada dia, celebrem la vida de les persones trans* i reivindiquem la possibilitat de viure m\u00e9s enll\u00e0 del sistema binari de g\u00e8nere que ens ha estat imposat i se\u2019ns segueix imposant di\u00e0riament a la for\u00e7a.<\/p>\n<p>En el context social i pol\u00edtic actual, \u00e9s essencial aquesta reivindicaci\u00f3. L\u2019auge reaccionari de l\u2019extrema dreta arreu del m\u00f3n posa directament en perill els drets i la integritat de totis les qui ens rebel\u00b7lem a la norma cisheterosexual. Un exemple en s\u00f3n les recents conseq\u00fc\u00e8ncies del govern de Donald Trump als Estats Units, un president que afirma l\u2019exist\u00e8ncia d\u2019\u00fanicament dos g\u00e8neres \u201cveritables\u201d. Aix\u00f2 es trasllada en canvis de g\u00e8nere en la documentaci\u00f3 oficial de les persones trans* dels EUA, la prohibici\u00f3 de les dones trans* a participar en competicions esportives femenines, el trasllat de les preses trans* en centres penitenciaris masculins i la prohibici\u00f3 de tractaments m\u00e8dics de reafirmaci\u00f3 de g\u00e8nere per a persones trans* menors de 19 anys, entre altres situacions igual d\u2019esgarrifants.<\/p>\n<p>Aquesta situaci\u00f3 ens ha de preocupar, ja que aix\u00f2 no deixa de ser un reflex de la nostra societat i dels discursos d\u2019odi creixents al nostre voltant. Les persones trans* segueixen sent de les m\u00e9s discriminades i assetjades dins i fora del col\u00b7lectiu LGTBI+. Aix\u00f2 es tradueix en q\u00fcestions tan b\u00e0siques per la vida com aconseguir una feina o poder accedir al lloguer d\u2019un pis, per\u00f2 tamb\u00e9 en actituds m\u00e9s subtils com s\u00f3n les mirades de judici, els comentaris i les bromes ofensives, la utilitzaci\u00f3 dels pronoms erronis o la manca generalitzada de representaci\u00f3 en els medis convencionals.<\/p>\n<p><strong>Des dels esplais tenim l\u2019oportunitat de generar canvi en el nostre entorn. En aquest cas, a trav\u00e9s d\u2019educar des d\u2019una perspectiva queer i transfeminista, visibilitzant les realitats trans*<\/strong> del nostre voltant i generant referents que trenquin amb les l\u00f2giques cisheteropatriaricals per ensenyar i demostrar que hi ha vida m\u00e9s enll\u00e0 de la norma.<\/p>\n<ul>\n<li>Des d\u2019Esplac, ens comprometem a:<\/li>\n<li>Continuar treballant la tem\u00e0tica trans* aix\u00ed com les q\u00fcestions de g\u00e8nere d\u2019una manera transinclusiva.<\/li>\n<li>Crear espais segurs per a totes les persones que formen part d\u2019Esplac.<\/li>\n<li>Donar veu a persones trans* i incloure i potenciar m\u00e9s espais de formaci\u00f3 i sensibilitzaci\u00f3.<\/li>\n<li>Continuar treballant perqu\u00e8 Esplac incorpori al seu discurs la perspectiva trans*, aconsegueixi un discurs interseccional i es posicioni p\u00fablicament i pol\u00edticament.<\/li>\n<li>Acompanyar els esplais en el proc\u00e9s d\u2019incorporar la perspectiva trans* i oferir eines i recursos que ho facilitin.<\/li>\n<\/ul>\n<p>31 de mar\u00e7 de 2025<\/p>\n<\/div><\/div><\/div><\/div><\/div><div class=\"fusion-fullwidth fullwidth-box fusion-builder-row-2 fusion-flex-container nonhundred-percent-fullwidth non-hundred-percent-height-scrolling\" style=\"--awb-border-radius-top-left:0px;--awb-border-radius-top-right:0px;--awb-border-radius-bottom-right:0px;--awb-border-radius-bottom-left:0px;--awb-flex-wrap:wrap;\" ><div class=\"fusion-builder-row fusion-row fusion-flex-align-items-flex-start fusion-flex-content-wrap\" style=\"max-width:1248px;margin-left: calc(-4% \/ 2 );margin-right: calc(-4% \/ 2 );\"><div class=\"fusion-layout-column fusion_builder_column fusion-builder-column-1 fusion_builder_column_1_1 1_1 fusion-flex-column\" style=\"--awb-bg-size:cover;--awb-width-large:100%;--awb-margin-top-large:0px;--awb-spacing-right-large:1.92%;--awb-margin-bottom-large:0px;--awb-spacing-left-large:1.92%;--awb-width-medium:100%;--awb-spacing-right-medium:1.92%;--awb-spacing-left-medium:1.92%;--awb-width-small:100%;--awb-spacing-right-small:1.92%;--awb-spacing-left-small:1.92%;\"><div class=\"fusion-column-wrapper fusion-flex-justify-content-flex-start fusion-content-layout-column\"><div style=\"text-align:center;\"><a class=\"fusion-button button-flat fusion-button-default-size button-default fusion-button-default button-1 fusion-button-default-span fusion-button-default-type\" target=\"_self\" href=\"https:\/\/www.esplac.cat\/wp-content\/uploads\/2025\/03\/31-M-2025.pdf\"><span class=\"fusion-button-text\">Descarrega el posicionament<\/span><\/a><\/div><div class=\"fusion-separator fusion-full-width-sep\" style=\"align-self: center;margin-left: auto;margin-right: auto;width:100%;\"><\/div><\/div><\/div><\/div><\/div><div class=\"fusion-fullwidth fullwidth-box fusion-builder-row-3 fusion-flex-container has-pattern-background has-mask-background nonhundred-percent-fullwidth non-hundred-percent-height-scrolling\" style=\"--awb-border-radius-top-left:0px;--awb-border-radius-top-right:0px;--awb-border-radius-bottom-right:0px;--awb-border-radius-bottom-left:0px;--awb-flex-wrap:wrap;\" ><div class=\"fusion-builder-row fusion-row fusion-flex-align-items-flex-start fusion-flex-content-wrap\" style=\"max-width:1248px;margin-left: calc(-4% \/ 2 );margin-right: calc(-4% \/ 2 );\"><\/div><\/div><\/p>\n","protected":false},"excerpt":{"rendered":"","protected":false},"author":3,"featured_media":49422,"comment_status":"closed","ping_status":"closed","sticky":false,"template":"","format":"standard","meta":{"om_disable_all_campaigns":false,"_monsterinsights_skip_tracking":false,"_monsterinsights_sitenote_active":false,"_monsterinsights_sitenote_note":"","_monsterinsights_sitenote_category":0,"_uf_show_specific_survey":0,"_uf_disable_surveys":false,"footnotes":""},"categories":[1127],"tags":[],"class_list":["post-53358","post","type-post","status-publish","format-standard","has-post-thumbnail","hentry","category-comunicats-posicionaments"],"yoast_head":"<!-- This site is optimized with the Yoast SEO plugin v27.4 - https:\/\/yoast.com\/product\/yoast-seo-wordpress\/ -->\n<title>31M: Dia de la Visibilitat Trans* - Esplac<\/title>\n<meta name=\"description\" content=\"Celebrem la vida de les persones trans* i reivindiquem la possibilitat de viure m\u00e9s enll\u00e0 del sistema binari de g\u00e8nere imposat.\" \/>\n<meta name=\"robots\" content=\"index, follow, max-snippet:-1, max-image-preview:large, max-video-preview:-1\" \/>\n<link rel=\"canonical\" href=\"https:\/\/www.esplac.cat\/31m-dia-de-la-visibilitat-trans-2025\/\" \/>\n<meta property=\"og:locale\" content=\"en_US\" \/>\n<meta property=\"og:type\" content=\"article\" \/>\n<meta property=\"og:title\" content=\"31M: Dia de la Visibilitat Trans* - Esplac\" \/>\n<meta property=\"og:description\" content=\"Celebrem la vida de les persones trans* i reivindiquem la possibilitat de viure m\u00e9s enll\u00e0 del sistema binari de g\u00e8nere imposat.\" \/>\n<meta property=\"og:url\" content=\"https:\/\/www.esplac.cat\/31m-dia-de-la-visibilitat-trans-2025\/\" \/>\n<meta property=\"og:site_name\" content=\"Esplac\" \/>\n<meta property=\"article:published_time\" content=\"2025-03-31T08:30:45+00:00\" \/>\n<meta property=\"og:image\" content=\"https:\/\/www.esplac.cat\/wp-content\/uploads\/2024\/03\/IMG_0343.jpeg\" \/>\n\t<meta property=\"og:image:width\" content=\"1697\" \/>\n\t<meta property=\"og:image:height\" content=\"700\" \/>\n\t<meta property=\"og:image:type\" content=\"image\/jpeg\" \/>\n<meta name=\"author\" content=\"Comunicaci\u00f3 Esplac\" \/>\n<meta name=\"twitter:card\" content=\"summary_large_image\" \/>\n<meta name=\"twitter:label1\" content=\"Written by\" \/>\n\t<meta name=\"twitter:data1\" content=\"Comunicaci\u00f3 Esplac\" \/>\n\t<meta name=\"twitter:label2\" content=\"Est. reading time\" \/>\n\t<meta name=\"twitter:data2\" content=\"3 minutes\" \/>\n<script type=\"application\/ld+json\" class=\"yoast-schema-graph\">{\"@context\":\"https:\\\/\\\/schema.org\",\"@graph\":[{\"@type\":\"Article\",\"@id\":\"https:\\\/\\\/www.esplac.cat\\\/31m-dia-de-la-visibilitat-trans-2025\\\/#article\",\"isPartOf\":{\"@id\":\"https:\\\/\\\/www.esplac.cat\\\/31m-dia-de-la-visibilitat-trans-2025\\\/\"},\"author\":{\"name\":\"Comunicaci\u00f3 Esplac\",\"@id\":\"https:\\\/\\\/www.esplac.cat\\\/#\\\/schema\\\/person\\\/908383cf240be18b68f8855d0583faca\"},\"headline\":\"31M: Dia de la Visibilitat Trans*\",\"datePublished\":\"2025-03-31T08:30:45+00:00\",\"mainEntityOfPage\":{\"@id\":\"https:\\\/\\\/www.esplac.cat\\\/31m-dia-de-la-visibilitat-trans-2025\\\/\"},\"wordCount\":1581,\"publisher\":{\"@id\":\"https:\\\/\\\/www.esplac.cat\\\/#organization\"},\"image\":{\"@id\":\"https:\\\/\\\/www.esplac.cat\\\/31m-dia-de-la-visibilitat-trans-2025\\\/#primaryimage\"},\"thumbnailUrl\":\"https:\\\/\\\/www.esplac.cat\\\/wp-content\\\/uploads\\\/2024\\\/03\\\/IMG_0343.jpeg\",\"articleSection\":[\"Comunicats i posicionaments\"],\"inLanguage\":\"en-US\"},{\"@type\":\"WebPage\",\"@id\":\"https:\\\/\\\/www.esplac.cat\\\/31m-dia-de-la-visibilitat-trans-2025\\\/\",\"url\":\"https:\\\/\\\/www.esplac.cat\\\/31m-dia-de-la-visibilitat-trans-2025\\\/\",\"name\":\"31M: Dia de la Visibilitat Trans* - Esplac\",\"isPartOf\":{\"@id\":\"https:\\\/\\\/www.esplac.cat\\\/#website\"},\"primaryImageOfPage\":{\"@id\":\"https:\\\/\\\/www.esplac.cat\\\/31m-dia-de-la-visibilitat-trans-2025\\\/#primaryimage\"},\"image\":{\"@id\":\"https:\\\/\\\/www.esplac.cat\\\/31m-dia-de-la-visibilitat-trans-2025\\\/#primaryimage\"},\"thumbnailUrl\":\"https:\\\/\\\/www.esplac.cat\\\/wp-content\\\/uploads\\\/2024\\\/03\\\/IMG_0343.jpeg\",\"datePublished\":\"2025-03-31T08:30:45+00:00\",\"description\":\"Celebrem la vida de les persones trans* i reivindiquem la possibilitat de viure m\u00e9s enll\u00e0 del sistema binari de g\u00e8nere imposat.\",\"breadcrumb\":{\"@id\":\"https:\\\/\\\/www.esplac.cat\\\/31m-dia-de-la-visibilitat-trans-2025\\\/#breadcrumb\"},\"inLanguage\":\"en-US\",\"potentialAction\":[{\"@type\":\"ReadAction\",\"target\":[\"https:\\\/\\\/www.esplac.cat\\\/31m-dia-de-la-visibilitat-trans-2025\\\/\"]}]},{\"@type\":\"ImageObject\",\"inLanguage\":\"en-US\",\"@id\":\"https:\\\/\\\/www.esplac.cat\\\/31m-dia-de-la-visibilitat-trans-2025\\\/#primaryimage\",\"url\":\"https:\\\/\\\/www.esplac.cat\\\/wp-content\\\/uploads\\\/2024\\\/03\\\/IMG_0343.jpeg\",\"contentUrl\":\"https:\\\/\\\/www.esplac.cat\\\/wp-content\\\/uploads\\\/2024\\\/03\\\/IMG_0343.jpeg\",\"width\":1697,\"height\":700},{\"@type\":\"BreadcrumbList\",\"@id\":\"https:\\\/\\\/www.esplac.cat\\\/31m-dia-de-la-visibilitat-trans-2025\\\/#breadcrumb\",\"itemListElement\":[{\"@type\":\"ListItem\",\"position\":1,\"name\":\"Inici\",\"item\":\"https:\\\/\\\/www.esplac.cat\\\/en\\\/\"},{\"@type\":\"ListItem\",\"position\":2,\"name\":\"31M: Dia de la Visibilitat Trans*\"}]},{\"@type\":\"WebSite\",\"@id\":\"https:\\\/\\\/www.esplac.cat\\\/#website\",\"url\":\"https:\\\/\\\/www.esplac.cat\\\/\",\"name\":\"Esplac\",\"description\":\"Esplais Catalans\",\"publisher\":{\"@id\":\"https:\\\/\\\/www.esplac.cat\\\/#organization\"},\"potentialAction\":[{\"@type\":\"SearchAction\",\"target\":{\"@type\":\"EntryPoint\",\"urlTemplate\":\"https:\\\/\\\/www.esplac.cat\\\/?s={search_term_string}\"},\"query-input\":{\"@type\":\"PropertyValueSpecification\",\"valueRequired\":true,\"valueName\":\"search_term_string\"}}],\"inLanguage\":\"en-US\"},{\"@type\":\"Organization\",\"@id\":\"https:\\\/\\\/www.esplac.cat\\\/#organization\",\"name\":\"Esplac\",\"url\":\"https:\\\/\\\/www.esplac.cat\\\/\",\"logo\":{\"@type\":\"ImageObject\",\"inLanguage\":\"en-US\",\"@id\":\"https:\\\/\\\/www.esplac.cat\\\/#\\\/schema\\\/logo\\\/image\\\/\",\"url\":\"https:\\\/\\\/www.esplac.cat\\\/wp-content\\\/uploads\\\/2019\\\/08\\\/logox2.png\",\"contentUrl\":\"https:\\\/\\\/www.esplac.cat\\\/wp-content\\\/uploads\\\/2019\\\/08\\\/logox2.png\",\"width\":600,\"height\":295,\"caption\":\"Esplac\"},\"image\":{\"@id\":\"https:\\\/\\\/www.esplac.cat\\\/#\\\/schema\\\/logo\\\/image\\\/\"}},{\"@type\":\"Person\",\"@id\":\"https:\\\/\\\/www.esplac.cat\\\/#\\\/schema\\\/person\\\/908383cf240be18b68f8855d0583faca\",\"name\":\"Comunicaci\u00f3 Esplac\",\"image\":{\"@type\":\"ImageObject\",\"inLanguage\":\"en-US\",\"@id\":\"https:\\\/\\\/secure.gravatar.com\\\/avatar\\\/7a4cf8feb412a76ea4a740ca02d95b06b2907b5a6c648c2dd0a1082a093c3141?s=96&d=mm&r=g\",\"url\":\"https:\\\/\\\/secure.gravatar.com\\\/avatar\\\/7a4cf8feb412a76ea4a740ca02d95b06b2907b5a6c648c2dd0a1082a093c3141?s=96&d=mm&r=g\",\"contentUrl\":\"https:\\\/\\\/secure.gravatar.com\\\/avatar\\\/7a4cf8feb412a76ea4a740ca02d95b06b2907b5a6c648c2dd0a1082a093c3141?s=96&d=mm&r=g\",\"caption\":\"Comunicaci\u00f3 Esplac\"}}]}<\/script>\n<!-- \/ Yoast SEO plugin. -->","yoast_head_json":{"title":"31M: Dia de la Visibilitat Trans* - Esplac","description":"Celebrem la vida de les persones trans* i reivindiquem la possibilitat de viure m\u00e9s enll\u00e0 del sistema binari de g\u00e8nere imposat.","robots":{"index":"index","follow":"follow","max-snippet":"max-snippet:-1","max-image-preview":"max-image-preview:large","max-video-preview":"max-video-preview:-1"},"canonical":"https:\/\/www.esplac.cat\/31m-dia-de-la-visibilitat-trans-2025\/","og_locale":"en_US","og_type":"article","og_title":"31M: Dia de la Visibilitat Trans* - Esplac","og_description":"Celebrem la vida de les persones trans* i reivindiquem la possibilitat de viure m\u00e9s enll\u00e0 del sistema binari de g\u00e8nere imposat.","og_url":"https:\/\/www.esplac.cat\/31m-dia-de-la-visibilitat-trans-2025\/","og_site_name":"Esplac","article_published_time":"2025-03-31T08:30:45+00:00","og_image":[{"width":1697,"height":700,"url":"https:\/\/www.esplac.cat\/wp-content\/uploads\/2024\/03\/IMG_0343.jpeg","type":"image\/jpeg"}],"author":"Comunicaci\u00f3 Esplac","twitter_card":"summary_large_image","twitter_misc":{"Written by":"Comunicaci\u00f3 Esplac","Est. reading time":"3 minutes"},"schema":{"@context":"https:\/\/schema.org","@graph":[{"@type":"Article","@id":"https:\/\/www.esplac.cat\/31m-dia-de-la-visibilitat-trans-2025\/#article","isPartOf":{"@id":"https:\/\/www.esplac.cat\/31m-dia-de-la-visibilitat-trans-2025\/"},"author":{"name":"Comunicaci\u00f3 Esplac","@id":"https:\/\/www.esplac.cat\/#\/schema\/person\/908383cf240be18b68f8855d0583faca"},"headline":"31M: Dia de la Visibilitat Trans*","datePublished":"2025-03-31T08:30:45+00:00","mainEntityOfPage":{"@id":"https:\/\/www.esplac.cat\/31m-dia-de-la-visibilitat-trans-2025\/"},"wordCount":1581,"publisher":{"@id":"https:\/\/www.esplac.cat\/#organization"},"image":{"@id":"https:\/\/www.esplac.cat\/31m-dia-de-la-visibilitat-trans-2025\/#primaryimage"},"thumbnailUrl":"https:\/\/www.esplac.cat\/wp-content\/uploads\/2024\/03\/IMG_0343.jpeg","articleSection":["Comunicats i posicionaments"],"inLanguage":"en-US"},{"@type":"WebPage","@id":"https:\/\/www.esplac.cat\/31m-dia-de-la-visibilitat-trans-2025\/","url":"https:\/\/www.esplac.cat\/31m-dia-de-la-visibilitat-trans-2025\/","name":"31M: Dia de la Visibilitat Trans* - Esplac","isPartOf":{"@id":"https:\/\/www.esplac.cat\/#website"},"primaryImageOfPage":{"@id":"https:\/\/www.esplac.cat\/31m-dia-de-la-visibilitat-trans-2025\/#primaryimage"},"image":{"@id":"https:\/\/www.esplac.cat\/31m-dia-de-la-visibilitat-trans-2025\/#primaryimage"},"thumbnailUrl":"https:\/\/www.esplac.cat\/wp-content\/uploads\/2024\/03\/IMG_0343.jpeg","datePublished":"2025-03-31T08:30:45+00:00","description":"Celebrem la vida de les persones trans* i reivindiquem la possibilitat de viure m\u00e9s enll\u00e0 del sistema binari de g\u00e8nere imposat.","breadcrumb":{"@id":"https:\/\/www.esplac.cat\/31m-dia-de-la-visibilitat-trans-2025\/#breadcrumb"},"inLanguage":"en-US","potentialAction":[{"@type":"ReadAction","target":["https:\/\/www.esplac.cat\/31m-dia-de-la-visibilitat-trans-2025\/"]}]},{"@type":"ImageObject","inLanguage":"en-US","@id":"https:\/\/www.esplac.cat\/31m-dia-de-la-visibilitat-trans-2025\/#primaryimage","url":"https:\/\/www.esplac.cat\/wp-content\/uploads\/2024\/03\/IMG_0343.jpeg","contentUrl":"https:\/\/www.esplac.cat\/wp-content\/uploads\/2024\/03\/IMG_0343.jpeg","width":1697,"height":700},{"@type":"BreadcrumbList","@id":"https:\/\/www.esplac.cat\/31m-dia-de-la-visibilitat-trans-2025\/#breadcrumb","itemListElement":[{"@type":"ListItem","position":1,"name":"Inici","item":"https:\/\/www.esplac.cat\/en\/"},{"@type":"ListItem","position":2,"name":"31M: Dia de la Visibilitat Trans*"}]},{"@type":"WebSite","@id":"https:\/\/www.esplac.cat\/#website","url":"https:\/\/www.esplac.cat\/","name":"Esplac","description":"Esplais Catalans","publisher":{"@id":"https:\/\/www.esplac.cat\/#organization"},"potentialAction":[{"@type":"SearchAction","target":{"@type":"EntryPoint","urlTemplate":"https:\/\/www.esplac.cat\/?s={search_term_string}"},"query-input":{"@type":"PropertyValueSpecification","valueRequired":true,"valueName":"search_term_string"}}],"inLanguage":"en-US"},{"@type":"Organization","@id":"https:\/\/www.esplac.cat\/#organization","name":"Esplac","url":"https:\/\/www.esplac.cat\/","logo":{"@type":"ImageObject","inLanguage":"en-US","@id":"https:\/\/www.esplac.cat\/#\/schema\/logo\/image\/","url":"https:\/\/www.esplac.cat\/wp-content\/uploads\/2019\/08\/logox2.png","contentUrl":"https:\/\/www.esplac.cat\/wp-content\/uploads\/2019\/08\/logox2.png","width":600,"height":295,"caption":"Esplac"},"image":{"@id":"https:\/\/www.esplac.cat\/#\/schema\/logo\/image\/"}},{"@type":"Person","@id":"https:\/\/www.esplac.cat\/#\/schema\/person\/908383cf240be18b68f8855d0583faca","name":"Comunicaci\u00f3 Esplac","image":{"@type":"ImageObject","inLanguage":"en-US","@id":"https:\/\/secure.gravatar.com\/avatar\/7a4cf8feb412a76ea4a740ca02d95b06b2907b5a6c648c2dd0a1082a093c3141?s=96&d=mm&r=g","url":"https:\/\/secure.gravatar.com\/avatar\/7a4cf8feb412a76ea4a740ca02d95b06b2907b5a6c648c2dd0a1082a093c3141?s=96&d=mm&r=g","contentUrl":"https:\/\/secure.gravatar.com\/avatar\/7a4cf8feb412a76ea4a740ca02d95b06b2907b5a6c648c2dd0a1082a093c3141?s=96&d=mm&r=g","caption":"Comunicaci\u00f3 Esplac"}}]}},"_links":{"self":[{"href":"https:\/\/www.esplac.cat\/en\/wp-json\/wp\/v2\/posts\/53358","targetHints":{"allow":["GET"]}}],"collection":[{"href":"https:\/\/www.esplac.cat\/en\/wp-json\/wp\/v2\/posts"}],"about":[{"href":"https:\/\/www.esplac.cat\/en\/wp-json\/wp\/v2\/types\/post"}],"author":[{"embeddable":true,"href":"https:\/\/www.esplac.cat\/en\/wp-json\/wp\/v2\/users\/3"}],"replies":[{"embeddable":true,"href":"https:\/\/www.esplac.cat\/en\/wp-json\/wp\/v2\/comments?post=53358"}],"version-history":[{"count":1,"href":"https:\/\/www.esplac.cat\/en\/wp-json\/wp\/v2\/posts\/53358\/revisions"}],"predecessor-version":[{"id":53362,"href":"https:\/\/www.esplac.cat\/en\/wp-json\/wp\/v2\/posts\/53358\/revisions\/53362"}],"wp:featuredmedia":[{"embeddable":true,"href":"https:\/\/www.esplac.cat\/en\/wp-json\/wp\/v2\/media\/49422"}],"wp:attachment":[{"href":"https:\/\/www.esplac.cat\/en\/wp-json\/wp\/v2\/media?parent=53358"}],"wp:term":[{"taxonomy":"category","embeddable":true,"href":"https:\/\/www.esplac.cat\/en\/wp-json\/wp\/v2\/categories?post=53358"},{"taxonomy":"post_tag","embeddable":true,"href":"https:\/\/www.esplac.cat\/en\/wp-json\/wp\/v2\/tags?post=53358"}],"curies":[{"name":"wp","href":"https:\/\/api.w.org\/{rel}","templated":true}]}}