{"id":53363,"date":"2025-04-01T12:55:58","date_gmt":"2025-04-01T10:55:58","guid":{"rendered":"https:\/\/www.esplac.cat\/?p=53363"},"modified":"2025-04-02T09:18:22","modified_gmt":"2025-04-02T07:18:22","slug":"repensem-afectes-sisena-edicio-jornades-dissidents","status":"publish","type":"post","link":"https:\/\/www.esplac.cat\/en\/repensem-afectes-sisena-edicio-jornades-dissidents\/","title":{"rendered":"Repensem els afectes a la sisena edici\u00f3 de les Jornades Dissidents"},"content":{"rendered":"<div class=\"fusion-fullwidth fullwidth-box fusion-builder-row-1 fusion-flex-container has-pattern-background has-mask-background nonhundred-percent-fullwidth non-hundred-percent-height-scrolling\" style=\"--awb-border-radius-top-left:0px;--awb-border-radius-top-right:0px;--awb-border-radius-bottom-right:0px;--awb-border-radius-bottom-left:0px;--awb-flex-wrap:wrap;\" ><div class=\"fusion-builder-row fusion-row fusion-flex-align-items-flex-start fusion-flex-content-wrap\" style=\"max-width:1248px;margin-left: calc(-4% \/ 2 );margin-right: calc(-4% \/ 2 );\"><div class=\"fusion-layout-column fusion_builder_column fusion-builder-column-0 fusion_builder_column_1_1 1_1 fusion-flex-column\" style=\"--awb-bg-size:cover;--awb-width-large:100%;--awb-margin-top-large:0px;--awb-spacing-right-large:1.92%;--awb-margin-bottom-large:20px;--awb-spacing-left-large:1.92%;--awb-width-medium:100%;--awb-order-medium:0;--awb-spacing-right-medium:1.92%;--awb-spacing-left-medium:1.92%;--awb-width-small:100%;--awb-order-small:0;--awb-spacing-right-small:1.92%;--awb-spacing-left-small:1.92%;\"><div class=\"fusion-column-wrapper fusion-column-has-shadow fusion-flex-justify-content-flex-start fusion-content-layout-column\"><div class=\"fusion-text fusion-text-1\"><h6><strong>Les Jornades Dissidents han estat un espai on reflexionar al voltant de la deconstrucci\u00f3 de l\u2019amor rom\u00e0ntic i de la integraci\u00f3 de l\u2019educaci\u00f3 sexual en totes les etapes educatives a l\u2019esplai.<\/strong><\/h6>\n<p>La sisena edici\u00f3 de les <a href=\"https:\/\/www.esplac.cat\/formacions\/jornades-dissidents\/\" target=\"_blank\" rel=\"noopener\"><strong><span style=\"color: #f69d0b;\">Jornades Dissidents<\/span><\/strong><\/a> organitzada per la comissi\u00f3 de <span style=\"color: #f69d0b;\"><a style=\"color: #f69d0b;\" href=\"https:\/\/www.esplac.cat\/comissions\/generes-sexualitats-diverses-dissidents\/\" target=\"_blank\" rel=\"noopener\"><strong>G\u00e8neres i Sexualitats Diverses i Dissidents<\/strong> <\/a><\/span>(GSDD) s\u2019ha celebrat el passat diumenge 30 de mar\u00e7 al <span style=\"color: #f69d0b;\"><a style=\"color: #f69d0b;\" href=\"https:\/\/www.instagram.com\/casaljovesagciutatvella\/\" target=\"_blank\" rel=\"noopener\"><strong>Casal<\/strong> <strong>de Joves Autogestionat de Ciutat Vella<\/strong><\/a><\/span> (CJACV) de Barcelona. Sota el t\u00edtol <em><strong>Menys mites, m\u00e9s plaer! Vivim sexualitats i relacions m\u00e9s sanes<\/strong><\/em>, l\u2019objectiu de les jornades \u00e9s transversalitzar l\u2019educaci\u00f3 afectiva i sexual a les diferents etapes educatives de l\u2019esplai.<\/p>\n<p>El primer taller de les jornades ha estat \u2018<strong>El vincle al centre. Ensenyem a construir relacions m\u00e9s sanes<\/strong>\u2019, impartit per Zoe i Lai del <span style=\"color: #f69d0b;\"><strong><a style=\"color: #f69d0b;\" href=\"https:\/\/www.instagram.com\/collectiu.argelaga\/\" target=\"_blank\" rel=\"noopener\">Col\u00b7lectiu l\u2019Argelaga<\/a><\/strong><\/span>. El taller ens ha proporcionat diferents eines per treballar amb els nostres infants, adolescents i joves el concepte de <strong>l\u00edmits, pactes i consentiment<\/strong>, aprofitant les bones pr\u00e0ctiques que podem extreure de les no-monog\u00e0mies a l\u2019hora d\u2019ensenyar <strong>maneres m\u00e9s conscients i respectuoses de vincular-nos <\/strong>entre nosaltres.<\/p>\n<p>El segon taller ha estat \u2018<strong>Per on comen\u00e7ar? Implementem l\u2019educaci\u00f3 sexual a l\u2019esplai<\/strong>\u2019, impartit per Lola Pistola del projecte <span style=\"color: #f69d0b;\"><a style=\"color: #f69d0b;\" href=\"https:\/\/www.instagram.com\/corporealitats\/\" target=\"_blank\" rel=\"noopener\"><strong>Corporealitats<\/strong><\/a><\/span>. En aquest hem aprofundit en el concepte de <strong>sexualitat<\/strong> i hem pogut parlar de diferents maneres que tenim de poder facilitar informaci\u00f3 al voltant del sexe a l\u2019esplai, <strong>deixant a un costat el discurs centrat en la \u201cpor\u201d<\/strong> <strong>i explorant les<\/strong> <strong>diferents dimensions d\u2019una educaci\u00f3 sexual integral<\/strong>.<\/p>\n<p>Les jornades s\u2019han celebrat al CJACV, un espai autogestionat pels i les joves de Ciutat Vella, ubicat al bell mig del barri G\u00f2tic. Dins del casal es troba l\u2019Esplai del Pi, del sector <span style=\"color: #f69d0b;\"><a style=\"color: #f69d0b;\" href=\"https:\/\/www.esplac.cat\/sectors-geografics\/barcelona-sud\/\" target=\"_blank\" rel=\"noopener\"><strong>Barcelona Sud<\/strong><\/a><\/span>. El casal ha comen\u00e7at una campanya a trav\u00e9s de xarxes per denunciar la voluntat de revocar el conveni de cessi\u00f3 de l\u2019espai per part de l\u2019Ajuntament de Barcelona, seguint un proc\u00e9s marcat per la manca de di\u00e0leg i de transpar\u00e8ncia amb l\u2019assemblea de joves despr\u00e9s de 8 anys d\u2019activitat. Per a la comissi\u00f3 GSDD, organitzar les jornades aqu\u00ed ha estat tamb\u00e9 una oportunitat per donar suport al casal en les seves reivindicacions.<\/p>\n<p>Amb tot, les VI Jornades Dissidents han estat una experi\u00e8ncia molt nutritiva per les <strong>m\u00e9s de 45 monitores i monitors assistents, <\/strong>que assumeixen ara el repte d\u2019aterrar tot el que han apr\u00e8s al dia a dia de l\u2019esplai.<\/p>\n<\/div><\/div><\/div><\/div><\/div>\n","protected":false},"excerpt":{"rendered":"","protected":false},"author":3,"featured_media":53367,"comment_status":"closed","ping_status":"closed","sticky":false,"template":"","format":"standard","meta":{"om_disable_all_campaigns":false,"_monsterinsights_skip_tracking":false,"_monsterinsights_sitenote_active":false,"_monsterinsights_sitenote_note":"","_monsterinsights_sitenote_category":0,"_uf_show_specific_survey":0,"_uf_disable_surveys":false,"footnotes":""},"categories":[1111,1160,1131],"tags":[],"class_list":["post-53363","post","type-post","status-publish","format-standard","has-post-thumbnail","hentry","category-activitats-esplac","category-comissio-gsdd","category-cursos-formacions"],"yoast_head":"<!-- This site is optimized with the Yoast SEO plugin v27.5 - https:\/\/yoast.com\/product\/yoast-seo-wordpress\/ -->\n<title>Repensem els afectes a les Jornades Dissidents!<\/title>\n<meta name=\"description\" content=\"A les Jornades Dissidents hem reflexionat al voltant de la deconstrucci\u00f3 de l\u2019amor rom\u00e0ntic i de la integraci\u00f3 de l\u2019educaci\u00f3 sexual en totes les etapes educatives a l\u2019esplai.\" \/>\n<meta name=\"robots\" content=\"index, follow, max-snippet:-1, max-image-preview:large, max-video-preview:-1\" \/>\n<link rel=\"canonical\" href=\"https:\/\/www.esplac.cat\/repensem-afectes-sisena-edicio-jornades-dissidents\/\" \/>\n<meta property=\"og:locale\" content=\"en_US\" \/>\n<meta property=\"og:type\" content=\"article\" \/>\n<meta property=\"og:title\" content=\"Repensem els afectes a les Jornades Dissidents!\" \/>\n<meta property=\"og:description\" content=\"A les Jornades Dissidents hem reflexionat al voltant de la deconstrucci\u00f3 de l\u2019amor rom\u00e0ntic i de la integraci\u00f3 de l\u2019educaci\u00f3 sexual en totes les etapes educatives a l\u2019esplai.\" \/>\n<meta property=\"og:url\" content=\"https:\/\/www.esplac.cat\/repensem-afectes-sisena-edicio-jornades-dissidents\/\" \/>\n<meta property=\"og:site_name\" content=\"Esplac\" \/>\n<meta property=\"article:published_time\" content=\"2025-04-01T10:55:58+00:00\" \/>\n<meta property=\"article:modified_time\" content=\"2025-04-02T07:18:22+00:00\" \/>\n<meta property=\"og:image\" content=\"https:\/\/www.esplac.cat\/wp-content\/uploads\/2025\/04\/Jornades_Dissidents_2025.jpg\" \/>\n\t<meta property=\"og:image:width\" content=\"1697\" \/>\n\t<meta property=\"og:image:height\" content=\"700\" \/>\n\t<meta property=\"og:image:type\" content=\"image\/jpeg\" \/>\n<meta name=\"author\" content=\"Comunicaci\u00f3 Esplac\" \/>\n<meta name=\"twitter:card\" content=\"summary_large_image\" \/>\n<meta name=\"twitter:label1\" content=\"Written by\" \/>\n\t<meta name=\"twitter:data1\" content=\"Comunicaci\u00f3 Esplac\" \/>\n\t<meta name=\"twitter:label2\" content=\"Est. reading time\" \/>\n\t<meta name=\"twitter:data2\" content=\"1 minute\" \/>\n<script type=\"application\/ld+json\" class=\"yoast-schema-graph\">{\"@context\":\"https:\\\/\\\/schema.org\",\"@graph\":[{\"@type\":\"Article\",\"@id\":\"https:\\\/\\\/www.esplac.cat\\\/repensem-afectes-sisena-edicio-jornades-dissidents\\\/#article\",\"isPartOf\":{\"@id\":\"https:\\\/\\\/www.esplac.cat\\\/repensem-afectes-sisena-edicio-jornades-dissidents\\\/\"},\"author\":{\"name\":\"Comunicaci\u00f3 Esplac\",\"@id\":\"https:\\\/\\\/www.esplac.cat\\\/#\\\/schema\\\/person\\\/908383cf240be18b68f8855d0583faca\"},\"headline\":\"Repensem els afectes a la sisena edici\u00f3 de les Jornades Dissidents\",\"datePublished\":\"2025-04-01T10:55:58+00:00\",\"dateModified\":\"2025-04-02T07:18:22+00:00\",\"mainEntityOfPage\":{\"@id\":\"https:\\\/\\\/www.esplac.cat\\\/repensem-afectes-sisena-edicio-jornades-dissidents\\\/\"},\"wordCount\":1391,\"publisher\":{\"@id\":\"https:\\\/\\\/www.esplac.cat\\\/#organization\"},\"image\":{\"@id\":\"https:\\\/\\\/www.esplac.cat\\\/repensem-afectes-sisena-edicio-jornades-dissidents\\\/#primaryimage\"},\"thumbnailUrl\":\"https:\\\/\\\/www.esplac.cat\\\/wp-content\\\/uploads\\\/2025\\\/04\\\/Jornades_Dissidents_2025.jpg\",\"articleSection\":[\"Activitats esplac\",\"Comissi\u00f3 GSDD\",\"Cursos i formacions\"],\"inLanguage\":\"en-US\"},{\"@type\":\"WebPage\",\"@id\":\"https:\\\/\\\/www.esplac.cat\\\/repensem-afectes-sisena-edicio-jornades-dissidents\\\/\",\"url\":\"https:\\\/\\\/www.esplac.cat\\\/repensem-afectes-sisena-edicio-jornades-dissidents\\\/\",\"name\":\"Repensem els afectes a les Jornades Dissidents!\",\"isPartOf\":{\"@id\":\"https:\\\/\\\/www.esplac.cat\\\/#website\"},\"primaryImageOfPage\":{\"@id\":\"https:\\\/\\\/www.esplac.cat\\\/repensem-afectes-sisena-edicio-jornades-dissidents\\\/#primaryimage\"},\"image\":{\"@id\":\"https:\\\/\\\/www.esplac.cat\\\/repensem-afectes-sisena-edicio-jornades-dissidents\\\/#primaryimage\"},\"thumbnailUrl\":\"https:\\\/\\\/www.esplac.cat\\\/wp-content\\\/uploads\\\/2025\\\/04\\\/Jornades_Dissidents_2025.jpg\",\"datePublished\":\"2025-04-01T10:55:58+00:00\",\"dateModified\":\"2025-04-02T07:18:22+00:00\",\"description\":\"A les Jornades Dissidents hem reflexionat al voltant de la deconstrucci\u00f3 de l\u2019amor rom\u00e0ntic i de la integraci\u00f3 de l\u2019educaci\u00f3 sexual en totes les etapes educatives a l\u2019esplai.\",\"breadcrumb\":{\"@id\":\"https:\\\/\\\/www.esplac.cat\\\/repensem-afectes-sisena-edicio-jornades-dissidents\\\/#breadcrumb\"},\"inLanguage\":\"en-US\",\"potentialAction\":[{\"@type\":\"ReadAction\",\"target\":[\"https:\\\/\\\/www.esplac.cat\\\/repensem-afectes-sisena-edicio-jornades-dissidents\\\/\"]}]},{\"@type\":\"ImageObject\",\"inLanguage\":\"en-US\",\"@id\":\"https:\\\/\\\/www.esplac.cat\\\/repensem-afectes-sisena-edicio-jornades-dissidents\\\/#primaryimage\",\"url\":\"https:\\\/\\\/www.esplac.cat\\\/wp-content\\\/uploads\\\/2025\\\/04\\\/Jornades_Dissidents_2025.jpg\",\"contentUrl\":\"https:\\\/\\\/www.esplac.cat\\\/wp-content\\\/uploads\\\/2025\\\/04\\\/Jornades_Dissidents_2025.jpg\",\"width\":1697,\"height\":700,\"caption\":\"jornades dissidents\"},{\"@type\":\"BreadcrumbList\",\"@id\":\"https:\\\/\\\/www.esplac.cat\\\/repensem-afectes-sisena-edicio-jornades-dissidents\\\/#breadcrumb\",\"itemListElement\":[{\"@type\":\"ListItem\",\"position\":1,\"name\":\"Inici\",\"item\":\"https:\\\/\\\/www.esplac.cat\\\/en\\\/\"},{\"@type\":\"ListItem\",\"position\":2,\"name\":\"Repensem els afectes a la sisena edici\u00f3 de les Jornades Dissidents\"}]},{\"@type\":\"WebSite\",\"@id\":\"https:\\\/\\\/www.esplac.cat\\\/#website\",\"url\":\"https:\\\/\\\/www.esplac.cat\\\/\",\"name\":\"Esplac\",\"description\":\"Esplais Catalans\",\"publisher\":{\"@id\":\"https:\\\/\\\/www.esplac.cat\\\/#organization\"},\"potentialAction\":[{\"@type\":\"SearchAction\",\"target\":{\"@type\":\"EntryPoint\",\"urlTemplate\":\"https:\\\/\\\/www.esplac.cat\\\/?s={search_term_string}\"},\"query-input\":{\"@type\":\"PropertyValueSpecification\",\"valueRequired\":true,\"valueName\":\"search_term_string\"}}],\"inLanguage\":\"en-US\"},{\"@type\":\"Organization\",\"@id\":\"https:\\\/\\\/www.esplac.cat\\\/#organization\",\"name\":\"Esplac\",\"url\":\"https:\\\/\\\/www.esplac.cat\\\/\",\"logo\":{\"@type\":\"ImageObject\",\"inLanguage\":\"en-US\",\"@id\":\"https:\\\/\\\/www.esplac.cat\\\/#\\\/schema\\\/logo\\\/image\\\/\",\"url\":\"https:\\\/\\\/www.esplac.cat\\\/wp-content\\\/uploads\\\/2019\\\/08\\\/logox2.png\",\"contentUrl\":\"https:\\\/\\\/www.esplac.cat\\\/wp-content\\\/uploads\\\/2019\\\/08\\\/logox2.png\",\"width\":600,\"height\":295,\"caption\":\"Esplac\"},\"image\":{\"@id\":\"https:\\\/\\\/www.esplac.cat\\\/#\\\/schema\\\/logo\\\/image\\\/\"}},{\"@type\":\"Person\",\"@id\":\"https:\\\/\\\/www.esplac.cat\\\/#\\\/schema\\\/person\\\/908383cf240be18b68f8855d0583faca\",\"name\":\"Comunicaci\u00f3 Esplac\",\"image\":{\"@type\":\"ImageObject\",\"inLanguage\":\"en-US\",\"@id\":\"https:\\\/\\\/secure.gravatar.com\\\/avatar\\\/7a4cf8feb412a76ea4a740ca02d95b06b2907b5a6c648c2dd0a1082a093c3141?s=96&d=mm&r=g\",\"url\":\"https:\\\/\\\/secure.gravatar.com\\\/avatar\\\/7a4cf8feb412a76ea4a740ca02d95b06b2907b5a6c648c2dd0a1082a093c3141?s=96&d=mm&r=g\",\"contentUrl\":\"https:\\\/\\\/secure.gravatar.com\\\/avatar\\\/7a4cf8feb412a76ea4a740ca02d95b06b2907b5a6c648c2dd0a1082a093c3141?s=96&d=mm&r=g\",\"caption\":\"Comunicaci\u00f3 Esplac\"}}]}<\/script>\n<!-- \/ Yoast SEO plugin. -->","yoast_head_json":{"title":"Repensem els afectes a les Jornades Dissidents!","description":"A les Jornades Dissidents hem reflexionat al voltant de la deconstrucci\u00f3 de l\u2019amor rom\u00e0ntic i de la integraci\u00f3 de l\u2019educaci\u00f3 sexual en totes les etapes educatives a l\u2019esplai.","robots":{"index":"index","follow":"follow","max-snippet":"max-snippet:-1","max-image-preview":"max-image-preview:large","max-video-preview":"max-video-preview:-1"},"canonical":"https:\/\/www.esplac.cat\/repensem-afectes-sisena-edicio-jornades-dissidents\/","og_locale":"en_US","og_type":"article","og_title":"Repensem els afectes a les Jornades Dissidents!","og_description":"A les Jornades Dissidents hem reflexionat al voltant de la deconstrucci\u00f3 de l\u2019amor rom\u00e0ntic i de la integraci\u00f3 de l\u2019educaci\u00f3 sexual en totes les etapes educatives a l\u2019esplai.","og_url":"https:\/\/www.esplac.cat\/repensem-afectes-sisena-edicio-jornades-dissidents\/","og_site_name":"Esplac","article_published_time":"2025-04-01T10:55:58+00:00","article_modified_time":"2025-04-02T07:18:22+00:00","og_image":[{"width":1697,"height":700,"url":"https:\/\/www.esplac.cat\/wp-content\/uploads\/2025\/04\/Jornades_Dissidents_2025.jpg","type":"image\/jpeg"}],"author":"Comunicaci\u00f3 Esplac","twitter_card":"summary_large_image","twitter_misc":{"Written by":"Comunicaci\u00f3 Esplac","Est. reading time":"1 minute"},"schema":{"@context":"https:\/\/schema.org","@graph":[{"@type":"Article","@id":"https:\/\/www.esplac.cat\/repensem-afectes-sisena-edicio-jornades-dissidents\/#article","isPartOf":{"@id":"https:\/\/www.esplac.cat\/repensem-afectes-sisena-edicio-jornades-dissidents\/"},"author":{"name":"Comunicaci\u00f3 Esplac","@id":"https:\/\/www.esplac.cat\/#\/schema\/person\/908383cf240be18b68f8855d0583faca"},"headline":"Repensem els afectes a la sisena edici\u00f3 de les Jornades Dissidents","datePublished":"2025-04-01T10:55:58+00:00","dateModified":"2025-04-02T07:18:22+00:00","mainEntityOfPage":{"@id":"https:\/\/www.esplac.cat\/repensem-afectes-sisena-edicio-jornades-dissidents\/"},"wordCount":1391,"publisher":{"@id":"https:\/\/www.esplac.cat\/#organization"},"image":{"@id":"https:\/\/www.esplac.cat\/repensem-afectes-sisena-edicio-jornades-dissidents\/#primaryimage"},"thumbnailUrl":"https:\/\/www.esplac.cat\/wp-content\/uploads\/2025\/04\/Jornades_Dissidents_2025.jpg","articleSection":["Activitats esplac","Comissi\u00f3 GSDD","Cursos i formacions"],"inLanguage":"en-US"},{"@type":"WebPage","@id":"https:\/\/www.esplac.cat\/repensem-afectes-sisena-edicio-jornades-dissidents\/","url":"https:\/\/www.esplac.cat\/repensem-afectes-sisena-edicio-jornades-dissidents\/","name":"Repensem els afectes a les Jornades Dissidents!","isPartOf":{"@id":"https:\/\/www.esplac.cat\/#website"},"primaryImageOfPage":{"@id":"https:\/\/www.esplac.cat\/repensem-afectes-sisena-edicio-jornades-dissidents\/#primaryimage"},"image":{"@id":"https:\/\/www.esplac.cat\/repensem-afectes-sisena-edicio-jornades-dissidents\/#primaryimage"},"thumbnailUrl":"https:\/\/www.esplac.cat\/wp-content\/uploads\/2025\/04\/Jornades_Dissidents_2025.jpg","datePublished":"2025-04-01T10:55:58+00:00","dateModified":"2025-04-02T07:18:22+00:00","description":"A les Jornades Dissidents hem reflexionat al voltant de la deconstrucci\u00f3 de l\u2019amor rom\u00e0ntic i de la integraci\u00f3 de l\u2019educaci\u00f3 sexual en totes les etapes educatives a l\u2019esplai.","breadcrumb":{"@id":"https:\/\/www.esplac.cat\/repensem-afectes-sisena-edicio-jornades-dissidents\/#breadcrumb"},"inLanguage":"en-US","potentialAction":[{"@type":"ReadAction","target":["https:\/\/www.esplac.cat\/repensem-afectes-sisena-edicio-jornades-dissidents\/"]}]},{"@type":"ImageObject","inLanguage":"en-US","@id":"https:\/\/www.esplac.cat\/repensem-afectes-sisena-edicio-jornades-dissidents\/#primaryimage","url":"https:\/\/www.esplac.cat\/wp-content\/uploads\/2025\/04\/Jornades_Dissidents_2025.jpg","contentUrl":"https:\/\/www.esplac.cat\/wp-content\/uploads\/2025\/04\/Jornades_Dissidents_2025.jpg","width":1697,"height":700,"caption":"jornades dissidents"},{"@type":"BreadcrumbList","@id":"https:\/\/www.esplac.cat\/repensem-afectes-sisena-edicio-jornades-dissidents\/#breadcrumb","itemListElement":[{"@type":"ListItem","position":1,"name":"Inici","item":"https:\/\/www.esplac.cat\/en\/"},{"@type":"ListItem","position":2,"name":"Repensem els afectes a la sisena edici\u00f3 de les Jornades Dissidents"}]},{"@type":"WebSite","@id":"https:\/\/www.esplac.cat\/#website","url":"https:\/\/www.esplac.cat\/","name":"Esplac","description":"Esplais Catalans","publisher":{"@id":"https:\/\/www.esplac.cat\/#organization"},"potentialAction":[{"@type":"SearchAction","target":{"@type":"EntryPoint","urlTemplate":"https:\/\/www.esplac.cat\/?s={search_term_string}"},"query-input":{"@type":"PropertyValueSpecification","valueRequired":true,"valueName":"search_term_string"}}],"inLanguage":"en-US"},{"@type":"Organization","@id":"https:\/\/www.esplac.cat\/#organization","name":"Esplac","url":"https:\/\/www.esplac.cat\/","logo":{"@type":"ImageObject","inLanguage":"en-US","@id":"https:\/\/www.esplac.cat\/#\/schema\/logo\/image\/","url":"https:\/\/www.esplac.cat\/wp-content\/uploads\/2019\/08\/logox2.png","contentUrl":"https:\/\/www.esplac.cat\/wp-content\/uploads\/2019\/08\/logox2.png","width":600,"height":295,"caption":"Esplac"},"image":{"@id":"https:\/\/www.esplac.cat\/#\/schema\/logo\/image\/"}},{"@type":"Person","@id":"https:\/\/www.esplac.cat\/#\/schema\/person\/908383cf240be18b68f8855d0583faca","name":"Comunicaci\u00f3 Esplac","image":{"@type":"ImageObject","inLanguage":"en-US","@id":"https:\/\/secure.gravatar.com\/avatar\/7a4cf8feb412a76ea4a740ca02d95b06b2907b5a6c648c2dd0a1082a093c3141?s=96&d=mm&r=g","url":"https:\/\/secure.gravatar.com\/avatar\/7a4cf8feb412a76ea4a740ca02d95b06b2907b5a6c648c2dd0a1082a093c3141?s=96&d=mm&r=g","contentUrl":"https:\/\/secure.gravatar.com\/avatar\/7a4cf8feb412a76ea4a740ca02d95b06b2907b5a6c648c2dd0a1082a093c3141?s=96&d=mm&r=g","caption":"Comunicaci\u00f3 Esplac"}}]}},"_links":{"self":[{"href":"https:\/\/www.esplac.cat\/en\/wp-json\/wp\/v2\/posts\/53363","targetHints":{"allow":["GET"]}}],"collection":[{"href":"https:\/\/www.esplac.cat\/en\/wp-json\/wp\/v2\/posts"}],"about":[{"href":"https:\/\/www.esplac.cat\/en\/wp-json\/wp\/v2\/types\/post"}],"author":[{"embeddable":true,"href":"https:\/\/www.esplac.cat\/en\/wp-json\/wp\/v2\/users\/3"}],"replies":[{"embeddable":true,"href":"https:\/\/www.esplac.cat\/en\/wp-json\/wp\/v2\/comments?post=53363"}],"version-history":[{"count":6,"href":"https:\/\/www.esplac.cat\/en\/wp-json\/wp\/v2\/posts\/53363\/revisions"}],"predecessor-version":[{"id":53390,"href":"https:\/\/www.esplac.cat\/en\/wp-json\/wp\/v2\/posts\/53363\/revisions\/53390"}],"wp:featuredmedia":[{"embeddable":true,"href":"https:\/\/www.esplac.cat\/en\/wp-json\/wp\/v2\/media\/53367"}],"wp:attachment":[{"href":"https:\/\/www.esplac.cat\/en\/wp-json\/wp\/v2\/media?parent=53363"}],"wp:term":[{"taxonomy":"category","embeddable":true,"href":"https:\/\/www.esplac.cat\/en\/wp-json\/wp\/v2\/categories?post=53363"},{"taxonomy":"post_tag","embeddable":true,"href":"https:\/\/www.esplac.cat\/en\/wp-json\/wp\/v2\/tags?post=53363"}],"curies":[{"name":"wp","href":"https:\/\/api.w.org\/{rel}","templated":true}]}}