{"id":53391,"date":"2025-04-02T09:47:58","date_gmt":"2025-04-02T07:47:58","guid":{"rendered":"https:\/\/www.esplac.cat\/?p=53391"},"modified":"2025-04-02T09:47:58","modified_gmt":"2025-04-02T07:47:58","slug":"sectors-camp-tarragona-penedes-garraf-anoia-celebren-trobada-grans-joves","status":"publish","type":"post","link":"https:\/\/www.esplac.cat\/en\/sectors-camp-tarragona-penedes-garraf-anoia-celebren-trobada-grans-joves\/","title":{"rendered":"Els Sectors Camp de Tarragona i Pened\u00e8s, Garraf i Anoia celebren la Trobada de Grans i Joves"},"content":{"rendered":"<div class=\"fusion-fullwidth fullwidth-box fusion-builder-row-1 fusion-flex-container has-pattern-background has-mask-background nonhundred-percent-fullwidth non-hundred-percent-height-scrolling\" style=\"--awb-border-radius-top-left:0px;--awb-border-radius-top-right:0px;--awb-border-radius-bottom-right:0px;--awb-border-radius-bottom-left:0px;--awb-flex-wrap:wrap;\" ><div class=\"fusion-builder-row fusion-row fusion-flex-align-items-flex-start fusion-flex-content-wrap\" style=\"max-width:1248px;margin-left: calc(-4% \/ 2 );margin-right: calc(-4% \/ 2 );\"><div class=\"fusion-layout-column fusion_builder_column fusion-builder-column-0 fusion_builder_column_1_1 1_1 fusion-flex-column\" style=\"--awb-bg-size:cover;--awb-width-large:100%;--awb-margin-top-large:0px;--awb-spacing-right-large:1.92%;--awb-margin-bottom-large:20px;--awb-spacing-left-large:1.92%;--awb-width-medium:100%;--awb-order-medium:0;--awb-spacing-right-medium:1.92%;--awb-spacing-left-medium:1.92%;--awb-width-small:100%;--awb-order-small:0;--awb-spacing-right-small:1.92%;--awb-spacing-left-small:1.92%;\"><div class=\"fusion-column-wrapper fusion-column-has-shadow fusion-flex-justify-content-flex-start fusion-content-layout-column\"><div class=\"fusion-text fusion-text-1\"><h6><strong>La Trobada de Grans i Joves ha estat un cap de setmana inoblidable, on hi han participat m\u00e9s d\u2019un centenar d&#8217;infants i joves!<\/strong><\/h6>\n<p>El cap de setmana del 29 i 30 de mar\u00e7 l\u2019alberg de Coma-ruga ha acollit la <strong>Trobada de Grans i Joves Intersectorial<\/strong> (TGJI) dels sectors <span style=\"color: #f69d0b;\"><a style=\"color: #f69d0b;\" href=\"https:\/\/www.esplac.cat\/sectors-geografics\/penedes-garraf-i-anoia\/\" target=\"_blank\" rel=\"noopener\"><strong>Pened\u00e8s, Garraf i Anoia<\/strong><\/a><\/span> i de <span style=\"color: #f69d0b;\"><a style=\"color: #f69d0b;\" href=\"https:\/\/www.esplac.cat\/sectors-geografics\/camp-de-tarragona\/\" target=\"_blank\" rel=\"noopener\"><strong>Camp de Tarragona<\/strong><\/a>.<\/span> A la trobada han participat un total de <strong>7 esplais<\/strong>: l\u2019<a href=\"https:\/\/www.instagram.com\/esplaiesclop\/\" target=\"_blank\" rel=\"noopener\"><strong><span style=\"color: #f69d0b;\">Esclop<\/span><\/strong><\/a>, <strong>la <a href=\"https:\/\/www.instagram.com\/esplailagrapadora\/\" target=\"_blank\" rel=\"noopener\"><span style=\"color: #f69d0b;\">Grapadora<\/span><\/a><\/strong>, el <a href=\"https:\/\/www.instagram.com\/esplaimiv\/\" target=\"_blank\" rel=\"noopener\"><strong><span style=\"color: #f69d0b;\">MIV<\/span><\/strong><\/a>, el <span style=\"color: #f69d0b;\"><a style=\"color: #f69d0b;\" href=\"https:\/\/www.instagram.com\/ce.dracmagic\/\" target=\"_blank\" rel=\"noopener\"><strong>Drac M\u00e0gic<\/strong><\/a><\/span>, el <span style=\"color: #f69d0b;\"><a style=\"color: #f69d0b;\" href=\"https:\/\/www.instagram.com\/grupesplai\/\" target=\"_blank\" rel=\"noopener\"><strong>GEM<\/strong><\/a><\/span> i la <span style=\"color: #f69d0b;\"><a style=\"color: #f69d0b;\" href=\"https:\/\/www.instagram.com\/coralgatzara\/\" target=\"_blank\" rel=\"noopener\"><strong>Coral Infantil Gatzara<\/strong><\/a><\/span>. Aquest \u00faltim esplai ha entrat enguany com a soci observador a Esplac i ja ha participat en la seva primera trobada de sector!<\/p>\n<p>En total, <strong>m\u00e9s de 130 grans i joves han pogut gaudir d\u2019un cap de setmana l\u00fadic i formatiu<\/strong>. El mat\u00ed de dissabte s\u2019han fet dos tallers per grups d\u2019edat dinamitzats per les monitores i monitors dels esplais. Un sota el t\u00edtol <em><strong>Identitat sexual: Analitzem la Realitat<\/strong><\/em>, ha explorat les percepcions i creences dels joves sobre la identitat sexual a trav\u00e9s d\u2019un debat din\u00e0mic i participatiu. L\u2019altre ha estat el taller de teatre, sota el t\u00edtol <em><strong>Teatre per pensar<\/strong><\/em> s\u2019ha generat un espai per fomentar la creativitat i la reflexi\u00f3 sobre els rols socials mitjan\u00e7ant din\u00e0miques teatrals.<\/p>\n<p>Durant la resta del cap de setmana, els esplais han fet activitats l\u00fadiques per con\u00e8ixer-se i cohesionar el sector! Amb tot, la valoraci\u00f3 positiva de la trobada i l\u2019\u00e8xit de participaci\u00f3 consoliden la TGJI com a una de les activitats m\u00e9s esperades dels sectors.<\/p>\n<\/div><\/div><\/div><\/div><\/div>\n","protected":false},"excerpt":{"rendered":"","protected":false},"author":3,"featured_media":53396,"comment_status":"closed","ping_status":"closed","sticky":false,"template":"","format":"standard","meta":{"om_disable_all_campaigns":false,"_monsterinsights_skip_tracking":false,"_monsterinsights_sitenote_active":false,"_monsterinsights_sitenote_note":"","_monsterinsights_sitenote_category":0,"_uf_show_specific_survey":0,"_uf_disable_surveys":false,"footnotes":""},"categories":[1110,1122,1123,1],"tags":[],"class_list":["post-53391","post","type-post","status-publish","format-standard","has-post-thumbnail","hentry","category-activitats-sectors","category-sector-camp-de-tarragona","category-sector-penedes-garraf-anoia","category-sense-categoria"],"yoast_head":"<!-- This site is optimized with the Yoast SEO plugin v27.4 - https:\/\/yoast.com\/product\/yoast-seo-wordpress\/ -->\n<title>Els Sectors CdT i PGA celebren la Trobada de Grans i Joves!<\/title>\n<meta name=\"description\" content=\"La Trobada de Grans i Joves ha estat un cap de setmana inoblidable, on hi han participat m\u00e9s d\u2019un centenar d&#039;infants i joves!\" \/>\n<meta name=\"robots\" content=\"index, follow, max-snippet:-1, max-image-preview:large, max-video-preview:-1\" \/>\n<link rel=\"canonical\" href=\"https:\/\/www.esplac.cat\/sectors-camp-tarragona-penedes-garraf-anoia-celebren-trobada-grans-joves\/\" \/>\n<meta property=\"og:locale\" content=\"en_US\" \/>\n<meta property=\"og:type\" content=\"article\" \/>\n<meta property=\"og:title\" content=\"Els Sectors CdT i PGA celebren la Trobada de Grans i Joves!\" \/>\n<meta property=\"og:description\" content=\"La Trobada de Grans i Joves ha estat un cap de setmana inoblidable, on hi han participat m\u00e9s d\u2019un centenar d&#039;infants i joves!\" \/>\n<meta property=\"og:url\" content=\"https:\/\/www.esplac.cat\/sectors-camp-tarragona-penedes-garraf-anoia-celebren-trobada-grans-joves\/\" \/>\n<meta property=\"og:site_name\" content=\"Esplac\" \/>\n<meta property=\"article:published_time\" content=\"2025-04-02T07:47:58+00:00\" \/>\n<meta property=\"og:image\" content=\"https:\/\/www.esplac.cat\/wp-content\/uploads\/2025\/04\/TGiJ-CdT-i-PGA.jpg\" \/>\n\t<meta property=\"og:image:width\" content=\"1697\" \/>\n\t<meta property=\"og:image:height\" content=\"700\" \/>\n\t<meta property=\"og:image:type\" content=\"image\/jpeg\" \/>\n<meta name=\"author\" content=\"Comunicaci\u00f3 Esplac\" \/>\n<meta name=\"twitter:card\" content=\"summary_large_image\" \/>\n<meta name=\"twitter:label1\" content=\"Written by\" \/>\n\t<meta name=\"twitter:data1\" content=\"Comunicaci\u00f3 Esplac\" \/>\n\t<meta name=\"twitter:label2\" content=\"Est. reading time\" \/>\n\t<meta name=\"twitter:data2\" content=\"2 minutes\" \/>\n<script type=\"application\/ld+json\" class=\"yoast-schema-graph\">{\"@context\":\"https:\\\/\\\/schema.org\",\"@graph\":[{\"@type\":\"Article\",\"@id\":\"https:\\\/\\\/www.esplac.cat\\\/sectors-camp-tarragona-penedes-garraf-anoia-celebren-trobada-grans-joves\\\/#article\",\"isPartOf\":{\"@id\":\"https:\\\/\\\/www.esplac.cat\\\/sectors-camp-tarragona-penedes-garraf-anoia-celebren-trobada-grans-joves\\\/\"},\"author\":{\"name\":\"Comunicaci\u00f3 Esplac\",\"@id\":\"https:\\\/\\\/www.esplac.cat\\\/#\\\/schema\\\/person\\\/908383cf240be18b68f8855d0583faca\"},\"headline\":\"Els Sectors Camp de Tarragona i Pened\u00e8s, Garraf i Anoia celebren la Trobada de Grans i Joves\",\"datePublished\":\"2025-04-02T07:47:58+00:00\",\"mainEntityOfPage\":{\"@id\":\"https:\\\/\\\/www.esplac.cat\\\/sectors-camp-tarragona-penedes-garraf-anoia-celebren-trobada-grans-joves\\\/\"},\"wordCount\":1241,\"publisher\":{\"@id\":\"https:\\\/\\\/www.esplac.cat\\\/#organization\"},\"image\":{\"@id\":\"https:\\\/\\\/www.esplac.cat\\\/sectors-camp-tarragona-penedes-garraf-anoia-celebren-trobada-grans-joves\\\/#primaryimage\"},\"thumbnailUrl\":\"https:\\\/\\\/www.esplac.cat\\\/wp-content\\\/uploads\\\/2025\\\/04\\\/TGiJ-CdT-i-PGA.jpg\",\"articleSection\":[\"Activitats sectors\",\"Sector Camp de Tarragona\",\"Sector Pened\u00e8s, Garraf i Anoia\",\"Sense categoria\"],\"inLanguage\":\"en-US\"},{\"@type\":\"WebPage\",\"@id\":\"https:\\\/\\\/www.esplac.cat\\\/sectors-camp-tarragona-penedes-garraf-anoia-celebren-trobada-grans-joves\\\/\",\"url\":\"https:\\\/\\\/www.esplac.cat\\\/sectors-camp-tarragona-penedes-garraf-anoia-celebren-trobada-grans-joves\\\/\",\"name\":\"Els Sectors CdT i PGA celebren la Trobada de Grans i Joves!\",\"isPartOf\":{\"@id\":\"https:\\\/\\\/www.esplac.cat\\\/#website\"},\"primaryImageOfPage\":{\"@id\":\"https:\\\/\\\/www.esplac.cat\\\/sectors-camp-tarragona-penedes-garraf-anoia-celebren-trobada-grans-joves\\\/#primaryimage\"},\"image\":{\"@id\":\"https:\\\/\\\/www.esplac.cat\\\/sectors-camp-tarragona-penedes-garraf-anoia-celebren-trobada-grans-joves\\\/#primaryimage\"},\"thumbnailUrl\":\"https:\\\/\\\/www.esplac.cat\\\/wp-content\\\/uploads\\\/2025\\\/04\\\/TGiJ-CdT-i-PGA.jpg\",\"datePublished\":\"2025-04-02T07:47:58+00:00\",\"description\":\"La Trobada de Grans i Joves ha estat un cap de setmana inoblidable, on hi han participat m\u00e9s d\u2019un centenar d'infants i joves!\",\"breadcrumb\":{\"@id\":\"https:\\\/\\\/www.esplac.cat\\\/sectors-camp-tarragona-penedes-garraf-anoia-celebren-trobada-grans-joves\\\/#breadcrumb\"},\"inLanguage\":\"en-US\",\"potentialAction\":[{\"@type\":\"ReadAction\",\"target\":[\"https:\\\/\\\/www.esplac.cat\\\/sectors-camp-tarragona-penedes-garraf-anoia-celebren-trobada-grans-joves\\\/\"]}]},{\"@type\":\"ImageObject\",\"inLanguage\":\"en-US\",\"@id\":\"https:\\\/\\\/www.esplac.cat\\\/sectors-camp-tarragona-penedes-garraf-anoia-celebren-trobada-grans-joves\\\/#primaryimage\",\"url\":\"https:\\\/\\\/www.esplac.cat\\\/wp-content\\\/uploads\\\/2025\\\/04\\\/TGiJ-CdT-i-PGA.jpg\",\"contentUrl\":\"https:\\\/\\\/www.esplac.cat\\\/wp-content\\\/uploads\\\/2025\\\/04\\\/TGiJ-CdT-i-PGA.jpg\",\"width\":1697,\"height\":700,\"caption\":\"trobada\"},{\"@type\":\"BreadcrumbList\",\"@id\":\"https:\\\/\\\/www.esplac.cat\\\/sectors-camp-tarragona-penedes-garraf-anoia-celebren-trobada-grans-joves\\\/#breadcrumb\",\"itemListElement\":[{\"@type\":\"ListItem\",\"position\":1,\"name\":\"Inici\",\"item\":\"https:\\\/\\\/www.esplac.cat\\\/en\\\/\"},{\"@type\":\"ListItem\",\"position\":2,\"name\":\"Els Sectors Camp de Tarragona i Pened\u00e8s, Garraf i Anoia celebren la Trobada de Grans i Joves\"}]},{\"@type\":\"WebSite\",\"@id\":\"https:\\\/\\\/www.esplac.cat\\\/#website\",\"url\":\"https:\\\/\\\/www.esplac.cat\\\/\",\"name\":\"Esplac\",\"description\":\"Esplais Catalans\",\"publisher\":{\"@id\":\"https:\\\/\\\/www.esplac.cat\\\/#organization\"},\"potentialAction\":[{\"@type\":\"SearchAction\",\"target\":{\"@type\":\"EntryPoint\",\"urlTemplate\":\"https:\\\/\\\/www.esplac.cat\\\/?s={search_term_string}\"},\"query-input\":{\"@type\":\"PropertyValueSpecification\",\"valueRequired\":true,\"valueName\":\"search_term_string\"}}],\"inLanguage\":\"en-US\"},{\"@type\":\"Organization\",\"@id\":\"https:\\\/\\\/www.esplac.cat\\\/#organization\",\"name\":\"Esplac\",\"url\":\"https:\\\/\\\/www.esplac.cat\\\/\",\"logo\":{\"@type\":\"ImageObject\",\"inLanguage\":\"en-US\",\"@id\":\"https:\\\/\\\/www.esplac.cat\\\/#\\\/schema\\\/logo\\\/image\\\/\",\"url\":\"https:\\\/\\\/www.esplac.cat\\\/wp-content\\\/uploads\\\/2019\\\/08\\\/logox2.png\",\"contentUrl\":\"https:\\\/\\\/www.esplac.cat\\\/wp-content\\\/uploads\\\/2019\\\/08\\\/logox2.png\",\"width\":600,\"height\":295,\"caption\":\"Esplac\"},\"image\":{\"@id\":\"https:\\\/\\\/www.esplac.cat\\\/#\\\/schema\\\/logo\\\/image\\\/\"}},{\"@type\":\"Person\",\"@id\":\"https:\\\/\\\/www.esplac.cat\\\/#\\\/schema\\\/person\\\/908383cf240be18b68f8855d0583faca\",\"name\":\"Comunicaci\u00f3 Esplac\",\"image\":{\"@type\":\"ImageObject\",\"inLanguage\":\"en-US\",\"@id\":\"https:\\\/\\\/secure.gravatar.com\\\/avatar\\\/7a4cf8feb412a76ea4a740ca02d95b06b2907b5a6c648c2dd0a1082a093c3141?s=96&d=mm&r=g\",\"url\":\"https:\\\/\\\/secure.gravatar.com\\\/avatar\\\/7a4cf8feb412a76ea4a740ca02d95b06b2907b5a6c648c2dd0a1082a093c3141?s=96&d=mm&r=g\",\"contentUrl\":\"https:\\\/\\\/secure.gravatar.com\\\/avatar\\\/7a4cf8feb412a76ea4a740ca02d95b06b2907b5a6c648c2dd0a1082a093c3141?s=96&d=mm&r=g\",\"caption\":\"Comunicaci\u00f3 Esplac\"}}]}<\/script>\n<!-- \/ Yoast SEO plugin. -->","yoast_head_json":{"title":"Els Sectors CdT i PGA celebren la Trobada de Grans i Joves!","description":"La Trobada de Grans i Joves ha estat un cap de setmana inoblidable, on hi han participat m\u00e9s d\u2019un centenar d'infants i joves!","robots":{"index":"index","follow":"follow","max-snippet":"max-snippet:-1","max-image-preview":"max-image-preview:large","max-video-preview":"max-video-preview:-1"},"canonical":"https:\/\/www.esplac.cat\/sectors-camp-tarragona-penedes-garraf-anoia-celebren-trobada-grans-joves\/","og_locale":"en_US","og_type":"article","og_title":"Els Sectors CdT i PGA celebren la Trobada de Grans i Joves!","og_description":"La Trobada de Grans i Joves ha estat un cap de setmana inoblidable, on hi han participat m\u00e9s d\u2019un centenar d'infants i joves!","og_url":"https:\/\/www.esplac.cat\/sectors-camp-tarragona-penedes-garraf-anoia-celebren-trobada-grans-joves\/","og_site_name":"Esplac","article_published_time":"2025-04-02T07:47:58+00:00","og_image":[{"width":1697,"height":700,"url":"https:\/\/www.esplac.cat\/wp-content\/uploads\/2025\/04\/TGiJ-CdT-i-PGA.jpg","type":"image\/jpeg"}],"author":"Comunicaci\u00f3 Esplac","twitter_card":"summary_large_image","twitter_misc":{"Written by":"Comunicaci\u00f3 Esplac","Est. reading time":"2 minutes"},"schema":{"@context":"https:\/\/schema.org","@graph":[{"@type":"Article","@id":"https:\/\/www.esplac.cat\/sectors-camp-tarragona-penedes-garraf-anoia-celebren-trobada-grans-joves\/#article","isPartOf":{"@id":"https:\/\/www.esplac.cat\/sectors-camp-tarragona-penedes-garraf-anoia-celebren-trobada-grans-joves\/"},"author":{"name":"Comunicaci\u00f3 Esplac","@id":"https:\/\/www.esplac.cat\/#\/schema\/person\/908383cf240be18b68f8855d0583faca"},"headline":"Els Sectors Camp de Tarragona i Pened\u00e8s, Garraf i Anoia celebren la Trobada de Grans i Joves","datePublished":"2025-04-02T07:47:58+00:00","mainEntityOfPage":{"@id":"https:\/\/www.esplac.cat\/sectors-camp-tarragona-penedes-garraf-anoia-celebren-trobada-grans-joves\/"},"wordCount":1241,"publisher":{"@id":"https:\/\/www.esplac.cat\/#organization"},"image":{"@id":"https:\/\/www.esplac.cat\/sectors-camp-tarragona-penedes-garraf-anoia-celebren-trobada-grans-joves\/#primaryimage"},"thumbnailUrl":"https:\/\/www.esplac.cat\/wp-content\/uploads\/2025\/04\/TGiJ-CdT-i-PGA.jpg","articleSection":["Activitats sectors","Sector Camp de Tarragona","Sector Pened\u00e8s, Garraf i Anoia","Sense categoria"],"inLanguage":"en-US"},{"@type":"WebPage","@id":"https:\/\/www.esplac.cat\/sectors-camp-tarragona-penedes-garraf-anoia-celebren-trobada-grans-joves\/","url":"https:\/\/www.esplac.cat\/sectors-camp-tarragona-penedes-garraf-anoia-celebren-trobada-grans-joves\/","name":"Els Sectors CdT i PGA celebren la Trobada de Grans i Joves!","isPartOf":{"@id":"https:\/\/www.esplac.cat\/#website"},"primaryImageOfPage":{"@id":"https:\/\/www.esplac.cat\/sectors-camp-tarragona-penedes-garraf-anoia-celebren-trobada-grans-joves\/#primaryimage"},"image":{"@id":"https:\/\/www.esplac.cat\/sectors-camp-tarragona-penedes-garraf-anoia-celebren-trobada-grans-joves\/#primaryimage"},"thumbnailUrl":"https:\/\/www.esplac.cat\/wp-content\/uploads\/2025\/04\/TGiJ-CdT-i-PGA.jpg","datePublished":"2025-04-02T07:47:58+00:00","description":"La Trobada de Grans i Joves ha estat un cap de setmana inoblidable, on hi han participat m\u00e9s d\u2019un centenar d'infants i joves!","breadcrumb":{"@id":"https:\/\/www.esplac.cat\/sectors-camp-tarragona-penedes-garraf-anoia-celebren-trobada-grans-joves\/#breadcrumb"},"inLanguage":"en-US","potentialAction":[{"@type":"ReadAction","target":["https:\/\/www.esplac.cat\/sectors-camp-tarragona-penedes-garraf-anoia-celebren-trobada-grans-joves\/"]}]},{"@type":"ImageObject","inLanguage":"en-US","@id":"https:\/\/www.esplac.cat\/sectors-camp-tarragona-penedes-garraf-anoia-celebren-trobada-grans-joves\/#primaryimage","url":"https:\/\/www.esplac.cat\/wp-content\/uploads\/2025\/04\/TGiJ-CdT-i-PGA.jpg","contentUrl":"https:\/\/www.esplac.cat\/wp-content\/uploads\/2025\/04\/TGiJ-CdT-i-PGA.jpg","width":1697,"height":700,"caption":"trobada"},{"@type":"BreadcrumbList","@id":"https:\/\/www.esplac.cat\/sectors-camp-tarragona-penedes-garraf-anoia-celebren-trobada-grans-joves\/#breadcrumb","itemListElement":[{"@type":"ListItem","position":1,"name":"Inici","item":"https:\/\/www.esplac.cat\/en\/"},{"@type":"ListItem","position":2,"name":"Els Sectors Camp de Tarragona i Pened\u00e8s, Garraf i Anoia celebren la Trobada de Grans i Joves"}]},{"@type":"WebSite","@id":"https:\/\/www.esplac.cat\/#website","url":"https:\/\/www.esplac.cat\/","name":"Esplac","description":"Esplais Catalans","publisher":{"@id":"https:\/\/www.esplac.cat\/#organization"},"potentialAction":[{"@type":"SearchAction","target":{"@type":"EntryPoint","urlTemplate":"https:\/\/www.esplac.cat\/?s={search_term_string}"},"query-input":{"@type":"PropertyValueSpecification","valueRequired":true,"valueName":"search_term_string"}}],"inLanguage":"en-US"},{"@type":"Organization","@id":"https:\/\/www.esplac.cat\/#organization","name":"Esplac","url":"https:\/\/www.esplac.cat\/","logo":{"@type":"ImageObject","inLanguage":"en-US","@id":"https:\/\/www.esplac.cat\/#\/schema\/logo\/image\/","url":"https:\/\/www.esplac.cat\/wp-content\/uploads\/2019\/08\/logox2.png","contentUrl":"https:\/\/www.esplac.cat\/wp-content\/uploads\/2019\/08\/logox2.png","width":600,"height":295,"caption":"Esplac"},"image":{"@id":"https:\/\/www.esplac.cat\/#\/schema\/logo\/image\/"}},{"@type":"Person","@id":"https:\/\/www.esplac.cat\/#\/schema\/person\/908383cf240be18b68f8855d0583faca","name":"Comunicaci\u00f3 Esplac","image":{"@type":"ImageObject","inLanguage":"en-US","@id":"https:\/\/secure.gravatar.com\/avatar\/7a4cf8feb412a76ea4a740ca02d95b06b2907b5a6c648c2dd0a1082a093c3141?s=96&d=mm&r=g","url":"https:\/\/secure.gravatar.com\/avatar\/7a4cf8feb412a76ea4a740ca02d95b06b2907b5a6c648c2dd0a1082a093c3141?s=96&d=mm&r=g","contentUrl":"https:\/\/secure.gravatar.com\/avatar\/7a4cf8feb412a76ea4a740ca02d95b06b2907b5a6c648c2dd0a1082a093c3141?s=96&d=mm&r=g","caption":"Comunicaci\u00f3 Esplac"}}]}},"_links":{"self":[{"href":"https:\/\/www.esplac.cat\/en\/wp-json\/wp\/v2\/posts\/53391","targetHints":{"allow":["GET"]}}],"collection":[{"href":"https:\/\/www.esplac.cat\/en\/wp-json\/wp\/v2\/posts"}],"about":[{"href":"https:\/\/www.esplac.cat\/en\/wp-json\/wp\/v2\/types\/post"}],"author":[{"embeddable":true,"href":"https:\/\/www.esplac.cat\/en\/wp-json\/wp\/v2\/users\/3"}],"replies":[{"embeddable":true,"href":"https:\/\/www.esplac.cat\/en\/wp-json\/wp\/v2\/comments?post=53391"}],"version-history":[{"count":5,"href":"https:\/\/www.esplac.cat\/en\/wp-json\/wp\/v2\/posts\/53391\/revisions"}],"predecessor-version":[{"id":53399,"href":"https:\/\/www.esplac.cat\/en\/wp-json\/wp\/v2\/posts\/53391\/revisions\/53399"}],"wp:featuredmedia":[{"embeddable":true,"href":"https:\/\/www.esplac.cat\/en\/wp-json\/wp\/v2\/media\/53396"}],"wp:attachment":[{"href":"https:\/\/www.esplac.cat\/en\/wp-json\/wp\/v2\/media?parent=53391"}],"wp:term":[{"taxonomy":"category","embeddable":true,"href":"https:\/\/www.esplac.cat\/en\/wp-json\/wp\/v2\/categories?post=53391"},{"taxonomy":"post_tag","embeddable":true,"href":"https:\/\/www.esplac.cat\/en\/wp-json\/wp\/v2\/tags?post=53391"}],"curies":[{"name":"wp","href":"https:\/\/api.w.org\/{rel}","templated":true}]}}