{"id":53497,"date":"2025-04-15T13:44:24","date_gmt":"2025-04-15T11:44:24","guid":{"rendered":"https:\/\/www.esplac.cat\/?p=53497"},"modified":"2025-04-22T09:53:37","modified_gmt":"2025-04-22T07:53:37","slug":"convocatoria-oberta-vols-crear-la-identitat-visual-2026","status":"publish","type":"post","link":"https:\/\/www.esplac.cat\/en\/convocatoria-oberta-vols-crear-la-identitat-visual-2026\/","title":{"rendered":"Convocat\u00f2ria oberta: vols idear i crear la identitat visual de l\u2019Escola d&#8217;Esplac i la Monifesta&#8217;t 2026?"},"content":{"rendered":"<div class=\"fusion-fullwidth fullwidth-box fusion-builder-row-1 fusion-flex-container has-pattern-background has-mask-background nonhundred-percent-fullwidth non-hundred-percent-height-scrolling\" style=\"--awb-border-radius-top-left:0px;--awb-border-radius-top-right:0px;--awb-border-radius-bottom-right:0px;--awb-border-radius-bottom-left:0px;--awb-flex-wrap:wrap;\" ><div class=\"fusion-builder-row fusion-row fusion-flex-align-items-flex-start fusion-flex-content-wrap\" style=\"max-width:1248px;margin-left: calc(-4% \/ 2 );margin-right: calc(-4% \/ 2 );\"><div class=\"fusion-layout-column fusion_builder_column fusion-builder-column-0 fusion_builder_column_1_1 1_1 fusion-flex-column\" style=\"--awb-bg-size:cover;--awb-width-large:100%;--awb-margin-top-large:0px;--awb-spacing-right-large:1.92%;--awb-margin-bottom-large:20px;--awb-spacing-left-large:1.92%;--awb-width-medium:100%;--awb-order-medium:0;--awb-spacing-right-medium:1.92%;--awb-spacing-left-medium:1.92%;--awb-width-small:100%;--awb-order-small:0;--awb-spacing-right-small:1.92%;--awb-spacing-left-small:1.92%;\"><div class=\"fusion-column-wrapper fusion-column-has-shadow fusion-flex-justify-content-flex-start fusion-content-layout-column\"><div class=\"fusion-text fusion-text-1\"><h6><strong>Del 15 d\u2019abril al 29 de maig\u00a0 de 2025 queda oberta la convocat\u00f2ria per participar en la creaci\u00f3 de la identitat visual i gr\u00e0fica de l\u2019Escola d&#8217;Esplac i la Monifesta&#8217;t 2026.<\/strong><\/h6>\n<p>Esplais Catalans obrim avui, 15 d\u2019abril de 2025, una convocat\u00f2ria destinada a <strong>professionals del disseny, la il\u00b7lustraci\u00f3, la publicitat i\/o estudis creatius, cooperatives, associacions i empreses del sector comunicatiu<\/strong> per l\u2019enc\u00e0rrec de la realitzaci\u00f3 de la identitat visual de l\u2019Escola d&#8217;Esplac 2026 i la Monifesta&#8217;t 2026.<\/p>\n<p>El motiu de la convocat\u00f2ria \u00e9s <strong>seleccionar la o el professional <\/strong>que realitzi els continguts gr\u00e0fics dels esdeveniments m\u00e9s destacables de l\u2019entitat durant el pr\u00f2xim 2026, l\u2019Escola d\u2019Esplac 2026 i la Monifesta\u2019t 2026. La crida al projecte consta en realitzar els seg\u00fcents treballs, que s\u2019especifiquen de forma m\u00e9s detallada a les bases de la convocat\u00f2ria:<\/p>\n<ul>\n<li><strong>Disseny i realitzacio\u0301 de la imatge gra\u0300fica de l\u2019Escola d\u2019Esplac 2026.<\/strong><\/li>\n<li><strong>Disseny i realitzacio\u0301 de la imatge gra\u0300fica de la Monifesta\u2019t 2026.<\/strong><\/li>\n<li><strong>Aplicacio\u0301 d&#8217;ambdues identitats visuals a cartellisme, papereria, marxandatge, web, app, xarxes socials de l\u2019entitat, entre d\u2019altres, si s\u2019escau.<br \/>\n<\/strong><\/li>\n<\/ul>\n<p>El pressupost per a desenvolupar aquest projecte \u00e9s d&#8217;un <strong>m\u00e0xim de 3.500 \u20ac amb IVA incl\u00f2s<\/strong>.<\/p>\n<p>El termini de la convocat\u00f2ria per a l\u2019enviament de la candidatura <strong>finalitza el dijous 29 de maig de 2025 a les 23:59 h<\/strong>.<\/p>\n<p>Per a presentar-vos a la convocat\u00f2ria cal enviar un correu electr\u00f2nic a\u00a0<strong><a href=\"mailto:comunicacio@esplac.cat\">comunicacio@esplac.cat<\/a><\/strong> amb l\u2019assumpte <strong>Candidatura Identitat EE i Monifesta\u2019t<\/strong>, adjuntant un dossier o <em>book<\/em> de treballs fets fins al moment, el pressupost i, de forma opcional, una carta de motivaci\u00f3 i el curriculum vitae.<\/p>\n<p>Podeu llegir les <strong>bases detallades de la convocat\u00f2ria al seg\u00fcent enlla\u00e7:<\/strong><\/p>\n<\/div><div style=\"text-align:center;\"><a class=\"fusion-button button-flat fusion-button-default-size button-default fusion-button-default button-1 fusion-button-default-span fusion-button-default-type\" target=\"_self\" href=\"https:\/\/www.esplac.cat\/wp-content\/uploads\/2025\/04\/Crida-a-projecte_-Identitat-visual-de-lEscola-dEsplac-2026-i-la-Monifestat-2026-dEsplais-Catalans.pdf\"><span class=\"fusion-button-text\">Bases de la convocat\u00f2ria a la Identitat Visual de l\u2019Escola d&#8217;Esplac 2026 i Monifesta&#8217;t 2026<\/span><\/a><\/div><\/div><\/div><\/div><\/div>\n","protected":false},"excerpt":{"rendered":"","protected":false},"author":3,"featured_media":53506,"comment_status":"closed","ping_status":"closed","sticky":false,"template":"","format":"standard","meta":{"om_disable_all_campaigns":false,"_monsterinsights_skip_tracking":false,"_monsterinsights_sitenote_active":false,"_monsterinsights_sitenote_note":"","_monsterinsights_sitenote_category":0,"_uf_show_specific_survey":0,"_uf_disable_surveys":false,"footnotes":""},"categories":[1129,1115,1,1396],"tags":[],"class_list":["post-53497","post","type-post","status-publish","format-standard","has-post-thumbnail","hentry","category-escola-desplac","category-monifestat","category-sense-categoria","category-socies"],"yoast_head":"<!-- This site is optimized with the Yoast SEO plugin v27.4 - https:\/\/yoast.com\/product\/yoast-seo-wordpress\/ -->\n<title>Convocat\u00f2ria oberta: vols idear i crear la identitat visual de l\u2019Escola d&#039;Esplac i la Monifesta&#039;t 2026? - Esplac<\/title>\n<meta name=\"description\" content=\"Del 15 d\u2019abril al 29 de maig\u00a0 de 2025 obrim la convocat\u00f2ria per crear la identitat visual i gr\u00e0fica de l\u2019Esplaiada 2025.\" \/>\n<meta name=\"robots\" content=\"index, follow, max-snippet:-1, max-image-preview:large, max-video-preview:-1\" \/>\n<link rel=\"canonical\" href=\"https:\/\/www.esplac.cat\/convocatoria-oberta-vols-crear-la-identitat-visual-2026\/\" \/>\n<meta property=\"og:locale\" content=\"en_US\" \/>\n<meta property=\"og:type\" content=\"article\" \/>\n<meta property=\"og:title\" content=\"Convocat\u00f2ria oberta: vols idear i crear la identitat visual de l\u2019Escola d&#039;Esplac i la Monifesta&#039;t 2026? - Esplac\" \/>\n<meta property=\"og:description\" content=\"Del 15 d\u2019abril al 29 de maig\u00a0 de 2025 obrim la convocat\u00f2ria per crear la identitat visual i gr\u00e0fica de l\u2019Esplaiada 2025.\" \/>\n<meta property=\"og:url\" content=\"https:\/\/www.esplac.cat\/convocatoria-oberta-vols-crear-la-identitat-visual-2026\/\" \/>\n<meta property=\"og:site_name\" content=\"Esplac\" \/>\n<meta property=\"article:published_time\" content=\"2025-04-15T11:44:24+00:00\" \/>\n<meta property=\"article:modified_time\" content=\"2025-04-22T07:53:37+00:00\" \/>\n<meta property=\"og:image\" content=\"https:\/\/www.esplac.cat\/wp-content\/uploads\/2025\/04\/Identitat-visual-EE-Monifestat-26-1.jpg\" \/>\n\t<meta property=\"og:image:width\" content=\"1697\" \/>\n\t<meta property=\"og:image:height\" content=\"700\" \/>\n\t<meta property=\"og:image:type\" content=\"image\/jpeg\" \/>\n<meta name=\"author\" content=\"Comunicaci\u00f3 Esplac\" \/>\n<meta name=\"twitter:card\" content=\"summary_large_image\" \/>\n<meta name=\"twitter:label1\" content=\"Written by\" \/>\n\t<meta name=\"twitter:data1\" content=\"Comunicaci\u00f3 Esplac\" \/>\n\t<meta name=\"twitter:label2\" content=\"Est. reading time\" \/>\n\t<meta name=\"twitter:data2\" content=\"2 minutes\" \/>\n<script type=\"application\/ld+json\" class=\"yoast-schema-graph\">{\"@context\":\"https:\\\/\\\/schema.org\",\"@graph\":[{\"@type\":\"Article\",\"@id\":\"https:\\\/\\\/www.esplac.cat\\\/convocatoria-oberta-vols-crear-la-identitat-visual-2026\\\/#article\",\"isPartOf\":{\"@id\":\"https:\\\/\\\/www.esplac.cat\\\/convocatoria-oberta-vols-crear-la-identitat-visual-2026\\\/\"},\"author\":{\"name\":\"Comunicaci\u00f3 Esplac\",\"@id\":\"https:\\\/\\\/www.esplac.cat\\\/#\\\/schema\\\/person\\\/908383cf240be18b68f8855d0583faca\"},\"headline\":\"Convocat\u00f2ria oberta: vols idear i crear la identitat visual de l\u2019Escola d&#8217;Esplac i la Monifesta&#8217;t 2026?\",\"datePublished\":\"2025-04-15T11:44:24+00:00\",\"dateModified\":\"2025-04-22T07:53:37+00:00\",\"mainEntityOfPage\":{\"@id\":\"https:\\\/\\\/www.esplac.cat\\\/convocatoria-oberta-vols-crear-la-identitat-visual-2026\\\/\"},\"wordCount\":1467,\"publisher\":{\"@id\":\"https:\\\/\\\/www.esplac.cat\\\/#organization\"},\"image\":{\"@id\":\"https:\\\/\\\/www.esplac.cat\\\/convocatoria-oberta-vols-crear-la-identitat-visual-2026\\\/#primaryimage\"},\"thumbnailUrl\":\"https:\\\/\\\/www.esplac.cat\\\/wp-content\\\/uploads\\\/2025\\\/04\\\/Identitat-visual-EE-Monifestat-26-1.jpg\",\"articleSection\":[\"Escola d'Esplac\",\"Monifesta't\",\"Sense categoria\",\"S\u00f2cies\"],\"inLanguage\":\"en-US\"},{\"@type\":\"WebPage\",\"@id\":\"https:\\\/\\\/www.esplac.cat\\\/convocatoria-oberta-vols-crear-la-identitat-visual-2026\\\/\",\"url\":\"https:\\\/\\\/www.esplac.cat\\\/convocatoria-oberta-vols-crear-la-identitat-visual-2026\\\/\",\"name\":\"Convocat\u00f2ria oberta: vols idear i crear la identitat visual de l\u2019Escola d'Esplac i la Monifesta't 2026? - Esplac\",\"isPartOf\":{\"@id\":\"https:\\\/\\\/www.esplac.cat\\\/#website\"},\"primaryImageOfPage\":{\"@id\":\"https:\\\/\\\/www.esplac.cat\\\/convocatoria-oberta-vols-crear-la-identitat-visual-2026\\\/#primaryimage\"},\"image\":{\"@id\":\"https:\\\/\\\/www.esplac.cat\\\/convocatoria-oberta-vols-crear-la-identitat-visual-2026\\\/#primaryimage\"},\"thumbnailUrl\":\"https:\\\/\\\/www.esplac.cat\\\/wp-content\\\/uploads\\\/2025\\\/04\\\/Identitat-visual-EE-Monifestat-26-1.jpg\",\"datePublished\":\"2025-04-15T11:44:24+00:00\",\"dateModified\":\"2025-04-22T07:53:37+00:00\",\"description\":\"Del 15 d\u2019abril al 29 de maig\u00a0 de 2025 obrim la convocat\u00f2ria per crear la identitat visual i gr\u00e0fica de l\u2019Esplaiada 2025.\",\"breadcrumb\":{\"@id\":\"https:\\\/\\\/www.esplac.cat\\\/convocatoria-oberta-vols-crear-la-identitat-visual-2026\\\/#breadcrumb\"},\"inLanguage\":\"en-US\",\"potentialAction\":[{\"@type\":\"ReadAction\",\"target\":[\"https:\\\/\\\/www.esplac.cat\\\/convocatoria-oberta-vols-crear-la-identitat-visual-2026\\\/\"]}]},{\"@type\":\"ImageObject\",\"inLanguage\":\"en-US\",\"@id\":\"https:\\\/\\\/www.esplac.cat\\\/convocatoria-oberta-vols-crear-la-identitat-visual-2026\\\/#primaryimage\",\"url\":\"https:\\\/\\\/www.esplac.cat\\\/wp-content\\\/uploads\\\/2025\\\/04\\\/Identitat-visual-EE-Monifestat-26-1.jpg\",\"contentUrl\":\"https:\\\/\\\/www.esplac.cat\\\/wp-content\\\/uploads\\\/2025\\\/04\\\/Identitat-visual-EE-Monifestat-26-1.jpg\",\"width\":1697,\"height\":700},{\"@type\":\"BreadcrumbList\",\"@id\":\"https:\\\/\\\/www.esplac.cat\\\/convocatoria-oberta-vols-crear-la-identitat-visual-2026\\\/#breadcrumb\",\"itemListElement\":[{\"@type\":\"ListItem\",\"position\":1,\"name\":\"Inici\",\"item\":\"https:\\\/\\\/www.esplac.cat\\\/en\\\/\"},{\"@type\":\"ListItem\",\"position\":2,\"name\":\"Convocat\u00f2ria oberta: vols idear i crear la identitat visual de l\u2019Escola d&#8217;Esplac i la Monifesta&#8217;t 2026?\"}]},{\"@type\":\"WebSite\",\"@id\":\"https:\\\/\\\/www.esplac.cat\\\/#website\",\"url\":\"https:\\\/\\\/www.esplac.cat\\\/\",\"name\":\"Esplac\",\"description\":\"Esplais Catalans\",\"publisher\":{\"@id\":\"https:\\\/\\\/www.esplac.cat\\\/#organization\"},\"potentialAction\":[{\"@type\":\"SearchAction\",\"target\":{\"@type\":\"EntryPoint\",\"urlTemplate\":\"https:\\\/\\\/www.esplac.cat\\\/?s={search_term_string}\"},\"query-input\":{\"@type\":\"PropertyValueSpecification\",\"valueRequired\":true,\"valueName\":\"search_term_string\"}}],\"inLanguage\":\"en-US\"},{\"@type\":\"Organization\",\"@id\":\"https:\\\/\\\/www.esplac.cat\\\/#organization\",\"name\":\"Esplac\",\"url\":\"https:\\\/\\\/www.esplac.cat\\\/\",\"logo\":{\"@type\":\"ImageObject\",\"inLanguage\":\"en-US\",\"@id\":\"https:\\\/\\\/www.esplac.cat\\\/#\\\/schema\\\/logo\\\/image\\\/\",\"url\":\"https:\\\/\\\/www.esplac.cat\\\/wp-content\\\/uploads\\\/2019\\\/08\\\/logox2.png\",\"contentUrl\":\"https:\\\/\\\/www.esplac.cat\\\/wp-content\\\/uploads\\\/2019\\\/08\\\/logox2.png\",\"width\":600,\"height\":295,\"caption\":\"Esplac\"},\"image\":{\"@id\":\"https:\\\/\\\/www.esplac.cat\\\/#\\\/schema\\\/logo\\\/image\\\/\"}},{\"@type\":\"Person\",\"@id\":\"https:\\\/\\\/www.esplac.cat\\\/#\\\/schema\\\/person\\\/908383cf240be18b68f8855d0583faca\",\"name\":\"Comunicaci\u00f3 Esplac\",\"image\":{\"@type\":\"ImageObject\",\"inLanguage\":\"en-US\",\"@id\":\"https:\\\/\\\/secure.gravatar.com\\\/avatar\\\/7a4cf8feb412a76ea4a740ca02d95b06b2907b5a6c648c2dd0a1082a093c3141?s=96&d=mm&r=g\",\"url\":\"https:\\\/\\\/secure.gravatar.com\\\/avatar\\\/7a4cf8feb412a76ea4a740ca02d95b06b2907b5a6c648c2dd0a1082a093c3141?s=96&d=mm&r=g\",\"contentUrl\":\"https:\\\/\\\/secure.gravatar.com\\\/avatar\\\/7a4cf8feb412a76ea4a740ca02d95b06b2907b5a6c648c2dd0a1082a093c3141?s=96&d=mm&r=g\",\"caption\":\"Comunicaci\u00f3 Esplac\"}}]}<\/script>\n<!-- \/ Yoast SEO plugin. -->","yoast_head_json":{"title":"Convocat\u00f2ria oberta: vols idear i crear la identitat visual de l\u2019Escola d'Esplac i la Monifesta't 2026? - Esplac","description":"Del 15 d\u2019abril al 29 de maig\u00a0 de 2025 obrim la convocat\u00f2ria per crear la identitat visual i gr\u00e0fica de l\u2019Esplaiada 2025.","robots":{"index":"index","follow":"follow","max-snippet":"max-snippet:-1","max-image-preview":"max-image-preview:large","max-video-preview":"max-video-preview:-1"},"canonical":"https:\/\/www.esplac.cat\/convocatoria-oberta-vols-crear-la-identitat-visual-2026\/","og_locale":"en_US","og_type":"article","og_title":"Convocat\u00f2ria oberta: vols idear i crear la identitat visual de l\u2019Escola d'Esplac i la Monifesta't 2026? - Esplac","og_description":"Del 15 d\u2019abril al 29 de maig\u00a0 de 2025 obrim la convocat\u00f2ria per crear la identitat visual i gr\u00e0fica de l\u2019Esplaiada 2025.","og_url":"https:\/\/www.esplac.cat\/convocatoria-oberta-vols-crear-la-identitat-visual-2026\/","og_site_name":"Esplac","article_published_time":"2025-04-15T11:44:24+00:00","article_modified_time":"2025-04-22T07:53:37+00:00","og_image":[{"width":1697,"height":700,"url":"https:\/\/www.esplac.cat\/wp-content\/uploads\/2025\/04\/Identitat-visual-EE-Monifestat-26-1.jpg","type":"image\/jpeg"}],"author":"Comunicaci\u00f3 Esplac","twitter_card":"summary_large_image","twitter_misc":{"Written by":"Comunicaci\u00f3 Esplac","Est. reading time":"2 minutes"},"schema":{"@context":"https:\/\/schema.org","@graph":[{"@type":"Article","@id":"https:\/\/www.esplac.cat\/convocatoria-oberta-vols-crear-la-identitat-visual-2026\/#article","isPartOf":{"@id":"https:\/\/www.esplac.cat\/convocatoria-oberta-vols-crear-la-identitat-visual-2026\/"},"author":{"name":"Comunicaci\u00f3 Esplac","@id":"https:\/\/www.esplac.cat\/#\/schema\/person\/908383cf240be18b68f8855d0583faca"},"headline":"Convocat\u00f2ria oberta: vols idear i crear la identitat visual de l\u2019Escola d&#8217;Esplac i la Monifesta&#8217;t 2026?","datePublished":"2025-04-15T11:44:24+00:00","dateModified":"2025-04-22T07:53:37+00:00","mainEntityOfPage":{"@id":"https:\/\/www.esplac.cat\/convocatoria-oberta-vols-crear-la-identitat-visual-2026\/"},"wordCount":1467,"publisher":{"@id":"https:\/\/www.esplac.cat\/#organization"},"image":{"@id":"https:\/\/www.esplac.cat\/convocatoria-oberta-vols-crear-la-identitat-visual-2026\/#primaryimage"},"thumbnailUrl":"https:\/\/www.esplac.cat\/wp-content\/uploads\/2025\/04\/Identitat-visual-EE-Monifestat-26-1.jpg","articleSection":["Escola d'Esplac","Monifesta't","Sense categoria","S\u00f2cies"],"inLanguage":"en-US"},{"@type":"WebPage","@id":"https:\/\/www.esplac.cat\/convocatoria-oberta-vols-crear-la-identitat-visual-2026\/","url":"https:\/\/www.esplac.cat\/convocatoria-oberta-vols-crear-la-identitat-visual-2026\/","name":"Convocat\u00f2ria oberta: vols idear i crear la identitat visual de l\u2019Escola d'Esplac i la Monifesta't 2026? - Esplac","isPartOf":{"@id":"https:\/\/www.esplac.cat\/#website"},"primaryImageOfPage":{"@id":"https:\/\/www.esplac.cat\/convocatoria-oberta-vols-crear-la-identitat-visual-2026\/#primaryimage"},"image":{"@id":"https:\/\/www.esplac.cat\/convocatoria-oberta-vols-crear-la-identitat-visual-2026\/#primaryimage"},"thumbnailUrl":"https:\/\/www.esplac.cat\/wp-content\/uploads\/2025\/04\/Identitat-visual-EE-Monifestat-26-1.jpg","datePublished":"2025-04-15T11:44:24+00:00","dateModified":"2025-04-22T07:53:37+00:00","description":"Del 15 d\u2019abril al 29 de maig\u00a0 de 2025 obrim la convocat\u00f2ria per crear la identitat visual i gr\u00e0fica de l\u2019Esplaiada 2025.","breadcrumb":{"@id":"https:\/\/www.esplac.cat\/convocatoria-oberta-vols-crear-la-identitat-visual-2026\/#breadcrumb"},"inLanguage":"en-US","potentialAction":[{"@type":"ReadAction","target":["https:\/\/www.esplac.cat\/convocatoria-oberta-vols-crear-la-identitat-visual-2026\/"]}]},{"@type":"ImageObject","inLanguage":"en-US","@id":"https:\/\/www.esplac.cat\/convocatoria-oberta-vols-crear-la-identitat-visual-2026\/#primaryimage","url":"https:\/\/www.esplac.cat\/wp-content\/uploads\/2025\/04\/Identitat-visual-EE-Monifestat-26-1.jpg","contentUrl":"https:\/\/www.esplac.cat\/wp-content\/uploads\/2025\/04\/Identitat-visual-EE-Monifestat-26-1.jpg","width":1697,"height":700},{"@type":"BreadcrumbList","@id":"https:\/\/www.esplac.cat\/convocatoria-oberta-vols-crear-la-identitat-visual-2026\/#breadcrumb","itemListElement":[{"@type":"ListItem","position":1,"name":"Inici","item":"https:\/\/www.esplac.cat\/en\/"},{"@type":"ListItem","position":2,"name":"Convocat\u00f2ria oberta: vols idear i crear la identitat visual de l\u2019Escola d&#8217;Esplac i la Monifesta&#8217;t 2026?"}]},{"@type":"WebSite","@id":"https:\/\/www.esplac.cat\/#website","url":"https:\/\/www.esplac.cat\/","name":"Esplac","description":"Esplais Catalans","publisher":{"@id":"https:\/\/www.esplac.cat\/#organization"},"potentialAction":[{"@type":"SearchAction","target":{"@type":"EntryPoint","urlTemplate":"https:\/\/www.esplac.cat\/?s={search_term_string}"},"query-input":{"@type":"PropertyValueSpecification","valueRequired":true,"valueName":"search_term_string"}}],"inLanguage":"en-US"},{"@type":"Organization","@id":"https:\/\/www.esplac.cat\/#organization","name":"Esplac","url":"https:\/\/www.esplac.cat\/","logo":{"@type":"ImageObject","inLanguage":"en-US","@id":"https:\/\/www.esplac.cat\/#\/schema\/logo\/image\/","url":"https:\/\/www.esplac.cat\/wp-content\/uploads\/2019\/08\/logox2.png","contentUrl":"https:\/\/www.esplac.cat\/wp-content\/uploads\/2019\/08\/logox2.png","width":600,"height":295,"caption":"Esplac"},"image":{"@id":"https:\/\/www.esplac.cat\/#\/schema\/logo\/image\/"}},{"@type":"Person","@id":"https:\/\/www.esplac.cat\/#\/schema\/person\/908383cf240be18b68f8855d0583faca","name":"Comunicaci\u00f3 Esplac","image":{"@type":"ImageObject","inLanguage":"en-US","@id":"https:\/\/secure.gravatar.com\/avatar\/7a4cf8feb412a76ea4a740ca02d95b06b2907b5a6c648c2dd0a1082a093c3141?s=96&d=mm&r=g","url":"https:\/\/secure.gravatar.com\/avatar\/7a4cf8feb412a76ea4a740ca02d95b06b2907b5a6c648c2dd0a1082a093c3141?s=96&d=mm&r=g","contentUrl":"https:\/\/secure.gravatar.com\/avatar\/7a4cf8feb412a76ea4a740ca02d95b06b2907b5a6c648c2dd0a1082a093c3141?s=96&d=mm&r=g","caption":"Comunicaci\u00f3 Esplac"}}]}},"_links":{"self":[{"href":"https:\/\/www.esplac.cat\/en\/wp-json\/wp\/v2\/posts\/53497","targetHints":{"allow":["GET"]}}],"collection":[{"href":"https:\/\/www.esplac.cat\/en\/wp-json\/wp\/v2\/posts"}],"about":[{"href":"https:\/\/www.esplac.cat\/en\/wp-json\/wp\/v2\/types\/post"}],"author":[{"embeddable":true,"href":"https:\/\/www.esplac.cat\/en\/wp-json\/wp\/v2\/users\/3"}],"replies":[{"embeddable":true,"href":"https:\/\/www.esplac.cat\/en\/wp-json\/wp\/v2\/comments?post=53497"}],"version-history":[{"count":3,"href":"https:\/\/www.esplac.cat\/en\/wp-json\/wp\/v2\/posts\/53497\/revisions"}],"predecessor-version":[{"id":53510,"href":"https:\/\/www.esplac.cat\/en\/wp-json\/wp\/v2\/posts\/53497\/revisions\/53510"}],"wp:featuredmedia":[{"embeddable":true,"href":"https:\/\/www.esplac.cat\/en\/wp-json\/wp\/v2\/media\/53506"}],"wp:attachment":[{"href":"https:\/\/www.esplac.cat\/en\/wp-json\/wp\/v2\/media?parent=53497"}],"wp:term":[{"taxonomy":"category","embeddable":true,"href":"https:\/\/www.esplac.cat\/en\/wp-json\/wp\/v2\/categories?post=53497"},{"taxonomy":"post_tag","embeddable":true,"href":"https:\/\/www.esplac.cat\/en\/wp-json\/wp\/v2\/tags?post=53497"}],"curies":[{"name":"wp","href":"https:\/\/api.w.org\/{rel}","templated":true}]}}