{"id":53697,"date":"2025-06-20T09:38:32","date_gmt":"2025-06-20T07:38:32","guid":{"rendered":"https:\/\/www.esplac.cat\/?p=53697"},"modified":"2025-06-20T09:38:32","modified_gmt":"2025-06-20T07:38:32","slug":"que-extraiem-sisena-edicio-jornades-dissidents","status":"publish","type":"post","link":"https:\/\/www.esplac.cat\/en\/que-extraiem-sisena-edicio-jornades-dissidents\/","title":{"rendered":"Qu\u00e8 extraiem de la sisena edici\u00f3 de les Jornades Dissidents?"},"content":{"rendered":"<div class=\"fusion-fullwidth fullwidth-box fusion-builder-row-1 fusion-flex-container has-pattern-background has-mask-background nonhundred-percent-fullwidth non-hundred-percent-height-scrolling\" style=\"--awb-border-radius-top-left:0px;--awb-border-radius-top-right:0px;--awb-border-radius-bottom-right:0px;--awb-border-radius-bottom-left:0px;--awb-flex-wrap:wrap;\" ><div class=\"fusion-builder-row fusion-row fusion-flex-align-items-flex-start fusion-flex-content-wrap\" style=\"max-width:1248px;margin-left: calc(-4% \/ 2 );margin-right: calc(-4% \/ 2 );\"><div class=\"fusion-layout-column fusion_builder_column fusion-builder-column-0 fusion_builder_column_1_1 1_1 fusion-flex-column\" style=\"--awb-bg-size:cover;--awb-width-large:100%;--awb-margin-top-large:0px;--awb-spacing-right-large:1.92%;--awb-margin-bottom-large:20px;--awb-spacing-left-large:1.92%;--awb-width-medium:100%;--awb-order-medium:0;--awb-spacing-right-medium:1.92%;--awb-spacing-left-medium:1.92%;--awb-width-small:100%;--awb-order-small:0;--awb-spacing-right-small:1.92%;--awb-spacing-left-small:1.92%;\"><div class=\"fusion-column-wrapper fusion-column-has-shadow fusion-flex-justify-content-flex-start fusion-content-layout-column\"><div class=\"fusion-text fusion-text-1\"><p><strong>Sota el t\u00edtol \u2018Menys mites, m\u00e9s plaer! Vivim sexualitats i relacions m\u00e9s sanes\u2019, l\u2019objectiu de les jornades ha estat transversalitzar l\u2019educaci\u00f3 afectiva i sexual a les diferents etapes educatives de l\u2019esplai.<\/strong><\/p>\n<p>La sisena edici\u00f3 de les <strong>Jornades Dissidents<\/strong> organitzades per la <strong>comissi\u00f3 G\u00e8neres i Sexualitats Diverses i Dissidents<\/strong> (GSDD) es va celebrar el diumenge 30 de mar\u00e7 al Casal de Joves Autogestionat de Ciutat Vella (CJACV) de Barcelona. Sota el t\u00edtol <strong><em>Menys mites, m\u00e9s plaer! Vivim sexualitats i relacions m\u00e9s sanes<\/em><\/strong>, l\u2019objectiu de les jornades ha estat transversalitzar l\u2019educaci\u00f3 afectiva i sexual a les diferents etapes educatives de l\u2019esplai.<\/p>\n<p>No vas venir a les Jornades Dissidents, per\u00f2 t\u2019interessa saber de qu\u00e8 es va parlar? Vas venir i vols recursos per a treballar aquest tema amb infants i joves? Al banc de recursos trobar\u00e0s publicat un petit resum dels dos tallers que es van realitzar en aquestes jornades i de les principals conclusions que extraiem. <span style=\"color: #f69d0b;\"><a style=\"color: #f69d0b;\" href=\"https:\/\/bancrecursos.esplac.cat\/recurs\/68540828ef0e7b93972d76f4\" target=\"_blank\" rel=\"noopener\"><strong>Consulta&#8217;l aqu\u00ed!<\/strong><\/a><\/span><\/p>\n<p>GSDD \u00e9s una comissi\u00f3 d\u2019Esplac que pret\u00e9n fer de l\u2019associaci\u00f3, i dels esplais, un espai on aprofundir en la perspectiva de g\u00e8nere, la protecci\u00f3 i visibilitzaci\u00f3 del col\u00b7lectiu LGTBIQA+ i obrir la mirada cap a un feminisme interseccional.<\/p>\n<p>La seva intenci\u00f3 \u00e9s consolidar un discurs cr\u00edtic amb la socialitzaci\u00f3 diferencial i bin\u00e0ria del g\u00e8nere, organitzant espais de debat i formaci\u00f3 al voltant de la tem\u00e0tica, creant recursos pedag\u00f2gics i generant posicionaments al voltant de la diversitat sexual i de g\u00e8nere que procurin que l\u2019associaci\u00f3 sigui, dia rere dia, un espai m\u00e9s inclusiu i segur per a tothom, especialment per les persones dissidents.<\/p>\n<\/div><div style=\"text-align:center;\"><a class=\"fusion-button button-flat fusion-button-default-size button-default fusion-button-default button-1 fusion-button-default-span fusion-button-default-type\" target=\"_self\" href=\"https:\/\/bancrecursos.esplac.cat\/recurs\/68540828ef0e7b93972d76f4\"><span class=\"fusion-button-text\">Qu\u00e8 extraiem de les Jornades Dissidents 2025?<\/span><\/a><\/div><\/div><\/div><\/div><\/div>\n","protected":false},"excerpt":{"rendered":"","protected":false},"author":3,"featured_media":53699,"comment_status":"closed","ping_status":"closed","sticky":false,"template":"","format":"standard","meta":{"om_disable_all_campaigns":false,"_monsterinsights_skip_tracking":false,"_monsterinsights_sitenote_active":false,"_monsterinsights_sitenote_note":"","_monsterinsights_sitenote_category":0,"_uf_show_specific_survey":0,"_uf_disable_surveys":false,"footnotes":""},"categories":[1111,1160,1],"tags":[],"class_list":["post-53697","post","type-post","status-publish","format-standard","has-post-thumbnail","hentry","category-activitats-esplac","category-comissio-gsdd","category-sense-categoria"],"yoast_head":"<!-- This site is optimized with the Yoast SEO plugin v27.5 - https:\/\/yoast.com\/product\/yoast-seo-wordpress\/ -->\n<title>Qu\u00e8 extraiem de la sisena edici\u00f3 de les Jornades Dissidents? - Esplac<\/title>\n<meta name=\"description\" content=\"Sota el t\u00edtol \u2018Menys mites, m\u00e9s plaer! Vivim sexualitats i relacions m\u00e9s sanes\u2019, l\u2019objectiu de les jornades ha estat transversalitzar l\u2019educaci\u00f3 afectiva i sexual a les diferents etapes educatives de l\u2019esplai.\" \/>\n<meta name=\"robots\" content=\"index, follow, max-snippet:-1, max-image-preview:large, max-video-preview:-1\" \/>\n<link rel=\"canonical\" href=\"https:\/\/www.esplac.cat\/que-extraiem-sisena-edicio-jornades-dissidents\/\" \/>\n<meta property=\"og:locale\" content=\"en_US\" \/>\n<meta property=\"og:type\" content=\"article\" \/>\n<meta property=\"og:title\" content=\"Qu\u00e8 extraiem de la sisena edici\u00f3 de les Jornades Dissidents? - Esplac\" \/>\n<meta property=\"og:description\" content=\"Sota el t\u00edtol \u2018Menys mites, m\u00e9s plaer! Vivim sexualitats i relacions m\u00e9s sanes\u2019, l\u2019objectiu de les jornades ha estat transversalitzar l\u2019educaci\u00f3 afectiva i sexual a les diferents etapes educatives de l\u2019esplai.\" \/>\n<meta property=\"og:url\" content=\"https:\/\/www.esplac.cat\/que-extraiem-sisena-edicio-jornades-dissidents\/\" \/>\n<meta property=\"og:site_name\" content=\"Esplac\" \/>\n<meta property=\"article:published_time\" content=\"2025-06-20T07:38:32+00:00\" \/>\n<meta property=\"og:image\" content=\"https:\/\/www.esplac.cat\/wp-content\/uploads\/2025\/06\/Jornades-Dissidents.jpg\" \/>\n\t<meta property=\"og:image:width\" content=\"1697\" \/>\n\t<meta property=\"og:image:height\" content=\"700\" \/>\n\t<meta property=\"og:image:type\" content=\"image\/jpeg\" \/>\n<meta name=\"author\" content=\"Comunicaci\u00f3 Esplac\" \/>\n<meta name=\"twitter:card\" content=\"summary_large_image\" \/>\n<meta name=\"twitter:label1\" content=\"Written by\" \/>\n\t<meta name=\"twitter:data1\" content=\"Comunicaci\u00f3 Esplac\" \/>\n\t<meta name=\"twitter:label2\" content=\"Est. reading time\" \/>\n\t<meta name=\"twitter:data2\" content=\"2 minutes\" \/>\n<script type=\"application\/ld+json\" class=\"yoast-schema-graph\">{\"@context\":\"https:\\\/\\\/schema.org\",\"@graph\":[{\"@type\":\"Article\",\"@id\":\"https:\\\/\\\/www.esplac.cat\\\/que-extraiem-sisena-edicio-jornades-dissidents\\\/#article\",\"isPartOf\":{\"@id\":\"https:\\\/\\\/www.esplac.cat\\\/que-extraiem-sisena-edicio-jornades-dissidents\\\/\"},\"author\":{\"name\":\"Comunicaci\u00f3 Esplac\",\"@id\":\"https:\\\/\\\/www.esplac.cat\\\/#\\\/schema\\\/person\\\/908383cf240be18b68f8855d0583faca\"},\"headline\":\"Qu\u00e8 extraiem de la sisena edici\u00f3 de les Jornades Dissidents?\",\"datePublished\":\"2025-06-20T07:38:32+00:00\",\"mainEntityOfPage\":{\"@id\":\"https:\\\/\\\/www.esplac.cat\\\/que-extraiem-sisena-edicio-jornades-dissidents\\\/\"},\"wordCount\":1434,\"publisher\":{\"@id\":\"https:\\\/\\\/www.esplac.cat\\\/#organization\"},\"image\":{\"@id\":\"https:\\\/\\\/www.esplac.cat\\\/que-extraiem-sisena-edicio-jornades-dissidents\\\/#primaryimage\"},\"thumbnailUrl\":\"https:\\\/\\\/www.esplac.cat\\\/wp-content\\\/uploads\\\/2025\\\/06\\\/Jornades-Dissidents.jpg\",\"articleSection\":[\"Activitats esplac\",\"Comissi\u00f3 GSDD\",\"Sense categoria\"],\"inLanguage\":\"en-US\"},{\"@type\":\"WebPage\",\"@id\":\"https:\\\/\\\/www.esplac.cat\\\/que-extraiem-sisena-edicio-jornades-dissidents\\\/\",\"url\":\"https:\\\/\\\/www.esplac.cat\\\/que-extraiem-sisena-edicio-jornades-dissidents\\\/\",\"name\":\"Qu\u00e8 extraiem de la sisena edici\u00f3 de les Jornades Dissidents? - Esplac\",\"isPartOf\":{\"@id\":\"https:\\\/\\\/www.esplac.cat\\\/#website\"},\"primaryImageOfPage\":{\"@id\":\"https:\\\/\\\/www.esplac.cat\\\/que-extraiem-sisena-edicio-jornades-dissidents\\\/#primaryimage\"},\"image\":{\"@id\":\"https:\\\/\\\/www.esplac.cat\\\/que-extraiem-sisena-edicio-jornades-dissidents\\\/#primaryimage\"},\"thumbnailUrl\":\"https:\\\/\\\/www.esplac.cat\\\/wp-content\\\/uploads\\\/2025\\\/06\\\/Jornades-Dissidents.jpg\",\"datePublished\":\"2025-06-20T07:38:32+00:00\",\"description\":\"Sota el t\u00edtol \u2018Menys mites, m\u00e9s plaer! Vivim sexualitats i relacions m\u00e9s sanes\u2019, l\u2019objectiu de les jornades ha estat transversalitzar l\u2019educaci\u00f3 afectiva i sexual a les diferents etapes educatives de l\u2019esplai.\",\"breadcrumb\":{\"@id\":\"https:\\\/\\\/www.esplac.cat\\\/que-extraiem-sisena-edicio-jornades-dissidents\\\/#breadcrumb\"},\"inLanguage\":\"en-US\",\"potentialAction\":[{\"@type\":\"ReadAction\",\"target\":[\"https:\\\/\\\/www.esplac.cat\\\/que-extraiem-sisena-edicio-jornades-dissidents\\\/\"]}]},{\"@type\":\"ImageObject\",\"inLanguage\":\"en-US\",\"@id\":\"https:\\\/\\\/www.esplac.cat\\\/que-extraiem-sisena-edicio-jornades-dissidents\\\/#primaryimage\",\"url\":\"https:\\\/\\\/www.esplac.cat\\\/wp-content\\\/uploads\\\/2025\\\/06\\\/Jornades-Dissidents.jpg\",\"contentUrl\":\"https:\\\/\\\/www.esplac.cat\\\/wp-content\\\/uploads\\\/2025\\\/06\\\/Jornades-Dissidents.jpg\",\"width\":1697,\"height\":700,\"caption\":\"jornades\"},{\"@type\":\"BreadcrumbList\",\"@id\":\"https:\\\/\\\/www.esplac.cat\\\/que-extraiem-sisena-edicio-jornades-dissidents\\\/#breadcrumb\",\"itemListElement\":[{\"@type\":\"ListItem\",\"position\":1,\"name\":\"Inici\",\"item\":\"https:\\\/\\\/www.esplac.cat\\\/en\\\/\"},{\"@type\":\"ListItem\",\"position\":2,\"name\":\"Qu\u00e8 extraiem de la sisena edici\u00f3 de les Jornades Dissidents?\"}]},{\"@type\":\"WebSite\",\"@id\":\"https:\\\/\\\/www.esplac.cat\\\/#website\",\"url\":\"https:\\\/\\\/www.esplac.cat\\\/\",\"name\":\"Esplac\",\"description\":\"Esplais Catalans\",\"publisher\":{\"@id\":\"https:\\\/\\\/www.esplac.cat\\\/#organization\"},\"potentialAction\":[{\"@type\":\"SearchAction\",\"target\":{\"@type\":\"EntryPoint\",\"urlTemplate\":\"https:\\\/\\\/www.esplac.cat\\\/?s={search_term_string}\"},\"query-input\":{\"@type\":\"PropertyValueSpecification\",\"valueRequired\":true,\"valueName\":\"search_term_string\"}}],\"inLanguage\":\"en-US\"},{\"@type\":\"Organization\",\"@id\":\"https:\\\/\\\/www.esplac.cat\\\/#organization\",\"name\":\"Esplac\",\"url\":\"https:\\\/\\\/www.esplac.cat\\\/\",\"logo\":{\"@type\":\"ImageObject\",\"inLanguage\":\"en-US\",\"@id\":\"https:\\\/\\\/www.esplac.cat\\\/#\\\/schema\\\/logo\\\/image\\\/\",\"url\":\"https:\\\/\\\/www.esplac.cat\\\/wp-content\\\/uploads\\\/2019\\\/08\\\/logox2.png\",\"contentUrl\":\"https:\\\/\\\/www.esplac.cat\\\/wp-content\\\/uploads\\\/2019\\\/08\\\/logox2.png\",\"width\":600,\"height\":295,\"caption\":\"Esplac\"},\"image\":{\"@id\":\"https:\\\/\\\/www.esplac.cat\\\/#\\\/schema\\\/logo\\\/image\\\/\"}},{\"@type\":\"Person\",\"@id\":\"https:\\\/\\\/www.esplac.cat\\\/#\\\/schema\\\/person\\\/908383cf240be18b68f8855d0583faca\",\"name\":\"Comunicaci\u00f3 Esplac\",\"image\":{\"@type\":\"ImageObject\",\"inLanguage\":\"en-US\",\"@id\":\"https:\\\/\\\/secure.gravatar.com\\\/avatar\\\/7a4cf8feb412a76ea4a740ca02d95b06b2907b5a6c648c2dd0a1082a093c3141?s=96&d=mm&r=g\",\"url\":\"https:\\\/\\\/secure.gravatar.com\\\/avatar\\\/7a4cf8feb412a76ea4a740ca02d95b06b2907b5a6c648c2dd0a1082a093c3141?s=96&d=mm&r=g\",\"contentUrl\":\"https:\\\/\\\/secure.gravatar.com\\\/avatar\\\/7a4cf8feb412a76ea4a740ca02d95b06b2907b5a6c648c2dd0a1082a093c3141?s=96&d=mm&r=g\",\"caption\":\"Comunicaci\u00f3 Esplac\"}}]}<\/script>\n<!-- \/ Yoast SEO plugin. -->","yoast_head_json":{"title":"Qu\u00e8 extraiem de la sisena edici\u00f3 de les Jornades Dissidents? - Esplac","description":"Sota el t\u00edtol \u2018Menys mites, m\u00e9s plaer! Vivim sexualitats i relacions m\u00e9s sanes\u2019, l\u2019objectiu de les jornades ha estat transversalitzar l\u2019educaci\u00f3 afectiva i sexual a les diferents etapes educatives de l\u2019esplai.","robots":{"index":"index","follow":"follow","max-snippet":"max-snippet:-1","max-image-preview":"max-image-preview:large","max-video-preview":"max-video-preview:-1"},"canonical":"https:\/\/www.esplac.cat\/que-extraiem-sisena-edicio-jornades-dissidents\/","og_locale":"en_US","og_type":"article","og_title":"Qu\u00e8 extraiem de la sisena edici\u00f3 de les Jornades Dissidents? - Esplac","og_description":"Sota el t\u00edtol \u2018Menys mites, m\u00e9s plaer! Vivim sexualitats i relacions m\u00e9s sanes\u2019, l\u2019objectiu de les jornades ha estat transversalitzar l\u2019educaci\u00f3 afectiva i sexual a les diferents etapes educatives de l\u2019esplai.","og_url":"https:\/\/www.esplac.cat\/que-extraiem-sisena-edicio-jornades-dissidents\/","og_site_name":"Esplac","article_published_time":"2025-06-20T07:38:32+00:00","og_image":[{"width":1697,"height":700,"url":"https:\/\/www.esplac.cat\/wp-content\/uploads\/2025\/06\/Jornades-Dissidents.jpg","type":"image\/jpeg"}],"author":"Comunicaci\u00f3 Esplac","twitter_card":"summary_large_image","twitter_misc":{"Written by":"Comunicaci\u00f3 Esplac","Est. reading time":"2 minutes"},"schema":{"@context":"https:\/\/schema.org","@graph":[{"@type":"Article","@id":"https:\/\/www.esplac.cat\/que-extraiem-sisena-edicio-jornades-dissidents\/#article","isPartOf":{"@id":"https:\/\/www.esplac.cat\/que-extraiem-sisena-edicio-jornades-dissidents\/"},"author":{"name":"Comunicaci\u00f3 Esplac","@id":"https:\/\/www.esplac.cat\/#\/schema\/person\/908383cf240be18b68f8855d0583faca"},"headline":"Qu\u00e8 extraiem de la sisena edici\u00f3 de les Jornades Dissidents?","datePublished":"2025-06-20T07:38:32+00:00","mainEntityOfPage":{"@id":"https:\/\/www.esplac.cat\/que-extraiem-sisena-edicio-jornades-dissidents\/"},"wordCount":1434,"publisher":{"@id":"https:\/\/www.esplac.cat\/#organization"},"image":{"@id":"https:\/\/www.esplac.cat\/que-extraiem-sisena-edicio-jornades-dissidents\/#primaryimage"},"thumbnailUrl":"https:\/\/www.esplac.cat\/wp-content\/uploads\/2025\/06\/Jornades-Dissidents.jpg","articleSection":["Activitats esplac","Comissi\u00f3 GSDD","Sense categoria"],"inLanguage":"en-US"},{"@type":"WebPage","@id":"https:\/\/www.esplac.cat\/que-extraiem-sisena-edicio-jornades-dissidents\/","url":"https:\/\/www.esplac.cat\/que-extraiem-sisena-edicio-jornades-dissidents\/","name":"Qu\u00e8 extraiem de la sisena edici\u00f3 de les Jornades Dissidents? - Esplac","isPartOf":{"@id":"https:\/\/www.esplac.cat\/#website"},"primaryImageOfPage":{"@id":"https:\/\/www.esplac.cat\/que-extraiem-sisena-edicio-jornades-dissidents\/#primaryimage"},"image":{"@id":"https:\/\/www.esplac.cat\/que-extraiem-sisena-edicio-jornades-dissidents\/#primaryimage"},"thumbnailUrl":"https:\/\/www.esplac.cat\/wp-content\/uploads\/2025\/06\/Jornades-Dissidents.jpg","datePublished":"2025-06-20T07:38:32+00:00","description":"Sota el t\u00edtol \u2018Menys mites, m\u00e9s plaer! Vivim sexualitats i relacions m\u00e9s sanes\u2019, l\u2019objectiu de les jornades ha estat transversalitzar l\u2019educaci\u00f3 afectiva i sexual a les diferents etapes educatives de l\u2019esplai.","breadcrumb":{"@id":"https:\/\/www.esplac.cat\/que-extraiem-sisena-edicio-jornades-dissidents\/#breadcrumb"},"inLanguage":"en-US","potentialAction":[{"@type":"ReadAction","target":["https:\/\/www.esplac.cat\/que-extraiem-sisena-edicio-jornades-dissidents\/"]}]},{"@type":"ImageObject","inLanguage":"en-US","@id":"https:\/\/www.esplac.cat\/que-extraiem-sisena-edicio-jornades-dissidents\/#primaryimage","url":"https:\/\/www.esplac.cat\/wp-content\/uploads\/2025\/06\/Jornades-Dissidents.jpg","contentUrl":"https:\/\/www.esplac.cat\/wp-content\/uploads\/2025\/06\/Jornades-Dissidents.jpg","width":1697,"height":700,"caption":"jornades"},{"@type":"BreadcrumbList","@id":"https:\/\/www.esplac.cat\/que-extraiem-sisena-edicio-jornades-dissidents\/#breadcrumb","itemListElement":[{"@type":"ListItem","position":1,"name":"Inici","item":"https:\/\/www.esplac.cat\/en\/"},{"@type":"ListItem","position":2,"name":"Qu\u00e8 extraiem de la sisena edici\u00f3 de les Jornades Dissidents?"}]},{"@type":"WebSite","@id":"https:\/\/www.esplac.cat\/#website","url":"https:\/\/www.esplac.cat\/","name":"Esplac","description":"Esplais Catalans","publisher":{"@id":"https:\/\/www.esplac.cat\/#organization"},"potentialAction":[{"@type":"SearchAction","target":{"@type":"EntryPoint","urlTemplate":"https:\/\/www.esplac.cat\/?s={search_term_string}"},"query-input":{"@type":"PropertyValueSpecification","valueRequired":true,"valueName":"search_term_string"}}],"inLanguage":"en-US"},{"@type":"Organization","@id":"https:\/\/www.esplac.cat\/#organization","name":"Esplac","url":"https:\/\/www.esplac.cat\/","logo":{"@type":"ImageObject","inLanguage":"en-US","@id":"https:\/\/www.esplac.cat\/#\/schema\/logo\/image\/","url":"https:\/\/www.esplac.cat\/wp-content\/uploads\/2019\/08\/logox2.png","contentUrl":"https:\/\/www.esplac.cat\/wp-content\/uploads\/2019\/08\/logox2.png","width":600,"height":295,"caption":"Esplac"},"image":{"@id":"https:\/\/www.esplac.cat\/#\/schema\/logo\/image\/"}},{"@type":"Person","@id":"https:\/\/www.esplac.cat\/#\/schema\/person\/908383cf240be18b68f8855d0583faca","name":"Comunicaci\u00f3 Esplac","image":{"@type":"ImageObject","inLanguage":"en-US","@id":"https:\/\/secure.gravatar.com\/avatar\/7a4cf8feb412a76ea4a740ca02d95b06b2907b5a6c648c2dd0a1082a093c3141?s=96&d=mm&r=g","url":"https:\/\/secure.gravatar.com\/avatar\/7a4cf8feb412a76ea4a740ca02d95b06b2907b5a6c648c2dd0a1082a093c3141?s=96&d=mm&r=g","contentUrl":"https:\/\/secure.gravatar.com\/avatar\/7a4cf8feb412a76ea4a740ca02d95b06b2907b5a6c648c2dd0a1082a093c3141?s=96&d=mm&r=g","caption":"Comunicaci\u00f3 Esplac"}}]}},"_links":{"self":[{"href":"https:\/\/www.esplac.cat\/en\/wp-json\/wp\/v2\/posts\/53697","targetHints":{"allow":["GET"]}}],"collection":[{"href":"https:\/\/www.esplac.cat\/en\/wp-json\/wp\/v2\/posts"}],"about":[{"href":"https:\/\/www.esplac.cat\/en\/wp-json\/wp\/v2\/types\/post"}],"author":[{"embeddable":true,"href":"https:\/\/www.esplac.cat\/en\/wp-json\/wp\/v2\/users\/3"}],"replies":[{"embeddable":true,"href":"https:\/\/www.esplac.cat\/en\/wp-json\/wp\/v2\/comments?post=53697"}],"version-history":[{"count":2,"href":"https:\/\/www.esplac.cat\/en\/wp-json\/wp\/v2\/posts\/53697\/revisions"}],"predecessor-version":[{"id":53702,"href":"https:\/\/www.esplac.cat\/en\/wp-json\/wp\/v2\/posts\/53697\/revisions\/53702"}],"wp:featuredmedia":[{"embeddable":true,"href":"https:\/\/www.esplac.cat\/en\/wp-json\/wp\/v2\/media\/53699"}],"wp:attachment":[{"href":"https:\/\/www.esplac.cat\/en\/wp-json\/wp\/v2\/media?parent=53697"}],"wp:term":[{"taxonomy":"category","embeddable":true,"href":"https:\/\/www.esplac.cat\/en\/wp-json\/wp\/v2\/categories?post=53697"},{"taxonomy":"post_tag","embeddable":true,"href":"https:\/\/www.esplac.cat\/en\/wp-json\/wp\/v2\/tags?post=53697"}],"curies":[{"name":"wp","href":"https:\/\/api.w.org\/{rel}","templated":true}]}}