{"id":53767,"date":"2025-06-16T09:13:53","date_gmt":"2025-06-16T07:13:53","guid":{"rendered":"https:\/\/www.esplac.cat\/?p=53767"},"modified":"2025-07-15T09:14:32","modified_gmt":"2025-07-15T07:14:32","slug":"gran-comite-acaba-curs-2024-25-tancada-badalona","status":"publish","type":"post","link":"https:\/\/www.esplac.cat\/en\/gran-comite-acaba-curs-2024-25-tancada-badalona\/","title":{"rendered":"El Gran Comit\u00e8 acaba el curs 2024-25 amb una tancada a Badalona"},"content":{"rendered":"<div class=\"fusion-fullwidth fullwidth-box fusion-builder-row-1 fusion-flex-container has-pattern-background has-mask-background nonhundred-percent-fullwidth non-hundred-percent-height-scrolling\" style=\"--awb-border-radius-top-left:0px;--awb-border-radius-top-right:0px;--awb-border-radius-bottom-right:0px;--awb-border-radius-bottom-left:0px;--awb-flex-wrap:wrap;\" ><div class=\"fusion-builder-row fusion-row fusion-flex-align-items-flex-start fusion-flex-content-wrap\" style=\"max-width:1248px;margin-left: calc(-4% \/ 2 );margin-right: calc(-4% \/ 2 );\"><div class=\"fusion-layout-column fusion_builder_column fusion-builder-column-0 fusion_builder_column_1_1 1_1 fusion-flex-column\" style=\"--awb-bg-size:cover;--awb-width-large:100%;--awb-margin-top-large:0px;--awb-spacing-right-large:1.92%;--awb-margin-bottom-large:20px;--awb-spacing-left-large:1.92%;--awb-width-medium:100%;--awb-order-medium:0;--awb-spacing-right-medium:1.92%;--awb-spacing-left-medium:1.92%;--awb-width-small:100%;--awb-order-small:0;--awb-spacing-right-small:1.92%;--awb-spacing-left-small:1.92%;\"><div class=\"fusion-column-wrapper fusion-column-has-shadow fusion-flex-justify-content-flex-start fusion-content-layout-column\"><div class=\"fusion-text fusion-text-1\"><h6><strong>Dirigents d\u2019Esplais Catalans s\u2019han reunit durant el cap de setmana del 14 i 15 de juny en l\u2019\u00faltima tancada del Gran Comit\u00e8 del curs.<\/strong><\/h6>\n<p>Aquest cap de setmana s\u2019ha celebrat a la masia de Can Canyad\u00f3, a Badalona, l\u2019<strong>\u00faltima tancada del Gran Comit\u00e8 del curs 2024-25<\/strong>. Aquestes tancades, on es reuneixen tots els agents implicats a Esplac, s\u2019aborden les l\u00ednies pol\u00edtiques i t\u00e8cniques de l\u2019entitat. En aquesta ocasi\u00f3, va ser el moment per a fer valoraci\u00f3 del curs en general, aix\u00ed com treballar en l\u2019execuci\u00f3 del <span style=\"color: #f69d0b;\"><a style=\"color: #f69d0b;\" href=\"https:\/\/www.esplac.cat\/pla-estrategic-2024-2027\/\" target=\"_blank\" rel=\"noopener\"><strong>Pla Estrat\u00e8gic<\/strong><\/a> <\/span>i definir els projectes que es duran a terme durant el pr\u00f2xim curs. Tamb\u00e9 es va generar un espai per valorar l&#8217;<a href=\"https:\/\/www.esplac.cat\/trobades\/esplaiada\/\" target=\"_blank\" rel=\"noopener\"><strong><span style=\"color: #f69d0b;\">Esplaiada 2025<\/span><\/strong><\/a> i fer el tancament d&#8217;una de les activitats m\u00e9s importants per l&#8217;entitat. Podem dir que hem tancat un any molt important per l\u2019entitat, en el qual ens hem posicionat clarament contra els discursos d\u2019odi i hem treballat per fer-hi front a trav\u00e9s de l\u2019educaci\u00f3.<\/p>\n<p>Tamb\u00e9 hem comen\u00e7at a treballar en el proper curs, que ser\u00e0 un any centrat en la pedagogia, posant de manifest per qu\u00e8 fem de monitores i monitors i quin sentit t\u00e9 la nostra tasca en el context actual. Ho treballarem a l\u2019Escola d\u2019Esplac, inspirant-nos en experi\u00e8ncies diverses d\u2019educaci\u00f3 popular i, a la Monifesta\u2019t ho posarem en pr\u00e0ctica, aterrant aquests continguts al dia a dia dels esplais.<\/p>\n<h4><strong>Qui \u00e9s qui al Gran Comit\u00e8?<\/strong><\/h4>\n<blockquote>\n<p>L\u2019<strong>Equip de Coordinaci\u00f3 (Equico)<\/strong> s\u00f3n les persones volunt\u00e0ries que lideren l\u2019associaci\u00f3 i que s\u00f3n escollides a l\u2019Assemblea General Ordin\u00e0ria per un mandat de 2 anys.<\/p>\n<p>Els <strong>Equips Generals dels Sectors (EGS)<\/strong> s\u00f3n les persones que coordinen l\u2019acci\u00f3 dels sectors geogr\u00e0fics amb unes funcions semblants a l\u2019Equip de Coordinaci\u00f3 per\u00f2 en l\u2019\u00e0mbit del Sector Geogr\u00e0fic.<\/p>\n<p>Les <strong>Representants de les Comissions (RdC)<\/strong> s\u00f3n les persones que representen cada comissi\u00f3 i que aporten una visi\u00f3 especialitzada i transversal en les decisions que es prenen a l\u2019entitat.<\/p>\n<p>La <strong>Coordinaci\u00f3 T\u00e8cnica (CT)<\/strong> s\u00f3n la representaci\u00f3 de les treballadores que realitzen la tasca quotidiana d\u2019Esplais Catalans.<\/p>\n<\/blockquote>\n<\/div><\/div><\/div><\/div><\/div>\n","protected":false},"excerpt":{"rendered":"","protected":false},"author":3,"featured_media":53769,"comment_status":"closed","ping_status":"closed","sticky":false,"template":"","format":"standard","meta":{"om_disable_all_campaigns":false,"_monsterinsights_skip_tracking":false,"_monsterinsights_sitenote_active":false,"_monsterinsights_sitenote_note":"","_monsterinsights_sitenote_category":0,"_uf_show_specific_survey":0,"_uf_disable_surveys":false,"footnotes":""},"categories":[1111,1339,1328,1],"tags":[],"class_list":["post-53767","post","type-post","status-publish","format-standard","has-post-thumbnail","hentry","category-activitats-esplac","category-equip-de-coordinacio","category-participacio","category-sense-categoria"],"yoast_head":"<!-- This site is optimized with the Yoast SEO plugin v27.5 - https:\/\/yoast.com\/product\/yoast-seo-wordpress\/ -->\n<title>El Gran Comit\u00e8 acaba el curs amb una tancada a Badalona!<\/title>\n<meta name=\"description\" content=\"Dirigents d\u2019Esplais Catalans s\u2019han reunit durant el cap de setmana del 14 i 15 de juny en l\u2019\u00faltima tancada del Gran Comit\u00e8 del curs.\" \/>\n<meta name=\"robots\" content=\"index, follow, max-snippet:-1, max-image-preview:large, max-video-preview:-1\" \/>\n<link rel=\"canonical\" href=\"https:\/\/www.esplac.cat\/gran-comite-acaba-curs-2024-25-tancada-badalona\/\" \/>\n<meta property=\"og:locale\" content=\"en_US\" \/>\n<meta property=\"og:type\" content=\"article\" \/>\n<meta property=\"og:title\" content=\"El Gran Comit\u00e8 acaba el curs amb una tancada a Badalona!\" \/>\n<meta property=\"og:description\" content=\"Dirigents d\u2019Esplais Catalans s\u2019han reunit durant el cap de setmana del 14 i 15 de juny en l\u2019\u00faltima tancada del Gran Comit\u00e8 del curs.\" \/>\n<meta property=\"og:url\" content=\"https:\/\/www.esplac.cat\/gran-comite-acaba-curs-2024-25-tancada-badalona\/\" \/>\n<meta property=\"og:site_name\" content=\"Esplac\" \/>\n<meta property=\"article:published_time\" content=\"2025-06-16T07:13:53+00:00\" \/>\n<meta property=\"article:modified_time\" content=\"2025-07-15T07:14:32+00:00\" \/>\n<meta property=\"og:image\" content=\"https:\/\/www.esplac.cat\/wp-content\/uploads\/2025\/07\/Tancada_Gran_Comite.jpg\" \/>\n\t<meta property=\"og:image:width\" content=\"1697\" \/>\n\t<meta property=\"og:image:height\" content=\"700\" \/>\n\t<meta property=\"og:image:type\" content=\"image\/jpeg\" \/>\n<meta name=\"author\" content=\"Comunicaci\u00f3 Esplac\" \/>\n<meta name=\"twitter:card\" content=\"summary_large_image\" \/>\n<meta name=\"twitter:label1\" content=\"Written by\" \/>\n\t<meta name=\"twitter:data1\" content=\"Comunicaci\u00f3 Esplac\" \/>\n\t<meta name=\"twitter:label2\" content=\"Est. reading time\" \/>\n\t<meta name=\"twitter:data2\" content=\"2 minutes\" \/>\n<script type=\"application\/ld+json\" class=\"yoast-schema-graph\">{\"@context\":\"https:\\\/\\\/schema.org\",\"@graph\":[{\"@type\":\"Article\",\"@id\":\"https:\\\/\\\/www.esplac.cat\\\/gran-comite-acaba-curs-2024-25-tancada-badalona\\\/#article\",\"isPartOf\":{\"@id\":\"https:\\\/\\\/www.esplac.cat\\\/gran-comite-acaba-curs-2024-25-tancada-badalona\\\/\"},\"author\":{\"name\":\"Comunicaci\u00f3 Esplac\",\"@id\":\"https:\\\/\\\/www.esplac.cat\\\/#\\\/schema\\\/person\\\/908383cf240be18b68f8855d0583faca\"},\"headline\":\"El Gran Comit\u00e8 acaba el curs 2024-25 amb una tancada a Badalona\",\"datePublished\":\"2025-06-16T07:13:53+00:00\",\"dateModified\":\"2025-07-15T07:14:32+00:00\",\"mainEntityOfPage\":{\"@id\":\"https:\\\/\\\/www.esplac.cat\\\/gran-comite-acaba-curs-2024-25-tancada-badalona\\\/\"},\"wordCount\":1338,\"publisher\":{\"@id\":\"https:\\\/\\\/www.esplac.cat\\\/#organization\"},\"image\":{\"@id\":\"https:\\\/\\\/www.esplac.cat\\\/gran-comite-acaba-curs-2024-25-tancada-badalona\\\/#primaryimage\"},\"thumbnailUrl\":\"https:\\\/\\\/www.esplac.cat\\\/wp-content\\\/uploads\\\/2025\\\/07\\\/Tancada_Gran_Comite.jpg\",\"articleSection\":[\"Activitats esplac\",\"Equip de Coordinaci\u00f3\",\"Participaci\u00f3\",\"Sense categoria\"],\"inLanguage\":\"en-US\"},{\"@type\":\"WebPage\",\"@id\":\"https:\\\/\\\/www.esplac.cat\\\/gran-comite-acaba-curs-2024-25-tancada-badalona\\\/\",\"url\":\"https:\\\/\\\/www.esplac.cat\\\/gran-comite-acaba-curs-2024-25-tancada-badalona\\\/\",\"name\":\"El Gran Comit\u00e8 acaba el curs amb una tancada a Badalona!\",\"isPartOf\":{\"@id\":\"https:\\\/\\\/www.esplac.cat\\\/#website\"},\"primaryImageOfPage\":{\"@id\":\"https:\\\/\\\/www.esplac.cat\\\/gran-comite-acaba-curs-2024-25-tancada-badalona\\\/#primaryimage\"},\"image\":{\"@id\":\"https:\\\/\\\/www.esplac.cat\\\/gran-comite-acaba-curs-2024-25-tancada-badalona\\\/#primaryimage\"},\"thumbnailUrl\":\"https:\\\/\\\/www.esplac.cat\\\/wp-content\\\/uploads\\\/2025\\\/07\\\/Tancada_Gran_Comite.jpg\",\"datePublished\":\"2025-06-16T07:13:53+00:00\",\"dateModified\":\"2025-07-15T07:14:32+00:00\",\"description\":\"Dirigents d\u2019Esplais Catalans s\u2019han reunit durant el cap de setmana del 14 i 15 de juny en l\u2019\u00faltima tancada del Gran Comit\u00e8 del curs.\",\"breadcrumb\":{\"@id\":\"https:\\\/\\\/www.esplac.cat\\\/gran-comite-acaba-curs-2024-25-tancada-badalona\\\/#breadcrumb\"},\"inLanguage\":\"en-US\",\"potentialAction\":[{\"@type\":\"ReadAction\",\"target\":[\"https:\\\/\\\/www.esplac.cat\\\/gran-comite-acaba-curs-2024-25-tancada-badalona\\\/\"]}]},{\"@type\":\"ImageObject\",\"inLanguage\":\"en-US\",\"@id\":\"https:\\\/\\\/www.esplac.cat\\\/gran-comite-acaba-curs-2024-25-tancada-badalona\\\/#primaryimage\",\"url\":\"https:\\\/\\\/www.esplac.cat\\\/wp-content\\\/uploads\\\/2025\\\/07\\\/Tancada_Gran_Comite.jpg\",\"contentUrl\":\"https:\\\/\\\/www.esplac.cat\\\/wp-content\\\/uploads\\\/2025\\\/07\\\/Tancada_Gran_Comite.jpg\",\"width\":1697,\"height\":700,\"caption\":\"Gran Comit\u00e8\"},{\"@type\":\"BreadcrumbList\",\"@id\":\"https:\\\/\\\/www.esplac.cat\\\/gran-comite-acaba-curs-2024-25-tancada-badalona\\\/#breadcrumb\",\"itemListElement\":[{\"@type\":\"ListItem\",\"position\":1,\"name\":\"Inici\",\"item\":\"https:\\\/\\\/www.esplac.cat\\\/en\\\/\"},{\"@type\":\"ListItem\",\"position\":2,\"name\":\"El Gran Comit\u00e8 acaba el curs 2024-25 amb una tancada a Badalona\"}]},{\"@type\":\"WebSite\",\"@id\":\"https:\\\/\\\/www.esplac.cat\\\/#website\",\"url\":\"https:\\\/\\\/www.esplac.cat\\\/\",\"name\":\"Esplac\",\"description\":\"Esplais Catalans\",\"publisher\":{\"@id\":\"https:\\\/\\\/www.esplac.cat\\\/#organization\"},\"potentialAction\":[{\"@type\":\"SearchAction\",\"target\":{\"@type\":\"EntryPoint\",\"urlTemplate\":\"https:\\\/\\\/www.esplac.cat\\\/?s={search_term_string}\"},\"query-input\":{\"@type\":\"PropertyValueSpecification\",\"valueRequired\":true,\"valueName\":\"search_term_string\"}}],\"inLanguage\":\"en-US\"},{\"@type\":\"Organization\",\"@id\":\"https:\\\/\\\/www.esplac.cat\\\/#organization\",\"name\":\"Esplac\",\"url\":\"https:\\\/\\\/www.esplac.cat\\\/\",\"logo\":{\"@type\":\"ImageObject\",\"inLanguage\":\"en-US\",\"@id\":\"https:\\\/\\\/www.esplac.cat\\\/#\\\/schema\\\/logo\\\/image\\\/\",\"url\":\"https:\\\/\\\/www.esplac.cat\\\/wp-content\\\/uploads\\\/2019\\\/08\\\/logox2.png\",\"contentUrl\":\"https:\\\/\\\/www.esplac.cat\\\/wp-content\\\/uploads\\\/2019\\\/08\\\/logox2.png\",\"width\":600,\"height\":295,\"caption\":\"Esplac\"},\"image\":{\"@id\":\"https:\\\/\\\/www.esplac.cat\\\/#\\\/schema\\\/logo\\\/image\\\/\"}},{\"@type\":\"Person\",\"@id\":\"https:\\\/\\\/www.esplac.cat\\\/#\\\/schema\\\/person\\\/908383cf240be18b68f8855d0583faca\",\"name\":\"Comunicaci\u00f3 Esplac\",\"image\":{\"@type\":\"ImageObject\",\"inLanguage\":\"en-US\",\"@id\":\"https:\\\/\\\/secure.gravatar.com\\\/avatar\\\/7a4cf8feb412a76ea4a740ca02d95b06b2907b5a6c648c2dd0a1082a093c3141?s=96&d=mm&r=g\",\"url\":\"https:\\\/\\\/secure.gravatar.com\\\/avatar\\\/7a4cf8feb412a76ea4a740ca02d95b06b2907b5a6c648c2dd0a1082a093c3141?s=96&d=mm&r=g\",\"contentUrl\":\"https:\\\/\\\/secure.gravatar.com\\\/avatar\\\/7a4cf8feb412a76ea4a740ca02d95b06b2907b5a6c648c2dd0a1082a093c3141?s=96&d=mm&r=g\",\"caption\":\"Comunicaci\u00f3 Esplac\"}}]}<\/script>\n<!-- \/ Yoast SEO plugin. -->","yoast_head_json":{"title":"El Gran Comit\u00e8 acaba el curs amb una tancada a Badalona!","description":"Dirigents d\u2019Esplais Catalans s\u2019han reunit durant el cap de setmana del 14 i 15 de juny en l\u2019\u00faltima tancada del Gran Comit\u00e8 del curs.","robots":{"index":"index","follow":"follow","max-snippet":"max-snippet:-1","max-image-preview":"max-image-preview:large","max-video-preview":"max-video-preview:-1"},"canonical":"https:\/\/www.esplac.cat\/gran-comite-acaba-curs-2024-25-tancada-badalona\/","og_locale":"en_US","og_type":"article","og_title":"El Gran Comit\u00e8 acaba el curs amb una tancada a Badalona!","og_description":"Dirigents d\u2019Esplais Catalans s\u2019han reunit durant el cap de setmana del 14 i 15 de juny en l\u2019\u00faltima tancada del Gran Comit\u00e8 del curs.","og_url":"https:\/\/www.esplac.cat\/gran-comite-acaba-curs-2024-25-tancada-badalona\/","og_site_name":"Esplac","article_published_time":"2025-06-16T07:13:53+00:00","article_modified_time":"2025-07-15T07:14:32+00:00","og_image":[{"width":1697,"height":700,"url":"https:\/\/www.esplac.cat\/wp-content\/uploads\/2025\/07\/Tancada_Gran_Comite.jpg","type":"image\/jpeg"}],"author":"Comunicaci\u00f3 Esplac","twitter_card":"summary_large_image","twitter_misc":{"Written by":"Comunicaci\u00f3 Esplac","Est. reading time":"2 minutes"},"schema":{"@context":"https:\/\/schema.org","@graph":[{"@type":"Article","@id":"https:\/\/www.esplac.cat\/gran-comite-acaba-curs-2024-25-tancada-badalona\/#article","isPartOf":{"@id":"https:\/\/www.esplac.cat\/gran-comite-acaba-curs-2024-25-tancada-badalona\/"},"author":{"name":"Comunicaci\u00f3 Esplac","@id":"https:\/\/www.esplac.cat\/#\/schema\/person\/908383cf240be18b68f8855d0583faca"},"headline":"El Gran Comit\u00e8 acaba el curs 2024-25 amb una tancada a Badalona","datePublished":"2025-06-16T07:13:53+00:00","dateModified":"2025-07-15T07:14:32+00:00","mainEntityOfPage":{"@id":"https:\/\/www.esplac.cat\/gran-comite-acaba-curs-2024-25-tancada-badalona\/"},"wordCount":1338,"publisher":{"@id":"https:\/\/www.esplac.cat\/#organization"},"image":{"@id":"https:\/\/www.esplac.cat\/gran-comite-acaba-curs-2024-25-tancada-badalona\/#primaryimage"},"thumbnailUrl":"https:\/\/www.esplac.cat\/wp-content\/uploads\/2025\/07\/Tancada_Gran_Comite.jpg","articleSection":["Activitats esplac","Equip de Coordinaci\u00f3","Participaci\u00f3","Sense categoria"],"inLanguage":"en-US"},{"@type":"WebPage","@id":"https:\/\/www.esplac.cat\/gran-comite-acaba-curs-2024-25-tancada-badalona\/","url":"https:\/\/www.esplac.cat\/gran-comite-acaba-curs-2024-25-tancada-badalona\/","name":"El Gran Comit\u00e8 acaba el curs amb una tancada a Badalona!","isPartOf":{"@id":"https:\/\/www.esplac.cat\/#website"},"primaryImageOfPage":{"@id":"https:\/\/www.esplac.cat\/gran-comite-acaba-curs-2024-25-tancada-badalona\/#primaryimage"},"image":{"@id":"https:\/\/www.esplac.cat\/gran-comite-acaba-curs-2024-25-tancada-badalona\/#primaryimage"},"thumbnailUrl":"https:\/\/www.esplac.cat\/wp-content\/uploads\/2025\/07\/Tancada_Gran_Comite.jpg","datePublished":"2025-06-16T07:13:53+00:00","dateModified":"2025-07-15T07:14:32+00:00","description":"Dirigents d\u2019Esplais Catalans s\u2019han reunit durant el cap de setmana del 14 i 15 de juny en l\u2019\u00faltima tancada del Gran Comit\u00e8 del curs.","breadcrumb":{"@id":"https:\/\/www.esplac.cat\/gran-comite-acaba-curs-2024-25-tancada-badalona\/#breadcrumb"},"inLanguage":"en-US","potentialAction":[{"@type":"ReadAction","target":["https:\/\/www.esplac.cat\/gran-comite-acaba-curs-2024-25-tancada-badalona\/"]}]},{"@type":"ImageObject","inLanguage":"en-US","@id":"https:\/\/www.esplac.cat\/gran-comite-acaba-curs-2024-25-tancada-badalona\/#primaryimage","url":"https:\/\/www.esplac.cat\/wp-content\/uploads\/2025\/07\/Tancada_Gran_Comite.jpg","contentUrl":"https:\/\/www.esplac.cat\/wp-content\/uploads\/2025\/07\/Tancada_Gran_Comite.jpg","width":1697,"height":700,"caption":"Gran Comit\u00e8"},{"@type":"BreadcrumbList","@id":"https:\/\/www.esplac.cat\/gran-comite-acaba-curs-2024-25-tancada-badalona\/#breadcrumb","itemListElement":[{"@type":"ListItem","position":1,"name":"Inici","item":"https:\/\/www.esplac.cat\/en\/"},{"@type":"ListItem","position":2,"name":"El Gran Comit\u00e8 acaba el curs 2024-25 amb una tancada a Badalona"}]},{"@type":"WebSite","@id":"https:\/\/www.esplac.cat\/#website","url":"https:\/\/www.esplac.cat\/","name":"Esplac","description":"Esplais Catalans","publisher":{"@id":"https:\/\/www.esplac.cat\/#organization"},"potentialAction":[{"@type":"SearchAction","target":{"@type":"EntryPoint","urlTemplate":"https:\/\/www.esplac.cat\/?s={search_term_string}"},"query-input":{"@type":"PropertyValueSpecification","valueRequired":true,"valueName":"search_term_string"}}],"inLanguage":"en-US"},{"@type":"Organization","@id":"https:\/\/www.esplac.cat\/#organization","name":"Esplac","url":"https:\/\/www.esplac.cat\/","logo":{"@type":"ImageObject","inLanguage":"en-US","@id":"https:\/\/www.esplac.cat\/#\/schema\/logo\/image\/","url":"https:\/\/www.esplac.cat\/wp-content\/uploads\/2019\/08\/logox2.png","contentUrl":"https:\/\/www.esplac.cat\/wp-content\/uploads\/2019\/08\/logox2.png","width":600,"height":295,"caption":"Esplac"},"image":{"@id":"https:\/\/www.esplac.cat\/#\/schema\/logo\/image\/"}},{"@type":"Person","@id":"https:\/\/www.esplac.cat\/#\/schema\/person\/908383cf240be18b68f8855d0583faca","name":"Comunicaci\u00f3 Esplac","image":{"@type":"ImageObject","inLanguage":"en-US","@id":"https:\/\/secure.gravatar.com\/avatar\/7a4cf8feb412a76ea4a740ca02d95b06b2907b5a6c648c2dd0a1082a093c3141?s=96&d=mm&r=g","url":"https:\/\/secure.gravatar.com\/avatar\/7a4cf8feb412a76ea4a740ca02d95b06b2907b5a6c648c2dd0a1082a093c3141?s=96&d=mm&r=g","contentUrl":"https:\/\/secure.gravatar.com\/avatar\/7a4cf8feb412a76ea4a740ca02d95b06b2907b5a6c648c2dd0a1082a093c3141?s=96&d=mm&r=g","caption":"Comunicaci\u00f3 Esplac"}}]}},"_links":{"self":[{"href":"https:\/\/www.esplac.cat\/en\/wp-json\/wp\/v2\/posts\/53767","targetHints":{"allow":["GET"]}}],"collection":[{"href":"https:\/\/www.esplac.cat\/en\/wp-json\/wp\/v2\/posts"}],"about":[{"href":"https:\/\/www.esplac.cat\/en\/wp-json\/wp\/v2\/types\/post"}],"author":[{"embeddable":true,"href":"https:\/\/www.esplac.cat\/en\/wp-json\/wp\/v2\/users\/3"}],"replies":[{"embeddable":true,"href":"https:\/\/www.esplac.cat\/en\/wp-json\/wp\/v2\/comments?post=53767"}],"version-history":[{"count":2,"href":"https:\/\/www.esplac.cat\/en\/wp-json\/wp\/v2\/posts\/53767\/revisions"}],"predecessor-version":[{"id":53772,"href":"https:\/\/www.esplac.cat\/en\/wp-json\/wp\/v2\/posts\/53767\/revisions\/53772"}],"wp:featuredmedia":[{"embeddable":true,"href":"https:\/\/www.esplac.cat\/en\/wp-json\/wp\/v2\/media\/53769"}],"wp:attachment":[{"href":"https:\/\/www.esplac.cat\/en\/wp-json\/wp\/v2\/media?parent=53767"}],"wp:term":[{"taxonomy":"category","embeddable":true,"href":"https:\/\/www.esplac.cat\/en\/wp-json\/wp\/v2\/categories?post=53767"},{"taxonomy":"post_tag","embeddable":true,"href":"https:\/\/www.esplac.cat\/en\/wp-json\/wp\/v2\/tags?post=53767"}],"curies":[{"name":"wp","href":"https:\/\/api.w.org\/{rel}","templated":true}]}}