{"id":54025,"date":"2025-09-16T12:22:47","date_gmt":"2025-09-16T10:22:47","guid":{"rendered":"https:\/\/www.esplac.cat\/?p=54025"},"modified":"2025-09-16T12:22:47","modified_gmt":"2025-09-16T10:22:47","slug":"esplais-reivindiquen-model-lleure-associatiu-base-voluntaria","status":"publish","type":"post","link":"https:\/\/www.esplac.cat\/en\/esplais-reivindiquen-model-lleure-associatiu-base-voluntaria\/","title":{"rendered":"Els esplais reivindiquen el model del lleure associatiu de base volunt\u00e0ria en un estiu en qu\u00e8 han organitzat m\u00e9s de 160 activitats"},"content":{"rendered":"<div class=\"fusion-fullwidth fullwidth-box fusion-builder-row-1 fusion-flex-container has-pattern-background has-mask-background nonhundred-percent-fullwidth non-hundred-percent-height-scrolling\" style=\"--awb-border-radius-top-left:0px;--awb-border-radius-top-right:0px;--awb-border-radius-bottom-right:0px;--awb-border-radius-bottom-left:0px;--awb-flex-wrap:wrap;\" ><div class=\"fusion-builder-row fusion-row fusion-flex-align-items-flex-start fusion-flex-content-wrap\" style=\"max-width:1248px;margin-left: calc(-4% \/ 2 );margin-right: calc(-4% \/ 2 );\"><div class=\"fusion-layout-column fusion_builder_column fusion-builder-column-0 fusion_builder_column_1_1 1_1 fusion-flex-column\" style=\"--awb-bg-size:cover;--awb-width-large:100%;--awb-margin-top-large:0px;--awb-spacing-right-large:1.92%;--awb-margin-bottom-large:20px;--awb-spacing-left-large:1.92%;--awb-width-medium:100%;--awb-order-medium:0;--awb-spacing-right-medium:1.92%;--awb-spacing-left-medium:1.92%;--awb-width-small:100%;--awb-order-small:0;--awb-spacing-right-small:1.92%;--awb-spacing-left-small:1.92%;\"><div class=\"fusion-column-wrapper fusion-column-has-shadow fusion-flex-justify-content-flex-start fusion-content-layout-column\"><div class=\"fusion-text fusion-text-1\"><h6><strong>Els esplais d\u2019Esplac han organitzat campaments, col\u00f2nies i rutes on hi han participat m\u00e9s de 5000 infants i al voltant de 1700 monis, mantenint viu un model basat en l\u2019autogesti\u00f3 i l\u2019educaci\u00f3 comunit\u00e0ria.<\/strong><\/h6>\n<p>Entre <strong>campaments, col\u00f2nies i rutes<\/strong>, aquest estiu els esplais d\u2019Esplac han organitzat <strong>m\u00e9s de 160 activitats per a infants i joves d\u2019arreu de Catalunya<\/strong>, fent perviure aix\u00ed la tasca del lleure associatiu. Aquestes activitats representen un dels moments m\u00e9s importants del curs, ja que permeten generar espais de conviv\u00e8ncia que fomenten el treball pedag\u00f2gic i la transmissi\u00f3 de valors per a la transformaci\u00f3 social.<\/p>\n<p>Les activitats d\u2019estiu es duen a terme gr\u00e0cies a la tasca volunt\u00e0ria de monitores i monitors que, en un context cada cop m\u00e9s individualista i amb m\u00e9s traves a l\u2019hora de realitzar activitats sense lucre econ\u00f2mic, continuen duent a terme <strong>projectes transformadors a partir de l\u2019assemblearisme, l\u2019autogesti\u00f3 i la cura col\u00b7lectiva<\/strong>.<\/p>\n<h3><span style=\"color: #f69d0b;\"><strong>El lleure associatiu de base volunt\u00e0ria, un model a defensar<\/strong><\/span><\/h3>\n<p>Actualment, <strong>l\u2019associacionisme educatiu afronta diversos obstacles que posen en perill la qualitat i l\u2019accessibilitat de la seva tasca<\/strong>. En un context en qu\u00e8 la precarietat juvenil est\u00e0 cada vegada m\u00e9s present, les monitores i els monitors tenen m\u00e9s dificultats per compaginar l&#8217;esplai amb els estudis, la feina i altres milit\u00e0ncies. Aix\u00f2 provoca que cada vegada els cicles de relleu siguin m\u00e9s curts i la manca de participaci\u00f3 causi un augment en la c\u00e0rrega de feina que ha d\u2019assumir cada dirigent.<\/p>\n<p>A tot aix\u00f2 se li suma una <strong>manca de reconeixement per part de les administracions<\/strong> i la <strong>complicaci\u00f3 dels procediments burocr\u00e0tics<\/strong> que els esplais han d\u2019assumir per dur a terme la seva activitat. Aquestes traves es fan evidents, per exemple, amb l\u2019actual marc de crisi clim\u00e0tica, en qu\u00e8 l\u2019augment de restriccions no ha vingut acompanyat d\u2019alternatives.<\/p>\n<p>En aquest context, marcat tamb\u00e9 per la creixent privatitzaci\u00f3 del lleure i la monopolitzaci\u00f3 per part d\u2019empreses privades de les activitats d\u2019oci d\u2019estiu dedicades a infants i joves,<strong> l\u2019esplai es vol reivindicar com un agent educatiu clau pel foment de l\u2019aprenentatge de la inf\u00e0ncia i la joventut del territori<\/strong>.<\/p>\n<p>Enguany, aquesta reivindicaci\u00f3 ha marcat la campanya comunicativa que hem impulsat des d&#8217;Esplac per sumar noves s\u00f2cies i socis al projecte i augmentar, aix\u00ed, el finan\u00e7ament propi dels esplais i de l\u2019associaci\u00f3. Amb el lema \u201c<em><strong>El canvi comen\u00e7a a l\u2019esplai. Fem cr\u00e9ixer l\u2019educaci\u00f3 que revoluciona!<\/strong><\/em>\u201d, persones vinculades al m\u00f3n de l\u2019esplai aprofundeixen en diferents entrevistes en el potencial educatiu de les activitats d\u2019estiu i reivindiquen l\u2019esplai com una alternativa educativa de gran valor.<\/p>\n<\/div><div class=\"fusion-video fusion-youtube\" style=\"--awb-max-width:1800px;--awb-max-height:1013px;--awb-align-self:center;--awb-width:100%;\"><div class=\"video-shortcode\"><div class=\"fluid-width-video-wrapper\" style=\"padding-top:56.28%;\" ><iframe class=\"fusion-hidden\" data-privacy-type=\"youtube\" src=\"\" title=\"YouTube video player 1\" data-privacy-src=\"https:\/\/www.youtube.com\/embed\/QblXrVzF_As?wmode=transparent&autoplay=0\" width=\"1800\" height=\"1013\" allowfullscreen allow=\"autoplay; fullscreen\"><\/iframe><div class=\"fusion-privacy-placeholder\" style=\"width:1800px; height:1013px;\" data-privacy-type=\"youtube\"><div class=\"fusion-privacy-placeholder-content\"><div class=\"fusion-privacy-label\">For privacy reasons YouTube needs your permission to be loaded. For more details, please see our <a class=\"privacy-policy-link\" href=\"https:\/\/www.esplac.cat\/avis-legal\/\" rel=\"privacy-policy\">Av\u00eds Legal<\/a>.<\/div><a href=\"\" data-privacy-type=\"youtube\" class=\"fusion-button button-default fusion-button-default-size button fusion-privacy-consent\">I Accept<\/a><\/div><\/div><\/div><\/div><\/div><\/div><\/div><\/div><\/div>\n","protected":false},"excerpt":{"rendered":"","protected":false},"author":3,"featured_media":54027,"comment_status":"closed","ping_status":"closed","sticky":false,"template":"","format":"standard","meta":{"om_disable_all_campaigns":false,"_monsterinsights_skip_tracking":false,"_monsterinsights_sitenote_active":false,"_monsterinsights_sitenote_note":"","_monsterinsights_sitenote_category":0,"_uf_show_specific_survey":0,"_uf_disable_surveys":false,"footnotes":""},"categories":[1117,1563,1,1396],"tags":[],"class_list":["post-54025","post","type-post","status-publish","format-standard","has-post-thumbnail","hentry","category-activitats-esplais","category-leducacio-que-revoluciona","category-sense-categoria","category-socies"],"yoast_head":"<!-- This site is optimized with the Yoast SEO plugin v27.5 - https:\/\/yoast.com\/product\/yoast-seo-wordpress\/ -->\n<title>Campaments, col\u00f2nies i rutes: la import\u00e0ncia del lleure a l&#039;estiu<\/title>\n<meta name=\"description\" content=\"Els esplais d\u2019Esplac han organitzat campaments, col\u00f2nies i rutes on hi han participat m\u00e9s de 5000 infants i al voltant de 1700 monis.\" \/>\n<meta name=\"robots\" content=\"index, follow, max-snippet:-1, max-image-preview:large, max-video-preview:-1\" \/>\n<link rel=\"canonical\" href=\"https:\/\/www.esplac.cat\/esplais-reivindiquen-model-lleure-associatiu-base-voluntaria\/\" \/>\n<meta property=\"og:locale\" content=\"en_US\" \/>\n<meta property=\"og:type\" content=\"article\" \/>\n<meta property=\"og:title\" content=\"Campaments, col\u00f2nies i rutes: la import\u00e0ncia del lleure a l&#039;estiu\" \/>\n<meta property=\"og:description\" content=\"Els esplais d\u2019Esplac han organitzat campaments, col\u00f2nies i rutes on hi han participat m\u00e9s de 5000 infants i al voltant de 1700 monis.\" \/>\n<meta property=\"og:url\" content=\"https:\/\/www.esplac.cat\/esplais-reivindiquen-model-lleure-associatiu-base-voluntaria\/\" \/>\n<meta property=\"og:site_name\" content=\"Esplac\" \/>\n<meta property=\"article:published_time\" content=\"2025-09-16T10:22:47+00:00\" \/>\n<meta property=\"og:image\" content=\"https:\/\/www.esplac.cat\/wp-content\/uploads\/2025\/09\/CCR_estiu_2025.jpg\" \/>\n\t<meta property=\"og:image:width\" content=\"2333\" \/>\n\t<meta property=\"og:image:height\" content=\"963\" \/>\n\t<meta property=\"og:image:type\" content=\"image\/jpeg\" \/>\n<meta name=\"author\" content=\"Comunicaci\u00f3 Esplac\" \/>\n<meta name=\"twitter:card\" content=\"summary_large_image\" \/>\n<meta name=\"twitter:label1\" content=\"Written by\" \/>\n\t<meta name=\"twitter:data1\" content=\"Comunicaci\u00f3 Esplac\" \/>\n\t<meta name=\"twitter:label2\" content=\"Est. reading time\" \/>\n\t<meta name=\"twitter:data2\" content=\"3 minutes\" \/>\n<script type=\"application\/ld+json\" class=\"yoast-schema-graph\">{\"@context\":\"https:\\\/\\\/schema.org\",\"@graph\":[{\"@type\":\"Article\",\"@id\":\"https:\\\/\\\/www.esplac.cat\\\/esplais-reivindiquen-model-lleure-associatiu-base-voluntaria\\\/#article\",\"isPartOf\":{\"@id\":\"https:\\\/\\\/www.esplac.cat\\\/esplais-reivindiquen-model-lleure-associatiu-base-voluntaria\\\/\"},\"author\":{\"name\":\"Comunicaci\u00f3 Esplac\",\"@id\":\"https:\\\/\\\/www.esplac.cat\\\/#\\\/schema\\\/person\\\/908383cf240be18b68f8855d0583faca\"},\"headline\":\"Els esplais reivindiquen el model del lleure associatiu de base volunt\u00e0ria en un estiu en qu\u00e8 han organitzat m\u00e9s de 160 activitats\",\"datePublished\":\"2025-09-16T10:22:47+00:00\",\"mainEntityOfPage\":{\"@id\":\"https:\\\/\\\/www.esplac.cat\\\/esplais-reivindiquen-model-lleure-associatiu-base-voluntaria\\\/\"},\"wordCount\":1499,\"publisher\":{\"@id\":\"https:\\\/\\\/www.esplac.cat\\\/#organization\"},\"image\":{\"@id\":\"https:\\\/\\\/www.esplac.cat\\\/esplais-reivindiquen-model-lleure-associatiu-base-voluntaria\\\/#primaryimage\"},\"thumbnailUrl\":\"https:\\\/\\\/www.esplac.cat\\\/wp-content\\\/uploads\\\/2025\\\/09\\\/CCR_estiu_2025.jpg\",\"articleSection\":[\"Activitats esplais\",\"L'educaci\u00f3 que revoluciona\",\"Sense categoria\",\"S\u00f2cies\"],\"inLanguage\":\"en-US\"},{\"@type\":\"WebPage\",\"@id\":\"https:\\\/\\\/www.esplac.cat\\\/esplais-reivindiquen-model-lleure-associatiu-base-voluntaria\\\/\",\"url\":\"https:\\\/\\\/www.esplac.cat\\\/esplais-reivindiquen-model-lleure-associatiu-base-voluntaria\\\/\",\"name\":\"Campaments, col\u00f2nies i rutes: la import\u00e0ncia del lleure a l'estiu\",\"isPartOf\":{\"@id\":\"https:\\\/\\\/www.esplac.cat\\\/#website\"},\"primaryImageOfPage\":{\"@id\":\"https:\\\/\\\/www.esplac.cat\\\/esplais-reivindiquen-model-lleure-associatiu-base-voluntaria\\\/#primaryimage\"},\"image\":{\"@id\":\"https:\\\/\\\/www.esplac.cat\\\/esplais-reivindiquen-model-lleure-associatiu-base-voluntaria\\\/#primaryimage\"},\"thumbnailUrl\":\"https:\\\/\\\/www.esplac.cat\\\/wp-content\\\/uploads\\\/2025\\\/09\\\/CCR_estiu_2025.jpg\",\"datePublished\":\"2025-09-16T10:22:47+00:00\",\"description\":\"Els esplais d\u2019Esplac han organitzat campaments, col\u00f2nies i rutes on hi han participat m\u00e9s de 5000 infants i al voltant de 1700 monis.\",\"breadcrumb\":{\"@id\":\"https:\\\/\\\/www.esplac.cat\\\/esplais-reivindiquen-model-lleure-associatiu-base-voluntaria\\\/#breadcrumb\"},\"inLanguage\":\"en-US\",\"potentialAction\":[{\"@type\":\"ReadAction\",\"target\":[\"https:\\\/\\\/www.esplac.cat\\\/esplais-reivindiquen-model-lleure-associatiu-base-voluntaria\\\/\"]}]},{\"@type\":\"ImageObject\",\"inLanguage\":\"en-US\",\"@id\":\"https:\\\/\\\/www.esplac.cat\\\/esplais-reivindiquen-model-lleure-associatiu-base-voluntaria\\\/#primaryimage\",\"url\":\"https:\\\/\\\/www.esplac.cat\\\/wp-content\\\/uploads\\\/2025\\\/09\\\/CCR_estiu_2025.jpg\",\"contentUrl\":\"https:\\\/\\\/www.esplac.cat\\\/wp-content\\\/uploads\\\/2025\\\/09\\\/CCR_estiu_2025.jpg\",\"width\":2333,\"height\":963,\"caption\":\"estiu\"},{\"@type\":\"BreadcrumbList\",\"@id\":\"https:\\\/\\\/www.esplac.cat\\\/esplais-reivindiquen-model-lleure-associatiu-base-voluntaria\\\/#breadcrumb\",\"itemListElement\":[{\"@type\":\"ListItem\",\"position\":1,\"name\":\"Inici\",\"item\":\"https:\\\/\\\/www.esplac.cat\\\/en\\\/\"},{\"@type\":\"ListItem\",\"position\":2,\"name\":\"Els esplais reivindiquen el model del lleure associatiu de base volunt\u00e0ria en un estiu en qu\u00e8 han organitzat m\u00e9s de 160 activitats\"}]},{\"@type\":\"WebSite\",\"@id\":\"https:\\\/\\\/www.esplac.cat\\\/#website\",\"url\":\"https:\\\/\\\/www.esplac.cat\\\/\",\"name\":\"Esplac\",\"description\":\"Esplais Catalans\",\"publisher\":{\"@id\":\"https:\\\/\\\/www.esplac.cat\\\/#organization\"},\"potentialAction\":[{\"@type\":\"SearchAction\",\"target\":{\"@type\":\"EntryPoint\",\"urlTemplate\":\"https:\\\/\\\/www.esplac.cat\\\/?s={search_term_string}\"},\"query-input\":{\"@type\":\"PropertyValueSpecification\",\"valueRequired\":true,\"valueName\":\"search_term_string\"}}],\"inLanguage\":\"en-US\"},{\"@type\":\"Organization\",\"@id\":\"https:\\\/\\\/www.esplac.cat\\\/#organization\",\"name\":\"Esplac\",\"url\":\"https:\\\/\\\/www.esplac.cat\\\/\",\"logo\":{\"@type\":\"ImageObject\",\"inLanguage\":\"en-US\",\"@id\":\"https:\\\/\\\/www.esplac.cat\\\/#\\\/schema\\\/logo\\\/image\\\/\",\"url\":\"https:\\\/\\\/www.esplac.cat\\\/wp-content\\\/uploads\\\/2019\\\/08\\\/logox2.png\",\"contentUrl\":\"https:\\\/\\\/www.esplac.cat\\\/wp-content\\\/uploads\\\/2019\\\/08\\\/logox2.png\",\"width\":600,\"height\":295,\"caption\":\"Esplac\"},\"image\":{\"@id\":\"https:\\\/\\\/www.esplac.cat\\\/#\\\/schema\\\/logo\\\/image\\\/\"}},{\"@type\":\"Person\",\"@id\":\"https:\\\/\\\/www.esplac.cat\\\/#\\\/schema\\\/person\\\/908383cf240be18b68f8855d0583faca\",\"name\":\"Comunicaci\u00f3 Esplac\",\"image\":{\"@type\":\"ImageObject\",\"inLanguage\":\"en-US\",\"@id\":\"https:\\\/\\\/secure.gravatar.com\\\/avatar\\\/7a4cf8feb412a76ea4a740ca02d95b06b2907b5a6c648c2dd0a1082a093c3141?s=96&d=mm&r=g\",\"url\":\"https:\\\/\\\/secure.gravatar.com\\\/avatar\\\/7a4cf8feb412a76ea4a740ca02d95b06b2907b5a6c648c2dd0a1082a093c3141?s=96&d=mm&r=g\",\"contentUrl\":\"https:\\\/\\\/secure.gravatar.com\\\/avatar\\\/7a4cf8feb412a76ea4a740ca02d95b06b2907b5a6c648c2dd0a1082a093c3141?s=96&d=mm&r=g\",\"caption\":\"Comunicaci\u00f3 Esplac\"}}]}<\/script>\n<!-- \/ Yoast SEO plugin. -->","yoast_head_json":{"title":"Campaments, col\u00f2nies i rutes: la import\u00e0ncia del lleure a l'estiu","description":"Els esplais d\u2019Esplac han organitzat campaments, col\u00f2nies i rutes on hi han participat m\u00e9s de 5000 infants i al voltant de 1700 monis.","robots":{"index":"index","follow":"follow","max-snippet":"max-snippet:-1","max-image-preview":"max-image-preview:large","max-video-preview":"max-video-preview:-1"},"canonical":"https:\/\/www.esplac.cat\/esplais-reivindiquen-model-lleure-associatiu-base-voluntaria\/","og_locale":"en_US","og_type":"article","og_title":"Campaments, col\u00f2nies i rutes: la import\u00e0ncia del lleure a l'estiu","og_description":"Els esplais d\u2019Esplac han organitzat campaments, col\u00f2nies i rutes on hi han participat m\u00e9s de 5000 infants i al voltant de 1700 monis.","og_url":"https:\/\/www.esplac.cat\/esplais-reivindiquen-model-lleure-associatiu-base-voluntaria\/","og_site_name":"Esplac","article_published_time":"2025-09-16T10:22:47+00:00","og_image":[{"width":2333,"height":963,"url":"https:\/\/www.esplac.cat\/wp-content\/uploads\/2025\/09\/CCR_estiu_2025.jpg","type":"image\/jpeg"}],"author":"Comunicaci\u00f3 Esplac","twitter_card":"summary_large_image","twitter_misc":{"Written by":"Comunicaci\u00f3 Esplac","Est. reading time":"3 minutes"},"schema":{"@context":"https:\/\/schema.org","@graph":[{"@type":"Article","@id":"https:\/\/www.esplac.cat\/esplais-reivindiquen-model-lleure-associatiu-base-voluntaria\/#article","isPartOf":{"@id":"https:\/\/www.esplac.cat\/esplais-reivindiquen-model-lleure-associatiu-base-voluntaria\/"},"author":{"name":"Comunicaci\u00f3 Esplac","@id":"https:\/\/www.esplac.cat\/#\/schema\/person\/908383cf240be18b68f8855d0583faca"},"headline":"Els esplais reivindiquen el model del lleure associatiu de base volunt\u00e0ria en un estiu en qu\u00e8 han organitzat m\u00e9s de 160 activitats","datePublished":"2025-09-16T10:22:47+00:00","mainEntityOfPage":{"@id":"https:\/\/www.esplac.cat\/esplais-reivindiquen-model-lleure-associatiu-base-voluntaria\/"},"wordCount":1499,"publisher":{"@id":"https:\/\/www.esplac.cat\/#organization"},"image":{"@id":"https:\/\/www.esplac.cat\/esplais-reivindiquen-model-lleure-associatiu-base-voluntaria\/#primaryimage"},"thumbnailUrl":"https:\/\/www.esplac.cat\/wp-content\/uploads\/2025\/09\/CCR_estiu_2025.jpg","articleSection":["Activitats esplais","L'educaci\u00f3 que revoluciona","Sense categoria","S\u00f2cies"],"inLanguage":"en-US"},{"@type":"WebPage","@id":"https:\/\/www.esplac.cat\/esplais-reivindiquen-model-lleure-associatiu-base-voluntaria\/","url":"https:\/\/www.esplac.cat\/esplais-reivindiquen-model-lleure-associatiu-base-voluntaria\/","name":"Campaments, col\u00f2nies i rutes: la import\u00e0ncia del lleure a l'estiu","isPartOf":{"@id":"https:\/\/www.esplac.cat\/#website"},"primaryImageOfPage":{"@id":"https:\/\/www.esplac.cat\/esplais-reivindiquen-model-lleure-associatiu-base-voluntaria\/#primaryimage"},"image":{"@id":"https:\/\/www.esplac.cat\/esplais-reivindiquen-model-lleure-associatiu-base-voluntaria\/#primaryimage"},"thumbnailUrl":"https:\/\/www.esplac.cat\/wp-content\/uploads\/2025\/09\/CCR_estiu_2025.jpg","datePublished":"2025-09-16T10:22:47+00:00","description":"Els esplais d\u2019Esplac han organitzat campaments, col\u00f2nies i rutes on hi han participat m\u00e9s de 5000 infants i al voltant de 1700 monis.","breadcrumb":{"@id":"https:\/\/www.esplac.cat\/esplais-reivindiquen-model-lleure-associatiu-base-voluntaria\/#breadcrumb"},"inLanguage":"en-US","potentialAction":[{"@type":"ReadAction","target":["https:\/\/www.esplac.cat\/esplais-reivindiquen-model-lleure-associatiu-base-voluntaria\/"]}]},{"@type":"ImageObject","inLanguage":"en-US","@id":"https:\/\/www.esplac.cat\/esplais-reivindiquen-model-lleure-associatiu-base-voluntaria\/#primaryimage","url":"https:\/\/www.esplac.cat\/wp-content\/uploads\/2025\/09\/CCR_estiu_2025.jpg","contentUrl":"https:\/\/www.esplac.cat\/wp-content\/uploads\/2025\/09\/CCR_estiu_2025.jpg","width":2333,"height":963,"caption":"estiu"},{"@type":"BreadcrumbList","@id":"https:\/\/www.esplac.cat\/esplais-reivindiquen-model-lleure-associatiu-base-voluntaria\/#breadcrumb","itemListElement":[{"@type":"ListItem","position":1,"name":"Inici","item":"https:\/\/www.esplac.cat\/en\/"},{"@type":"ListItem","position":2,"name":"Els esplais reivindiquen el model del lleure associatiu de base volunt\u00e0ria en un estiu en qu\u00e8 han organitzat m\u00e9s de 160 activitats"}]},{"@type":"WebSite","@id":"https:\/\/www.esplac.cat\/#website","url":"https:\/\/www.esplac.cat\/","name":"Esplac","description":"Esplais Catalans","publisher":{"@id":"https:\/\/www.esplac.cat\/#organization"},"potentialAction":[{"@type":"SearchAction","target":{"@type":"EntryPoint","urlTemplate":"https:\/\/www.esplac.cat\/?s={search_term_string}"},"query-input":{"@type":"PropertyValueSpecification","valueRequired":true,"valueName":"search_term_string"}}],"inLanguage":"en-US"},{"@type":"Organization","@id":"https:\/\/www.esplac.cat\/#organization","name":"Esplac","url":"https:\/\/www.esplac.cat\/","logo":{"@type":"ImageObject","inLanguage":"en-US","@id":"https:\/\/www.esplac.cat\/#\/schema\/logo\/image\/","url":"https:\/\/www.esplac.cat\/wp-content\/uploads\/2019\/08\/logox2.png","contentUrl":"https:\/\/www.esplac.cat\/wp-content\/uploads\/2019\/08\/logox2.png","width":600,"height":295,"caption":"Esplac"},"image":{"@id":"https:\/\/www.esplac.cat\/#\/schema\/logo\/image\/"}},{"@type":"Person","@id":"https:\/\/www.esplac.cat\/#\/schema\/person\/908383cf240be18b68f8855d0583faca","name":"Comunicaci\u00f3 Esplac","image":{"@type":"ImageObject","inLanguage":"en-US","@id":"https:\/\/secure.gravatar.com\/avatar\/7a4cf8feb412a76ea4a740ca02d95b06b2907b5a6c648c2dd0a1082a093c3141?s=96&d=mm&r=g","url":"https:\/\/secure.gravatar.com\/avatar\/7a4cf8feb412a76ea4a740ca02d95b06b2907b5a6c648c2dd0a1082a093c3141?s=96&d=mm&r=g","contentUrl":"https:\/\/secure.gravatar.com\/avatar\/7a4cf8feb412a76ea4a740ca02d95b06b2907b5a6c648c2dd0a1082a093c3141?s=96&d=mm&r=g","caption":"Comunicaci\u00f3 Esplac"}}]}},"_links":{"self":[{"href":"https:\/\/www.esplac.cat\/en\/wp-json\/wp\/v2\/posts\/54025","targetHints":{"allow":["GET"]}}],"collection":[{"href":"https:\/\/www.esplac.cat\/en\/wp-json\/wp\/v2\/posts"}],"about":[{"href":"https:\/\/www.esplac.cat\/en\/wp-json\/wp\/v2\/types\/post"}],"author":[{"embeddable":true,"href":"https:\/\/www.esplac.cat\/en\/wp-json\/wp\/v2\/users\/3"}],"replies":[{"embeddable":true,"href":"https:\/\/www.esplac.cat\/en\/wp-json\/wp\/v2\/comments?post=54025"}],"version-history":[{"count":3,"href":"https:\/\/www.esplac.cat\/en\/wp-json\/wp\/v2\/posts\/54025\/revisions"}],"predecessor-version":[{"id":54031,"href":"https:\/\/www.esplac.cat\/en\/wp-json\/wp\/v2\/posts\/54025\/revisions\/54031"}],"wp:featuredmedia":[{"embeddable":true,"href":"https:\/\/www.esplac.cat\/en\/wp-json\/wp\/v2\/media\/54027"}],"wp:attachment":[{"href":"https:\/\/www.esplac.cat\/en\/wp-json\/wp\/v2\/media?parent=54025"}],"wp:term":[{"taxonomy":"category","embeddable":true,"href":"https:\/\/www.esplac.cat\/en\/wp-json\/wp\/v2\/categories?post=54025"},{"taxonomy":"post_tag","embeddable":true,"href":"https:\/\/www.esplac.cat\/en\/wp-json\/wp\/v2\/tags?post=54025"}],"curies":[{"name":"wp","href":"https:\/\/api.w.org\/{rel}","templated":true}]}}