{"id":54064,"date":"2025-09-30T15:07:53","date_gmt":"2025-09-30T13:07:53","guid":{"rendered":"https:\/\/www.esplac.cat\/?p=54064"},"modified":"2025-10-09T11:56:24","modified_gmt":"2025-10-09T09:56:24","slug":"inscripcions-tardor-formacio-2025","status":"publish","type":"post","link":"https:\/\/www.esplac.cat\/en\/inscripcions-tardor-formacio-2025\/","title":{"rendered":"Inscripcions obertes: participa a les Tardes de Lleure i Antiracisme i a les Jornades de Lleure i Feminismes!"},"content":{"rendered":"<p><div class=\"fusion-fullwidth fullwidth-box fusion-builder-row-1 fusion-flex-container has-pattern-background has-mask-background nonhundred-percent-fullwidth non-hundred-percent-height-scrolling\" style=\"--awb-border-radius-top-left:0px;--awb-border-radius-top-right:0px;--awb-border-radius-bottom-right:0px;--awb-border-radius-bottom-left:0px;--awb-flex-wrap:wrap;\" ><div class=\"fusion-builder-row fusion-row fusion-flex-align-items-flex-start fusion-flex-content-wrap\" style=\"max-width:1248px;margin-left: calc(-4% \/ 2 );margin-right: calc(-4% \/ 2 );\"><div class=\"fusion-layout-column fusion_builder_column fusion-builder-column-0 fusion_builder_column_1_1 1_1 fusion-flex-column\" style=\"--awb-bg-size:cover;--awb-width-large:100%;--awb-margin-top-large:0px;--awb-spacing-right-large:1.92%;--awb-margin-bottom-large:20px;--awb-spacing-left-large:1.92%;--awb-width-medium:100%;--awb-order-medium:0;--awb-spacing-right-medium:1.92%;--awb-spacing-left-medium:1.92%;--awb-width-small:100%;--awb-order-small:0;--awb-spacing-right-small:1.92%;--awb-spacing-left-small:1.92%;\"><div class=\"fusion-column-wrapper fusion-column-has-shadow fusion-flex-justify-content-flex-start fusion-content-layout-column\"><div class=\"fusion-text fusion-text-1\"><h6><strong>Arriba una nova edici\u00f3 de la tardor de formaci\u00f3 per reflexionar sobre les lluites feministes en entorns digitals i la relaci\u00f3 entre lleure i espiritualitat.\u00a0<\/strong><\/h6>\n<p>El nou curs arrenca amb for\u00e7a i, com ja \u00e9s tradici\u00f3, els mesos d\u2019octubre i novembre venen acompanyats d\u2019algunes de les jornades formatives m\u00e9s interessants d\u2019aquesta entitat: les <a href=\"https:\/\/www.esplac.cat\/formacions\/tardes-lleure-i-antiracisme\/\" target=\"_blank\" rel=\"noopener\"><strong><span style=\"color: #f69d0b;\">Tardes de Lleure i Antiracisme<\/span><\/strong><\/a> i les <a href=\"https:\/\/www.esplac.cat\/formacions\/jornades-lleure-feminsimes\/\" target=\"_blank\" rel=\"noopener\"><strong><span style=\"color: #f69d0b;\">Jornades de Lleure i Feminismes<\/span><\/strong><\/a>. <strong>Les inscripcions ja estan obertes, vigila no et quedis sense pla\u00e7a!<\/strong><\/p>\n<p>Els dies <strong>27, 28 i 29 d\u2019octubre<\/strong>, l\u2019Escola Lliure El Sol acollir\u00e0 la tercera edici\u00f3 de les <strong>Tardes de Lleure i Antiracisme<\/strong>, una proposta organitzada conjuntament per Esplais Catalans, l\u2019<span style=\"color: #f69d0b;\"><a style=\"color: #f69d0b;\" href=\"https:\/\/escolaelsol.coop\/\" target=\"_blank\" rel=\"noopener\"><strong>Escola Lliure El Sol<\/strong><\/a><\/span> i la <a href=\"https:\/\/www.ferrerguardia.org\/ca_ES\" target=\"_blank\" rel=\"noopener\"><span style=\"color: #f69d0b;\"><strong>Fundaci\u00f3 Ferrer i Gu\u00e0rdia<\/strong><\/span>.<\/a> Sota el t\u00edtol <em><strong>La\u00efcitat cr\u00edtica i diversitat religiosa: reptes per una educaci\u00f3 inclusiva<\/strong><\/em>, les jornades d\u2019enguany volen posar al centre la relaci\u00f3 entre la\u00efcitat, diversitat de creences i conviv\u00e8ncia en l\u2019\u00e0mbit del lleure educatiu.<\/p>\n<p>En un context cada vegada m\u00e9s plural i divers, aquestes trobades busquen<strong> reflexionar sobre com el lleure pot ser un espai transformador capa\u00e7 de garantir entorns respectuosos amb totes les adscripcions de consci\u00e8ncia i compromesos amb l\u2019antiracisme.<\/strong> Els tallers i espais de debat estan pensats per a monitores i monitors, caps i altres persones vinculades a l\u2019\u00e0mbit de l\u2019educaci\u00f3, per\u00f2 tamb\u00e9 s\u00f3n espais oberts a totes aquelles persones interessades en l\u2019educaci\u00f3 inclusiva i la defensa dels drets humans.<\/p>\n<p>Les <span style=\"color: #f69d0b;\"><a style=\"color: #f69d0b;\" href=\"https:\/\/escolaelsol.coop\/cursos-de-lleure\/\" target=\"_blank\" rel=\"noopener\"><strong>inscripcions<\/strong><\/a><\/span> s\u00f3n gratu\u00eftes i independents, \u00e9s a dir, cal inscriure\u2019s per separat a cada activitat a trav\u00e9s del web de l\u2019Escola Lliure El Sol. Descobreix <span style=\"color: #f69d0b;\"><a style=\"color: #f69d0b;\" href=\"https:\/\/www.esplac.cat\/formacions\/tardes-lleure-i-antiracisme\/\"><strong>aqu\u00ed<\/strong> <\/a><\/span>el programa al detall!<\/p>\n<\/div><div class=\"fusion-text fusion-text-2\"><p>Per altra banda, el <strong>diumenge 9 de novembre<\/strong> tindr\u00e0 lloc la quinzena edici\u00f3 de les <strong>Jornades de Lleure i Feminismes<\/strong>, un espai de trobada entre l\u2019associacionisme educatiu i el moviment feminista i LGTBIQA+ que compta ja amb m\u00e9s d\u2019una d\u00e8cada de traject\u00f2ria. L\u2019edici\u00f3 d\u2019enguany porta com a t\u00edtol <strong><em>Entre l\u2019algoritme i el carrer: lluites feministes en entorns digitals<\/em><\/strong> i es proposa <strong>explorar el vincle entre les mobilitzacions feministes dels \u00faltims anys i els algoritmes, la intel\u00b7lig\u00e8ncia artificial i les xarxes socials<\/strong>.<\/p>\n<p>Les jornades, organitzades conjuntament amb l\u2019Escola Lliure el Sol, desgranaran alguns dels <strong>debats actuals servits en l\u2019entorn digital<\/strong>, permetent trobar noves eines per fer un acompanyament pedag\u00f2gic m\u00e9s complet i cr\u00edtic amb els infants i joves de l\u2019esplai. Consulta <span style=\"color: #f69d0b;\"><a style=\"color: #f69d0b;\" href=\"https:\/\/www.esplac.cat\/formacions\/jornades-lleure-feminsimes\/\" target=\"_blank\" rel=\"noopener\"><strong>aqu\u00ed<\/strong><\/a> <\/span>el programa en detall! La inscripci\u00f3 t\u00e9 un cost de <strong>8\u20ac<\/strong> que inclou l\u2019acc\u00e9s als tallers i formacions i el dinar. Podeu inscriure-us a trav\u00e9s del <span style=\"color: #f69d0b;\"><a style=\"color: #f69d0b;\" href=\"https:\/\/escolaelsol.coop\/formacions\/JORNADES-DE-LLEURE-I-FEMINISMES-2025\/3599\/#\" target=\"_blank\" rel=\"noopener\"><strong>web de l\u2019Escola Lliure El Sol<\/strong><\/a><\/span>.<\/p>\n<\/div><\/div><\/div><\/div><\/div><div class=\"fusion-fullwidth fullwidth-box fusion-builder-row-2 fusion-flex-container has-pattern-background has-mask-background nonhundred-percent-fullwidth non-hundred-percent-height-scrolling\" style=\"--awb-border-radius-top-left:0px;--awb-border-radius-top-right:0px;--awb-border-radius-bottom-right:0px;--awb-border-radius-bottom-left:0px;--awb-flex-wrap:wrap;\" ><div class=\"fusion-builder-row fusion-row fusion-flex-align-items-flex-start fusion-flex-content-wrap\" style=\"max-width:1248px;margin-left: calc(-4% \/ 2 );margin-right: calc(-4% \/ 2 );\"><div class=\"fusion-layout-column fusion_builder_column fusion-builder-column-1 fusion_builder_column_1_2 1_2 fusion-flex-column fusion-flex-align-self-center\" style=\"--awb-bg-size:cover;--awb-width-large:50%;--awb-margin-top-large:0px;--awb-spacing-right-large:3.84%;--awb-margin-bottom-large:20px;--awb-spacing-left-large:3.84%;--awb-width-medium:100%;--awb-order-medium:0;--awb-spacing-right-medium:1.92%;--awb-spacing-left-medium:1.92%;--awb-width-small:100%;--awb-order-small:0;--awb-spacing-right-small:1.92%;--awb-spacing-left-small:1.92%;\" data-motion-effects=\"[{&quot;type&quot;:&quot;&quot;,&quot;scroll_type&quot;:&quot;transition&quot;,&quot;scroll_direction&quot;:&quot;up&quot;,&quot;transition_speed&quot;:&quot;1&quot;,&quot;fade_type&quot;:&quot;in&quot;,&quot;scale_type&quot;:&quot;up&quot;,&quot;initial_scale&quot;:&quot;1&quot;,&quot;max_scale&quot;:&quot;1.5&quot;,&quot;min_scale&quot;:&quot;0.5&quot;,&quot;initial_rotate&quot;:&quot;0&quot;,&quot;end_rotate&quot;:&quot;30&quot;,&quot;initial_blur&quot;:&quot;0&quot;,&quot;end_blur&quot;:&quot;3&quot;,&quot;start_element&quot;:&quot;top&quot;,&quot;start_viewport&quot;:&quot;bottom&quot;,&quot;end_element&quot;:&quot;bottom&quot;,&quot;end_viewport&quot;:&quot;top&quot;,&quot;mouse_effect&quot;:&quot;track&quot;,&quot;mouse_effect_direction&quot;:&quot;opposite&quot;,&quot;mouse_effect_speed&quot;:&quot;2&quot;,&quot;infinite_animation&quot;:&quot;float&quot;,&quot;infinite_animation_speed&quot;:&quot;2&quot;}]\" data-scroll-devices=\"small-visibility,medium-visibility,large-visibility\"><div class=\"fusion-column-wrapper fusion-column-has-shadow fusion-flex-justify-content-flex-start fusion-content-layout-column\"><div class=\"fusion-slider-sc\"><div class=\"fusion-flexslider-loading flexslider fusion-aligncenter flexslider-hover-type-none\" data-slideshow_autoplay=\"0\" data-slideshow_smooth_height=\"0\" data-slideshow_speed=\"7000\" style=\"max-width:500px;height:100%;\"><ul class=\"slides\"><li class=\"image\"><span class=\"fusion-image-hover-element hover-type-none\"><img decoding=\"async\" src=\"https:\/\/www.esplac.cat\/wp-content\/uploads\/2025\/07\/Cartell-Tardes-Lleure-i-Antircaisme-2025-600x750.jpg\" width=\"600\" height=\"750\" class=\"wp-image-53830\" srcset=\"https:\/\/www.esplac.cat\/wp-content\/uploads\/2025\/07\/Cartell-Tardes-Lleure-i-Antircaisme-2025-200x250.jpg 200w, https:\/\/www.esplac.cat\/wp-content\/uploads\/2025\/07\/Cartell-Tardes-Lleure-i-Antircaisme-2025-400x500.jpg 400w, https:\/\/www.esplac.cat\/wp-content\/uploads\/2025\/07\/Cartell-Tardes-Lleure-i-Antircaisme-2025-600x750.jpg 600w, https:\/\/www.esplac.cat\/wp-content\/uploads\/2025\/07\/Cartell-Tardes-Lleure-i-Antircaisme-2025-800x1000.jpg 800w, https:\/\/www.esplac.cat\/wp-content\/uploads\/2025\/07\/Cartell-Tardes-Lleure-i-Antircaisme-2025.jpg 1080w\" sizes=\"(max-width: 1024px) 100vw, (max-width: 640px) 100vw, 600px\" \/><\/span><\/li><li class=\"image\"><span class=\"fusion-image-hover-element hover-type-none\"><img decoding=\"async\" src=\"https:\/\/www.esplac.cat\/wp-content\/uploads\/2025\/09\/Programa_TLLiA_2025-600x750.jpg\" alt=\"Tardes de Lleure i Antiracisme\" width=\"600\" height=\"750\" class=\"wp-image-54045\" srcset=\"https:\/\/www.esplac.cat\/wp-content\/uploads\/2025\/09\/Programa_TLLiA_2025-200x250.jpg 200w, https:\/\/www.esplac.cat\/wp-content\/uploads\/2025\/09\/Programa_TLLiA_2025-400x500.jpg 400w, https:\/\/www.esplac.cat\/wp-content\/uploads\/2025\/09\/Programa_TLLiA_2025-600x750.jpg 600w, https:\/\/www.esplac.cat\/wp-content\/uploads\/2025\/09\/Programa_TLLiA_2025-800x1000.jpg 800w, https:\/\/www.esplac.cat\/wp-content\/uploads\/2025\/09\/Programa_TLLiA_2025.jpg 1080w\" sizes=\"(max-width: 1024px) 100vw, (max-width: 640px) 100vw, 600px\" \/><\/span><\/li><\/ul><\/div><\/div><\/div><\/div><div class=\"fusion-layout-column fusion_builder_column fusion-builder-column-2 fusion_builder_column_1_2 1_2 fusion-flex-column fusion-flex-align-self-center\" style=\"--awb-bg-size:cover;--awb-width-large:50%;--awb-margin-top-large:0px;--awb-spacing-right-large:3.84%;--awb-margin-bottom-large:20px;--awb-spacing-left-large:3.84%;--awb-width-medium:100%;--awb-order-medium:0;--awb-spacing-right-medium:1.92%;--awb-spacing-left-medium:1.92%;--awb-width-small:100%;--awb-order-small:0;--awb-spacing-right-small:1.92%;--awb-spacing-left-small:1.92%;\" data-motion-effects=\"[{&quot;type&quot;:&quot;&quot;,&quot;scroll_type&quot;:&quot;transition&quot;,&quot;scroll_direction&quot;:&quot;up&quot;,&quot;transition_speed&quot;:&quot;1&quot;,&quot;fade_type&quot;:&quot;in&quot;,&quot;scale_type&quot;:&quot;up&quot;,&quot;initial_scale&quot;:&quot;1&quot;,&quot;max_scale&quot;:&quot;1.5&quot;,&quot;min_scale&quot;:&quot;0.5&quot;,&quot;initial_rotate&quot;:&quot;0&quot;,&quot;end_rotate&quot;:&quot;30&quot;,&quot;initial_blur&quot;:&quot;0&quot;,&quot;end_blur&quot;:&quot;3&quot;,&quot;start_element&quot;:&quot;top&quot;,&quot;start_viewport&quot;:&quot;bottom&quot;,&quot;end_element&quot;:&quot;bottom&quot;,&quot;end_viewport&quot;:&quot;top&quot;,&quot;mouse_effect&quot;:&quot;track&quot;,&quot;mouse_effect_direction&quot;:&quot;opposite&quot;,&quot;mouse_effect_speed&quot;:&quot;2&quot;,&quot;infinite_animation&quot;:&quot;float&quot;,&quot;infinite_animation_speed&quot;:&quot;2&quot;}]\" data-scroll-devices=\"small-visibility,medium-visibility,large-visibility\"><div class=\"fusion-column-wrapper fusion-column-has-shadow fusion-flex-justify-content-flex-start fusion-content-layout-column\"><div class=\"fusion-slider-sc\"><div class=\"fusion-flexslider-loading flexslider fusion-aligncenter flexslider-hover-type-none\" data-slideshow_autoplay=\"0\" data-slideshow_smooth_height=\"0\" data-slideshow_speed=\"7000\" style=\"max-width:500px;height:100%;\"><ul class=\"slides\"><li class=\"image\"><span class=\"fusion-image-hover-element hover-type-none\"><img decoding=\"async\" src=\"https:\/\/www.esplac.cat\/wp-content\/uploads\/2025\/07\/Cartell-Jornades-Lleure-i-Feminismes-2025-600x750.jpg\" width=\"600\" height=\"750\" class=\"wp-image-53820\" srcset=\"https:\/\/www.esplac.cat\/wp-content\/uploads\/2025\/07\/Cartell-Jornades-Lleure-i-Feminismes-2025-200x250.jpg 200w, https:\/\/www.esplac.cat\/wp-content\/uploads\/2025\/07\/Cartell-Jornades-Lleure-i-Feminismes-2025-400x500.jpg 400w, https:\/\/www.esplac.cat\/wp-content\/uploads\/2025\/07\/Cartell-Jornades-Lleure-i-Feminismes-2025-600x750.jpg 600w, https:\/\/www.esplac.cat\/wp-content\/uploads\/2025\/07\/Cartell-Jornades-Lleure-i-Feminismes-2025-800x1000.jpg 800w, https:\/\/www.esplac.cat\/wp-content\/uploads\/2025\/07\/Cartell-Jornades-Lleure-i-Feminismes-2025.jpg 1080w\" sizes=\"(max-width: 1024px) 100vw, (max-width: 640px) 100vw, 600px\" \/><\/span><\/li><li class=\"image\"><span class=\"fusion-image-hover-element hover-type-none\"><img decoding=\"async\" src=\"https:\/\/www.esplac.cat\/wp-content\/uploads\/2025\/09\/Programa-Jornades-Lleure-i-Feminismes-2025-1-600x750.jpg\" width=\"600\" height=\"750\" class=\"wp-image-54089\" srcset=\"https:\/\/www.esplac.cat\/wp-content\/uploads\/2025\/09\/Programa-Jornades-Lleure-i-Feminismes-2025-1-200x250.jpg 200w, https:\/\/www.esplac.cat\/wp-content\/uploads\/2025\/09\/Programa-Jornades-Lleure-i-Feminismes-2025-1-400x500.jpg 400w, https:\/\/www.esplac.cat\/wp-content\/uploads\/2025\/09\/Programa-Jornades-Lleure-i-Feminismes-2025-1-600x750.jpg 600w, https:\/\/www.esplac.cat\/wp-content\/uploads\/2025\/09\/Programa-Jornades-Lleure-i-Feminismes-2025-1-800x1000.jpg 800w, https:\/\/www.esplac.cat\/wp-content\/uploads\/2025\/09\/Programa-Jornades-Lleure-i-Feminismes-2025-1.jpg 1080w\" sizes=\"(max-width: 1024px) 100vw, (max-width: 640px) 100vw, 600px\" \/><\/span><\/li><\/ul><\/div><\/div><\/div><\/div><\/div><\/div><div class=\"fusion-fullwidth fullwidth-box fusion-builder-row-3 fusion-flex-container has-pattern-background has-mask-background nonhundred-percent-fullwidth non-hundred-percent-height-scrolling\" style=\"--awb-border-radius-top-left:0px;--awb-border-radius-top-right:0px;--awb-border-radius-bottom-right:0px;--awb-border-radius-bottom-left:0px;--awb-flex-wrap:wrap;\" ><div class=\"fusion-builder-row fusion-row fusion-flex-align-items-flex-start fusion-flex-content-wrap\" style=\"max-width:1248px;margin-left: calc(-4% \/ 2 );margin-right: calc(-4% \/ 2 );\"><div class=\"fusion-layout-column fusion_builder_column fusion-builder-column-3 fusion_builder_column_1_1 1_1 fusion-flex-column\" style=\"--awb-bg-size:cover;--awb-width-large:100%;--awb-margin-top-large:0px;--awb-spacing-right-large:1.92%;--awb-margin-bottom-large:20px;--awb-spacing-left-large:1.92%;--awb-width-medium:100%;--awb-order-medium:0;--awb-spacing-right-medium:1.92%;--awb-spacing-left-medium:1.92%;--awb-width-small:100%;--awb-order-small:0;--awb-spacing-right-small:1.92%;--awb-spacing-left-small:1.92%;\"><div class=\"fusion-column-wrapper fusion-column-has-shadow fusion-flex-justify-content-flex-start fusion-content-layout-column\"><div class=\"fusion-text fusion-text-3\"><p>A m\u00e9s, el diumenge 19 d&#8217;coctubre se celebra una trobada formativa al parc de l&#8217;Estaci\u00f3 del nord de Barcelona en el marc de la <span style=\"color: #f69d0b;\"><a style=\"color: #f69d0b;\" href=\"https:\/\/fesc.xes.cat\/esdeveniment-festival\/contra-les-distopies-imaginem-futurs-utopics\/\" target=\"_blank\" rel=\"noopener\"><strong>Fira d&#8217;Economia Solid\u00e0ria de Catalunya<\/strong><\/a><\/span> que porta com a t\u00edtol <em><strong>Contra les distopies: imaginem futurs ut\u00f2pics!<\/strong> <strong>Quan tot sembla enfonsar-se en distopies, cal entrenar la nostra capacitat de somiar<\/strong><\/em>.<\/p>\n<p>En aquest taller viatjarem a una Catalunya del 2045 on hem aconseguit dur a terme una <strong>transici\u00f3 ecol\u00f2gica justa i democr\u00e0tica<\/strong> i on l\u2019associacionisme juvenil ha tingut un paper crucial. Des del <strong>realisme ecol\u00f2gic<\/strong> i la <strong>narrativa hopepunk<\/strong>, les participants d\u2019aquest taller s\u2019endinsaran en el futur per relatar com vivim, treballem, ens cuidem o ens organitzem en un m\u00f3n post-transici\u00f3. Construirem hist\u00f2ries que il\u00b7luminen camins possibles, sense amagar contradiccions ni complexitats., des de l\u2019esperan\u00e7a cr\u00edtica. <strong>Una proposta creativa per imaginar un m\u00f3n millor\u2026 i fer-lo desitjable, cre\u00efble i compartit<\/strong>. Les inscripcions estan obertes, a trav\u00e9s d&#8217;<span style=\"color: #f69d0b;\"><a style=\"color: #f69d0b;\" href=\"https:\/\/liberaforms.plataformess.org\/taller-descenaris-lleure-educatiu\"><strong>aquest formulari<\/strong><\/a><\/span>.<\/p>\n<\/div><\/div><\/div><\/div><\/div><\/p>\n","protected":false},"excerpt":{"rendered":"","protected":false},"author":3,"featured_media":54067,"comment_status":"closed","ping_status":"closed","sticky":false,"template":"","format":"standard","meta":{"om_disable_all_campaigns":false,"_monsterinsights_skip_tracking":false,"_monsterinsights_sitenote_active":false,"_monsterinsights_sitenote_note":"","_monsterinsights_sitenote_category":0,"_uf_show_specific_survey":0,"_uf_disable_surveys":false,"footnotes":""},"categories":[1111,1131,1158,1330,1,1396],"tags":[],"class_list":["post-54064","post","type-post","status-publish","format-standard","has-post-thumbnail","hentry","category-activitats-esplac","category-cursos-formacions","category-jornades-lleure-feminismes","category-jornades-interculturalitat","category-sense-categoria","category-socies"],"yoast_head":"<!-- This site is optimized with the Yoast SEO plugin v27.4 - https:\/\/yoast.com\/product\/yoast-seo-wordpress\/ -->\n<title>Inscripcions obertes! Arriba una nova edici\u00f3 de la tardor de formaci\u00f3<\/title>\n<meta name=\"description\" content=\"No perdis l\u2019oportunitat de participar a les Tardes de Lleure i Antiracisme i a les Jornades de Lleure i Feminismes!\" \/>\n<meta name=\"robots\" content=\"index, follow, max-snippet:-1, max-image-preview:large, max-video-preview:-1\" \/>\n<link rel=\"canonical\" href=\"https:\/\/www.esplac.cat\/inscripcions-tardor-formacio-2025\/\" \/>\n<meta property=\"og:locale\" content=\"en_US\" \/>\n<meta property=\"og:type\" content=\"article\" \/>\n<meta property=\"og:title\" content=\"Inscripcions obertes! Arriba una nova edici\u00f3 de la tardor de formaci\u00f3\" \/>\n<meta property=\"og:description\" content=\"No perdis l\u2019oportunitat de participar a les Tardes de Lleure i Antiracisme i a les Jornades de Lleure i Feminismes!\" \/>\n<meta property=\"og:url\" content=\"https:\/\/www.esplac.cat\/inscripcions-tardor-formacio-2025\/\" \/>\n<meta property=\"og:site_name\" content=\"Esplac\" \/>\n<meta property=\"article:published_time\" content=\"2025-09-30T13:07:53+00:00\" \/>\n<meta property=\"article:modified_time\" content=\"2025-10-09T09:56:24+00:00\" \/>\n<meta property=\"og:image\" content=\"https:\/\/www.esplac.cat\/wp-content\/uploads\/2025\/09\/Tardor_Formacio_Inscripcions_2025.jpg\" \/>\n\t<meta property=\"og:image:width\" content=\"1697\" \/>\n\t<meta property=\"og:image:height\" content=\"700\" \/>\n\t<meta property=\"og:image:type\" content=\"image\/jpeg\" \/>\n<meta name=\"author\" content=\"Comunicaci\u00f3 Esplac\" \/>\n<meta name=\"twitter:card\" content=\"summary_large_image\" \/>\n<meta name=\"twitter:label1\" content=\"Written by\" \/>\n\t<meta name=\"twitter:data1\" content=\"Comunicaci\u00f3 Esplac\" \/>\n\t<meta name=\"twitter:label2\" content=\"Est. reading time\" \/>\n\t<meta name=\"twitter:data2\" content=\"5 minutes\" \/>\n<script type=\"application\/ld+json\" class=\"yoast-schema-graph\">{\"@context\":\"https:\\\/\\\/schema.org\",\"@graph\":[{\"@type\":\"Article\",\"@id\":\"https:\\\/\\\/www.esplac.cat\\\/inscripcions-tardor-formacio-2025\\\/#article\",\"isPartOf\":{\"@id\":\"https:\\\/\\\/www.esplac.cat\\\/inscripcions-tardor-formacio-2025\\\/\"},\"author\":{\"name\":\"Comunicaci\u00f3 Esplac\",\"@id\":\"https:\\\/\\\/www.esplac.cat\\\/#\\\/schema\\\/person\\\/908383cf240be18b68f8855d0583faca\"},\"headline\":\"Inscripcions obertes: participa a les Tardes de Lleure i Antiracisme i a les Jornades de Lleure i Feminismes!\",\"datePublished\":\"2025-09-30T13:07:53+00:00\",\"dateModified\":\"2025-10-09T09:56:24+00:00\",\"mainEntityOfPage\":{\"@id\":\"https:\\\/\\\/www.esplac.cat\\\/inscripcions-tardor-formacio-2025\\\/\"},\"wordCount\":4389,\"publisher\":{\"@id\":\"https:\\\/\\\/www.esplac.cat\\\/#organization\"},\"image\":{\"@id\":\"https:\\\/\\\/www.esplac.cat\\\/inscripcions-tardor-formacio-2025\\\/#primaryimage\"},\"thumbnailUrl\":\"https:\\\/\\\/www.esplac.cat\\\/wp-content\\\/uploads\\\/2025\\\/09\\\/Tardor_Formacio_Inscripcions_2025.jpg\",\"articleSection\":[\"Activitats esplac\",\"Cursos i formacions\",\"Jornades de Lleure i Feminismes\",\"Jornades Interculturalitat\",\"Sense categoria\",\"S\u00f2cies\"],\"inLanguage\":\"en-US\"},{\"@type\":\"WebPage\",\"@id\":\"https:\\\/\\\/www.esplac.cat\\\/inscripcions-tardor-formacio-2025\\\/\",\"url\":\"https:\\\/\\\/www.esplac.cat\\\/inscripcions-tardor-formacio-2025\\\/\",\"name\":\"Inscripcions obertes! Arriba una nova edici\u00f3 de la tardor de formaci\u00f3\",\"isPartOf\":{\"@id\":\"https:\\\/\\\/www.esplac.cat\\\/#website\"},\"primaryImageOfPage\":{\"@id\":\"https:\\\/\\\/www.esplac.cat\\\/inscripcions-tardor-formacio-2025\\\/#primaryimage\"},\"image\":{\"@id\":\"https:\\\/\\\/www.esplac.cat\\\/inscripcions-tardor-formacio-2025\\\/#primaryimage\"},\"thumbnailUrl\":\"https:\\\/\\\/www.esplac.cat\\\/wp-content\\\/uploads\\\/2025\\\/09\\\/Tardor_Formacio_Inscripcions_2025.jpg\",\"datePublished\":\"2025-09-30T13:07:53+00:00\",\"dateModified\":\"2025-10-09T09:56:24+00:00\",\"description\":\"No perdis l\u2019oportunitat de participar a les Tardes de Lleure i Antiracisme i a les Jornades de Lleure i Feminismes!\",\"breadcrumb\":{\"@id\":\"https:\\\/\\\/www.esplac.cat\\\/inscripcions-tardor-formacio-2025\\\/#breadcrumb\"},\"inLanguage\":\"en-US\",\"potentialAction\":[{\"@type\":\"ReadAction\",\"target\":[\"https:\\\/\\\/www.esplac.cat\\\/inscripcions-tardor-formacio-2025\\\/\"]}]},{\"@type\":\"ImageObject\",\"inLanguage\":\"en-US\",\"@id\":\"https:\\\/\\\/www.esplac.cat\\\/inscripcions-tardor-formacio-2025\\\/#primaryimage\",\"url\":\"https:\\\/\\\/www.esplac.cat\\\/wp-content\\\/uploads\\\/2025\\\/09\\\/Tardor_Formacio_Inscripcions_2025.jpg\",\"contentUrl\":\"https:\\\/\\\/www.esplac.cat\\\/wp-content\\\/uploads\\\/2025\\\/09\\\/Tardor_Formacio_Inscripcions_2025.jpg\",\"width\":1697,\"height\":700,\"caption\":\"tardord formacio inscripcions\"},{\"@type\":\"BreadcrumbList\",\"@id\":\"https:\\\/\\\/www.esplac.cat\\\/inscripcions-tardor-formacio-2025\\\/#breadcrumb\",\"itemListElement\":[{\"@type\":\"ListItem\",\"position\":1,\"name\":\"Inici\",\"item\":\"https:\\\/\\\/www.esplac.cat\\\/en\\\/\"},{\"@type\":\"ListItem\",\"position\":2,\"name\":\"Inscripcions obertes: participa a les Tardes de Lleure i Antiracisme i a les Jornades de Lleure i Feminismes!\"}]},{\"@type\":\"WebSite\",\"@id\":\"https:\\\/\\\/www.esplac.cat\\\/#website\",\"url\":\"https:\\\/\\\/www.esplac.cat\\\/\",\"name\":\"Esplac\",\"description\":\"Esplais Catalans\",\"publisher\":{\"@id\":\"https:\\\/\\\/www.esplac.cat\\\/#organization\"},\"potentialAction\":[{\"@type\":\"SearchAction\",\"target\":{\"@type\":\"EntryPoint\",\"urlTemplate\":\"https:\\\/\\\/www.esplac.cat\\\/?s={search_term_string}\"},\"query-input\":{\"@type\":\"PropertyValueSpecification\",\"valueRequired\":true,\"valueName\":\"search_term_string\"}}],\"inLanguage\":\"en-US\"},{\"@type\":\"Organization\",\"@id\":\"https:\\\/\\\/www.esplac.cat\\\/#organization\",\"name\":\"Esplac\",\"url\":\"https:\\\/\\\/www.esplac.cat\\\/\",\"logo\":{\"@type\":\"ImageObject\",\"inLanguage\":\"en-US\",\"@id\":\"https:\\\/\\\/www.esplac.cat\\\/#\\\/schema\\\/logo\\\/image\\\/\",\"url\":\"https:\\\/\\\/www.esplac.cat\\\/wp-content\\\/uploads\\\/2019\\\/08\\\/logox2.png\",\"contentUrl\":\"https:\\\/\\\/www.esplac.cat\\\/wp-content\\\/uploads\\\/2019\\\/08\\\/logox2.png\",\"width\":600,\"height\":295,\"caption\":\"Esplac\"},\"image\":{\"@id\":\"https:\\\/\\\/www.esplac.cat\\\/#\\\/schema\\\/logo\\\/image\\\/\"}},{\"@type\":\"Person\",\"@id\":\"https:\\\/\\\/www.esplac.cat\\\/#\\\/schema\\\/person\\\/908383cf240be18b68f8855d0583faca\",\"name\":\"Comunicaci\u00f3 Esplac\",\"image\":{\"@type\":\"ImageObject\",\"inLanguage\":\"en-US\",\"@id\":\"https:\\\/\\\/secure.gravatar.com\\\/avatar\\\/7a4cf8feb412a76ea4a740ca02d95b06b2907b5a6c648c2dd0a1082a093c3141?s=96&d=mm&r=g\",\"url\":\"https:\\\/\\\/secure.gravatar.com\\\/avatar\\\/7a4cf8feb412a76ea4a740ca02d95b06b2907b5a6c648c2dd0a1082a093c3141?s=96&d=mm&r=g\",\"contentUrl\":\"https:\\\/\\\/secure.gravatar.com\\\/avatar\\\/7a4cf8feb412a76ea4a740ca02d95b06b2907b5a6c648c2dd0a1082a093c3141?s=96&d=mm&r=g\",\"caption\":\"Comunicaci\u00f3 Esplac\"}}]}<\/script>\n<!-- \/ Yoast SEO plugin. -->","yoast_head_json":{"title":"Inscripcions obertes! Arriba una nova edici\u00f3 de la tardor de formaci\u00f3","description":"No perdis l\u2019oportunitat de participar a les Tardes de Lleure i Antiracisme i a les Jornades de Lleure i Feminismes!","robots":{"index":"index","follow":"follow","max-snippet":"max-snippet:-1","max-image-preview":"max-image-preview:large","max-video-preview":"max-video-preview:-1"},"canonical":"https:\/\/www.esplac.cat\/inscripcions-tardor-formacio-2025\/","og_locale":"en_US","og_type":"article","og_title":"Inscripcions obertes! Arriba una nova edici\u00f3 de la tardor de formaci\u00f3","og_description":"No perdis l\u2019oportunitat de participar a les Tardes de Lleure i Antiracisme i a les Jornades de Lleure i Feminismes!","og_url":"https:\/\/www.esplac.cat\/inscripcions-tardor-formacio-2025\/","og_site_name":"Esplac","article_published_time":"2025-09-30T13:07:53+00:00","article_modified_time":"2025-10-09T09:56:24+00:00","og_image":[{"width":1697,"height":700,"url":"https:\/\/www.esplac.cat\/wp-content\/uploads\/2025\/09\/Tardor_Formacio_Inscripcions_2025.jpg","type":"image\/jpeg"}],"author":"Comunicaci\u00f3 Esplac","twitter_card":"summary_large_image","twitter_misc":{"Written by":"Comunicaci\u00f3 Esplac","Est. reading time":"5 minutes"},"schema":{"@context":"https:\/\/schema.org","@graph":[{"@type":"Article","@id":"https:\/\/www.esplac.cat\/inscripcions-tardor-formacio-2025\/#article","isPartOf":{"@id":"https:\/\/www.esplac.cat\/inscripcions-tardor-formacio-2025\/"},"author":{"name":"Comunicaci\u00f3 Esplac","@id":"https:\/\/www.esplac.cat\/#\/schema\/person\/908383cf240be18b68f8855d0583faca"},"headline":"Inscripcions obertes: participa a les Tardes de Lleure i Antiracisme i a les Jornades de Lleure i Feminismes!","datePublished":"2025-09-30T13:07:53+00:00","dateModified":"2025-10-09T09:56:24+00:00","mainEntityOfPage":{"@id":"https:\/\/www.esplac.cat\/inscripcions-tardor-formacio-2025\/"},"wordCount":4389,"publisher":{"@id":"https:\/\/www.esplac.cat\/#organization"},"image":{"@id":"https:\/\/www.esplac.cat\/inscripcions-tardor-formacio-2025\/#primaryimage"},"thumbnailUrl":"https:\/\/www.esplac.cat\/wp-content\/uploads\/2025\/09\/Tardor_Formacio_Inscripcions_2025.jpg","articleSection":["Activitats esplac","Cursos i formacions","Jornades de Lleure i Feminismes","Jornades Interculturalitat","Sense categoria","S\u00f2cies"],"inLanguage":"en-US"},{"@type":"WebPage","@id":"https:\/\/www.esplac.cat\/inscripcions-tardor-formacio-2025\/","url":"https:\/\/www.esplac.cat\/inscripcions-tardor-formacio-2025\/","name":"Inscripcions obertes! Arriba una nova edici\u00f3 de la tardor de formaci\u00f3","isPartOf":{"@id":"https:\/\/www.esplac.cat\/#website"},"primaryImageOfPage":{"@id":"https:\/\/www.esplac.cat\/inscripcions-tardor-formacio-2025\/#primaryimage"},"image":{"@id":"https:\/\/www.esplac.cat\/inscripcions-tardor-formacio-2025\/#primaryimage"},"thumbnailUrl":"https:\/\/www.esplac.cat\/wp-content\/uploads\/2025\/09\/Tardor_Formacio_Inscripcions_2025.jpg","datePublished":"2025-09-30T13:07:53+00:00","dateModified":"2025-10-09T09:56:24+00:00","description":"No perdis l\u2019oportunitat de participar a les Tardes de Lleure i Antiracisme i a les Jornades de Lleure i Feminismes!","breadcrumb":{"@id":"https:\/\/www.esplac.cat\/inscripcions-tardor-formacio-2025\/#breadcrumb"},"inLanguage":"en-US","potentialAction":[{"@type":"ReadAction","target":["https:\/\/www.esplac.cat\/inscripcions-tardor-formacio-2025\/"]}]},{"@type":"ImageObject","inLanguage":"en-US","@id":"https:\/\/www.esplac.cat\/inscripcions-tardor-formacio-2025\/#primaryimage","url":"https:\/\/www.esplac.cat\/wp-content\/uploads\/2025\/09\/Tardor_Formacio_Inscripcions_2025.jpg","contentUrl":"https:\/\/www.esplac.cat\/wp-content\/uploads\/2025\/09\/Tardor_Formacio_Inscripcions_2025.jpg","width":1697,"height":700,"caption":"tardord formacio inscripcions"},{"@type":"BreadcrumbList","@id":"https:\/\/www.esplac.cat\/inscripcions-tardor-formacio-2025\/#breadcrumb","itemListElement":[{"@type":"ListItem","position":1,"name":"Inici","item":"https:\/\/www.esplac.cat\/en\/"},{"@type":"ListItem","position":2,"name":"Inscripcions obertes: participa a les Tardes de Lleure i Antiracisme i a les Jornades de Lleure i Feminismes!"}]},{"@type":"WebSite","@id":"https:\/\/www.esplac.cat\/#website","url":"https:\/\/www.esplac.cat\/","name":"Esplac","description":"Esplais Catalans","publisher":{"@id":"https:\/\/www.esplac.cat\/#organization"},"potentialAction":[{"@type":"SearchAction","target":{"@type":"EntryPoint","urlTemplate":"https:\/\/www.esplac.cat\/?s={search_term_string}"},"query-input":{"@type":"PropertyValueSpecification","valueRequired":true,"valueName":"search_term_string"}}],"inLanguage":"en-US"},{"@type":"Organization","@id":"https:\/\/www.esplac.cat\/#organization","name":"Esplac","url":"https:\/\/www.esplac.cat\/","logo":{"@type":"ImageObject","inLanguage":"en-US","@id":"https:\/\/www.esplac.cat\/#\/schema\/logo\/image\/","url":"https:\/\/www.esplac.cat\/wp-content\/uploads\/2019\/08\/logox2.png","contentUrl":"https:\/\/www.esplac.cat\/wp-content\/uploads\/2019\/08\/logox2.png","width":600,"height":295,"caption":"Esplac"},"image":{"@id":"https:\/\/www.esplac.cat\/#\/schema\/logo\/image\/"}},{"@type":"Person","@id":"https:\/\/www.esplac.cat\/#\/schema\/person\/908383cf240be18b68f8855d0583faca","name":"Comunicaci\u00f3 Esplac","image":{"@type":"ImageObject","inLanguage":"en-US","@id":"https:\/\/secure.gravatar.com\/avatar\/7a4cf8feb412a76ea4a740ca02d95b06b2907b5a6c648c2dd0a1082a093c3141?s=96&d=mm&r=g","url":"https:\/\/secure.gravatar.com\/avatar\/7a4cf8feb412a76ea4a740ca02d95b06b2907b5a6c648c2dd0a1082a093c3141?s=96&d=mm&r=g","contentUrl":"https:\/\/secure.gravatar.com\/avatar\/7a4cf8feb412a76ea4a740ca02d95b06b2907b5a6c648c2dd0a1082a093c3141?s=96&d=mm&r=g","caption":"Comunicaci\u00f3 Esplac"}}]}},"_links":{"self":[{"href":"https:\/\/www.esplac.cat\/en\/wp-json\/wp\/v2\/posts\/54064","targetHints":{"allow":["GET"]}}],"collection":[{"href":"https:\/\/www.esplac.cat\/en\/wp-json\/wp\/v2\/posts"}],"about":[{"href":"https:\/\/www.esplac.cat\/en\/wp-json\/wp\/v2\/types\/post"}],"author":[{"embeddable":true,"href":"https:\/\/www.esplac.cat\/en\/wp-json\/wp\/v2\/users\/3"}],"replies":[{"embeddable":true,"href":"https:\/\/www.esplac.cat\/en\/wp-json\/wp\/v2\/comments?post=54064"}],"version-history":[{"count":16,"href":"https:\/\/www.esplac.cat\/en\/wp-json\/wp\/v2\/posts\/54064\/revisions"}],"predecessor-version":[{"id":54174,"href":"https:\/\/www.esplac.cat\/en\/wp-json\/wp\/v2\/posts\/54064\/revisions\/54174"}],"wp:featuredmedia":[{"embeddable":true,"href":"https:\/\/www.esplac.cat\/en\/wp-json\/wp\/v2\/media\/54067"}],"wp:attachment":[{"href":"https:\/\/www.esplac.cat\/en\/wp-json\/wp\/v2\/media?parent=54064"}],"wp:term":[{"taxonomy":"category","embeddable":true,"href":"https:\/\/www.esplac.cat\/en\/wp-json\/wp\/v2\/categories?post=54064"},{"taxonomy":"post_tag","embeddable":true,"href":"https:\/\/www.esplac.cat\/en\/wp-json\/wp\/v2\/tags?post=54064"}],"curies":[{"name":"wp","href":"https:\/\/api.w.org\/{rel}","templated":true}]}}