{"id":54103,"date":"2025-09-29T10:30:17","date_gmt":"2025-09-29T08:30:17","guid":{"rendered":"https:\/\/www.esplac.cat\/?p=54103"},"modified":"2025-10-07T10:28:36","modified_gmt":"2025-10-07T08:28:36","slug":"esplais-barcelona-reuneixen-cim-relleu","status":"publish","type":"post","link":"https:\/\/www.esplac.cat\/en\/esplais-barcelona-reuneixen-cim-relleu\/","title":{"rendered":"Els esplais de Barcelona es reuneixen al CIM per abordar col\u00b7lectivament la q\u00fcesti\u00f3 del relleu"},"content":{"rendered":"<div class=\"fusion-fullwidth fullwidth-box fusion-builder-row-1 fusion-flex-container has-pattern-background has-mask-background nonhundred-percent-fullwidth non-hundred-percent-height-scrolling\" style=\"--awb-border-radius-top-left:0px;--awb-border-radius-top-right:0px;--awb-border-radius-bottom-right:0px;--awb-border-radius-bottom-left:0px;--awb-flex-wrap:wrap;\" ><div class=\"fusion-builder-row fusion-row fusion-flex-align-items-flex-start fusion-flex-content-wrap\" style=\"max-width:1248px;margin-left: calc(-4% \/ 2 );margin-right: calc(-4% \/ 2 );\"><div class=\"fusion-layout-column fusion_builder_column fusion-builder-column-0 fusion_builder_column_1_1 1_1 fusion-flex-column\" style=\"--awb-bg-size:cover;--awb-width-large:100%;--awb-margin-top-large:0px;--awb-spacing-right-large:1.92%;--awb-margin-bottom-large:20px;--awb-spacing-left-large:1.92%;--awb-width-medium:100%;--awb-order-medium:0;--awb-spacing-right-medium:1.92%;--awb-spacing-left-medium:1.92%;--awb-width-small:100%;--awb-order-small:0;--awb-spacing-right-small:1.92%;--awb-spacing-left-small:1.92%;\"><div class=\"fusion-column-wrapper fusion-column-has-shadow fusion-flex-justify-content-flex-start fusion-content-layout-column\"><div class=\"fusion-text fusion-text-1\"><h6><strong>Despr\u00e9s d\u2019una primera revisi\u00f3 del projecte del Curs d\u2019Iniciaci\u00f3 al Monitoratge, els tres sectors de Barcelona el celebren un any m\u00e9s, aquest cop, aplicant les primeres millores.<\/strong><\/h6>\n<p>El <strong>CIM<\/strong> (Curs d\u2019Iniciaci\u00f3 al Monitoratge) \u00e9s una activitat que compta amb una llarga traject\u00f2ria als <span style=\"color: #f69d0b;\"><a style=\"color: #f69d0b;\" href=\"https:\/\/www.esplac.cat\/sectors-geografics\/\" target=\"_blank\" rel=\"noopener\"><strong>sectors de<\/strong> <strong>Barcelona<\/strong>.<\/a><\/span> De manera autogestionada, cada any les monitores i monitors organitzen un <strong>cap de setmana de formaci\u00f3 perqu\u00e8 els grups de joves i premonis dels esplais participants puguin iniciar la seva etapa com a monis amb una bona preparaci\u00f3<\/strong>.<\/p>\n<p>Enguany, l\u2019organitzaci\u00f3 de l&#8217;activitat va comen\u00e7ar al gener. En aquest moment, es va detectar la <strong>necessitat d&#8217;actualitzar l&#8217;activitat per adequar-la a la realitat actual dels esplais<\/strong>. Per fer-ho, es va iniciar un proc\u00e9s d&#8217;an\u00e0lisi i debat des de diferents \u00e0mbits (l&#8217;Equip General de Sector, la Secretaria T\u00e8cnica i els esplais del sector) del qual es van extreure diverses conclusions:<\/p>\n<ul>\n<li>S\u2019aposta per <strong>mantenir el CIM<\/strong>, ja que la necessitat formativa a la qual dona resposta segueix present entre els esplais del sector, especialment en un context en qu\u00e8 la manca de relleu \u00e9s una problem\u00e0tica compartida.<\/li>\n<li>Cal <strong>actualitzar els continguts de les formacions<\/strong>, ja que tant el context social com la realitat concreta dels esplais ha patit for\u00e7a canvis en els \u00faltims anys.<\/li>\n<li>Es vol <strong>garantir que l\u2019activitat sigui accessible econ\u00f2micament<\/strong>, per tal que tots els esplais que vulguin puguin participar-hi. En aquesta l\u00ednia, a l&#8217;AGE del 2025 els esplais dels tres sectors de Barcelona van aprovar augmentar el pressupost del CIM per reduir les significativament les quotes.<\/li>\n<\/ul>\n<p>Amb tot, aquesta edici\u00f3 del CIM ha sigut el resultat dels primers canvis que s\u2019aniran realitzant en aquesta activitat. Els esplais participants han sigut l&#8217;esplai <strong>Espurna<\/strong>, el <strong>GMM<\/strong>, el <strong>Torxa<\/strong>, l<strong>&#8216;SCV del Clot<\/strong>, el <strong>Kasperle<\/strong> i <strong>Turons<\/strong>, que han reunit un total de seixanta monis i premonis al c\u00e0mping del Pasqualet, Caldes de Montbui.<\/p>\n<p>El CIM ha comen\u00e7at el divendres 26 de setembre a la tarda, amb <strong>espais de cohesi\u00f3 i din\u00e0miques de coneixen\u00e7a<\/strong> entre els esplais. Aquestes activitats han generat un bon ambient que despr\u00e9s ha facilitat la participaci\u00f3 en les <strong>formacions del dissabte i el diumenge<\/strong>, les quals han tractat sobre\u2026<\/p>\n<ul>\n<li><strong>Assemblearisme<\/strong>. En aquesta formaci\u00f3, combinant la teoria amb la pr\u00e0ctica, han comen\u00e7at a introduir a les premonis a les din\u00e0miques assemble\u00e0ries, parlant dels rols existents, la participaci\u00f3, la comunicaci\u00f3\u2026<\/li>\n<li><strong>Qu\u00e8 \u00e9s l\u2019esplai? Qu\u00e8 significa ser moni?<\/strong> En aquesta formaci\u00f3 han parlat de les responsabilitats i la implicaci\u00f3 que suposa ser monitora o monitor, tant en el dia a dia, com en termes generals. De la mateixa manera, tamb\u00e9 han analitzat el paper fonamental que tenen els esplais en l\u2019\u00e0mbit social i, per tant, la necessitat d\u2019agafar el relleu d\u2019aquests projectes.<\/li>\n<li><strong>Pedagogia.<\/strong> En aquesta formaci\u00f3 s\u2019han situat els conceptes b\u00e0sics de la pedagogia que despleguen els esplais i s\u2019han ofert eines per tal de comen\u00e7ar a plantejar activitats amb grups d\u2019infants.<\/li>\n<\/ul>\n<p>Finalment, el diumenge s\u2019ha fet el tancament del CIM amb un <strong>dinar conjunt<\/strong>. Els sectors de Barcelona, continuen entomant amb ganes la revisi\u00f3 del CIM per poder superar els reptes en la q\u00fcesti\u00f3 del relleu, als quals s&#8217;enfronten actualment els esplais.<\/p>\n<\/div><\/div><\/div><\/div><\/div>\n","protected":false},"excerpt":{"rendered":"","protected":false},"author":3,"featured_media":54106,"comment_status":"closed","ping_status":"closed","sticky":false,"template":"","format":"standard","meta":{"om_disable_all_campaigns":false,"_monsterinsights_skip_tracking":false,"_monsterinsights_sitenote_active":false,"_monsterinsights_sitenote_note":"","_monsterinsights_sitenote_category":0,"_uf_show_specific_survey":0,"_uf_disable_surveys":false,"footnotes":""},"categories":[1110,1128,1],"tags":[],"class_list":["post-54103","post","type-post","status-publish","format-standard","has-post-thumbnail","hentry","category-activitats-sectors","category-sector-barcelona","category-sense-categoria"],"yoast_head":"<!-- This site is optimized with the Yoast SEO plugin v27.4 - https:\/\/yoast.com\/product\/yoast-seo-wordpress\/ -->\n<title>Els esplais de Barcelona es reuneixen al CIM!<\/title>\n<meta name=\"description\" content=\"Despr\u00e9s d\u2019una primera revisi\u00f3 de l&#039;activitat, els sectors de Barcelona celebren un any m\u00e9s el CIM aplicant les primeres millores.\" \/>\n<meta name=\"robots\" content=\"index, follow, max-snippet:-1, max-image-preview:large, max-video-preview:-1\" \/>\n<link rel=\"canonical\" href=\"https:\/\/www.esplac.cat\/esplais-barcelona-reuneixen-cim-relleu\/\" \/>\n<meta property=\"og:locale\" content=\"en_US\" \/>\n<meta property=\"og:type\" content=\"article\" \/>\n<meta property=\"og:title\" content=\"Els esplais de Barcelona es reuneixen al CIM!\" \/>\n<meta property=\"og:description\" content=\"Despr\u00e9s d\u2019una primera revisi\u00f3 de l&#039;activitat, els sectors de Barcelona celebren un any m\u00e9s el CIM aplicant les primeres millores.\" \/>\n<meta property=\"og:url\" content=\"https:\/\/www.esplac.cat\/esplais-barcelona-reuneixen-cim-relleu\/\" \/>\n<meta property=\"og:site_name\" content=\"Esplac\" \/>\n<meta property=\"article:published_time\" content=\"2025-09-29T08:30:17+00:00\" \/>\n<meta property=\"article:modified_time\" content=\"2025-10-07T08:28:36+00:00\" \/>\n<meta property=\"og:image\" content=\"https:\/\/www.esplac.cat\/wp-content\/uploads\/2025\/10\/CIM_Barcelona.jpg\" \/>\n\t<meta property=\"og:image:width\" content=\"1697\" \/>\n\t<meta property=\"og:image:height\" content=\"700\" \/>\n\t<meta property=\"og:image:type\" content=\"image\/jpeg\" \/>\n<meta name=\"author\" content=\"Comunicaci\u00f3 Esplac\" \/>\n<meta name=\"twitter:card\" content=\"summary_large_image\" \/>\n<meta name=\"twitter:label1\" content=\"Written by\" \/>\n\t<meta name=\"twitter:data1\" content=\"Comunicaci\u00f3 Esplac\" \/>\n\t<meta name=\"twitter:label2\" content=\"Est. reading time\" \/>\n\t<meta name=\"twitter:data2\" content=\"4 minutes\" \/>\n<script type=\"application\/ld+json\" class=\"yoast-schema-graph\">{\"@context\":\"https:\\\/\\\/schema.org\",\"@graph\":[{\"@type\":\"Article\",\"@id\":\"https:\\\/\\\/www.esplac.cat\\\/esplais-barcelona-reuneixen-cim-relleu\\\/#article\",\"isPartOf\":{\"@id\":\"https:\\\/\\\/www.esplac.cat\\\/esplais-barcelona-reuneixen-cim-relleu\\\/\"},\"author\":{\"name\":\"Comunicaci\u00f3 Esplac\",\"@id\":\"https:\\\/\\\/www.esplac.cat\\\/#\\\/schema\\\/person\\\/908383cf240be18b68f8855d0583faca\"},\"headline\":\"Els esplais de Barcelona es reuneixen al CIM per abordar col\u00b7lectivament la q\u00fcesti\u00f3 del relleu\",\"datePublished\":\"2025-09-29T08:30:17+00:00\",\"dateModified\":\"2025-10-07T08:28:36+00:00\",\"mainEntityOfPage\":{\"@id\":\"https:\\\/\\\/www.esplac.cat\\\/esplais-barcelona-reuneixen-cim-relleu\\\/\"},\"wordCount\":1534,\"publisher\":{\"@id\":\"https:\\\/\\\/www.esplac.cat\\\/#organization\"},\"image\":{\"@id\":\"https:\\\/\\\/www.esplac.cat\\\/esplais-barcelona-reuneixen-cim-relleu\\\/#primaryimage\"},\"thumbnailUrl\":\"https:\\\/\\\/www.esplac.cat\\\/wp-content\\\/uploads\\\/2025\\\/10\\\/CIM_Barcelona.jpg\",\"articleSection\":[\"Activitats sectors\",\"Sector Barcelona\",\"Sense categoria\"],\"inLanguage\":\"en-US\"},{\"@type\":\"WebPage\",\"@id\":\"https:\\\/\\\/www.esplac.cat\\\/esplais-barcelona-reuneixen-cim-relleu\\\/\",\"url\":\"https:\\\/\\\/www.esplac.cat\\\/esplais-barcelona-reuneixen-cim-relleu\\\/\",\"name\":\"Els esplais de Barcelona es reuneixen al CIM!\",\"isPartOf\":{\"@id\":\"https:\\\/\\\/www.esplac.cat\\\/#website\"},\"primaryImageOfPage\":{\"@id\":\"https:\\\/\\\/www.esplac.cat\\\/esplais-barcelona-reuneixen-cim-relleu\\\/#primaryimage\"},\"image\":{\"@id\":\"https:\\\/\\\/www.esplac.cat\\\/esplais-barcelona-reuneixen-cim-relleu\\\/#primaryimage\"},\"thumbnailUrl\":\"https:\\\/\\\/www.esplac.cat\\\/wp-content\\\/uploads\\\/2025\\\/10\\\/CIM_Barcelona.jpg\",\"datePublished\":\"2025-09-29T08:30:17+00:00\",\"dateModified\":\"2025-10-07T08:28:36+00:00\",\"description\":\"Despr\u00e9s d\u2019una primera revisi\u00f3 de l'activitat, els sectors de Barcelona celebren un any m\u00e9s el CIM aplicant les primeres millores.\",\"breadcrumb\":{\"@id\":\"https:\\\/\\\/www.esplac.cat\\\/esplais-barcelona-reuneixen-cim-relleu\\\/#breadcrumb\"},\"inLanguage\":\"en-US\",\"potentialAction\":[{\"@type\":\"ReadAction\",\"target\":[\"https:\\\/\\\/www.esplac.cat\\\/esplais-barcelona-reuneixen-cim-relleu\\\/\"]}]},{\"@type\":\"ImageObject\",\"inLanguage\":\"en-US\",\"@id\":\"https:\\\/\\\/www.esplac.cat\\\/esplais-barcelona-reuneixen-cim-relleu\\\/#primaryimage\",\"url\":\"https:\\\/\\\/www.esplac.cat\\\/wp-content\\\/uploads\\\/2025\\\/10\\\/CIM_Barcelona.jpg\",\"contentUrl\":\"https:\\\/\\\/www.esplac.cat\\\/wp-content\\\/uploads\\\/2025\\\/10\\\/CIM_Barcelona.jpg\",\"width\":1697,\"height\":700,\"caption\":\"cim barcelona\"},{\"@type\":\"BreadcrumbList\",\"@id\":\"https:\\\/\\\/www.esplac.cat\\\/esplais-barcelona-reuneixen-cim-relleu\\\/#breadcrumb\",\"itemListElement\":[{\"@type\":\"ListItem\",\"position\":1,\"name\":\"Inici\",\"item\":\"https:\\\/\\\/www.esplac.cat\\\/en\\\/\"},{\"@type\":\"ListItem\",\"position\":2,\"name\":\"Els esplais de Barcelona es reuneixen al CIM per abordar col\u00b7lectivament la q\u00fcesti\u00f3 del relleu\"}]},{\"@type\":\"WebSite\",\"@id\":\"https:\\\/\\\/www.esplac.cat\\\/#website\",\"url\":\"https:\\\/\\\/www.esplac.cat\\\/\",\"name\":\"Esplac\",\"description\":\"Esplais Catalans\",\"publisher\":{\"@id\":\"https:\\\/\\\/www.esplac.cat\\\/#organization\"},\"potentialAction\":[{\"@type\":\"SearchAction\",\"target\":{\"@type\":\"EntryPoint\",\"urlTemplate\":\"https:\\\/\\\/www.esplac.cat\\\/?s={search_term_string}\"},\"query-input\":{\"@type\":\"PropertyValueSpecification\",\"valueRequired\":true,\"valueName\":\"search_term_string\"}}],\"inLanguage\":\"en-US\"},{\"@type\":\"Organization\",\"@id\":\"https:\\\/\\\/www.esplac.cat\\\/#organization\",\"name\":\"Esplac\",\"url\":\"https:\\\/\\\/www.esplac.cat\\\/\",\"logo\":{\"@type\":\"ImageObject\",\"inLanguage\":\"en-US\",\"@id\":\"https:\\\/\\\/www.esplac.cat\\\/#\\\/schema\\\/logo\\\/image\\\/\",\"url\":\"https:\\\/\\\/www.esplac.cat\\\/wp-content\\\/uploads\\\/2019\\\/08\\\/logox2.png\",\"contentUrl\":\"https:\\\/\\\/www.esplac.cat\\\/wp-content\\\/uploads\\\/2019\\\/08\\\/logox2.png\",\"width\":600,\"height\":295,\"caption\":\"Esplac\"},\"image\":{\"@id\":\"https:\\\/\\\/www.esplac.cat\\\/#\\\/schema\\\/logo\\\/image\\\/\"}},{\"@type\":\"Person\",\"@id\":\"https:\\\/\\\/www.esplac.cat\\\/#\\\/schema\\\/person\\\/908383cf240be18b68f8855d0583faca\",\"name\":\"Comunicaci\u00f3 Esplac\",\"image\":{\"@type\":\"ImageObject\",\"inLanguage\":\"en-US\",\"@id\":\"https:\\\/\\\/secure.gravatar.com\\\/avatar\\\/7a4cf8feb412a76ea4a740ca02d95b06b2907b5a6c648c2dd0a1082a093c3141?s=96&d=mm&r=g\",\"url\":\"https:\\\/\\\/secure.gravatar.com\\\/avatar\\\/7a4cf8feb412a76ea4a740ca02d95b06b2907b5a6c648c2dd0a1082a093c3141?s=96&d=mm&r=g\",\"contentUrl\":\"https:\\\/\\\/secure.gravatar.com\\\/avatar\\\/7a4cf8feb412a76ea4a740ca02d95b06b2907b5a6c648c2dd0a1082a093c3141?s=96&d=mm&r=g\",\"caption\":\"Comunicaci\u00f3 Esplac\"}}]}<\/script>\n<!-- \/ Yoast SEO plugin. -->","yoast_head_json":{"title":"Els esplais de Barcelona es reuneixen al CIM!","description":"Despr\u00e9s d\u2019una primera revisi\u00f3 de l'activitat, els sectors de Barcelona celebren un any m\u00e9s el CIM aplicant les primeres millores.","robots":{"index":"index","follow":"follow","max-snippet":"max-snippet:-1","max-image-preview":"max-image-preview:large","max-video-preview":"max-video-preview:-1"},"canonical":"https:\/\/www.esplac.cat\/esplais-barcelona-reuneixen-cim-relleu\/","og_locale":"en_US","og_type":"article","og_title":"Els esplais de Barcelona es reuneixen al CIM!","og_description":"Despr\u00e9s d\u2019una primera revisi\u00f3 de l'activitat, els sectors de Barcelona celebren un any m\u00e9s el CIM aplicant les primeres millores.","og_url":"https:\/\/www.esplac.cat\/esplais-barcelona-reuneixen-cim-relleu\/","og_site_name":"Esplac","article_published_time":"2025-09-29T08:30:17+00:00","article_modified_time":"2025-10-07T08:28:36+00:00","og_image":[{"width":1697,"height":700,"url":"https:\/\/www.esplac.cat\/wp-content\/uploads\/2025\/10\/CIM_Barcelona.jpg","type":"image\/jpeg"}],"author":"Comunicaci\u00f3 Esplac","twitter_card":"summary_large_image","twitter_misc":{"Written by":"Comunicaci\u00f3 Esplac","Est. reading time":"4 minutes"},"schema":{"@context":"https:\/\/schema.org","@graph":[{"@type":"Article","@id":"https:\/\/www.esplac.cat\/esplais-barcelona-reuneixen-cim-relleu\/#article","isPartOf":{"@id":"https:\/\/www.esplac.cat\/esplais-barcelona-reuneixen-cim-relleu\/"},"author":{"name":"Comunicaci\u00f3 Esplac","@id":"https:\/\/www.esplac.cat\/#\/schema\/person\/908383cf240be18b68f8855d0583faca"},"headline":"Els esplais de Barcelona es reuneixen al CIM per abordar col\u00b7lectivament la q\u00fcesti\u00f3 del relleu","datePublished":"2025-09-29T08:30:17+00:00","dateModified":"2025-10-07T08:28:36+00:00","mainEntityOfPage":{"@id":"https:\/\/www.esplac.cat\/esplais-barcelona-reuneixen-cim-relleu\/"},"wordCount":1534,"publisher":{"@id":"https:\/\/www.esplac.cat\/#organization"},"image":{"@id":"https:\/\/www.esplac.cat\/esplais-barcelona-reuneixen-cim-relleu\/#primaryimage"},"thumbnailUrl":"https:\/\/www.esplac.cat\/wp-content\/uploads\/2025\/10\/CIM_Barcelona.jpg","articleSection":["Activitats sectors","Sector Barcelona","Sense categoria"],"inLanguage":"en-US"},{"@type":"WebPage","@id":"https:\/\/www.esplac.cat\/esplais-barcelona-reuneixen-cim-relleu\/","url":"https:\/\/www.esplac.cat\/esplais-barcelona-reuneixen-cim-relleu\/","name":"Els esplais de Barcelona es reuneixen al CIM!","isPartOf":{"@id":"https:\/\/www.esplac.cat\/#website"},"primaryImageOfPage":{"@id":"https:\/\/www.esplac.cat\/esplais-barcelona-reuneixen-cim-relleu\/#primaryimage"},"image":{"@id":"https:\/\/www.esplac.cat\/esplais-barcelona-reuneixen-cim-relleu\/#primaryimage"},"thumbnailUrl":"https:\/\/www.esplac.cat\/wp-content\/uploads\/2025\/10\/CIM_Barcelona.jpg","datePublished":"2025-09-29T08:30:17+00:00","dateModified":"2025-10-07T08:28:36+00:00","description":"Despr\u00e9s d\u2019una primera revisi\u00f3 de l'activitat, els sectors de Barcelona celebren un any m\u00e9s el CIM aplicant les primeres millores.","breadcrumb":{"@id":"https:\/\/www.esplac.cat\/esplais-barcelona-reuneixen-cim-relleu\/#breadcrumb"},"inLanguage":"en-US","potentialAction":[{"@type":"ReadAction","target":["https:\/\/www.esplac.cat\/esplais-barcelona-reuneixen-cim-relleu\/"]}]},{"@type":"ImageObject","inLanguage":"en-US","@id":"https:\/\/www.esplac.cat\/esplais-barcelona-reuneixen-cim-relleu\/#primaryimage","url":"https:\/\/www.esplac.cat\/wp-content\/uploads\/2025\/10\/CIM_Barcelona.jpg","contentUrl":"https:\/\/www.esplac.cat\/wp-content\/uploads\/2025\/10\/CIM_Barcelona.jpg","width":1697,"height":700,"caption":"cim barcelona"},{"@type":"BreadcrumbList","@id":"https:\/\/www.esplac.cat\/esplais-barcelona-reuneixen-cim-relleu\/#breadcrumb","itemListElement":[{"@type":"ListItem","position":1,"name":"Inici","item":"https:\/\/www.esplac.cat\/en\/"},{"@type":"ListItem","position":2,"name":"Els esplais de Barcelona es reuneixen al CIM per abordar col\u00b7lectivament la q\u00fcesti\u00f3 del relleu"}]},{"@type":"WebSite","@id":"https:\/\/www.esplac.cat\/#website","url":"https:\/\/www.esplac.cat\/","name":"Esplac","description":"Esplais Catalans","publisher":{"@id":"https:\/\/www.esplac.cat\/#organization"},"potentialAction":[{"@type":"SearchAction","target":{"@type":"EntryPoint","urlTemplate":"https:\/\/www.esplac.cat\/?s={search_term_string}"},"query-input":{"@type":"PropertyValueSpecification","valueRequired":true,"valueName":"search_term_string"}}],"inLanguage":"en-US"},{"@type":"Organization","@id":"https:\/\/www.esplac.cat\/#organization","name":"Esplac","url":"https:\/\/www.esplac.cat\/","logo":{"@type":"ImageObject","inLanguage":"en-US","@id":"https:\/\/www.esplac.cat\/#\/schema\/logo\/image\/","url":"https:\/\/www.esplac.cat\/wp-content\/uploads\/2019\/08\/logox2.png","contentUrl":"https:\/\/www.esplac.cat\/wp-content\/uploads\/2019\/08\/logox2.png","width":600,"height":295,"caption":"Esplac"},"image":{"@id":"https:\/\/www.esplac.cat\/#\/schema\/logo\/image\/"}},{"@type":"Person","@id":"https:\/\/www.esplac.cat\/#\/schema\/person\/908383cf240be18b68f8855d0583faca","name":"Comunicaci\u00f3 Esplac","image":{"@type":"ImageObject","inLanguage":"en-US","@id":"https:\/\/secure.gravatar.com\/avatar\/7a4cf8feb412a76ea4a740ca02d95b06b2907b5a6c648c2dd0a1082a093c3141?s=96&d=mm&r=g","url":"https:\/\/secure.gravatar.com\/avatar\/7a4cf8feb412a76ea4a740ca02d95b06b2907b5a6c648c2dd0a1082a093c3141?s=96&d=mm&r=g","contentUrl":"https:\/\/secure.gravatar.com\/avatar\/7a4cf8feb412a76ea4a740ca02d95b06b2907b5a6c648c2dd0a1082a093c3141?s=96&d=mm&r=g","caption":"Comunicaci\u00f3 Esplac"}}]}},"_links":{"self":[{"href":"https:\/\/www.esplac.cat\/en\/wp-json\/wp\/v2\/posts\/54103","targetHints":{"allow":["GET"]}}],"collection":[{"href":"https:\/\/www.esplac.cat\/en\/wp-json\/wp\/v2\/posts"}],"about":[{"href":"https:\/\/www.esplac.cat\/en\/wp-json\/wp\/v2\/types\/post"}],"author":[{"embeddable":true,"href":"https:\/\/www.esplac.cat\/en\/wp-json\/wp\/v2\/users\/3"}],"replies":[{"embeddable":true,"href":"https:\/\/www.esplac.cat\/en\/wp-json\/wp\/v2\/comments?post=54103"}],"version-history":[{"count":4,"href":"https:\/\/www.esplac.cat\/en\/wp-json\/wp\/v2\/posts\/54103\/revisions"}],"predecessor-version":[{"id":55751,"href":"https:\/\/www.esplac.cat\/en\/wp-json\/wp\/v2\/posts\/54103\/revisions\/55751"}],"wp:featuredmedia":[{"embeddable":true,"href":"https:\/\/www.esplac.cat\/en\/wp-json\/wp\/v2\/media\/54106"}],"wp:attachment":[{"href":"https:\/\/www.esplac.cat\/en\/wp-json\/wp\/v2\/media?parent=54103"}],"wp:term":[{"taxonomy":"category","embeddable":true,"href":"https:\/\/www.esplac.cat\/en\/wp-json\/wp\/v2\/categories?post=54103"},{"taxonomy":"post_tag","embeddable":true,"href":"https:\/\/www.esplac.cat\/en\/wp-json\/wp\/v2\/tags?post=54103"}],"curies":[{"name":"wp","href":"https:\/\/api.w.org\/{rel}","templated":true}]}}