{"id":54279,"date":"2025-10-17T08:30:22","date_gmt":"2025-10-17T06:30:22","guid":{"rendered":"https:\/\/www.esplac.cat\/?p=54279"},"modified":"2025-10-23T10:13:35","modified_gmt":"2025-10-23T08:13:35","slug":"sector-barcelona-nord-est-celebra-assemblea-general-ordinaria","status":"publish","type":"post","link":"https:\/\/www.esplac.cat\/en\/sector-barcelona-nord-est-celebra-assemblea-general-ordinaria\/","title":{"rendered":"El Sector Barcelona Nord-Est celebra l\u2019Assemblea General Ordin\u00e0ria de sector"},"content":{"rendered":"<div class=\"fusion-fullwidth fullwidth-box fusion-builder-row-1 fusion-flex-container has-pattern-background has-mask-background nonhundred-percent-fullwidth non-hundred-percent-height-scrolling\" style=\"--awb-border-radius-top-left:0px;--awb-border-radius-top-right:0px;--awb-border-radius-bottom-right:0px;--awb-border-radius-bottom-left:0px;--awb-flex-wrap:wrap;\" ><div class=\"fusion-builder-row fusion-row fusion-flex-align-items-flex-start fusion-flex-content-wrap\" style=\"max-width:1248px;margin-left: calc(-4% \/ 2 );margin-right: calc(-4% \/ 2 );\"><div class=\"fusion-layout-column fusion_builder_column fusion-builder-column-0 fusion_builder_column_1_1 1_1 fusion-flex-column\" style=\"--awb-bg-size:cover;--awb-width-large:100%;--awb-margin-top-large:0px;--awb-spacing-right-large:1.92%;--awb-margin-bottom-large:20px;--awb-spacing-left-large:1.92%;--awb-width-medium:100%;--awb-order-medium:0;--awb-spacing-right-medium:1.92%;--awb-spacing-left-medium:1.92%;--awb-width-small:100%;--awb-order-small:0;--awb-spacing-right-small:1.92%;--awb-spacing-left-small:1.92%;\"><div class=\"fusion-column-wrapper fusion-column-has-shadow fusion-flex-justify-content-flex-start fusion-content-layout-column\"><div class=\"fusion-text fusion-text-1\"><h6><strong>El sector aprova la Mem\u00f2ria del curs 2024-25 i el Pla de treball del curs 2025-26 per unanimitat.<\/strong><\/h6>\n<p>El dimarts 14 d\u2019octubre ha tingut lloc l\u2019<strong>Assemblea General Ordin\u00e0ria<\/strong> (AGO) de sector del <span style=\"color: #f69d0b;\"><a style=\"color: #f69d0b;\" href=\"https:\/\/www.esplac.cat\/sectors-geografics\/barcelona-nord-est\/\" target=\"_blank\" rel=\"noopener\"><strong>Sector Barcelona Nord-Est<\/strong><\/a><\/span>. Enguany l\u2019assemblea ha tingut lloc al Mas Guinard\u00f3, el local de l\u2019<span style=\"color: #f69d0b;\"><a style=\"color: #f69d0b;\" href=\"https:\/\/www.instagram.com\/esplaitorxa\/\" target=\"_blank\" rel=\"noopener\"><strong>Esplai Torxa<\/strong><\/a><\/span> i ha comptat amb la participaci\u00f3 de <strong>11 monitores i monitors referents de 5 esplais<\/strong> de Barcelona Nord-Est, l\u2019Equip General de Sector (EGS), la Coordinadora de Projectes de Sector i representants de l\u2019Equip de Coordinaci\u00f3 d\u2019Esplac.<\/p>\n<p>L\u2019assemblea ha comen\u00e7at amb l\u2019aprovaci\u00f3 de la <strong>Mem\u00f2ria de sector del curs 2024-25<\/strong>. Durant l\u2019\u00faltim curs, el sector ha aconseguit consolidar un equip d&#8217;EGS, fet que ha contribu\u00eft molt positivament a l\u2019atenci\u00f3 personalitzada dels esplais. Malauradament, no ha estat un any f\u00e0cil; 3 esplais del sector han pres la decisi\u00f3 deixar la seva activitat degut a la manca de forces per continuar amb el projecte de l\u2019esplai.<\/p>\n<p>Per altra banda, els objectius del <strong>Pla de Treball<\/strong> d\u2019enguany s\u2019ha centrat en l\u2019<strong>enfortiment de la xarxa de suport dins del sector<\/strong> i la <strong>formaci\u00f3 de les monitores i els monitors<\/strong>. De cada \u00e0mbit, s\u2019han extret una s\u00e8rie d\u2019objectius i les accions que es volen dur a terme per assolir-los.<\/p>\n<p>En les properes reunions de sector, previsiblement de cara al gener o febrer, se celebrar\u00e0 l\u2019<strong>Assemblea General Extraordin\u00e0ria<\/strong> (AGE) del sector en qu\u00e8 es votar\u00e0 el pressupost del curs. Aix\u00ed doncs, el sector engega el curs amb for\u00e7a i motivaci\u00f3!<\/p>\n<\/div><\/div><\/div><\/div><\/div>\n","protected":false},"excerpt":{"rendered":"","protected":false},"author":3,"featured_media":54281,"comment_status":"closed","ping_status":"closed","sticky":false,"template":"","format":"standard","meta":{"om_disable_all_campaigns":false,"_monsterinsights_skip_tracking":false,"_monsterinsights_sitenote_active":false,"_monsterinsights_sitenote_note":"","_monsterinsights_sitenote_category":0,"_uf_show_specific_survey":0,"_uf_disable_surveys":false,"footnotes":""},"categories":[1110,1128,1398,1],"tags":[],"class_list":["post-54279","post","type-post","status-publish","format-standard","has-post-thumbnail","hentry","category-activitats-sectors","category-sector-barcelona","category-sector-barcelona-nord-est","category-sense-categoria"],"yoast_head":"<!-- This site is optimized with the Yoast SEO plugin v27.4 - https:\/\/yoast.com\/product\/yoast-seo-wordpress\/ -->\n<title>El Sector Barcelona Nord-Est celebra l\u2019AGO de sector<\/title>\n<meta name=\"description\" content=\"El sector aprova la Mem\u00f2ria del curs 2024-25 i el Pla de treball del curs 2025-26 per unanimitat.\" \/>\n<meta name=\"robots\" content=\"index, follow, max-snippet:-1, max-image-preview:large, max-video-preview:-1\" \/>\n<link rel=\"canonical\" href=\"https:\/\/www.esplac.cat\/sector-barcelona-nord-est-celebra-assemblea-general-ordinaria\/\" \/>\n<meta property=\"og:locale\" content=\"en_US\" \/>\n<meta property=\"og:type\" content=\"article\" \/>\n<meta property=\"og:title\" content=\"El Sector Barcelona Nord-Est celebra l\u2019AGO de sector\" \/>\n<meta property=\"og:description\" content=\"El sector aprova la Mem\u00f2ria del curs 2024-25 i el Pla de treball del curs 2025-26 per unanimitat.\" \/>\n<meta property=\"og:url\" content=\"https:\/\/www.esplac.cat\/sector-barcelona-nord-est-celebra-assemblea-general-ordinaria\/\" \/>\n<meta property=\"og:site_name\" content=\"Esplac\" \/>\n<meta property=\"article:published_time\" content=\"2025-10-17T06:30:22+00:00\" \/>\n<meta property=\"article:modified_time\" content=\"2025-10-23T08:13:35+00:00\" \/>\n<meta property=\"og:image\" content=\"https:\/\/www.esplac.cat\/wp-content\/uploads\/2025\/10\/AGO_BCN_NE.jpg\" \/>\n\t<meta property=\"og:image:width\" content=\"2546\" \/>\n\t<meta property=\"og:image:height\" content=\"1050\" \/>\n\t<meta property=\"og:image:type\" content=\"image\/jpeg\" \/>\n<meta name=\"author\" content=\"Comunicaci\u00f3 Esplac\" \/>\n<meta name=\"twitter:card\" content=\"summary_large_image\" \/>\n<meta name=\"twitter:label1\" content=\"Written by\" \/>\n\t<meta name=\"twitter:data1\" content=\"Comunicaci\u00f3 Esplac\" \/>\n\t<meta name=\"twitter:label2\" content=\"Est. reading time\" \/>\n\t<meta name=\"twitter:data2\" content=\"2 minutes\" \/>\n<script type=\"application\/ld+json\" class=\"yoast-schema-graph\">{\"@context\":\"https:\\\/\\\/schema.org\",\"@graph\":[{\"@type\":\"Article\",\"@id\":\"https:\\\/\\\/www.esplac.cat\\\/sector-barcelona-nord-est-celebra-assemblea-general-ordinaria\\\/#article\",\"isPartOf\":{\"@id\":\"https:\\\/\\\/www.esplac.cat\\\/sector-barcelona-nord-est-celebra-assemblea-general-ordinaria\\\/\"},\"author\":{\"name\":\"Comunicaci\u00f3 Esplac\",\"@id\":\"https:\\\/\\\/www.esplac.cat\\\/#\\\/schema\\\/person\\\/908383cf240be18b68f8855d0583faca\"},\"headline\":\"El Sector Barcelona Nord-Est celebra l\u2019Assemblea General Ordin\u00e0ria de sector\",\"datePublished\":\"2025-10-17T06:30:22+00:00\",\"dateModified\":\"2025-10-23T08:13:35+00:00\",\"mainEntityOfPage\":{\"@id\":\"https:\\\/\\\/www.esplac.cat\\\/sector-barcelona-nord-est-celebra-assemblea-general-ordinaria\\\/\"},\"wordCount\":1234,\"publisher\":{\"@id\":\"https:\\\/\\\/www.esplac.cat\\\/#organization\"},\"image\":{\"@id\":\"https:\\\/\\\/www.esplac.cat\\\/sector-barcelona-nord-est-celebra-assemblea-general-ordinaria\\\/#primaryimage\"},\"thumbnailUrl\":\"https:\\\/\\\/www.esplac.cat\\\/wp-content\\\/uploads\\\/2025\\\/10\\\/AGO_BCN_NE.jpg\",\"articleSection\":[\"Activitats sectors\",\"Sector Barcelona\",\"Sector Barcelona Nord-Est\",\"Sense categoria\"],\"inLanguage\":\"en-US\"},{\"@type\":\"WebPage\",\"@id\":\"https:\\\/\\\/www.esplac.cat\\\/sector-barcelona-nord-est-celebra-assemblea-general-ordinaria\\\/\",\"url\":\"https:\\\/\\\/www.esplac.cat\\\/sector-barcelona-nord-est-celebra-assemblea-general-ordinaria\\\/\",\"name\":\"El Sector Barcelona Nord-Est celebra l\u2019AGO de sector\",\"isPartOf\":{\"@id\":\"https:\\\/\\\/www.esplac.cat\\\/#website\"},\"primaryImageOfPage\":{\"@id\":\"https:\\\/\\\/www.esplac.cat\\\/sector-barcelona-nord-est-celebra-assemblea-general-ordinaria\\\/#primaryimage\"},\"image\":{\"@id\":\"https:\\\/\\\/www.esplac.cat\\\/sector-barcelona-nord-est-celebra-assemblea-general-ordinaria\\\/#primaryimage\"},\"thumbnailUrl\":\"https:\\\/\\\/www.esplac.cat\\\/wp-content\\\/uploads\\\/2025\\\/10\\\/AGO_BCN_NE.jpg\",\"datePublished\":\"2025-10-17T06:30:22+00:00\",\"dateModified\":\"2025-10-23T08:13:35+00:00\",\"description\":\"El sector aprova la Mem\u00f2ria del curs 2024-25 i el Pla de treball del curs 2025-26 per unanimitat.\",\"breadcrumb\":{\"@id\":\"https:\\\/\\\/www.esplac.cat\\\/sector-barcelona-nord-est-celebra-assemblea-general-ordinaria\\\/#breadcrumb\"},\"inLanguage\":\"en-US\",\"potentialAction\":[{\"@type\":\"ReadAction\",\"target\":[\"https:\\\/\\\/www.esplac.cat\\\/sector-barcelona-nord-est-celebra-assemblea-general-ordinaria\\\/\"]}]},{\"@type\":\"ImageObject\",\"inLanguage\":\"en-US\",\"@id\":\"https:\\\/\\\/www.esplac.cat\\\/sector-barcelona-nord-est-celebra-assemblea-general-ordinaria\\\/#primaryimage\",\"url\":\"https:\\\/\\\/www.esplac.cat\\\/wp-content\\\/uploads\\\/2025\\\/10\\\/AGO_BCN_NE.jpg\",\"contentUrl\":\"https:\\\/\\\/www.esplac.cat\\\/wp-content\\\/uploads\\\/2025\\\/10\\\/AGO_BCN_NE.jpg\",\"width\":2546,\"height\":1050,\"caption\":\"Sector Barcelona\"},{\"@type\":\"BreadcrumbList\",\"@id\":\"https:\\\/\\\/www.esplac.cat\\\/sector-barcelona-nord-est-celebra-assemblea-general-ordinaria\\\/#breadcrumb\",\"itemListElement\":[{\"@type\":\"ListItem\",\"position\":1,\"name\":\"Inici\",\"item\":\"https:\\\/\\\/www.esplac.cat\\\/en\\\/\"},{\"@type\":\"ListItem\",\"position\":2,\"name\":\"El Sector Barcelona Nord-Est celebra l\u2019Assemblea General Ordin\u00e0ria de sector\"}]},{\"@type\":\"WebSite\",\"@id\":\"https:\\\/\\\/www.esplac.cat\\\/#website\",\"url\":\"https:\\\/\\\/www.esplac.cat\\\/\",\"name\":\"Esplac\",\"description\":\"Esplais Catalans\",\"publisher\":{\"@id\":\"https:\\\/\\\/www.esplac.cat\\\/#organization\"},\"potentialAction\":[{\"@type\":\"SearchAction\",\"target\":{\"@type\":\"EntryPoint\",\"urlTemplate\":\"https:\\\/\\\/www.esplac.cat\\\/?s={search_term_string}\"},\"query-input\":{\"@type\":\"PropertyValueSpecification\",\"valueRequired\":true,\"valueName\":\"search_term_string\"}}],\"inLanguage\":\"en-US\"},{\"@type\":\"Organization\",\"@id\":\"https:\\\/\\\/www.esplac.cat\\\/#organization\",\"name\":\"Esplac\",\"url\":\"https:\\\/\\\/www.esplac.cat\\\/\",\"logo\":{\"@type\":\"ImageObject\",\"inLanguage\":\"en-US\",\"@id\":\"https:\\\/\\\/www.esplac.cat\\\/#\\\/schema\\\/logo\\\/image\\\/\",\"url\":\"https:\\\/\\\/www.esplac.cat\\\/wp-content\\\/uploads\\\/2019\\\/08\\\/logox2.png\",\"contentUrl\":\"https:\\\/\\\/www.esplac.cat\\\/wp-content\\\/uploads\\\/2019\\\/08\\\/logox2.png\",\"width\":600,\"height\":295,\"caption\":\"Esplac\"},\"image\":{\"@id\":\"https:\\\/\\\/www.esplac.cat\\\/#\\\/schema\\\/logo\\\/image\\\/\"}},{\"@type\":\"Person\",\"@id\":\"https:\\\/\\\/www.esplac.cat\\\/#\\\/schema\\\/person\\\/908383cf240be18b68f8855d0583faca\",\"name\":\"Comunicaci\u00f3 Esplac\",\"image\":{\"@type\":\"ImageObject\",\"inLanguage\":\"en-US\",\"@id\":\"https:\\\/\\\/secure.gravatar.com\\\/avatar\\\/7a4cf8feb412a76ea4a740ca02d95b06b2907b5a6c648c2dd0a1082a093c3141?s=96&d=mm&r=g\",\"url\":\"https:\\\/\\\/secure.gravatar.com\\\/avatar\\\/7a4cf8feb412a76ea4a740ca02d95b06b2907b5a6c648c2dd0a1082a093c3141?s=96&d=mm&r=g\",\"contentUrl\":\"https:\\\/\\\/secure.gravatar.com\\\/avatar\\\/7a4cf8feb412a76ea4a740ca02d95b06b2907b5a6c648c2dd0a1082a093c3141?s=96&d=mm&r=g\",\"caption\":\"Comunicaci\u00f3 Esplac\"}}]}<\/script>\n<!-- \/ Yoast SEO plugin. -->","yoast_head_json":{"title":"El Sector Barcelona Nord-Est celebra l\u2019AGO de sector","description":"El sector aprova la Mem\u00f2ria del curs 2024-25 i el Pla de treball del curs 2025-26 per unanimitat.","robots":{"index":"index","follow":"follow","max-snippet":"max-snippet:-1","max-image-preview":"max-image-preview:large","max-video-preview":"max-video-preview:-1"},"canonical":"https:\/\/www.esplac.cat\/sector-barcelona-nord-est-celebra-assemblea-general-ordinaria\/","og_locale":"en_US","og_type":"article","og_title":"El Sector Barcelona Nord-Est celebra l\u2019AGO de sector","og_description":"El sector aprova la Mem\u00f2ria del curs 2024-25 i el Pla de treball del curs 2025-26 per unanimitat.","og_url":"https:\/\/www.esplac.cat\/sector-barcelona-nord-est-celebra-assemblea-general-ordinaria\/","og_site_name":"Esplac","article_published_time":"2025-10-17T06:30:22+00:00","article_modified_time":"2025-10-23T08:13:35+00:00","og_image":[{"width":2546,"height":1050,"url":"https:\/\/www.esplac.cat\/wp-content\/uploads\/2025\/10\/AGO_BCN_NE.jpg","type":"image\/jpeg"}],"author":"Comunicaci\u00f3 Esplac","twitter_card":"summary_large_image","twitter_misc":{"Written by":"Comunicaci\u00f3 Esplac","Est. reading time":"2 minutes"},"schema":{"@context":"https:\/\/schema.org","@graph":[{"@type":"Article","@id":"https:\/\/www.esplac.cat\/sector-barcelona-nord-est-celebra-assemblea-general-ordinaria\/#article","isPartOf":{"@id":"https:\/\/www.esplac.cat\/sector-barcelona-nord-est-celebra-assemblea-general-ordinaria\/"},"author":{"name":"Comunicaci\u00f3 Esplac","@id":"https:\/\/www.esplac.cat\/#\/schema\/person\/908383cf240be18b68f8855d0583faca"},"headline":"El Sector Barcelona Nord-Est celebra l\u2019Assemblea General Ordin\u00e0ria de sector","datePublished":"2025-10-17T06:30:22+00:00","dateModified":"2025-10-23T08:13:35+00:00","mainEntityOfPage":{"@id":"https:\/\/www.esplac.cat\/sector-barcelona-nord-est-celebra-assemblea-general-ordinaria\/"},"wordCount":1234,"publisher":{"@id":"https:\/\/www.esplac.cat\/#organization"},"image":{"@id":"https:\/\/www.esplac.cat\/sector-barcelona-nord-est-celebra-assemblea-general-ordinaria\/#primaryimage"},"thumbnailUrl":"https:\/\/www.esplac.cat\/wp-content\/uploads\/2025\/10\/AGO_BCN_NE.jpg","articleSection":["Activitats sectors","Sector Barcelona","Sector Barcelona Nord-Est","Sense categoria"],"inLanguage":"en-US"},{"@type":"WebPage","@id":"https:\/\/www.esplac.cat\/sector-barcelona-nord-est-celebra-assemblea-general-ordinaria\/","url":"https:\/\/www.esplac.cat\/sector-barcelona-nord-est-celebra-assemblea-general-ordinaria\/","name":"El Sector Barcelona Nord-Est celebra l\u2019AGO de sector","isPartOf":{"@id":"https:\/\/www.esplac.cat\/#website"},"primaryImageOfPage":{"@id":"https:\/\/www.esplac.cat\/sector-barcelona-nord-est-celebra-assemblea-general-ordinaria\/#primaryimage"},"image":{"@id":"https:\/\/www.esplac.cat\/sector-barcelona-nord-est-celebra-assemblea-general-ordinaria\/#primaryimage"},"thumbnailUrl":"https:\/\/www.esplac.cat\/wp-content\/uploads\/2025\/10\/AGO_BCN_NE.jpg","datePublished":"2025-10-17T06:30:22+00:00","dateModified":"2025-10-23T08:13:35+00:00","description":"El sector aprova la Mem\u00f2ria del curs 2024-25 i el Pla de treball del curs 2025-26 per unanimitat.","breadcrumb":{"@id":"https:\/\/www.esplac.cat\/sector-barcelona-nord-est-celebra-assemblea-general-ordinaria\/#breadcrumb"},"inLanguage":"en-US","potentialAction":[{"@type":"ReadAction","target":["https:\/\/www.esplac.cat\/sector-barcelona-nord-est-celebra-assemblea-general-ordinaria\/"]}]},{"@type":"ImageObject","inLanguage":"en-US","@id":"https:\/\/www.esplac.cat\/sector-barcelona-nord-est-celebra-assemblea-general-ordinaria\/#primaryimage","url":"https:\/\/www.esplac.cat\/wp-content\/uploads\/2025\/10\/AGO_BCN_NE.jpg","contentUrl":"https:\/\/www.esplac.cat\/wp-content\/uploads\/2025\/10\/AGO_BCN_NE.jpg","width":2546,"height":1050,"caption":"Sector Barcelona"},{"@type":"BreadcrumbList","@id":"https:\/\/www.esplac.cat\/sector-barcelona-nord-est-celebra-assemblea-general-ordinaria\/#breadcrumb","itemListElement":[{"@type":"ListItem","position":1,"name":"Inici","item":"https:\/\/www.esplac.cat\/en\/"},{"@type":"ListItem","position":2,"name":"El Sector Barcelona Nord-Est celebra l\u2019Assemblea General Ordin\u00e0ria de sector"}]},{"@type":"WebSite","@id":"https:\/\/www.esplac.cat\/#website","url":"https:\/\/www.esplac.cat\/","name":"Esplac","description":"Esplais Catalans","publisher":{"@id":"https:\/\/www.esplac.cat\/#organization"},"potentialAction":[{"@type":"SearchAction","target":{"@type":"EntryPoint","urlTemplate":"https:\/\/www.esplac.cat\/?s={search_term_string}"},"query-input":{"@type":"PropertyValueSpecification","valueRequired":true,"valueName":"search_term_string"}}],"inLanguage":"en-US"},{"@type":"Organization","@id":"https:\/\/www.esplac.cat\/#organization","name":"Esplac","url":"https:\/\/www.esplac.cat\/","logo":{"@type":"ImageObject","inLanguage":"en-US","@id":"https:\/\/www.esplac.cat\/#\/schema\/logo\/image\/","url":"https:\/\/www.esplac.cat\/wp-content\/uploads\/2019\/08\/logox2.png","contentUrl":"https:\/\/www.esplac.cat\/wp-content\/uploads\/2019\/08\/logox2.png","width":600,"height":295,"caption":"Esplac"},"image":{"@id":"https:\/\/www.esplac.cat\/#\/schema\/logo\/image\/"}},{"@type":"Person","@id":"https:\/\/www.esplac.cat\/#\/schema\/person\/908383cf240be18b68f8855d0583faca","name":"Comunicaci\u00f3 Esplac","image":{"@type":"ImageObject","inLanguage":"en-US","@id":"https:\/\/secure.gravatar.com\/avatar\/7a4cf8feb412a76ea4a740ca02d95b06b2907b5a6c648c2dd0a1082a093c3141?s=96&d=mm&r=g","url":"https:\/\/secure.gravatar.com\/avatar\/7a4cf8feb412a76ea4a740ca02d95b06b2907b5a6c648c2dd0a1082a093c3141?s=96&d=mm&r=g","contentUrl":"https:\/\/secure.gravatar.com\/avatar\/7a4cf8feb412a76ea4a740ca02d95b06b2907b5a6c648c2dd0a1082a093c3141?s=96&d=mm&r=g","caption":"Comunicaci\u00f3 Esplac"}}]}},"_links":{"self":[{"href":"https:\/\/www.esplac.cat\/en\/wp-json\/wp\/v2\/posts\/54279","targetHints":{"allow":["GET"]}}],"collection":[{"href":"https:\/\/www.esplac.cat\/en\/wp-json\/wp\/v2\/posts"}],"about":[{"href":"https:\/\/www.esplac.cat\/en\/wp-json\/wp\/v2\/types\/post"}],"author":[{"embeddable":true,"href":"https:\/\/www.esplac.cat\/en\/wp-json\/wp\/v2\/users\/3"}],"replies":[{"embeddable":true,"href":"https:\/\/www.esplac.cat\/en\/wp-json\/wp\/v2\/comments?post=54279"}],"version-history":[{"count":2,"href":"https:\/\/www.esplac.cat\/en\/wp-json\/wp\/v2\/posts\/54279\/revisions"}],"predecessor-version":[{"id":54284,"href":"https:\/\/www.esplac.cat\/en\/wp-json\/wp\/v2\/posts\/54279\/revisions\/54284"}],"wp:featuredmedia":[{"embeddable":true,"href":"https:\/\/www.esplac.cat\/en\/wp-json\/wp\/v2\/media\/54281"}],"wp:attachment":[{"href":"https:\/\/www.esplac.cat\/en\/wp-json\/wp\/v2\/media?parent=54279"}],"wp:term":[{"taxonomy":"category","embeddable":true,"href":"https:\/\/www.esplac.cat\/en\/wp-json\/wp\/v2\/categories?post=54279"},{"taxonomy":"post_tag","embeddable":true,"href":"https:\/\/www.esplac.cat\/en\/wp-json\/wp\/v2\/tags?post=54279"}],"curies":[{"name":"wp","href":"https:\/\/api.w.org\/{rel}","templated":true}]}}