{"id":5439,"date":"2019-11-07T13:21:16","date_gmt":"2019-11-07T11:21:16","guid":{"rendered":"https:\/\/www.somesplai.cat\/?p=5439"},"modified":"2020-10-15T17:23:11","modified_gmt":"2020-10-15T16:23:11","slug":"final-sve-experiencia-inoblidable","status":"publish","type":"post","link":"https:\/\/www.esplac.cat\/en\/final-sve-experiencia-inoblidable\/","title":{"rendered":"Cop d&#8217;ull final al meu SVE: una experi\u00e8ncia inoblidable"},"content":{"rendered":"<h5 class=\"p1\" style=\"text-align: justify;\">07-novembre-2019<\/h5>\n<p>Autora: <strong>Natalya Chetverova<\/strong>, SVE\u00a0alemanya\u00a0a Terrassa i monitora de l\u2019esplai La Fera.<\/p>\n<hr \/>\n<p style=\"text-align: justify;\">Avui \u00e9s l\u2019\u00faltim dia h\u00e0bil de feina a l\u2019oficina, menys d\u2019una setmana abans de marxar definitivament. Sembla que \u00e9s un bon moment per donar un cop d&#8217;ull final al meu EVS amb Esplac. L\u20191 d\u2019octubre agafar\u00e9 el tren cap a Col\u00f2nia. Des del 23 d\u2019octubre de l\u2019any passat, he estat un any en aquest estrany i bonic lloc.<\/p>\n<p style=\"text-align: justify;\">Recordo el dia de la meva arribada i els nervis que tenia. No sabia cap a on anar ni si em vindrien a buscar a l\u2019aeroport. Al final, unes persones molt amables de l\u2019Esplai em van rebre amb un paper amb el meu nom i un s\u00edmbol d&#8217;una pota. M\u00e9s endavant vaig saber que era el s\u00edmbol del <strong>meu Esplai La Fera.<\/strong><\/p>\n<p style=\"text-align: justify;\">Els meus nous companys de pis, la gent del meu Esplai i les persones que treballen a l\u2019oficina van ser molt c\u00e0lides i van fer el possible per <strong>acollir-me en la vida laboral, social i cultural.<\/strong><\/p>\n<p style=\"text-align: justify;\">El primer esdeveniment cultural important que vaig viure va ser<strong> la Castanyada<\/strong>. Recordo que va ploure com si no hi hagu\u00e9s dem\u00e0 i\u00a0com de preocupats est\u00e0vem per si el nostre gran esdeveniment de l&#8217;Esplai no tenia \u00e8xit. Per sort, el cel es va aclarir cap al vespre i tots els\u00a0infants i les fam\u00edlies van venir al nostre esdeveniment per quedar-se al costat del foc, gaudir de les castanyes, rient i bevent. <strong>Recordo com d&#8217;especial va ser per mi<\/strong> que tanta gent vingu\u00e9s a donar suport i fes de l&#8217;esdeveniment una nit per recordar. L&#8217;estima i la solidaritat que va mostrar la gent pel nostre treball i esdeveniment em va sorprendre i em va tocar. <strong>Aquesta va ser la primera vegada que vaig experimentar la manera \u00fanica de conviv\u00e8ncia i cohesi\u00f3 de la poblaci\u00f3 de Catalunya<\/strong>. Al final, vam passar una nit fant\u00e0stica i vaig gaudir molt. Tinc previst tornar per les dates de la Castanyada.<\/p>\n<p style=\"text-align: justify;\"><a href=\"https:\/\/www.somesplai.cat\/wp-content\/uploads\/2019\/11\/IMG-20181201-WA0008.jpg\"><img decoding=\"async\" class=\"aligncenter wp-image-5442\" src=\"https:\/\/www.somesplai.cat\/wp-content\/uploads\/2019\/11\/IMG-20181201-WA0008-300x94.jpg\" alt=\"IMG-20181201-WA0008\" width=\"508\" height=\"159\" \/><\/a><\/p>\n<p style=\"text-align: justify;\">Malgrat molts grans moments i experi\u00e8ncies i tots els meus nous amics, els primers mesos van ser for\u00e7a dif\u00edcils. Recordo el dia que vaig decidir venir a Catalunya i vaig pensar com m&#8217;equivocava en les meves expectatives i quan vaig menystenir l&#8217;enorme repte d&#8217;arribar a un nou pa\u00eds. <strong>En aquell moment em vaig sentir una mica perduda i vaig trobar molt a faltar casa<\/strong>. El que realment em va ajudar a sortir d&#8217;aix\u00f2 va ser una de les dubtes formacions obligat\u00f2ries a les quals vaig haver d&#8217;assistir com a volunt\u00e0ria d&#8217;EVS. Al novembre, em vaig reunir amb una quarantena de volunt\u00e0ries del SVE a tot Catalunya a la bonica ciutat de <strong>Girona<\/strong> per assistir a la &#8220;<strong>formaci\u00f3 d&#8217;arribada<\/strong>&#8220;. Per molt que em molest\u00e9s el fet de deixar als meus nous amics, em va sorprendre molt positivament i va ser de molta utilitat aquesta formaci\u00f3. Si mirem enrere com ha estat el meu SVE, <strong>aquest ha de ser un dels punts forts de l&#8217;any<\/strong>. Con\u00e8ixer tota aquesta gent nova, compartir els nostres sentiments, aprendre sobre qu\u00e8 passava emocionalment amb nosaltres i reflexionar sobre els nostres processos d&#8217;aprenentatge <strong>va ser una gran eina i suport que vaig gaudir durant tot l&#8217;any<\/strong>. Em va ajudar a sortir del meu &#8220;xoc&#8221; i de la meva &#8220;closca&#8221; per gaudir plenament de la meva estada. El fet que la formaci\u00f3 es realitz\u00e9s a la bonica Girona va ser un altre dels avantatges m\u00e9s importants de la formaci\u00f3 i em va agradar molt passejar pels carrers antics que van inspirar tants\/es cineastes.<\/p>\n<p style=\"text-align: justify;\">El que tamb\u00e9 \u00e9s fant\u00e0stic de Catalunya \u00e9s <strong>el clima<\/strong>. Mentre jo vaig poder esmorzar a la nostra terrassa a mitjans de novembre, els meus amics i familiars es congelaven amenys de\u00a010 graus. Arribar a casa per Nadal i la nit d&#8217;any nou va ser per mi, un enorme &#8220;xoc clim\u00e0tic&#8221;.<\/p>\n<p style=\"text-align: justify;\"><a href=\"https:\/\/www.somesplai.cat\/wp-content\/uploads\/2019\/11\/nat.jpg\"><img decoding=\"async\" class=\"aligncenter size-medium wp-image-5441\" src=\"https:\/\/www.somesplai.cat\/wp-content\/uploads\/2019\/11\/nat-225x300.jpg\" alt=\"nat\" width=\"225\" height=\"300\" \/><\/a><\/p>\n<p style=\"text-align: justify;\">Va comen\u00e7ar el nou any, vaig continuar amb la meva feina habitual, van venir nous amics i d&#8217;alguns em vaig apartar. A finals de gener vaig tenir l&#8217;oportunitat d&#8217;anar a una <strong>formaci\u00f3 internacional a Isl\u00e0ndia<\/strong> amb la meva organitzaci\u00f3 d&#8217;origen Die Falken. L&#8217;hivern va passar tranquil\u00b7lament sense dificultats. Dos dels meus millors amics em van venir a visitar, fet que va suposar un canvi delici\u00f3s en les activitats del dia a dia.<strong> Recordo l&#8217;orgull amb el qual mostrava el pa\u00eds i les coses que he fet fins ara.<\/strong><\/p>\n<p style=\"text-align: justify;\">El seg\u00fcent gran esdeveniment que recordo va ser el de <strong>la Monifesta&#8217;t 2019<\/strong>. Ja vaig escriure un article m\u00e9s detallat sobre les meves experi\u00e8ncies en un altre article a l&#8217;abril que pots llegir <strong><a href=\"https:\/\/www.somesplai.cat\/index.php\/monifestat-2019-una-aventura-encoratjadora\/\" target=\"_blank\" rel=\"noopener noreferrer\">aqu\u00ed<\/a><\/strong>. Em va agradar veure com<strong> la gran xarxa d&#8217;Esplac es va unir per crear un espai d&#8217;aprenentatge divertit per a joves voluntaris\/es per millorar el seu treball amb els infants<\/strong>. Hauria desitjat haver assistit a alguns dels tallers \u00fatils, per\u00f2 en canvi vaig estar molt contenta d&#8217;ajudar al personal d&#8217;Esplac a gestionar l&#8217;esdeveniment i a gaudir del concert i la festa a les nits.<\/p>\n<p style=\"text-align: justify;\">Des del dia 20 fins al 24 de maig, l&#8217;Aleksi (EVS\u00a0 finland\u00e8s a Esplac) i jo vam assistir a la <strong>formaci\u00f3 intermitja\u00a0prop de M\u00e0laga<\/strong>. El dia 20 tamb\u00e9 era el meu aniversari i vaig haver de passar 6 hores al tren amb l&#8217;Aleksi. Ho vam aprofitar al m\u00e0xim i al final va ser divertit. Quan vam arribar a l&#8217;estaci\u00f3 de la formaci\u00f3, vaig con\u00e8ixer moltes cares noves i antigues de l&#8217;antiga formaci\u00f3. Aquesta vegada \u00e9rem <strong>m\u00e9s de 100 persones <\/strong>de tota Espanya. Va ser una bona manera de crear nous contactes i mirar cap endavant en el nostre projecte EVS. Va ser divertit, i un dia fins i tot vam arribar a veure la ciutat de Granada. M&#8217;ho vaig passar molt b\u00e9, per\u00f2, per descomptat, no va ser tan fant\u00e0stica com la sorprenent experi\u00e8ncia de la primera formaci\u00f3 a Girona.<\/p>\n<p style=\"text-align: justify;\"><strong>El meu EVS va consistir a passar el meu temps a l&#8217;Esplai amb el meu grup Gan\u00e0pies i venir a l&#8217;oficina d&#8217;Esplac un o dos cops per setmana<\/strong>. A finals de juny va comen\u00e7ar el gran descans d&#8217;estiu que em va deixar relativament poques coses per fer, excepte continuar a l&#8217;oficina. Vaig decidir omplir les vacances d&#8217;estiu d&#8217;una altra manera: a finals de juny, Aleksi, el Txema (T\u00e8cnic d&#8217;Esplac) i jo vam anar a Berl\u00edn per assistir al <strong>F\u00f2rum Jove Europeu de Berl\u00edn<\/strong> per con\u00e8ixer altres voluntaris i activistes de tota Europa. Junts vam <strong>intercanviar projectes, experi\u00e8ncies i reflexionar sobre la cohesi\u00f3 social i el seu paper en la superaci\u00f3 de les barreres culturals \/ ling\u00fc\u00edstiques \/ nacionals<\/strong>. Per al meu gust, l&#8217;entorn de formaci\u00f3 era una mica massa fantasi\u00f3s i cost\u00f3s, per\u00f2 passar aquest temps amb els altres joves em va ampliar les perspectives i em va ajudar a crear noves amistats internacionals. Al final, va valer la pena assistir-hi i vaig arribar a passar temps a la meva capital i als meus amics d&#8217;all\u00e0<\/p>\n<p style=\"text-align: justify;\">Durant l&#8217;estiu tamb\u00e9 vaig viatjar una mica per Catalunya i vaig veure Tarragona, una bella i antiga ciutat.<\/p>\n<p style=\"text-align: justify;\">Del 17 de juliol al 31 de juliol vaig anar al <strong>campament internacional Falkencamp Doebriach<\/strong>. El campament de les nostres organitzacions amigues austr\u00edaques celebrava el seu 70\u00e8 aniversari i el meu Esplai alemany, aix\u00ed com un Esplai d&#8217;Esplais Catalans, van venir a celebrar-ho juntament amb moltes altres organitzacions amigues internacionals.<\/p>\n<p style=\"text-align: justify;\">Despr\u00e9s de les vacances d\u2019estiu a l\u2019oficina, a partir del 15 d\u2019agost vaig tornar a les meves tasques. Com que el curs va comen\u00e7ar a mitjans de setembre, vaig tornar a venir a l&#8217;oficina dos cops per setmana i em vaig preparar mentalment per a la meva sortida.<\/p>\n<p style=\"text-align: justify;\">Ara estic a l&#8217;oficina, escric l&#8217;article i no s\u00e9 quines coses m\u00e9s us puc dir sobre el meu EVS. Malgrat tots els aspectes destacats que us he dit anteriorment en aquest article, aquest any ha estat extremadament dif\u00edcil per mi. <strong>En molts moments va ser massa temptador tornar a la meva zona de confort a Alemania, per\u00f2 sempre hi va haver gent que em va donar suport i va valdre la pena quedar-se.<\/strong> Vaig haver d\u2019afrontar moltes dificultats: emocionals, personals, socials. Gr\u00e0cies a l\u2019EVS, vaig aprendre a afrontar millor aquestes dificultats i <strong>em sento m\u00e9s confiada<\/strong> a l\u2019hora de resoldre problemes en el futur. En aquest any tamb\u00e9 he tingut la l\u2019oportunitat de con\u00e8ixer aquest bonic pa\u00eds, que s\u2019ha convertit en una segona casa per a mi. Vaig fer nous amics i amigues i sens dubte em plantejo tornar-hi un dia per viure aqu\u00ed.<\/p>\n<p style=\"text-align: justify;\">S\u00ed, va ser dif\u00edcil en molts moments per\u00f2 <strong>no canviaria aquesta experi\u00e8ncia per res del m\u00f3n<\/strong>. Tot el que em queda per fer \u00e9s animar a totes aquelles persones aventureres i curioses amb \u00e0nimes joves a cercar les vostres pr\u00f2pies experi\u00e8ncies internacionals, fins i tot penseu en fer un ESC (el &#8220;nou&#8221; SVE). Em sembla que aquesta \u00e9s una de les coses m\u00e9s enriquidores que podeu fer per ampliar l\u2019horitz\u00f3, fer nous amics i amigues i descobrir nous llocs arreu del m\u00f3n.<\/p>\n<p style=\"text-align: justify;\">Nom\u00e9s vull donar les gr\u00e0cies per totes les persones que m\u2019han donat suport, gr\u00e0cies al meu Esplai, gr\u00e0cies als meus divertits companys de l\u2019oficina. Sense vosaltres, probablement no hauria estat capa\u00e7 de dominar el meu SVE. I gr\u00e0cies Eli (Coordinadora de Projectes Internacionals d&#8217;Esplac)!!<\/p>\n<p style=\"text-align: justify;\">Gr\u00e0cies a tots i totes per aquest any extraordinari!<\/p>\n<hr \/>\n<p style=\"text-align: justify;\">In english:<\/p>\n<p style=\"text-align: justify;\"><span style=\"font-weight: 400;\">Today is the last working day in the office, less than a week before my final departure. This seems like a good time to have a final look on my EVS with Esplac. On October the 1st I will take the train to Colonia. Counting from the day of my arrival, last year on October the 23rd, I almost spend a whole year in this strange and beautiful place.<\/span><\/p>\n<p style=\"text-align: justify;\"><span style=\"font-weight: 400;\">I remember the day of my arrival and how nervous I was. I didn\u2019t know where to go or whether somebody was to get me from the airport. In the end some nice people of the Esplai receive me with a paper of my name and a paw symbol. Later I would learn it was the symbol of my Esplai La Fera.\u00a0<\/span><\/p>\n<p style=\"text-align: justify;\"><span style=\"font-weight: 400;\">My new roommates, my Esplai and the people who work in the office were very warm and gave their best to include me into the working, social and cultural life.\u00a0<\/span><\/p>\n<p style=\"text-align: justify;\"><span style=\"font-weight: 400;\">The first significant cultural event I experienced was the Castanyada. I remember how it was raining like there is no tomorrow and how worried we were the whole event of our Esplai would be unsuccessful. Luckily the sky cleared in the evening and all the kids and families came to our event to stand by the fire, enjoy <\/span><i><span style=\"font-weight: 400;\">castanyes<\/span><\/i><span style=\"font-weight: 400;\"> and drink and laugh. I remember how special it felt to me that so many people came to support us and make the event an evening to remember. How much appreciation and solidarity the people showed for our work and event really surprised and touched me. That was the first of any times I experienced the unique way of togetherness and cohesion of the local people in Catalonia. In the end we had a most delightful night and I enjoyed the event so much I am planning to return for the holidays around the Castanyada.<\/span><\/p>\n<p style=\"text-align: justify;\"><span style=\"font-weight: 400;\">Despite many great experiences and situation and all my new friends the first few months were quite difficult. I remember how I looked back on the day I decided to come to Catalunya and thought how wrong I was in my expectations and how much I underestimated the huge challenge of coming to a new country. In this time I felt a little bit lost and missed home a lot. What really helped me out of this was one of the two obligatory trainings I had to attend as an EVS volunteer. In November I met with about 40 other EVS volunteers across Catalunya in the beautiful city of Girona to attend to the \u201cArrival training\u201d. As much as I was annoyed about leaving my new friends, the more I was surprised about how amazing and helpful the training was for me. Looking back at my EVS this must have been one of the highlights of the year. Meeting all this new people, sharing our feelings, learning about what was emotionally going on with us and reflecting about our learning processes was a great tool and support I benefited from the whole year. It helped me coming out of my shock and my shell to fully enjoy my stay again. The fact that the training took place in beautiful Girona was another major plus of the training and I enjoyed a lot walking through the old streets which inspired so many movie makers.\u00a0<\/span><\/p>\n<p style=\"text-align: justify;\"><span style=\"font-weight: 400;\">What is also great about Catalunya is the weather. While I was able to breakfast on our Terrasse in the middle of November my friends and family were freezing at less than 10 degrees. Coming home for christmas and new years\u2019 eve therefore was a huge climatic shock for me.\u00a0<\/span><\/p>\n<p style=\"text-align: justify;\"><span style=\"font-weight: 400;\">The new year started, I continued with my usual work, new friends came and with some I drifted apart. At the end of January I had the opportunity to go to an international meeting in Iceland with my sending Organisation Die Falken, but apart from that the winter passed quiet uneventful. Two of my best friends came to visit me which was a delightful change in the every day business. I remember how very proud proud I was to show them the country and the things I\u2019ve been doing so far.<\/span><\/p>\n<p><span style=\"font-weight: 400;\">The next big event I remember was the Monifesta\u2019t 2019. I already wrote a more detailed article about my experiences there in April. I liked to see how the huge network of Esplac came together to create a fun learning space for young volunteers and to help them improve their work with children. I wished I could have attended to some of the useful workshops, but instead I was happy to help the staff of Esplac to manage the event and enjoy the concert and party in the nights.<\/span><\/p>\n<p style=\"text-align: justify;\"><span style=\"font-weight: 400;\">Fast forward to May. From the 20th until the 24th Aleksi and me attended to the midterm training near Malaga. It happened to be that the 20th was also my birthday and I had to spend it 6 hours in the train with Aleksi. We made the best of it and in the end it was fun. When we arrived at the training resort I met many new and old faces from the old training. This time we were more than 100 people from all around Spain. It was a nice way of building new contacts and looking back on the EVS so far. It was fun, and on one day we even got to see the city of Granada. I had a great time, but of course it couldn\u2019t catch up the amazing first training experience of Girona.<\/span><\/p>\n<p style=\"text-align: justify;\"><span style=\"font-weight: 400;\">My EVS was composed of my time in the Esplai with my Ganapies group and of coming to the office once or twice a week. At the end of June started the big summer break which left me with relatively few things to do except continuing to go to the office. I decided to fill the summer holidays otherwise:\u00a0<\/span><\/p>\n<p style=\"text-align: justify;\"><span style=\"font-weight: 400;\">At the end of June Aleksi, Txema (from Esplac) and me went to Berlin to attend the Young European\u2019s Forum in Berlin to meet other volunteers and activists from across Europe. Together we exchanged projects, experiences and our thoughts on social cohesion and its role in overcoming cultural\/linguistic\/national barriers. For my taste the training environment was a little bit too fancy and expensive but spending this time with the other guys really broadened my perspectives and helped me building new international friendships. In the end it was totally worth attending and I got to spend time in my capital and my friends from there.\u00a0<\/span><\/p>\n<p style=\"text-align: justify;\"><span style=\"font-weight: 400;\">I also got to travel around Catalunya for a bit and see Tarragona, a beautiful and ancient city.<\/span><\/p>\n<p style=\"text-align: justify;\"><span style=\"font-weight: 400;\">From July the 17th until the 31st I went to the international Falkencamp Doebriach. The campside of our Austrian sister organisations was celebrating its 70th anniversary and my German Esplai as well as some Catalan Esplais were happy to celebrate it alongside many other international sister organisations.\u00a0<\/span><\/p>\n<p style=\"text-align: justify;\"><span style=\"font-weight: 400;\">After the summer holidays of the office until August the 15th I returned to my usual business. As the course only started in the middle of September I went back to coming to the office twice a week and mentally prepare for my departure.\u00a0<\/span><\/p>\n<p style=\"text-align: justify;\"><span style=\"font-weight: 400;\">Now I am sitting in the office, writing the article and I don\u2019t know what more things I can tell you about my EVS. Despite all the highlights I told you about earlier in this article this year was an extremely challenging time. In many moments it was too tempting to just return to my comfort zone Germany, but there were always people who supported me and made it worth staying. I had to face many difficulties: emotional, personal, social. Thanks to the EVS I learned to face these difficulties better and I feel more confident in addressing issues in the future. In this year I also had the rare opportunity to learn about this beautiful country, which became like a second home for me. I made new friends and definitely consider coming back here someday to live.<\/span><\/p>\n<p style=\"text-align: justify;\"><span style=\"font-weight: 400;\">Yes it was difficult in many moments, and I wouldn\u2019t trade this experience for anything in the world. All that is left for me to do is to encourage all those who are adventurous, curious young souls to seek out your own international experiences, maybe even consider doing an ESC (the \u201cnew\u201d EVS). It feels to me like this is one of the most enriching things you can do to broaden your horizon, make new friends and discover new places around the world.<\/span><\/p>\n<p style=\"text-align: justify;\"><span style=\"font-weight: 400;\">I just want to say thank you for all the people that supported me, thank you to my Esplai, thank you to my fun colleagues in the office. Without you I would have probably not able to master my EVS. And thank you Eli!!<\/span><\/p>\n<p style=\"text-align: justify;\"><span style=\"font-weight: 400;\">Thank you all for this extraordinary year!<\/span><\/p>\n","protected":false},"excerpt":{"rendered":"<p>07-novembre-2019 Autora: Natalya Chetverova, SVE\u00a0alemanya\u00a0a Terrassa i monitora de l\u2019esplai [&hellip;]<\/p>\n","protected":false},"author":3,"featured_media":28212,"comment_status":"closed","ping_status":"closed","sticky":false,"template":"","format":"standard","meta":{"om_disable_all_campaigns":false,"_monsterinsights_skip_tracking":false,"_monsterinsights_sitenote_active":false,"_monsterinsights_sitenote_note":"","_monsterinsights_sitenote_category":0,"_uf_show_specific_survey":0,"_uf_disable_surveys":false,"footnotes":""},"categories":[1168],"tags":[314,555,187,158],"class_list":["post-5439","post","type-post","status-publish","format-standard","has-post-thumbnail","hentry","category-creuant_mirades","tag-evs","tag-internacional","tag-sve","tag-voluntariat"],"yoast_head":"<!-- This site is optimized with the Yoast SEO plugin v27.5 - https:\/\/yoast.com\/product\/yoast-seo-wordpress\/ -->\n<title>Cop d&#039;ull final al meu SVE: una experi\u00e8ncia inoblidable - Esplac<\/title>\n<meta name=\"robots\" content=\"index, follow, max-snippet:-1, max-image-preview:large, max-video-preview:-1\" \/>\n<link rel=\"canonical\" href=\"https:\/\/www.esplac.cat\/final-sve-experiencia-inoblidable\/\" \/>\n<meta property=\"og:locale\" content=\"en_US\" \/>\n<meta property=\"og:type\" content=\"article\" \/>\n<meta property=\"og:title\" content=\"Cop d&#039;ull final al meu SVE: una experi\u00e8ncia inoblidable - Esplac\" \/>\n<meta property=\"og:description\" content=\"07-novembre-2019 Autora: Natalya Chetverova, SVE\u00a0alemanya\u00a0a Terrassa i monitora de l\u2019esplai [&hellip;]\" \/>\n<meta property=\"og:url\" content=\"https:\/\/www.esplac.cat\/final-sve-experiencia-inoblidable\/\" \/>\n<meta property=\"og:site_name\" content=\"Esplac\" \/>\n<meta property=\"article:published_time\" content=\"2019-11-07T11:21:16+00:00\" \/>\n<meta property=\"article:modified_time\" content=\"2020-10-15T16:23:11+00:00\" \/>\n<meta property=\"og:image\" content=\"https:\/\/www.esplac.cat\/wp-content\/uploads\/2019\/11\/IMG-20181201-WA0008.jpg\" \/>\n\t<meta property=\"og:image:width\" content=\"1460\" \/>\n\t<meta property=\"og:image:height\" content=\"456\" \/>\n\t<meta property=\"og:image:type\" content=\"image\/jpeg\" \/>\n<meta name=\"author\" content=\"Comunicaci\u00f3 Esplac\" \/>\n<meta name=\"twitter:card\" content=\"summary_large_image\" \/>\n<meta name=\"twitter:label1\" content=\"Written by\" \/>\n\t<meta name=\"twitter:data1\" content=\"Comunicaci\u00f3 Esplac\" \/>\n\t<meta name=\"twitter:label2\" content=\"Est. reading time\" \/>\n\t<meta name=\"twitter:data2\" content=\"15 minutes\" \/>\n<script type=\"application\/ld+json\" class=\"yoast-schema-graph\">{\"@context\":\"https:\\\/\\\/schema.org\",\"@graph\":[{\"@type\":\"Article\",\"@id\":\"https:\\\/\\\/www.esplac.cat\\\/final-sve-experiencia-inoblidable\\\/#article\",\"isPartOf\":{\"@id\":\"https:\\\/\\\/www.esplac.cat\\\/final-sve-experiencia-inoblidable\\\/\"},\"author\":{\"name\":\"Comunicaci\u00f3 Esplac\",\"@id\":\"https:\\\/\\\/www.esplac.cat\\\/#\\\/schema\\\/person\\\/908383cf240be18b68f8855d0583faca\"},\"headline\":\"Cop d&#8217;ull final al meu SVE: una experi\u00e8ncia inoblidable\",\"datePublished\":\"2019-11-07T11:21:16+00:00\",\"dateModified\":\"2020-10-15T16:23:11+00:00\",\"mainEntityOfPage\":{\"@id\":\"https:\\\/\\\/www.esplac.cat\\\/final-sve-experiencia-inoblidable\\\/\"},\"wordCount\":3153,\"publisher\":{\"@id\":\"https:\\\/\\\/www.esplac.cat\\\/#organization\"},\"image\":{\"@id\":\"https:\\\/\\\/www.esplac.cat\\\/final-sve-experiencia-inoblidable\\\/#primaryimage\"},\"thumbnailUrl\":\"https:\\\/\\\/www.esplac.cat\\\/wp-content\\\/uploads\\\/2019\\\/11\\\/IMG-20181201-WA0008.jpg\",\"keywords\":[\"evs\",\"internacional\",\"sve\",\"voluntariat\"],\"articleSection\":[\"Creuant mirades\"],\"inLanguage\":\"en-US\"},{\"@type\":\"WebPage\",\"@id\":\"https:\\\/\\\/www.esplac.cat\\\/final-sve-experiencia-inoblidable\\\/\",\"url\":\"https:\\\/\\\/www.esplac.cat\\\/final-sve-experiencia-inoblidable\\\/\",\"name\":\"Cop d'ull final al meu SVE: una experi\u00e8ncia inoblidable - Esplac\",\"isPartOf\":{\"@id\":\"https:\\\/\\\/www.esplac.cat\\\/#website\"},\"primaryImageOfPage\":{\"@id\":\"https:\\\/\\\/www.esplac.cat\\\/final-sve-experiencia-inoblidable\\\/#primaryimage\"},\"image\":{\"@id\":\"https:\\\/\\\/www.esplac.cat\\\/final-sve-experiencia-inoblidable\\\/#primaryimage\"},\"thumbnailUrl\":\"https:\\\/\\\/www.esplac.cat\\\/wp-content\\\/uploads\\\/2019\\\/11\\\/IMG-20181201-WA0008.jpg\",\"datePublished\":\"2019-11-07T11:21:16+00:00\",\"dateModified\":\"2020-10-15T16:23:11+00:00\",\"breadcrumb\":{\"@id\":\"https:\\\/\\\/www.esplac.cat\\\/final-sve-experiencia-inoblidable\\\/#breadcrumb\"},\"inLanguage\":\"en-US\",\"potentialAction\":[{\"@type\":\"ReadAction\",\"target\":[\"https:\\\/\\\/www.esplac.cat\\\/final-sve-experiencia-inoblidable\\\/\"]}]},{\"@type\":\"ImageObject\",\"inLanguage\":\"en-US\",\"@id\":\"https:\\\/\\\/www.esplac.cat\\\/final-sve-experiencia-inoblidable\\\/#primaryimage\",\"url\":\"https:\\\/\\\/www.esplac.cat\\\/wp-content\\\/uploads\\\/2019\\\/11\\\/IMG-20181201-WA0008.jpg\",\"contentUrl\":\"https:\\\/\\\/www.esplac.cat\\\/wp-content\\\/uploads\\\/2019\\\/11\\\/IMG-20181201-WA0008.jpg\",\"width\":1460,\"height\":456},{\"@type\":\"BreadcrumbList\",\"@id\":\"https:\\\/\\\/www.esplac.cat\\\/final-sve-experiencia-inoblidable\\\/#breadcrumb\",\"itemListElement\":[{\"@type\":\"ListItem\",\"position\":1,\"name\":\"Inici\",\"item\":\"https:\\\/\\\/www.esplac.cat\\\/en\\\/\"},{\"@type\":\"ListItem\",\"position\":2,\"name\":\"Cop d&#8217;ull final al meu SVE: una experi\u00e8ncia inoblidable\"}]},{\"@type\":\"WebSite\",\"@id\":\"https:\\\/\\\/www.esplac.cat\\\/#website\",\"url\":\"https:\\\/\\\/www.esplac.cat\\\/\",\"name\":\"Esplac\",\"description\":\"Esplais Catalans\",\"publisher\":{\"@id\":\"https:\\\/\\\/www.esplac.cat\\\/#organization\"},\"potentialAction\":[{\"@type\":\"SearchAction\",\"target\":{\"@type\":\"EntryPoint\",\"urlTemplate\":\"https:\\\/\\\/www.esplac.cat\\\/?s={search_term_string}\"},\"query-input\":{\"@type\":\"PropertyValueSpecification\",\"valueRequired\":true,\"valueName\":\"search_term_string\"}}],\"inLanguage\":\"en-US\"},{\"@type\":\"Organization\",\"@id\":\"https:\\\/\\\/www.esplac.cat\\\/#organization\",\"name\":\"Esplac\",\"url\":\"https:\\\/\\\/www.esplac.cat\\\/\",\"logo\":{\"@type\":\"ImageObject\",\"inLanguage\":\"en-US\",\"@id\":\"https:\\\/\\\/www.esplac.cat\\\/#\\\/schema\\\/logo\\\/image\\\/\",\"url\":\"https:\\\/\\\/www.esplac.cat\\\/wp-content\\\/uploads\\\/2019\\\/08\\\/logox2.png\",\"contentUrl\":\"https:\\\/\\\/www.esplac.cat\\\/wp-content\\\/uploads\\\/2019\\\/08\\\/logox2.png\",\"width\":600,\"height\":295,\"caption\":\"Esplac\"},\"image\":{\"@id\":\"https:\\\/\\\/www.esplac.cat\\\/#\\\/schema\\\/logo\\\/image\\\/\"}},{\"@type\":\"Person\",\"@id\":\"https:\\\/\\\/www.esplac.cat\\\/#\\\/schema\\\/person\\\/908383cf240be18b68f8855d0583faca\",\"name\":\"Comunicaci\u00f3 Esplac\",\"image\":{\"@type\":\"ImageObject\",\"inLanguage\":\"en-US\",\"@id\":\"https:\\\/\\\/secure.gravatar.com\\\/avatar\\\/7a4cf8feb412a76ea4a740ca02d95b06b2907b5a6c648c2dd0a1082a093c3141?s=96&d=mm&r=g\",\"url\":\"https:\\\/\\\/secure.gravatar.com\\\/avatar\\\/7a4cf8feb412a76ea4a740ca02d95b06b2907b5a6c648c2dd0a1082a093c3141?s=96&d=mm&r=g\",\"contentUrl\":\"https:\\\/\\\/secure.gravatar.com\\\/avatar\\\/7a4cf8feb412a76ea4a740ca02d95b06b2907b5a6c648c2dd0a1082a093c3141?s=96&d=mm&r=g\",\"caption\":\"Comunicaci\u00f3 Esplac\"}}]}<\/script>\n<!-- \/ Yoast SEO plugin. -->","yoast_head_json":{"title":"Cop d'ull final al meu SVE: una experi\u00e8ncia inoblidable - Esplac","robots":{"index":"index","follow":"follow","max-snippet":"max-snippet:-1","max-image-preview":"max-image-preview:large","max-video-preview":"max-video-preview:-1"},"canonical":"https:\/\/www.esplac.cat\/final-sve-experiencia-inoblidable\/","og_locale":"en_US","og_type":"article","og_title":"Cop d'ull final al meu SVE: una experi\u00e8ncia inoblidable - Esplac","og_description":"07-novembre-2019 Autora: Natalya Chetverova, SVE\u00a0alemanya\u00a0a Terrassa i monitora de l\u2019esplai [&hellip;]","og_url":"https:\/\/www.esplac.cat\/final-sve-experiencia-inoblidable\/","og_site_name":"Esplac","article_published_time":"2019-11-07T11:21:16+00:00","article_modified_time":"2020-10-15T16:23:11+00:00","og_image":[{"width":1460,"height":456,"url":"https:\/\/www.esplac.cat\/wp-content\/uploads\/2019\/11\/IMG-20181201-WA0008.jpg","type":"image\/jpeg"}],"author":"Comunicaci\u00f3 Esplac","twitter_card":"summary_large_image","twitter_misc":{"Written by":"Comunicaci\u00f3 Esplac","Est. reading time":"15 minutes"},"schema":{"@context":"https:\/\/schema.org","@graph":[{"@type":"Article","@id":"https:\/\/www.esplac.cat\/final-sve-experiencia-inoblidable\/#article","isPartOf":{"@id":"https:\/\/www.esplac.cat\/final-sve-experiencia-inoblidable\/"},"author":{"name":"Comunicaci\u00f3 Esplac","@id":"https:\/\/www.esplac.cat\/#\/schema\/person\/908383cf240be18b68f8855d0583faca"},"headline":"Cop d&#8217;ull final al meu SVE: una experi\u00e8ncia inoblidable","datePublished":"2019-11-07T11:21:16+00:00","dateModified":"2020-10-15T16:23:11+00:00","mainEntityOfPage":{"@id":"https:\/\/www.esplac.cat\/final-sve-experiencia-inoblidable\/"},"wordCount":3153,"publisher":{"@id":"https:\/\/www.esplac.cat\/#organization"},"image":{"@id":"https:\/\/www.esplac.cat\/final-sve-experiencia-inoblidable\/#primaryimage"},"thumbnailUrl":"https:\/\/www.esplac.cat\/wp-content\/uploads\/2019\/11\/IMG-20181201-WA0008.jpg","keywords":["evs","internacional","sve","voluntariat"],"articleSection":["Creuant mirades"],"inLanguage":"en-US"},{"@type":"WebPage","@id":"https:\/\/www.esplac.cat\/final-sve-experiencia-inoblidable\/","url":"https:\/\/www.esplac.cat\/final-sve-experiencia-inoblidable\/","name":"Cop d'ull final al meu SVE: una experi\u00e8ncia inoblidable - Esplac","isPartOf":{"@id":"https:\/\/www.esplac.cat\/#website"},"primaryImageOfPage":{"@id":"https:\/\/www.esplac.cat\/final-sve-experiencia-inoblidable\/#primaryimage"},"image":{"@id":"https:\/\/www.esplac.cat\/final-sve-experiencia-inoblidable\/#primaryimage"},"thumbnailUrl":"https:\/\/www.esplac.cat\/wp-content\/uploads\/2019\/11\/IMG-20181201-WA0008.jpg","datePublished":"2019-11-07T11:21:16+00:00","dateModified":"2020-10-15T16:23:11+00:00","breadcrumb":{"@id":"https:\/\/www.esplac.cat\/final-sve-experiencia-inoblidable\/#breadcrumb"},"inLanguage":"en-US","potentialAction":[{"@type":"ReadAction","target":["https:\/\/www.esplac.cat\/final-sve-experiencia-inoblidable\/"]}]},{"@type":"ImageObject","inLanguage":"en-US","@id":"https:\/\/www.esplac.cat\/final-sve-experiencia-inoblidable\/#primaryimage","url":"https:\/\/www.esplac.cat\/wp-content\/uploads\/2019\/11\/IMG-20181201-WA0008.jpg","contentUrl":"https:\/\/www.esplac.cat\/wp-content\/uploads\/2019\/11\/IMG-20181201-WA0008.jpg","width":1460,"height":456},{"@type":"BreadcrumbList","@id":"https:\/\/www.esplac.cat\/final-sve-experiencia-inoblidable\/#breadcrumb","itemListElement":[{"@type":"ListItem","position":1,"name":"Inici","item":"https:\/\/www.esplac.cat\/en\/"},{"@type":"ListItem","position":2,"name":"Cop d&#8217;ull final al meu SVE: una experi\u00e8ncia inoblidable"}]},{"@type":"WebSite","@id":"https:\/\/www.esplac.cat\/#website","url":"https:\/\/www.esplac.cat\/","name":"Esplac","description":"Esplais Catalans","publisher":{"@id":"https:\/\/www.esplac.cat\/#organization"},"potentialAction":[{"@type":"SearchAction","target":{"@type":"EntryPoint","urlTemplate":"https:\/\/www.esplac.cat\/?s={search_term_string}"},"query-input":{"@type":"PropertyValueSpecification","valueRequired":true,"valueName":"search_term_string"}}],"inLanguage":"en-US"},{"@type":"Organization","@id":"https:\/\/www.esplac.cat\/#organization","name":"Esplac","url":"https:\/\/www.esplac.cat\/","logo":{"@type":"ImageObject","inLanguage":"en-US","@id":"https:\/\/www.esplac.cat\/#\/schema\/logo\/image\/","url":"https:\/\/www.esplac.cat\/wp-content\/uploads\/2019\/08\/logox2.png","contentUrl":"https:\/\/www.esplac.cat\/wp-content\/uploads\/2019\/08\/logox2.png","width":600,"height":295,"caption":"Esplac"},"image":{"@id":"https:\/\/www.esplac.cat\/#\/schema\/logo\/image\/"}},{"@type":"Person","@id":"https:\/\/www.esplac.cat\/#\/schema\/person\/908383cf240be18b68f8855d0583faca","name":"Comunicaci\u00f3 Esplac","image":{"@type":"ImageObject","inLanguage":"en-US","@id":"https:\/\/secure.gravatar.com\/avatar\/7a4cf8feb412a76ea4a740ca02d95b06b2907b5a6c648c2dd0a1082a093c3141?s=96&d=mm&r=g","url":"https:\/\/secure.gravatar.com\/avatar\/7a4cf8feb412a76ea4a740ca02d95b06b2907b5a6c648c2dd0a1082a093c3141?s=96&d=mm&r=g","contentUrl":"https:\/\/secure.gravatar.com\/avatar\/7a4cf8feb412a76ea4a740ca02d95b06b2907b5a6c648c2dd0a1082a093c3141?s=96&d=mm&r=g","caption":"Comunicaci\u00f3 Esplac"}}]}},"_links":{"self":[{"href":"https:\/\/www.esplac.cat\/en\/wp-json\/wp\/v2\/posts\/5439","targetHints":{"allow":["GET"]}}],"collection":[{"href":"https:\/\/www.esplac.cat\/en\/wp-json\/wp\/v2\/posts"}],"about":[{"href":"https:\/\/www.esplac.cat\/en\/wp-json\/wp\/v2\/types\/post"}],"author":[{"embeddable":true,"href":"https:\/\/www.esplac.cat\/en\/wp-json\/wp\/v2\/users\/3"}],"replies":[{"embeddable":true,"href":"https:\/\/www.esplac.cat\/en\/wp-json\/wp\/v2\/comments?post=5439"}],"version-history":[{"count":0,"href":"https:\/\/www.esplac.cat\/en\/wp-json\/wp\/v2\/posts\/5439\/revisions"}],"wp:featuredmedia":[{"embeddable":true,"href":"https:\/\/www.esplac.cat\/en\/wp-json\/wp\/v2\/media\/28212"}],"wp:attachment":[{"href":"https:\/\/www.esplac.cat\/en\/wp-json\/wp\/v2\/media?parent=5439"}],"wp:term":[{"taxonomy":"category","embeddable":true,"href":"https:\/\/www.esplac.cat\/en\/wp-json\/wp\/v2\/categories?post=5439"},{"taxonomy":"post_tag","embeddable":true,"href":"https:\/\/www.esplac.cat\/en\/wp-json\/wp\/v2\/tags?post=5439"}],"curies":[{"name":"wp","href":"https:\/\/api.w.org\/{rel}","templated":true}]}}