{"id":54445,"date":"2025-11-13T11:19:27","date_gmt":"2025-11-13T09:19:27","guid":{"rendered":"https:\/\/www.esplac.cat\/?p=54445"},"modified":"2026-02-16T13:38:35","modified_gmt":"2026-02-16T11:38:35","slug":"20n-esplais-esplac-reivindiquen-drets-infants-2025","status":"publish","type":"post","link":"https:\/\/www.esplac.cat\/en\/20n-esplais-esplac-reivindiquen-drets-infants-2025\/","title":{"rendered":"20N: Els esplais d\u2019Esplac reivindiquen els drets dels infants"},"content":{"rendered":"<div class=\"fusion-fullwidth fullwidth-box fusion-builder-row-1 fusion-flex-container has-pattern-background has-mask-background nonhundred-percent-fullwidth non-hundred-percent-height-scrolling\" style=\"--awb-border-radius-top-left:0px;--awb-border-radius-top-right:0px;--awb-border-radius-bottom-right:0px;--awb-border-radius-bottom-left:0px;--awb-flex-wrap:wrap;\" ><div class=\"fusion-builder-row fusion-row fusion-flex-align-items-flex-start fusion-flex-content-wrap\" style=\"max-width:1248px;margin-left: calc(-4% \/ 2 );margin-right: calc(-4% \/ 2 );\"><div class=\"fusion-layout-column fusion_builder_column fusion-builder-column-0 fusion_builder_column_1_1 1_1 fusion-flex-column\" style=\"--awb-bg-size:cover;--awb-width-large:100%;--awb-margin-top-large:0px;--awb-spacing-right-large:1.92%;--awb-margin-bottom-large:20px;--awb-spacing-left-large:1.92%;--awb-width-medium:100%;--awb-order-medium:0;--awb-spacing-right-medium:1.92%;--awb-spacing-left-medium:1.92%;--awb-width-small:100%;--awb-order-small:0;--awb-spacing-right-small:1.92%;--awb-spacing-left-small:1.92%;\"><div class=\"fusion-column-wrapper fusion-column-has-shadow fusion-flex-justify-content-flex-start fusion-content-layout-column\"><div class=\"fusion-text fusion-text-1\"><h6><strong>Els esplais d\u2019Esplac organitzen activitats per treballar amb infants i joves els seus drets en el marc del Dia Universal dels Drets dels Infants.<\/strong><\/h6>\n<p>Dijous 20 de novembre \u00e9s el Dia Universal dels Drets dels Infants (DUDI) i, com cada any, els esplais d\u2019Esplac surten al carrer per reivindicar-los. Descobreix tot el que es far\u00e0 arreu de Catalunya durant el cap de setmana!<\/p>\n<h4><strong>Vall\u00e8s Oriental<\/strong><\/h4>\n<p>Al <span style=\"color: #f69d0b;\"><a style=\"color: #f69d0b;\" href=\"https:\/\/www.esplac.cat\/sectors-geografics\/valles-oriental\/\" target=\"_blank\" rel=\"noopener\"><strong>Sector Vall\u00e8s Oriental<\/strong><\/a> <\/span>els esplais s\u2019han organitzat per a celebrar conjuntament el DUDI a Palau-Solit\u00e0 i Plegamans. La trobada tindr\u00e0 lloc el dissabte 22 de novembre al Parc de l&#8217;Hostalet del Fum. Durant el mat\u00ed, infants i joves participaran en una gimcana a trav\u00e9s de la qual descobriran els seus drets i reflexionaran sobre la import\u00e0ncia de con\u00e8ixer-los i reivindicar-los. A la tarda, despr\u00e9s d\u2019un dinar de germanor, la jornada conclour\u00e0 amb un acte unitari obert al poble.<\/p>\n<h4><strong>Vall\u00e8s Occidental<\/strong><\/h4>\n<p>Enguany el <a href=\"https:\/\/www.esplac.cat\/sectors-geografics\/valles-occidental\/\" target=\"_blank\" rel=\"noopener\"><span style=\"color: #f69d0b;\"><strong>Sector Vall\u00e8s Occidental<\/strong> <\/span><\/a>ha apostat per celebrar el DUDI de manera descentralitzada. Aix\u00ed, diversos esplais han organitzat activitats als seus pobles i ciutats. El dissabte 22 de novembre a la tarda, l\u2019esplai Gatzara organitza a Castellbisbal una gimcana oberta al poble. Podran participar-hi tots aquells infants i joves que vulguin! Qui tamb\u00e9 s\u2019ha animat a fer activitats obertes a la localitat \u00e9s l\u2019esplai Eixam, que el mateix dissabte a la tarda ha preparat diverses din\u00e0miques a Rub\u00ed. A Terrassa l\u2019esplai Ca N\u2019Aurell tamb\u00e9 aprofitar\u00e0 la jornada per a treballar els drets dels infants i, tamb\u00e9 en aquesta ciutat, els esplais Boinaire, la Fera i Fargalla organitzen una activitat conjunta per als seus grups de joves.<\/p>\n<h4><strong>Pened\u00e8s, Garraf i Anoia<\/strong><\/h4>\n<p>El dissabte 22 de novembre el <a href=\"https:\/\/www.esplac.cat\/sectors-geografics\/penedes-garraf-i-anoia\/\" target=\"_blank\" rel=\"noopener\"><strong><span style=\"color: #f69d0b;\">Sector Pened\u00e8s, Garraf i Anoia<\/span><\/strong><\/a> organitza una jornada reivindicativa en el marc del DUDI, que arrencar\u00e0 a les 9.30h del mat\u00ed i s\u2019allargar\u00e0 fins a les 18:30 de la tarda. Al mat\u00ed es faran activitats per grup d&#8217;edat relacionades amb els drets dels infants i, despr\u00e9s d&#8217;un dinar conjunt, hi ha convocat un acte unitari. Aquest consisteix en una manifestaci\u00f3 que acabar\u00e0 a la pla\u00e7a Jaume I amb la lectura d\u2019un manifest.<\/p>\n<h4><strong>Camp de Tarragona<\/strong><\/h4>\n<p>El <span style=\"color: #f69d0b;\"><a style=\"color: #f69d0b;\" href=\"https:\/\/www.esplac.cat\/sectors-geografics\/camp-de-tarragona\/\" target=\"_blank\" rel=\"noopener\"><strong>Sector Camp de Tarragona<\/strong><\/a><\/span> organitza la MacroDUDI, una activitat de cap de setmana que tindr\u00e0 lloc els dies 22 i 23 de novembre i on participaran infants i joves d\u2019arreu de Catalunya. A banda dels esplais del sector, enguany a la trobada hi vindran tamb\u00e9 dos esplais de Barcelona. L\u2019activitat comen\u00e7ar\u00e0 dissabte amb activitats de coneixen\u00e7a i la preparaci\u00f3 conjunta de les activitats de l\u2019endem\u00e0. Diumenge arriba el plat fort, amb una manifestaci\u00f3 unit\u00e0ria que arrencar\u00e0 a les 9:45h i que tancar\u00e0 amb un acte unitari i l\u2019actuaci\u00f3 d\u2019una txaranga.<\/p>\n<h4><strong>Ripoll\u00e8s, Osona i Moian\u00e8s<\/strong><\/h4>\n<p>El dissabte 22 de novembre, el <span style=\"color: #f69d0b;\"><a style=\"color: #f69d0b;\" href=\"https:\/\/www.esplac.cat\/sectors-geografics\/ripolles-osona-i-moianes\/\" target=\"_blank\" rel=\"noopener\"><strong>Sector Ripoll\u00e8s, Osona i Moian\u00e8s<\/strong><\/a><\/span> organitza una trobada per grups d&#8217;edat a Centelles, que arrencar\u00e0 a les 11 del mat\u00ed i s\u2019allargar\u00e0 fins la tarda. Al llarg del dia hi haur\u00e0 activitats en diversos espais del poble pensades per a diferents franges d\u2019edat. L\u2019objectiu \u00e9s generar espais de debat i reflexi\u00f3 per a treballar els drets d\u2019infants i joves.<\/p>\n<h4><strong>Bages, Bergued\u00e0 i la Cerdanya<\/strong><\/h4>\n<p>El<span style=\"color: #f69d0b;\"><a style=\"color: #f69d0b;\" href=\"https:\/\/www.esplac.cat\/sectors-geografics\/bages-bergueda-cerdanya\/\" target=\"_blank\" rel=\"noopener\"><strong> Sector Bages, Bergued\u00e0 i la Cerdanya<\/strong><\/a><\/span> dinamitza tamb\u00e9 una activitat, en aquest cas a Sallent. Els grups de joves dels esplais que hi participen arrencaran la trobada divendres al vespre i dormiran plegats. L\u2019endem\u00e0 a la tarda s\u2019hi sumaran la resta d\u2019infants i hi haur\u00e0 activitats pensades per als diferents grups d\u2019edat.<\/p>\n<h4><strong>Baix Llobregat<\/strong><\/h4>\n<p>Al <span style=\"color: #f69d0b;\"><a style=\"color: #f69d0b;\" href=\"https:\/\/www.esplac.cat\/sectors-geografics\/baix-llobregat\/\" target=\"_blank\" rel=\"noopener\"><strong>Sector Baix Llobregat<\/strong> <\/a><\/span>tamb\u00e9 se celebra el DUDI amb una activitat molt esperada. La trobada tindr\u00e0 lloc a l&#8217;escola Pont de la Cadena, a Molins de Rei i arrencar\u00e0 el dissabte 22 de novembre. Al llarg del dia s\u2019organitzen diferents activitats per a treballar els drets d\u2019infants i joves, que acabaran amb un acte unitari on els esplais gaudiran de l\u2019actuaci\u00f3 musical de la companyia Rah-mon Roma. Despr\u00e9s de l\u2019actuaci\u00f3 i d\u2019un berenar conjunt, els infants marxaran a casa i els joves es quedaran a fer nit fins diumenge al mat\u00ed.<\/p>\n<h4><strong>Sectors de Barcelona<\/strong><\/h4>\n<p>En un total de 13 esplais dels sectors <span style=\"color: #f69d0b;\"><strong><a style=\"color: #f69d0b;\" href=\"https:\/\/www.esplac.cat\/sectors-geografics\/barcelona-nord-est\/\">Barcelona Nord-Est<\/a><\/strong><\/span>,\u00a0<span style=\"color: #f69d0b;\"><strong><a style=\"color: #f69d0b;\" href=\"https:\/\/www.esplac.cat\/sectors-geografics\/barcelona-oest\/\">Barcelona Oest<\/a><\/strong><\/span>\u00a0i <span style=\"color: #f69d0b;\"><strong><a style=\"color: #f69d0b;\" href=\"https:\/\/www.esplac.cat\/sectors-geografics\/barcelona-sud\/\">Barcelona Sud<\/a><\/strong><\/span>, el Dia Universal dels Drets dels Infants s\u2019ha celebrat de manera descentralitzada. \u00c9s a dir, diferents esplais de la ciutat han sortit als carrers i les places dels seus respectius barris per fer activitats.\u00a0En aquestes, han treballat amb els infants la necessitat de reivindicar i visibilitzar els seus drets amb diferents metodologies. Aquests confirmen que \u201cara m\u00e9s que mai, \u00e9s important conscienciar a la societat i que els infants coneguin els seus drets per fer-los valdre\u201d.<\/p>\n<\/div><div class=\"fusion-image-element \" style=\"text-align:right;--awb-caption-title-font-family:var(--h2_typography-font-family);--awb-caption-title-font-weight:var(--h2_typography-font-weight);--awb-caption-title-font-style:var(--h2_typography-font-style);--awb-caption-title-size:var(--h2_typography-font-size);--awb-caption-title-transform:var(--h2_typography-text-transform);--awb-caption-title-line-height:var(--h2_typography-line-height);--awb-caption-title-letter-spacing:var(--h2_typography-letter-spacing);\"><span class=\" fusion-imageframe imageframe-none imageframe-1 hover-type-none\"><img decoding=\"async\" width=\"600\" height=\"200\" title=\"Amb el suport de\" src=\"https:\/\/www.esplac.cat\/wp-content\/uploads\/2025\/11\/Amb-el-suport-de.jpg\" alt class=\"img-responsive wp-image-55461\" srcset=\"https:\/\/www.esplac.cat\/wp-content\/uploads\/2025\/11\/Amb-el-suport-de-200x67.jpg 200w, https:\/\/www.esplac.cat\/wp-content\/uploads\/2025\/11\/Amb-el-suport-de-400x133.jpg 400w, https:\/\/www.esplac.cat\/wp-content\/uploads\/2025\/11\/Amb-el-suport-de.jpg 600w\" sizes=\"(max-width: 1024px) 100vw, (max-width: 640px) 100vw, 600px\" \/><\/span><\/div><\/div><\/div><\/div><\/div>\n","protected":false},"excerpt":{"rendered":"","protected":false},"author":3,"featured_media":54447,"comment_status":"closed","ping_status":"closed","sticky":false,"template":"","format":"standard","meta":{"om_disable_all_campaigns":false,"_monsterinsights_skip_tracking":false,"_monsterinsights_sitenote_active":false,"_monsterinsights_sitenote_note":"","_monsterinsights_sitenote_category":0,"_uf_show_specific_survey":0,"_uf_disable_surveys":false,"footnotes":""},"categories":[1135,1117,1110],"tags":[],"class_list":["post-54445","post","type-post","status-publish","format-standard","has-post-thumbnail","hentry","category-20-n-drets-dels-infants","category-activitats-esplais","category-activitats-sectors"],"yoast_head":"<!-- This site is optimized with the Yoast SEO plugin v27.4 - https:\/\/yoast.com\/product\/yoast-seo-wordpress\/ -->\n<title>20N: Els esplais d\u2019Esplac reivindiquen els drets dels infants - Esplac<\/title>\n<meta name=\"description\" content=\"Els esplais d\u2019Esplac organitzen activitats per treballar amb infants i joves els seus drets en el Dia Universal dels Drets dels Infants.\" \/>\n<meta name=\"robots\" content=\"index, follow, max-snippet:-1, max-image-preview:large, max-video-preview:-1\" \/>\n<link rel=\"canonical\" href=\"https:\/\/www.esplac.cat\/20n-esplais-esplac-reivindiquen-drets-infants-2025\/\" \/>\n<meta property=\"og:locale\" content=\"en_US\" \/>\n<meta property=\"og:type\" content=\"article\" \/>\n<meta property=\"og:title\" content=\"20N: Els esplais d\u2019Esplac reivindiquen els drets dels infants - Esplac\" \/>\n<meta property=\"og:description\" content=\"Els esplais d\u2019Esplac organitzen activitats per treballar amb infants i joves els seus drets en el Dia Universal dels Drets dels Infants.\" \/>\n<meta property=\"og:url\" content=\"https:\/\/www.esplac.cat\/20n-esplais-esplac-reivindiquen-drets-infants-2025\/\" \/>\n<meta property=\"og:site_name\" content=\"Esplac\" \/>\n<meta property=\"article:published_time\" content=\"2025-11-13T09:19:27+00:00\" \/>\n<meta property=\"article:modified_time\" content=\"2026-02-16T11:38:35+00:00\" \/>\n<meta property=\"og:image\" content=\"https:\/\/www.esplac.cat\/wp-content\/uploads\/2025\/11\/20N-DUDI.jpg\" \/>\n\t<meta property=\"og:image:width\" content=\"1697\" \/>\n\t<meta property=\"og:image:height\" content=\"700\" \/>\n\t<meta property=\"og:image:type\" content=\"image\/jpeg\" \/>\n<meta name=\"author\" content=\"Comunicaci\u00f3 Esplac\" \/>\n<meta name=\"twitter:card\" content=\"summary_large_image\" \/>\n<meta name=\"twitter:label1\" content=\"Written by\" \/>\n\t<meta name=\"twitter:data1\" content=\"Comunicaci\u00f3 Esplac\" \/>\n\t<meta name=\"twitter:label2\" content=\"Est. reading time\" \/>\n\t<meta name=\"twitter:data2\" content=\"5 minutes\" \/>\n<script type=\"application\/ld+json\" class=\"yoast-schema-graph\">{\"@context\":\"https:\\\/\\\/schema.org\",\"@graph\":[{\"@type\":\"Article\",\"@id\":\"https:\\\/\\\/www.esplac.cat\\\/20n-esplais-esplac-reivindiquen-drets-infants-2025\\\/#article\",\"isPartOf\":{\"@id\":\"https:\\\/\\\/www.esplac.cat\\\/20n-esplais-esplac-reivindiquen-drets-infants-2025\\\/\"},\"author\":{\"name\":\"Comunicaci\u00f3 Esplac\",\"@id\":\"https:\\\/\\\/www.esplac.cat\\\/#\\\/schema\\\/person\\\/908383cf240be18b68f8855d0583faca\"},\"headline\":\"20N: Els esplais d\u2019Esplac reivindiquen els drets dels infants\",\"datePublished\":\"2025-11-13T09:19:27+00:00\",\"dateModified\":\"2026-02-16T11:38:35+00:00\",\"mainEntityOfPage\":{\"@id\":\"https:\\\/\\\/www.esplac.cat\\\/20n-esplais-esplac-reivindiquen-drets-infants-2025\\\/\"},\"wordCount\":2057,\"publisher\":{\"@id\":\"https:\\\/\\\/www.esplac.cat\\\/#organization\"},\"image\":{\"@id\":\"https:\\\/\\\/www.esplac.cat\\\/20n-esplais-esplac-reivindiquen-drets-infants-2025\\\/#primaryimage\"},\"thumbnailUrl\":\"https:\\\/\\\/www.esplac.cat\\\/wp-content\\\/uploads\\\/2025\\\/11\\\/20N-DUDI.jpg\",\"articleSection\":[\"20-N: Drets dels infants\",\"Activitats esplais\",\"Activitats sectors\"],\"inLanguage\":\"en-US\"},{\"@type\":\"WebPage\",\"@id\":\"https:\\\/\\\/www.esplac.cat\\\/20n-esplais-esplac-reivindiquen-drets-infants-2025\\\/\",\"url\":\"https:\\\/\\\/www.esplac.cat\\\/20n-esplais-esplac-reivindiquen-drets-infants-2025\\\/\",\"name\":\"20N: Els esplais d\u2019Esplac reivindiquen els drets dels infants - Esplac\",\"isPartOf\":{\"@id\":\"https:\\\/\\\/www.esplac.cat\\\/#website\"},\"primaryImageOfPage\":{\"@id\":\"https:\\\/\\\/www.esplac.cat\\\/20n-esplais-esplac-reivindiquen-drets-infants-2025\\\/#primaryimage\"},\"image\":{\"@id\":\"https:\\\/\\\/www.esplac.cat\\\/20n-esplais-esplac-reivindiquen-drets-infants-2025\\\/#primaryimage\"},\"thumbnailUrl\":\"https:\\\/\\\/www.esplac.cat\\\/wp-content\\\/uploads\\\/2025\\\/11\\\/20N-DUDI.jpg\",\"datePublished\":\"2025-11-13T09:19:27+00:00\",\"dateModified\":\"2026-02-16T11:38:35+00:00\",\"description\":\"Els esplais d\u2019Esplac organitzen activitats per treballar amb infants i joves els seus drets en el Dia Universal dels Drets dels Infants.\",\"breadcrumb\":{\"@id\":\"https:\\\/\\\/www.esplac.cat\\\/20n-esplais-esplac-reivindiquen-drets-infants-2025\\\/#breadcrumb\"},\"inLanguage\":\"en-US\",\"potentialAction\":[{\"@type\":\"ReadAction\",\"target\":[\"https:\\\/\\\/www.esplac.cat\\\/20n-esplais-esplac-reivindiquen-drets-infants-2025\\\/\"]}]},{\"@type\":\"ImageObject\",\"inLanguage\":\"en-US\",\"@id\":\"https:\\\/\\\/www.esplac.cat\\\/20n-esplais-esplac-reivindiquen-drets-infants-2025\\\/#primaryimage\",\"url\":\"https:\\\/\\\/www.esplac.cat\\\/wp-content\\\/uploads\\\/2025\\\/11\\\/20N-DUDI.jpg\",\"contentUrl\":\"https:\\\/\\\/www.esplac.cat\\\/wp-content\\\/uploads\\\/2025\\\/11\\\/20N-DUDI.jpg\",\"width\":1697,\"height\":700,\"caption\":\"drets infants\"},{\"@type\":\"BreadcrumbList\",\"@id\":\"https:\\\/\\\/www.esplac.cat\\\/20n-esplais-esplac-reivindiquen-drets-infants-2025\\\/#breadcrumb\",\"itemListElement\":[{\"@type\":\"ListItem\",\"position\":1,\"name\":\"Inici\",\"item\":\"https:\\\/\\\/www.esplac.cat\\\/en\\\/\"},{\"@type\":\"ListItem\",\"position\":2,\"name\":\"20N: Els esplais d\u2019Esplac reivindiquen els drets dels infants\"}]},{\"@type\":\"WebSite\",\"@id\":\"https:\\\/\\\/www.esplac.cat\\\/#website\",\"url\":\"https:\\\/\\\/www.esplac.cat\\\/\",\"name\":\"Esplac\",\"description\":\"Esplais Catalans\",\"publisher\":{\"@id\":\"https:\\\/\\\/www.esplac.cat\\\/#organization\"},\"potentialAction\":[{\"@type\":\"SearchAction\",\"target\":{\"@type\":\"EntryPoint\",\"urlTemplate\":\"https:\\\/\\\/www.esplac.cat\\\/?s={search_term_string}\"},\"query-input\":{\"@type\":\"PropertyValueSpecification\",\"valueRequired\":true,\"valueName\":\"search_term_string\"}}],\"inLanguage\":\"en-US\"},{\"@type\":\"Organization\",\"@id\":\"https:\\\/\\\/www.esplac.cat\\\/#organization\",\"name\":\"Esplac\",\"url\":\"https:\\\/\\\/www.esplac.cat\\\/\",\"logo\":{\"@type\":\"ImageObject\",\"inLanguage\":\"en-US\",\"@id\":\"https:\\\/\\\/www.esplac.cat\\\/#\\\/schema\\\/logo\\\/image\\\/\",\"url\":\"https:\\\/\\\/www.esplac.cat\\\/wp-content\\\/uploads\\\/2019\\\/08\\\/logox2.png\",\"contentUrl\":\"https:\\\/\\\/www.esplac.cat\\\/wp-content\\\/uploads\\\/2019\\\/08\\\/logox2.png\",\"width\":600,\"height\":295,\"caption\":\"Esplac\"},\"image\":{\"@id\":\"https:\\\/\\\/www.esplac.cat\\\/#\\\/schema\\\/logo\\\/image\\\/\"}},{\"@type\":\"Person\",\"@id\":\"https:\\\/\\\/www.esplac.cat\\\/#\\\/schema\\\/person\\\/908383cf240be18b68f8855d0583faca\",\"name\":\"Comunicaci\u00f3 Esplac\",\"image\":{\"@type\":\"ImageObject\",\"inLanguage\":\"en-US\",\"@id\":\"https:\\\/\\\/secure.gravatar.com\\\/avatar\\\/7a4cf8feb412a76ea4a740ca02d95b06b2907b5a6c648c2dd0a1082a093c3141?s=96&d=mm&r=g\",\"url\":\"https:\\\/\\\/secure.gravatar.com\\\/avatar\\\/7a4cf8feb412a76ea4a740ca02d95b06b2907b5a6c648c2dd0a1082a093c3141?s=96&d=mm&r=g\",\"contentUrl\":\"https:\\\/\\\/secure.gravatar.com\\\/avatar\\\/7a4cf8feb412a76ea4a740ca02d95b06b2907b5a6c648c2dd0a1082a093c3141?s=96&d=mm&r=g\",\"caption\":\"Comunicaci\u00f3 Esplac\"}}]}<\/script>\n<!-- \/ Yoast SEO plugin. -->","yoast_head_json":{"title":"20N: Els esplais d\u2019Esplac reivindiquen els drets dels infants - Esplac","description":"Els esplais d\u2019Esplac organitzen activitats per treballar amb infants i joves els seus drets en el Dia Universal dels Drets dels Infants.","robots":{"index":"index","follow":"follow","max-snippet":"max-snippet:-1","max-image-preview":"max-image-preview:large","max-video-preview":"max-video-preview:-1"},"canonical":"https:\/\/www.esplac.cat\/20n-esplais-esplac-reivindiquen-drets-infants-2025\/","og_locale":"en_US","og_type":"article","og_title":"20N: Els esplais d\u2019Esplac reivindiquen els drets dels infants - Esplac","og_description":"Els esplais d\u2019Esplac organitzen activitats per treballar amb infants i joves els seus drets en el Dia Universal dels Drets dels Infants.","og_url":"https:\/\/www.esplac.cat\/20n-esplais-esplac-reivindiquen-drets-infants-2025\/","og_site_name":"Esplac","article_published_time":"2025-11-13T09:19:27+00:00","article_modified_time":"2026-02-16T11:38:35+00:00","og_image":[{"width":1697,"height":700,"url":"https:\/\/www.esplac.cat\/wp-content\/uploads\/2025\/11\/20N-DUDI.jpg","type":"image\/jpeg"}],"author":"Comunicaci\u00f3 Esplac","twitter_card":"summary_large_image","twitter_misc":{"Written by":"Comunicaci\u00f3 Esplac","Est. reading time":"5 minutes"},"schema":{"@context":"https:\/\/schema.org","@graph":[{"@type":"Article","@id":"https:\/\/www.esplac.cat\/20n-esplais-esplac-reivindiquen-drets-infants-2025\/#article","isPartOf":{"@id":"https:\/\/www.esplac.cat\/20n-esplais-esplac-reivindiquen-drets-infants-2025\/"},"author":{"name":"Comunicaci\u00f3 Esplac","@id":"https:\/\/www.esplac.cat\/#\/schema\/person\/908383cf240be18b68f8855d0583faca"},"headline":"20N: Els esplais d\u2019Esplac reivindiquen els drets dels infants","datePublished":"2025-11-13T09:19:27+00:00","dateModified":"2026-02-16T11:38:35+00:00","mainEntityOfPage":{"@id":"https:\/\/www.esplac.cat\/20n-esplais-esplac-reivindiquen-drets-infants-2025\/"},"wordCount":2057,"publisher":{"@id":"https:\/\/www.esplac.cat\/#organization"},"image":{"@id":"https:\/\/www.esplac.cat\/20n-esplais-esplac-reivindiquen-drets-infants-2025\/#primaryimage"},"thumbnailUrl":"https:\/\/www.esplac.cat\/wp-content\/uploads\/2025\/11\/20N-DUDI.jpg","articleSection":["20-N: Drets dels infants","Activitats esplais","Activitats sectors"],"inLanguage":"en-US"},{"@type":"WebPage","@id":"https:\/\/www.esplac.cat\/20n-esplais-esplac-reivindiquen-drets-infants-2025\/","url":"https:\/\/www.esplac.cat\/20n-esplais-esplac-reivindiquen-drets-infants-2025\/","name":"20N: Els esplais d\u2019Esplac reivindiquen els drets dels infants - Esplac","isPartOf":{"@id":"https:\/\/www.esplac.cat\/#website"},"primaryImageOfPage":{"@id":"https:\/\/www.esplac.cat\/20n-esplais-esplac-reivindiquen-drets-infants-2025\/#primaryimage"},"image":{"@id":"https:\/\/www.esplac.cat\/20n-esplais-esplac-reivindiquen-drets-infants-2025\/#primaryimage"},"thumbnailUrl":"https:\/\/www.esplac.cat\/wp-content\/uploads\/2025\/11\/20N-DUDI.jpg","datePublished":"2025-11-13T09:19:27+00:00","dateModified":"2026-02-16T11:38:35+00:00","description":"Els esplais d\u2019Esplac organitzen activitats per treballar amb infants i joves els seus drets en el Dia Universal dels Drets dels Infants.","breadcrumb":{"@id":"https:\/\/www.esplac.cat\/20n-esplais-esplac-reivindiquen-drets-infants-2025\/#breadcrumb"},"inLanguage":"en-US","potentialAction":[{"@type":"ReadAction","target":["https:\/\/www.esplac.cat\/20n-esplais-esplac-reivindiquen-drets-infants-2025\/"]}]},{"@type":"ImageObject","inLanguage":"en-US","@id":"https:\/\/www.esplac.cat\/20n-esplais-esplac-reivindiquen-drets-infants-2025\/#primaryimage","url":"https:\/\/www.esplac.cat\/wp-content\/uploads\/2025\/11\/20N-DUDI.jpg","contentUrl":"https:\/\/www.esplac.cat\/wp-content\/uploads\/2025\/11\/20N-DUDI.jpg","width":1697,"height":700,"caption":"drets infants"},{"@type":"BreadcrumbList","@id":"https:\/\/www.esplac.cat\/20n-esplais-esplac-reivindiquen-drets-infants-2025\/#breadcrumb","itemListElement":[{"@type":"ListItem","position":1,"name":"Inici","item":"https:\/\/www.esplac.cat\/en\/"},{"@type":"ListItem","position":2,"name":"20N: Els esplais d\u2019Esplac reivindiquen els drets dels infants"}]},{"@type":"WebSite","@id":"https:\/\/www.esplac.cat\/#website","url":"https:\/\/www.esplac.cat\/","name":"Esplac","description":"Esplais Catalans","publisher":{"@id":"https:\/\/www.esplac.cat\/#organization"},"potentialAction":[{"@type":"SearchAction","target":{"@type":"EntryPoint","urlTemplate":"https:\/\/www.esplac.cat\/?s={search_term_string}"},"query-input":{"@type":"PropertyValueSpecification","valueRequired":true,"valueName":"search_term_string"}}],"inLanguage":"en-US"},{"@type":"Organization","@id":"https:\/\/www.esplac.cat\/#organization","name":"Esplac","url":"https:\/\/www.esplac.cat\/","logo":{"@type":"ImageObject","inLanguage":"en-US","@id":"https:\/\/www.esplac.cat\/#\/schema\/logo\/image\/","url":"https:\/\/www.esplac.cat\/wp-content\/uploads\/2019\/08\/logox2.png","contentUrl":"https:\/\/www.esplac.cat\/wp-content\/uploads\/2019\/08\/logox2.png","width":600,"height":295,"caption":"Esplac"},"image":{"@id":"https:\/\/www.esplac.cat\/#\/schema\/logo\/image\/"}},{"@type":"Person","@id":"https:\/\/www.esplac.cat\/#\/schema\/person\/908383cf240be18b68f8855d0583faca","name":"Comunicaci\u00f3 Esplac","image":{"@type":"ImageObject","inLanguage":"en-US","@id":"https:\/\/secure.gravatar.com\/avatar\/7a4cf8feb412a76ea4a740ca02d95b06b2907b5a6c648c2dd0a1082a093c3141?s=96&d=mm&r=g","url":"https:\/\/secure.gravatar.com\/avatar\/7a4cf8feb412a76ea4a740ca02d95b06b2907b5a6c648c2dd0a1082a093c3141?s=96&d=mm&r=g","contentUrl":"https:\/\/secure.gravatar.com\/avatar\/7a4cf8feb412a76ea4a740ca02d95b06b2907b5a6c648c2dd0a1082a093c3141?s=96&d=mm&r=g","caption":"Comunicaci\u00f3 Esplac"}}]}},"_links":{"self":[{"href":"https:\/\/www.esplac.cat\/en\/wp-json\/wp\/v2\/posts\/54445","targetHints":{"allow":["GET"]}}],"collection":[{"href":"https:\/\/www.esplac.cat\/en\/wp-json\/wp\/v2\/posts"}],"about":[{"href":"https:\/\/www.esplac.cat\/en\/wp-json\/wp\/v2\/types\/post"}],"author":[{"embeddable":true,"href":"https:\/\/www.esplac.cat\/en\/wp-json\/wp\/v2\/users\/3"}],"replies":[{"embeddable":true,"href":"https:\/\/www.esplac.cat\/en\/wp-json\/wp\/v2\/comments?post=54445"}],"version-history":[{"count":8,"href":"https:\/\/www.esplac.cat\/en\/wp-json\/wp\/v2\/posts\/54445\/revisions"}],"predecessor-version":[{"id":55467,"href":"https:\/\/www.esplac.cat\/en\/wp-json\/wp\/v2\/posts\/54445\/revisions\/55467"}],"wp:featuredmedia":[{"embeddable":true,"href":"https:\/\/www.esplac.cat\/en\/wp-json\/wp\/v2\/media\/54447"}],"wp:attachment":[{"href":"https:\/\/www.esplac.cat\/en\/wp-json\/wp\/v2\/media?parent=54445"}],"wp:term":[{"taxonomy":"category","embeddable":true,"href":"https:\/\/www.esplac.cat\/en\/wp-json\/wp\/v2\/categories?post=54445"},{"taxonomy":"post_tag","embeddable":true,"href":"https:\/\/www.esplac.cat\/en\/wp-json\/wp\/v2\/tags?post=54445"}],"curies":[{"name":"wp","href":"https:\/\/api.w.org\/{rel}","templated":true}]}}