{"id":54495,"date":"2025-11-21T12:15:44","date_gmt":"2025-11-21T10:15:44","guid":{"rendered":"https:\/\/www.esplac.cat\/?p=54495"},"modified":"2025-11-21T12:15:44","modified_gmt":"2025-11-21T10:15:44","slug":"50-anys-de-la-mort-de-franco","status":"publish","type":"post","link":"https:\/\/www.esplac.cat\/en\/50-anys-de-la-mort-de-franco\/","title":{"rendered":"Posicionament: 50 anys de la mort de Franco"},"content":{"rendered":"<p><div class=\"fusion-fullwidth fullwidth-box fusion-builder-row-1 fusion-flex-container nonhundred-percent-fullwidth non-hundred-percent-height-scrolling\" style=\"--awb-border-radius-top-left:0px;--awb-border-radius-top-right:0px;--awb-border-radius-bottom-right:0px;--awb-border-radius-bottom-left:0px;--awb-flex-wrap:wrap;\" ><div class=\"fusion-builder-row fusion-row fusion-flex-align-items-flex-start fusion-flex-content-wrap\" style=\"max-width:1248px;margin-left: calc(-4% \/ 2 );margin-right: calc(-4% \/ 2 );\"><div class=\"fusion-layout-column fusion_builder_column fusion-builder-column-0 fusion_builder_column_1_1 1_1 fusion-flex-column\" style=\"--awb-bg-size:cover;--awb-width-large:100%;--awb-margin-top-large:0px;--awb-spacing-right-large:1.92%;--awb-margin-bottom-large:0px;--awb-spacing-left-large:1.92%;--awb-width-medium:100%;--awb-spacing-right-medium:1.92%;--awb-spacing-left-medium:1.92%;--awb-width-small:100%;--awb-spacing-right-small:1.92%;--awb-spacing-left-small:1.92%;\"><div class=\"fusion-column-wrapper fusion-flex-justify-content-flex-start fusion-content-layout-column\"><div class=\"fusion-text fusion-text-1\"><h6 dir=\"ltr\"><strong>50 anys de la mort de Franco<\/strong><\/h6>\n<p>Ahir celebr\u00e0vem el 50\u00e8 aniversari de la mort de Franco, un moment clau per la hist\u00f2ria de la nostra exist\u00e8ncia com a associaci\u00f3. Durant la dictadura franquista es van restringir tots els drets i llibertats pol\u00edtiques i es va perseguir a tota la dissid\u00e8ncia contra el r\u00e8gim per tal de protegir i blindar el poder de les elits. <strong>L&#8217;oposici\u00f3 al franquisme tamb\u00e9 era una lluita per transformar la societat radicalment i per construir una societat sense classes, ni cap mena d\u2019opressi\u00f3.<\/strong><\/p>\n<p><strong>Els esplais, juntament amb la resta del lleure associatiu vam tenir un paper clau en l\u2019oposici\u00f3 antifranquista<\/strong>: van n\u00e9ixer els primers esplais sota els paraig\u00fces de l\u2019esgl\u00e9sia, vam enfortir la nostra capacitat d\u2019organitzaci\u00f3 de base, vam generar les primeres coordinacions que van desencadenar m\u00e9s tard en la fundaci\u00f3 d\u2019Esplac i vam tenir els debats necessaris en aquell moment. A m\u00e9s, el lleure va fer-ho de la m\u00e0 del moviment obrer i ve\u00efnal i amb la resta d\u2019organitzacions pol\u00edtiques que es van negar a claudicar davant el franquisme.<\/p>\n<p>Ara b\u00e9,<strong> hem de ser conscients que els poders econ\u00f2mics i pol\u00edtics s\u2019han mantingut intactes i s\u00f3n hereus directes del r\u00e8gim autoritari anterior.<\/strong> Els responsables de la falsa transici\u00f3 democr\u00e0tica es van assegurar que tot qued\u00e9s \u201catado y bien atado\u201d i no supos\u00e9s una ruptura democr\u00e0tica real amb tot all\u00f2 que el franquisme havia protegit.<\/p>\n<p><strong>Avui, nosaltres, recollim l\u2019her\u00e8ncia dels que ens han precedit, dels que davant del r\u00e8gim existent van tenir la iniciativa d\u2019impulsar projectes pedag\u00f2gics transformadors, de teixir aliances amb el moviment obrer i que en definitiva, van plantar cara al sistema d\u2019opressi\u00f3 i explotaci\u00f3.<\/strong><\/p>\n<p>Avui, aix\u00f2 es concreta en fer front a un sistema que, davant la crisi, necessita assentar un marc que ens mantingui dividits, a assenyalar a estrats concrets com a bocs expiatoris a trav\u00e9s de viol\u00e8ncia, repressi\u00f3, etc. <strong>Cal que ens mantinguem fermes i ferms en desplegar una educaci\u00f3 cr\u00edtica i transformadora, per tal que els infants tamb\u00e9 siguin agents actius d\u2019aquesta batalla i a situar-nos a primera l\u00ednia contra aquells discursos i projectes que mantenen el franquisme i la nostra manca de llibertat vigent.<\/strong><\/p>\n<p>21 de novembre\u00a0 de 2025<\/p>\n<\/div><\/div><\/div><\/div><\/div><div class=\"fusion-fullwidth fullwidth-box fusion-builder-row-2 fusion-flex-container nonhundred-percent-fullwidth non-hundred-percent-height-scrolling\" style=\"--awb-border-radius-top-left:0px;--awb-border-radius-top-right:0px;--awb-border-radius-bottom-right:0px;--awb-border-radius-bottom-left:0px;--awb-flex-wrap:wrap;\" ><div class=\"fusion-builder-row fusion-row fusion-flex-align-items-flex-start fusion-flex-content-wrap\" style=\"max-width:1248px;margin-left: calc(-4% \/ 2 );margin-right: calc(-4% \/ 2 );\"><div class=\"fusion-layout-column fusion_builder_column fusion-builder-column-1 fusion_builder_column_1_1 1_1 fusion-flex-column\" style=\"--awb-bg-size:cover;--awb-width-large:100%;--awb-margin-top-large:0px;--awb-spacing-right-large:1.92%;--awb-margin-bottom-large:0px;--awb-spacing-left-large:1.92%;--awb-width-medium:100%;--awb-spacing-right-medium:1.92%;--awb-spacing-left-medium:1.92%;--awb-width-small:100%;--awb-spacing-right-small:1.92%;--awb-spacing-left-small:1.92%;\"><div class=\"fusion-column-wrapper fusion-flex-justify-content-flex-start fusion-content-layout-column\"><div style=\"text-align:center;\"><a class=\"fusion-button button-flat fusion-button-default-size button-default fusion-button-default button-1 fusion-button-default-span fusion-button-default-type\" target=\"_self\" href=\"https:\/\/www.esplac.cat\/wp-content\/uploads\/2025\/11\/Posicionament_-50-anys-de-la-mort-de-Franco.pdf\"><span class=\"fusion-button-text\">Descarrega el posicionament<\/span><\/a><\/div><div class=\"fusion-separator fusion-full-width-sep\" style=\"align-self: center;margin-left: auto;margin-right: auto;width:100%;\"><\/div><\/div><\/div><\/div><\/div><div class=\"fusion-fullwidth fullwidth-box fusion-builder-row-3 fusion-flex-container has-pattern-background has-mask-background nonhundred-percent-fullwidth non-hundred-percent-height-scrolling\" style=\"--awb-border-radius-top-left:0px;--awb-border-radius-top-right:0px;--awb-border-radius-bottom-right:0px;--awb-border-radius-bottom-left:0px;--awb-flex-wrap:wrap;\" ><div class=\"fusion-builder-row fusion-row fusion-flex-align-items-flex-start fusion-flex-content-wrap\" style=\"max-width:1248px;margin-left: calc(-4% \/ 2 );margin-right: calc(-4% \/ 2 );\"><\/div><\/div><\/p>\n","protected":false},"excerpt":{"rendered":"","protected":false},"author":3,"featured_media":54500,"comment_status":"closed","ping_status":"closed","sticky":false,"template":"","format":"standard","meta":{"om_disable_all_campaigns":false,"_monsterinsights_skip_tracking":false,"_monsterinsights_sitenote_active":false,"_monsterinsights_sitenote_note":"","_monsterinsights_sitenote_category":0,"_uf_show_specific_survey":0,"_uf_disable_surveys":false,"footnotes":""},"categories":[1127],"tags":[],"class_list":["post-54495","post","type-post","status-publish","format-standard","has-post-thumbnail","hentry","category-comunicats-posicionaments"],"yoast_head":"<!-- This site is optimized with the Yoast SEO plugin v27.4 - https:\/\/yoast.com\/product\/yoast-seo-wordpress\/ -->\n<title>Posicionament: 50 anys de la mort de Franco - Esplac<\/title>\n<meta name=\"description\" content=\"Celebrem la vida de les persones trans* i reivindiquem la possibilitat de viure m\u00e9s enll\u00e0 del sistema binari de g\u00e8nere imposat.\" \/>\n<meta name=\"robots\" content=\"index, follow, max-snippet:-1, max-image-preview:large, max-video-preview:-1\" \/>\n<link rel=\"canonical\" href=\"https:\/\/www.esplac.cat\/50-anys-de-la-mort-de-franco\/\" \/>\n<meta property=\"og:locale\" content=\"en_US\" \/>\n<meta property=\"og:type\" content=\"article\" \/>\n<meta property=\"og:title\" content=\"Posicionament: 50 anys de la mort de Franco - Esplac\" \/>\n<meta property=\"og:description\" content=\"Celebrem la vida de les persones trans* i reivindiquem la possibilitat de viure m\u00e9s enll\u00e0 del sistema binari de g\u00e8nere imposat.\" \/>\n<meta property=\"og:url\" content=\"https:\/\/www.esplac.cat\/50-anys-de-la-mort-de-franco\/\" \/>\n<meta property=\"og:site_name\" content=\"Esplac\" \/>\n<meta property=\"article:published_time\" content=\"2025-11-21T10:15:44+00:00\" \/>\n<meta property=\"og:image\" content=\"https:\/\/www.esplac.cat\/wp-content\/uploads\/2025\/11\/Posicionament-50-anys-mort-franco-1.png\" \/>\n\t<meta property=\"og:image:width\" content=\"1697\" \/>\n\t<meta property=\"og:image:height\" content=\"700\" \/>\n\t<meta property=\"og:image:type\" content=\"image\/png\" \/>\n<meta name=\"author\" content=\"Comunicaci\u00f3 Esplac\" \/>\n<meta name=\"twitter:card\" content=\"summary_large_image\" \/>\n<meta name=\"twitter:label1\" content=\"Written by\" \/>\n\t<meta name=\"twitter:data1\" content=\"Comunicaci\u00f3 Esplac\" \/>\n\t<meta name=\"twitter:label2\" content=\"Est. reading time\" \/>\n\t<meta name=\"twitter:data2\" content=\"3 minutes\" \/>\n<script type=\"application\/ld+json\" class=\"yoast-schema-graph\">{\"@context\":\"https:\\\/\\\/schema.org\",\"@graph\":[{\"@type\":\"Article\",\"@id\":\"https:\\\/\\\/www.esplac.cat\\\/50-anys-de-la-mort-de-franco\\\/#article\",\"isPartOf\":{\"@id\":\"https:\\\/\\\/www.esplac.cat\\\/50-anys-de-la-mort-de-franco\\\/\"},\"author\":{\"name\":\"Comunicaci\u00f3 Esplac\",\"@id\":\"https:\\\/\\\/www.esplac.cat\\\/#\\\/schema\\\/person\\\/908383cf240be18b68f8855d0583faca\"},\"headline\":\"Posicionament: 50 anys de la mort de Franco\",\"datePublished\":\"2025-11-21T10:15:44+00:00\",\"mainEntityOfPage\":{\"@id\":\"https:\\\/\\\/www.esplac.cat\\\/50-anys-de-la-mort-de-franco\\\/\"},\"wordCount\":1498,\"publisher\":{\"@id\":\"https:\\\/\\\/www.esplac.cat\\\/#organization\"},\"image\":{\"@id\":\"https:\\\/\\\/www.esplac.cat\\\/50-anys-de-la-mort-de-franco\\\/#primaryimage\"},\"thumbnailUrl\":\"https:\\\/\\\/www.esplac.cat\\\/wp-content\\\/uploads\\\/2025\\\/11\\\/Posicionament-50-anys-mort-franco-1.png\",\"articleSection\":[\"Comunicats i posicionaments\"],\"inLanguage\":\"en-US\"},{\"@type\":\"WebPage\",\"@id\":\"https:\\\/\\\/www.esplac.cat\\\/50-anys-de-la-mort-de-franco\\\/\",\"url\":\"https:\\\/\\\/www.esplac.cat\\\/50-anys-de-la-mort-de-franco\\\/\",\"name\":\"Posicionament: 50 anys de la mort de Franco - Esplac\",\"isPartOf\":{\"@id\":\"https:\\\/\\\/www.esplac.cat\\\/#website\"},\"primaryImageOfPage\":{\"@id\":\"https:\\\/\\\/www.esplac.cat\\\/50-anys-de-la-mort-de-franco\\\/#primaryimage\"},\"image\":{\"@id\":\"https:\\\/\\\/www.esplac.cat\\\/50-anys-de-la-mort-de-franco\\\/#primaryimage\"},\"thumbnailUrl\":\"https:\\\/\\\/www.esplac.cat\\\/wp-content\\\/uploads\\\/2025\\\/11\\\/Posicionament-50-anys-mort-franco-1.png\",\"datePublished\":\"2025-11-21T10:15:44+00:00\",\"description\":\"Celebrem la vida de les persones trans* i reivindiquem la possibilitat de viure m\u00e9s enll\u00e0 del sistema binari de g\u00e8nere imposat.\",\"breadcrumb\":{\"@id\":\"https:\\\/\\\/www.esplac.cat\\\/50-anys-de-la-mort-de-franco\\\/#breadcrumb\"},\"inLanguage\":\"en-US\",\"potentialAction\":[{\"@type\":\"ReadAction\",\"target\":[\"https:\\\/\\\/www.esplac.cat\\\/50-anys-de-la-mort-de-franco\\\/\"]}]},{\"@type\":\"ImageObject\",\"inLanguage\":\"en-US\",\"@id\":\"https:\\\/\\\/www.esplac.cat\\\/50-anys-de-la-mort-de-franco\\\/#primaryimage\",\"url\":\"https:\\\/\\\/www.esplac.cat\\\/wp-content\\\/uploads\\\/2025\\\/11\\\/Posicionament-50-anys-mort-franco-1.png\",\"contentUrl\":\"https:\\\/\\\/www.esplac.cat\\\/wp-content\\\/uploads\\\/2025\\\/11\\\/Posicionament-50-anys-mort-franco-1.png\",\"width\":1697,\"height\":700},{\"@type\":\"BreadcrumbList\",\"@id\":\"https:\\\/\\\/www.esplac.cat\\\/50-anys-de-la-mort-de-franco\\\/#breadcrumb\",\"itemListElement\":[{\"@type\":\"ListItem\",\"position\":1,\"name\":\"Inici\",\"item\":\"https:\\\/\\\/www.esplac.cat\\\/en\\\/\"},{\"@type\":\"ListItem\",\"position\":2,\"name\":\"Posicionament: 50 anys de la mort de Franco\"}]},{\"@type\":\"WebSite\",\"@id\":\"https:\\\/\\\/www.esplac.cat\\\/#website\",\"url\":\"https:\\\/\\\/www.esplac.cat\\\/\",\"name\":\"Esplac\",\"description\":\"Esplais Catalans\",\"publisher\":{\"@id\":\"https:\\\/\\\/www.esplac.cat\\\/#organization\"},\"potentialAction\":[{\"@type\":\"SearchAction\",\"target\":{\"@type\":\"EntryPoint\",\"urlTemplate\":\"https:\\\/\\\/www.esplac.cat\\\/?s={search_term_string}\"},\"query-input\":{\"@type\":\"PropertyValueSpecification\",\"valueRequired\":true,\"valueName\":\"search_term_string\"}}],\"inLanguage\":\"en-US\"},{\"@type\":\"Organization\",\"@id\":\"https:\\\/\\\/www.esplac.cat\\\/#organization\",\"name\":\"Esplac\",\"url\":\"https:\\\/\\\/www.esplac.cat\\\/\",\"logo\":{\"@type\":\"ImageObject\",\"inLanguage\":\"en-US\",\"@id\":\"https:\\\/\\\/www.esplac.cat\\\/#\\\/schema\\\/logo\\\/image\\\/\",\"url\":\"https:\\\/\\\/www.esplac.cat\\\/wp-content\\\/uploads\\\/2019\\\/08\\\/logox2.png\",\"contentUrl\":\"https:\\\/\\\/www.esplac.cat\\\/wp-content\\\/uploads\\\/2019\\\/08\\\/logox2.png\",\"width\":600,\"height\":295,\"caption\":\"Esplac\"},\"image\":{\"@id\":\"https:\\\/\\\/www.esplac.cat\\\/#\\\/schema\\\/logo\\\/image\\\/\"}},{\"@type\":\"Person\",\"@id\":\"https:\\\/\\\/www.esplac.cat\\\/#\\\/schema\\\/person\\\/908383cf240be18b68f8855d0583faca\",\"name\":\"Comunicaci\u00f3 Esplac\",\"image\":{\"@type\":\"ImageObject\",\"inLanguage\":\"en-US\",\"@id\":\"https:\\\/\\\/secure.gravatar.com\\\/avatar\\\/7a4cf8feb412a76ea4a740ca02d95b06b2907b5a6c648c2dd0a1082a093c3141?s=96&d=mm&r=g\",\"url\":\"https:\\\/\\\/secure.gravatar.com\\\/avatar\\\/7a4cf8feb412a76ea4a740ca02d95b06b2907b5a6c648c2dd0a1082a093c3141?s=96&d=mm&r=g\",\"contentUrl\":\"https:\\\/\\\/secure.gravatar.com\\\/avatar\\\/7a4cf8feb412a76ea4a740ca02d95b06b2907b5a6c648c2dd0a1082a093c3141?s=96&d=mm&r=g\",\"caption\":\"Comunicaci\u00f3 Esplac\"}}]}<\/script>\n<!-- \/ Yoast SEO plugin. -->","yoast_head_json":{"title":"Posicionament: 50 anys de la mort de Franco - Esplac","description":"Celebrem la vida de les persones trans* i reivindiquem la possibilitat de viure m\u00e9s enll\u00e0 del sistema binari de g\u00e8nere imposat.","robots":{"index":"index","follow":"follow","max-snippet":"max-snippet:-1","max-image-preview":"max-image-preview:large","max-video-preview":"max-video-preview:-1"},"canonical":"https:\/\/www.esplac.cat\/50-anys-de-la-mort-de-franco\/","og_locale":"en_US","og_type":"article","og_title":"Posicionament: 50 anys de la mort de Franco - Esplac","og_description":"Celebrem la vida de les persones trans* i reivindiquem la possibilitat de viure m\u00e9s enll\u00e0 del sistema binari de g\u00e8nere imposat.","og_url":"https:\/\/www.esplac.cat\/50-anys-de-la-mort-de-franco\/","og_site_name":"Esplac","article_published_time":"2025-11-21T10:15:44+00:00","og_image":[{"width":1697,"height":700,"url":"https:\/\/www.esplac.cat\/wp-content\/uploads\/2025\/11\/Posicionament-50-anys-mort-franco-1.png","type":"image\/png"}],"author":"Comunicaci\u00f3 Esplac","twitter_card":"summary_large_image","twitter_misc":{"Written by":"Comunicaci\u00f3 Esplac","Est. reading time":"3 minutes"},"schema":{"@context":"https:\/\/schema.org","@graph":[{"@type":"Article","@id":"https:\/\/www.esplac.cat\/50-anys-de-la-mort-de-franco\/#article","isPartOf":{"@id":"https:\/\/www.esplac.cat\/50-anys-de-la-mort-de-franco\/"},"author":{"name":"Comunicaci\u00f3 Esplac","@id":"https:\/\/www.esplac.cat\/#\/schema\/person\/908383cf240be18b68f8855d0583faca"},"headline":"Posicionament: 50 anys de la mort de Franco","datePublished":"2025-11-21T10:15:44+00:00","mainEntityOfPage":{"@id":"https:\/\/www.esplac.cat\/50-anys-de-la-mort-de-franco\/"},"wordCount":1498,"publisher":{"@id":"https:\/\/www.esplac.cat\/#organization"},"image":{"@id":"https:\/\/www.esplac.cat\/50-anys-de-la-mort-de-franco\/#primaryimage"},"thumbnailUrl":"https:\/\/www.esplac.cat\/wp-content\/uploads\/2025\/11\/Posicionament-50-anys-mort-franco-1.png","articleSection":["Comunicats i posicionaments"],"inLanguage":"en-US"},{"@type":"WebPage","@id":"https:\/\/www.esplac.cat\/50-anys-de-la-mort-de-franco\/","url":"https:\/\/www.esplac.cat\/50-anys-de-la-mort-de-franco\/","name":"Posicionament: 50 anys de la mort de Franco - Esplac","isPartOf":{"@id":"https:\/\/www.esplac.cat\/#website"},"primaryImageOfPage":{"@id":"https:\/\/www.esplac.cat\/50-anys-de-la-mort-de-franco\/#primaryimage"},"image":{"@id":"https:\/\/www.esplac.cat\/50-anys-de-la-mort-de-franco\/#primaryimage"},"thumbnailUrl":"https:\/\/www.esplac.cat\/wp-content\/uploads\/2025\/11\/Posicionament-50-anys-mort-franco-1.png","datePublished":"2025-11-21T10:15:44+00:00","description":"Celebrem la vida de les persones trans* i reivindiquem la possibilitat de viure m\u00e9s enll\u00e0 del sistema binari de g\u00e8nere imposat.","breadcrumb":{"@id":"https:\/\/www.esplac.cat\/50-anys-de-la-mort-de-franco\/#breadcrumb"},"inLanguage":"en-US","potentialAction":[{"@type":"ReadAction","target":["https:\/\/www.esplac.cat\/50-anys-de-la-mort-de-franco\/"]}]},{"@type":"ImageObject","inLanguage":"en-US","@id":"https:\/\/www.esplac.cat\/50-anys-de-la-mort-de-franco\/#primaryimage","url":"https:\/\/www.esplac.cat\/wp-content\/uploads\/2025\/11\/Posicionament-50-anys-mort-franco-1.png","contentUrl":"https:\/\/www.esplac.cat\/wp-content\/uploads\/2025\/11\/Posicionament-50-anys-mort-franco-1.png","width":1697,"height":700},{"@type":"BreadcrumbList","@id":"https:\/\/www.esplac.cat\/50-anys-de-la-mort-de-franco\/#breadcrumb","itemListElement":[{"@type":"ListItem","position":1,"name":"Inici","item":"https:\/\/www.esplac.cat\/en\/"},{"@type":"ListItem","position":2,"name":"Posicionament: 50 anys de la mort de Franco"}]},{"@type":"WebSite","@id":"https:\/\/www.esplac.cat\/#website","url":"https:\/\/www.esplac.cat\/","name":"Esplac","description":"Esplais Catalans","publisher":{"@id":"https:\/\/www.esplac.cat\/#organization"},"potentialAction":[{"@type":"SearchAction","target":{"@type":"EntryPoint","urlTemplate":"https:\/\/www.esplac.cat\/?s={search_term_string}"},"query-input":{"@type":"PropertyValueSpecification","valueRequired":true,"valueName":"search_term_string"}}],"inLanguage":"en-US"},{"@type":"Organization","@id":"https:\/\/www.esplac.cat\/#organization","name":"Esplac","url":"https:\/\/www.esplac.cat\/","logo":{"@type":"ImageObject","inLanguage":"en-US","@id":"https:\/\/www.esplac.cat\/#\/schema\/logo\/image\/","url":"https:\/\/www.esplac.cat\/wp-content\/uploads\/2019\/08\/logox2.png","contentUrl":"https:\/\/www.esplac.cat\/wp-content\/uploads\/2019\/08\/logox2.png","width":600,"height":295,"caption":"Esplac"},"image":{"@id":"https:\/\/www.esplac.cat\/#\/schema\/logo\/image\/"}},{"@type":"Person","@id":"https:\/\/www.esplac.cat\/#\/schema\/person\/908383cf240be18b68f8855d0583faca","name":"Comunicaci\u00f3 Esplac","image":{"@type":"ImageObject","inLanguage":"en-US","@id":"https:\/\/secure.gravatar.com\/avatar\/7a4cf8feb412a76ea4a740ca02d95b06b2907b5a6c648c2dd0a1082a093c3141?s=96&d=mm&r=g","url":"https:\/\/secure.gravatar.com\/avatar\/7a4cf8feb412a76ea4a740ca02d95b06b2907b5a6c648c2dd0a1082a093c3141?s=96&d=mm&r=g","contentUrl":"https:\/\/secure.gravatar.com\/avatar\/7a4cf8feb412a76ea4a740ca02d95b06b2907b5a6c648c2dd0a1082a093c3141?s=96&d=mm&r=g","caption":"Comunicaci\u00f3 Esplac"}}]}},"_links":{"self":[{"href":"https:\/\/www.esplac.cat\/en\/wp-json\/wp\/v2\/posts\/54495","targetHints":{"allow":["GET"]}}],"collection":[{"href":"https:\/\/www.esplac.cat\/en\/wp-json\/wp\/v2\/posts"}],"about":[{"href":"https:\/\/www.esplac.cat\/en\/wp-json\/wp\/v2\/types\/post"}],"author":[{"embeddable":true,"href":"https:\/\/www.esplac.cat\/en\/wp-json\/wp\/v2\/users\/3"}],"replies":[{"embeddable":true,"href":"https:\/\/www.esplac.cat\/en\/wp-json\/wp\/v2\/comments?post=54495"}],"version-history":[{"count":1,"href":"https:\/\/www.esplac.cat\/en\/wp-json\/wp\/v2\/posts\/54495\/revisions"}],"predecessor-version":[{"id":54499,"href":"https:\/\/www.esplac.cat\/en\/wp-json\/wp\/v2\/posts\/54495\/revisions\/54499"}],"wp:featuredmedia":[{"embeddable":true,"href":"https:\/\/www.esplac.cat\/en\/wp-json\/wp\/v2\/media\/54500"}],"wp:attachment":[{"href":"https:\/\/www.esplac.cat\/en\/wp-json\/wp\/v2\/media?parent=54495"}],"wp:term":[{"taxonomy":"category","embeddable":true,"href":"https:\/\/www.esplac.cat\/en\/wp-json\/wp\/v2\/categories?post=54495"},{"taxonomy":"post_tag","embeddable":true,"href":"https:\/\/www.esplac.cat\/en\/wp-json\/wp\/v2\/tags?post=54495"}],"curies":[{"name":"wp","href":"https:\/\/api.w.org\/{rel}","templated":true}]}}