{"id":54522,"date":"2025-11-25T14:43:16","date_gmt":"2025-11-25T12:43:16","guid":{"rendered":"https:\/\/www.esplac.cat\/?p=54522"},"modified":"2026-03-20T14:37:10","modified_gmt":"2026-03-20T12:37:10","slug":"lleure-resistencia-trobada-monis-barcelona-2025","status":"publish","type":"post","link":"https:\/\/www.esplac.cat\/en\/lleure-resistencia-trobada-monis-barcelona-2025\/","title":{"rendered":"El lleure en resist\u00e8ncia: la trobada de monis de Barcelona posa el focus en la gentrificaci\u00f3!"},"content":{"rendered":"<div class=\"fusion-fullwidth fullwidth-box fusion-builder-row-1 fusion-flex-container has-pattern-background has-mask-background nonhundred-percent-fullwidth non-hundred-percent-height-scrolling\" style=\"--awb-border-radius-top-left:0px;--awb-border-radius-top-right:0px;--awb-border-radius-bottom-right:0px;--awb-border-radius-bottom-left:0px;--awb-flex-wrap:wrap;\" ><div class=\"fusion-builder-row fusion-row fusion-flex-align-items-flex-start fusion-flex-content-wrap\" style=\"max-width:1248px;margin-left: calc(-4% \/ 2 );margin-right: calc(-4% \/ 2 );\"><div class=\"fusion-layout-column fusion_builder_column fusion-builder-column-0 fusion_builder_column_1_1 1_1 fusion-flex-column\" style=\"--awb-bg-size:cover;--awb-width-large:100%;--awb-margin-top-large:0px;--awb-spacing-right-large:1.92%;--awb-margin-bottom-large:20px;--awb-spacing-left-large:1.92%;--awb-width-medium:100%;--awb-order-medium:0;--awb-spacing-right-medium:1.92%;--awb-spacing-left-medium:1.92%;--awb-width-small:100%;--awb-order-small:0;--awb-spacing-right-small:1.92%;--awb-spacing-left-small:1.92%;\"><div class=\"fusion-column-wrapper fusion-column-has-shadow fusion-flex-justify-content-flex-start fusion-content-layout-column\"><div class=\"fusion-text fusion-text-1\"><h6><strong>La Trobada de monis 2025 aborda la p\u00e8rdua d\u2019espais, l\u2019okupaci\u00f3 i el paper pol\u00edtic dels esplais en una ciutat cada cop m\u00e9s inaccessible.<\/strong><\/h6>\n<p>El cap de setmana del <strong>15 i 16 de novembre<\/strong> s\u2019ha celebrat la <strong>Trobada de monis de Barcelona<\/strong> a la casa de col\u00f2nies Artur Martorell, a Calafell, amb la participaci\u00f3 de <strong>m\u00e9s de 200 monis de 18 esplais diferents<\/strong>.<\/p>\n<p>La trobada \u00e9s una de les activitats m\u00e9s esperada per les monis dels esplais de Barcelona perqu\u00e8 es tracta d\u2019un <strong>espai de formaci\u00f3 i retrobament<\/strong>, del qual tothom en surt amb les piles carregades per tirar endavant el curs!<\/p>\n<p>L\u2019activitat l\u2019organitza de manera autogestionada la comissi\u00f3, conformada per monis, juntament amb les t\u00e8cniques i EGS dels tres sectors: el <span style=\"color: #000000;\"><a style=\"color: #000000;\" href=\"https:\/\/www.esplac.cat\/sectors-geografics\/barcelona-nord-est\/\" target=\"_blank\" rel=\"noopener\"><strong><span style=\"color: #f69d0b;\">Sector Barcelona Nord-Est<\/span><\/strong><\/a><\/span>, el<a href=\"https:\/\/www.esplac.cat\/sectors-geografics\/barcelona-oest\/\" target=\"_blank\" rel=\"noopener\"> <strong><span style=\"color: #f69d0b;\">Sector Barcelona Oest<\/span><\/strong><\/a> i el <a href=\"https:\/\/www.esplac.cat\/sectors-geografics\/barcelona-sud\/\" target=\"_blank\" rel=\"noopener\"><strong><span style=\"color: #f69d0b;\">Sector Barcelona Sud<\/span><\/strong><\/a>. Aquest grup motor s\u2019encarrega de plantejar el marc pol\u00edtic de la trobada, proposar formacions i organitzar totes les activitats de cohesi\u00f3.<\/p>\n<p>Enguany, la comissi\u00f3 ha escollit una tem\u00e0tica molt present en el dia a dia dels esplais de la ciutat: la gentrificaci\u00f3, enfront del control dels espais per part de les joves organitzades, i els reptes actuals del lleure associatiu. \u00c9s en aquesta l\u00ednia que s\u2019han realitzat les seg\u00fcents formacions:<\/p>\n<blockquote>\n<p><strong>I &lt;3 Barcelona.<\/strong> An\u00e0lisi del turisme, la gentrificaci\u00f3 i la massificaci\u00f3 de Barcelona, observant com aix\u00f2 afecta el vincle dels esplais amb el barri i l\u2019habitatge i, al mateix temps, explorant estrat\u00e8gies de resist\u00e8ncia.<\/p>\n<p><strong>\u00c9s l\u2019okupaci\u00f3 una opci\u00f3 pel meu esplai?<\/strong> Debat sobre la manca de locals dignes, aprofundint en qu\u00e8 implica okupar un espai i si pot ser una aposta pol\u00edtica i pedag\u00f2gica per als esplais.<\/p>\n<p><strong>Treball en xarxa i comunitari.<\/strong> An\u00e0lisi de les relacions amb el teixit associatiu del barri i debat sobre com aprofitar millor les estructures participatives i projectes comunitaris.<\/p>\n<p><strong>Lleure educatiu: un recorregut hist\u00f2ric.<\/strong> Visi\u00f3 hist\u00f2rica del lleure per entendre l\u2019evoluci\u00f3 pedag\u00f2gica, organitzativa i social del sector i identificar reptes actuals i futurs.<\/p>\n<p><strong>Infants i joves com a subjectes pol\u00edtics.<\/strong> Espai per compartir eines perqu\u00e8 les monitores i els monitors promoguin la participaci\u00f3 pol\u00edtica cr\u00edtica d\u2019infants i joves i els ajudin a entendre i transformar el seu entorn.<\/p>\n<p><strong>Abordem la intoler\u00e0ncia a l\u2019esplai.<\/strong> Espai per reflexionar sobre com l\u2019individualisme i la despolititzaci\u00f3 afecten la gesti\u00f3 del conflicte i les agressions discriminat\u00f2ries i, en conseq\u00fc\u00e8ncia, repensar com entenem la toler\u00e0ncia dins l\u2019esplai.<\/p>\n<\/blockquote>\n<p>A m\u00e9s, despr\u00e9s de revisar les valoracions de l\u2019edici\u00f3 anterior de la trobada, la comissi\u00f3 ha proposat tres formacions de continguts essencials per aquelles monitores i monitors de primer any:<strong> <em>Primers auxilis<\/em><\/strong>, <strong><em>Com treballem la salut mental amb infants i adolescents?<\/em><\/strong> i <strong><em>Atenci\u00f3 a les necessitats educatives espec\u00edfiques<\/em><\/strong>. Les formacions han sigut realitzades per part de l\u2019<span style=\"color: #f69d0b;\"><a style=\"color: #f69d0b;\" href=\"https:\/\/escolaelsol.coop\/\" target=\"_blank\" rel=\"noopener\"><strong>Escola Lliure el Sol<\/strong><\/a><\/span> i altres entitats de Barcelona referents en aquestes q\u00fcestions.<\/p>\n<p>Un cop han acabat les formacions, els esplais han sopat i s\u2019han preparat per al m\u00edtic <strong>concurs d\u2019actuacions<\/strong>! Abans, per\u00f2, la comissi\u00f3 ha fet la lectura d\u2019un <span style=\"color: #f69d0b;\"><a style=\"color: #f69d0b;\" href=\"https:\/\/www.esplac.cat\/wp-content\/uploads\/2025\/11\/Manifest-TM.pdf\" target=\"_blank\" rel=\"noopener\"><strong>manifest<\/strong><\/a><\/span> en <strong>solidaritat amb Palestina<\/strong>. Amb aquest els esplais de Barcelona denuncien la situaci\u00f3 d\u2019\u201cocupaci\u00f3, despla\u00e7ament, repressi\u00f3 i extermini\u201d a la que \u00e9s sotm\u00e8s el poble palest\u00ed, aix\u00ed com \u201cels intents de deslegitimar la lluita palestina i totes les lluites anticolonials amb discursos d\u2019odi i racisme, venuts com a \u201cneutralitat\u201d. Amb aquest gest, han mostrat el <strong>comprom\u00eds dels esplais amb la causa palestina i la construcci\u00f3 d\u2019un futur revolucionari<\/strong>: \u201cSeguim organitzant-nos, seguim fent barri, seguim anant a les manis, seguim fent boicot, seguim lluitant. Seguim fent esplai. Fins que la revoluci\u00f3 sigui una realitat\u201d.<\/p>\n<p>A continuaci\u00f3, els esplais han iniciat el concurs d\u2019actuacions i la nit de cohesi\u00f3 dinamitzada per PD\u2019s del sector. I per acabar, diumenge els esplais dels tres sectors de Barcelona han fet un aperitiu i un dinar de caliu per culminar una trobada molt enriquidora!<\/p>\n<\/div><div style=\"text-align:center;\"><a class=\"fusion-button button-flat fusion-button-default-size button-default fusion-button-default button-1 fusion-button-default-span fusion-button-default-type\" target=\"_self\" href=\"https:\/\/www.esplac.cat\/wp-content\/uploads\/2025\/11\/Manifest-TM.pdf\"><span class=\"fusion-button-text\">Descarrega&#8217;t el manifest!<\/span><\/a><\/div><div class=\"fusion-image-element \" style=\"text-align:right;--awb-caption-title-font-family:var(--h2_typography-font-family);--awb-caption-title-font-weight:var(--h2_typography-font-weight);--awb-caption-title-font-style:var(--h2_typography-font-style);--awb-caption-title-size:var(--h2_typography-font-size);--awb-caption-title-transform:var(--h2_typography-text-transform);--awb-caption-title-line-height:var(--h2_typography-line-height);--awb-caption-title-letter-spacing:var(--h2_typography-letter-spacing);\"><span class=\" fusion-imageframe imageframe-none imageframe-1 hover-type-none\"><img decoding=\"async\" width=\"600\" height=\"200\" title=\"Amb el suport de\" src=\"https:\/\/www.esplac.cat\/wp-content\/uploads\/2025\/11\/Amb-el-suport-de.jpg\" alt class=\"img-responsive wp-image-55461\" srcset=\"https:\/\/www.esplac.cat\/wp-content\/uploads\/2025\/11\/Amb-el-suport-de-200x67.jpg 200w, https:\/\/www.esplac.cat\/wp-content\/uploads\/2025\/11\/Amb-el-suport-de-400x133.jpg 400w, https:\/\/www.esplac.cat\/wp-content\/uploads\/2025\/11\/Amb-el-suport-de.jpg 600w\" sizes=\"(max-width: 1024px) 100vw, (max-width: 640px) 100vw, 600px\" \/><\/span><\/div><\/div><\/div><\/div><\/div>\n","protected":false},"excerpt":{"rendered":"","protected":false},"author":3,"featured_media":54523,"comment_status":"closed","ping_status":"closed","sticky":false,"template":"","format":"standard","meta":{"om_disable_all_campaigns":false,"_monsterinsights_skip_tracking":false,"_monsterinsights_sitenote_active":false,"_monsterinsights_sitenote_note":"","_monsterinsights_sitenote_category":0,"_uf_show_specific_survey":0,"_uf_disable_surveys":false,"footnotes":""},"categories":[1110,1128,1398,1399,1397],"tags":[],"class_list":["post-54522","post","type-post","status-publish","format-standard","has-post-thumbnail","hentry","category-activitats-sectors","category-sector-barcelona","category-sector-barcelona-nord-est","category-sector-barcelona-oest","category-sector-barcelona-sud"],"yoast_head":"<!-- This site is optimized with the Yoast SEO plugin v27.4 - https:\/\/yoast.com\/product\/yoast-seo-wordpress\/ -->\n<title>La trobada de monis de Barcelona posa el focus en la gentrificaci\u00f3!<\/title>\n<meta name=\"description\" content=\"La Trobada de monis 2025 aborda la p\u00e8rdua d\u2019espais, l\u2019okupaci\u00f3 i el paper pol\u00edtic dels esplais en una ciutat cada cop m\u00e9s inaccessible.\" \/>\n<meta name=\"robots\" content=\"index, follow, max-snippet:-1, max-image-preview:large, max-video-preview:-1\" \/>\n<link rel=\"canonical\" href=\"https:\/\/www.esplac.cat\/lleure-resistencia-trobada-monis-barcelona-2025\/\" \/>\n<meta property=\"og:locale\" content=\"en_US\" \/>\n<meta property=\"og:type\" content=\"article\" \/>\n<meta property=\"og:title\" content=\"La trobada de monis de Barcelona posa el focus en la gentrificaci\u00f3!\" \/>\n<meta property=\"og:description\" content=\"La Trobada de monis 2025 aborda la p\u00e8rdua d\u2019espais, l\u2019okupaci\u00f3 i el paper pol\u00edtic dels esplais en una ciutat cada cop m\u00e9s inaccessible.\" \/>\n<meta property=\"og:url\" content=\"https:\/\/www.esplac.cat\/lleure-resistencia-trobada-monis-barcelona-2025\/\" \/>\n<meta property=\"og:site_name\" content=\"Esplac\" \/>\n<meta property=\"article:published_time\" content=\"2025-11-25T12:43:16+00:00\" \/>\n<meta property=\"article:modified_time\" content=\"2026-03-20T12:37:10+00:00\" \/>\n<meta property=\"og:image\" content=\"https:\/\/www.esplac.cat\/wp-content\/uploads\/2025\/11\/Trobada_monis_bcn.jpg\" \/>\n\t<meta property=\"og:image:width\" content=\"1697\" \/>\n\t<meta property=\"og:image:height\" content=\"700\" \/>\n\t<meta property=\"og:image:type\" content=\"image\/jpeg\" \/>\n<meta name=\"author\" content=\"Comunicaci\u00f3 Esplac\" \/>\n<meta name=\"twitter:card\" content=\"summary_large_image\" \/>\n<meta name=\"twitter:label1\" content=\"Written by\" \/>\n\t<meta name=\"twitter:data1\" content=\"Comunicaci\u00f3 Esplac\" \/>\n\t<meta name=\"twitter:label2\" content=\"Est. reading time\" \/>\n\t<meta name=\"twitter:data2\" content=\"1 minute\" \/>\n<script type=\"application\/ld+json\" class=\"yoast-schema-graph\">{\"@context\":\"https:\\\/\\\/schema.org\",\"@graph\":[{\"@type\":\"Article\",\"@id\":\"https:\\\/\\\/www.esplac.cat\\\/lleure-resistencia-trobada-monis-barcelona-2025\\\/#article\",\"isPartOf\":{\"@id\":\"https:\\\/\\\/www.esplac.cat\\\/lleure-resistencia-trobada-monis-barcelona-2025\\\/\"},\"author\":{\"name\":\"Comunicaci\u00f3 Esplac\",\"@id\":\"https:\\\/\\\/www.esplac.cat\\\/#\\\/schema\\\/person\\\/908383cf240be18b68f8855d0583faca\"},\"headline\":\"El lleure en resist\u00e8ncia: la trobada de monis de Barcelona posa el focus en la gentrificaci\u00f3!\",\"datePublished\":\"2025-11-25T12:43:16+00:00\",\"dateModified\":\"2026-03-20T12:37:10+00:00\",\"mainEntityOfPage\":{\"@id\":\"https:\\\/\\\/www.esplac.cat\\\/lleure-resistencia-trobada-monis-barcelona-2025\\\/\"},\"wordCount\":2119,\"publisher\":{\"@id\":\"https:\\\/\\\/www.esplac.cat\\\/#organization\"},\"image\":{\"@id\":\"https:\\\/\\\/www.esplac.cat\\\/lleure-resistencia-trobada-monis-barcelona-2025\\\/#primaryimage\"},\"thumbnailUrl\":\"https:\\\/\\\/www.esplac.cat\\\/wp-content\\\/uploads\\\/2025\\\/11\\\/Trobada_monis_bcn.jpg\",\"articleSection\":[\"Activitats sectors\",\"Sector Barcelona\",\"Sector Barcelona Nord-Est\",\"Sector Barcelona Oest\",\"Sector Barcelona Sud\"],\"inLanguage\":\"en-US\"},{\"@type\":\"WebPage\",\"@id\":\"https:\\\/\\\/www.esplac.cat\\\/lleure-resistencia-trobada-monis-barcelona-2025\\\/\",\"url\":\"https:\\\/\\\/www.esplac.cat\\\/lleure-resistencia-trobada-monis-barcelona-2025\\\/\",\"name\":\"La trobada de monis de Barcelona posa el focus en la gentrificaci\u00f3!\",\"isPartOf\":{\"@id\":\"https:\\\/\\\/www.esplac.cat\\\/#website\"},\"primaryImageOfPage\":{\"@id\":\"https:\\\/\\\/www.esplac.cat\\\/lleure-resistencia-trobada-monis-barcelona-2025\\\/#primaryimage\"},\"image\":{\"@id\":\"https:\\\/\\\/www.esplac.cat\\\/lleure-resistencia-trobada-monis-barcelona-2025\\\/#primaryimage\"},\"thumbnailUrl\":\"https:\\\/\\\/www.esplac.cat\\\/wp-content\\\/uploads\\\/2025\\\/11\\\/Trobada_monis_bcn.jpg\",\"datePublished\":\"2025-11-25T12:43:16+00:00\",\"dateModified\":\"2026-03-20T12:37:10+00:00\",\"description\":\"La Trobada de monis 2025 aborda la p\u00e8rdua d\u2019espais, l\u2019okupaci\u00f3 i el paper pol\u00edtic dels esplais en una ciutat cada cop m\u00e9s inaccessible.\",\"breadcrumb\":{\"@id\":\"https:\\\/\\\/www.esplac.cat\\\/lleure-resistencia-trobada-monis-barcelona-2025\\\/#breadcrumb\"},\"inLanguage\":\"en-US\",\"potentialAction\":[{\"@type\":\"ReadAction\",\"target\":[\"https:\\\/\\\/www.esplac.cat\\\/lleure-resistencia-trobada-monis-barcelona-2025\\\/\"]}]},{\"@type\":\"ImageObject\",\"inLanguage\":\"en-US\",\"@id\":\"https:\\\/\\\/www.esplac.cat\\\/lleure-resistencia-trobada-monis-barcelona-2025\\\/#primaryimage\",\"url\":\"https:\\\/\\\/www.esplac.cat\\\/wp-content\\\/uploads\\\/2025\\\/11\\\/Trobada_monis_bcn.jpg\",\"contentUrl\":\"https:\\\/\\\/www.esplac.cat\\\/wp-content\\\/uploads\\\/2025\\\/11\\\/Trobada_monis_bcn.jpg\",\"width\":1697,\"height\":700,\"caption\":\"monis barcelona\"},{\"@type\":\"BreadcrumbList\",\"@id\":\"https:\\\/\\\/www.esplac.cat\\\/lleure-resistencia-trobada-monis-barcelona-2025\\\/#breadcrumb\",\"itemListElement\":[{\"@type\":\"ListItem\",\"position\":1,\"name\":\"Inici\",\"item\":\"https:\\\/\\\/www.esplac.cat\\\/en\\\/\"},{\"@type\":\"ListItem\",\"position\":2,\"name\":\"El lleure en resist\u00e8ncia: la trobada de monis de Barcelona posa el focus en la gentrificaci\u00f3!\"}]},{\"@type\":\"WebSite\",\"@id\":\"https:\\\/\\\/www.esplac.cat\\\/#website\",\"url\":\"https:\\\/\\\/www.esplac.cat\\\/\",\"name\":\"Esplac\",\"description\":\"Esplais Catalans\",\"publisher\":{\"@id\":\"https:\\\/\\\/www.esplac.cat\\\/#organization\"},\"potentialAction\":[{\"@type\":\"SearchAction\",\"target\":{\"@type\":\"EntryPoint\",\"urlTemplate\":\"https:\\\/\\\/www.esplac.cat\\\/?s={search_term_string}\"},\"query-input\":{\"@type\":\"PropertyValueSpecification\",\"valueRequired\":true,\"valueName\":\"search_term_string\"}}],\"inLanguage\":\"en-US\"},{\"@type\":\"Organization\",\"@id\":\"https:\\\/\\\/www.esplac.cat\\\/#organization\",\"name\":\"Esplac\",\"url\":\"https:\\\/\\\/www.esplac.cat\\\/\",\"logo\":{\"@type\":\"ImageObject\",\"inLanguage\":\"en-US\",\"@id\":\"https:\\\/\\\/www.esplac.cat\\\/#\\\/schema\\\/logo\\\/image\\\/\",\"url\":\"https:\\\/\\\/www.esplac.cat\\\/wp-content\\\/uploads\\\/2019\\\/08\\\/logox2.png\",\"contentUrl\":\"https:\\\/\\\/www.esplac.cat\\\/wp-content\\\/uploads\\\/2019\\\/08\\\/logox2.png\",\"width\":600,\"height\":295,\"caption\":\"Esplac\"},\"image\":{\"@id\":\"https:\\\/\\\/www.esplac.cat\\\/#\\\/schema\\\/logo\\\/image\\\/\"}},{\"@type\":\"Person\",\"@id\":\"https:\\\/\\\/www.esplac.cat\\\/#\\\/schema\\\/person\\\/908383cf240be18b68f8855d0583faca\",\"name\":\"Comunicaci\u00f3 Esplac\",\"image\":{\"@type\":\"ImageObject\",\"inLanguage\":\"en-US\",\"@id\":\"https:\\\/\\\/secure.gravatar.com\\\/avatar\\\/7a4cf8feb412a76ea4a740ca02d95b06b2907b5a6c648c2dd0a1082a093c3141?s=96&d=mm&r=g\",\"url\":\"https:\\\/\\\/secure.gravatar.com\\\/avatar\\\/7a4cf8feb412a76ea4a740ca02d95b06b2907b5a6c648c2dd0a1082a093c3141?s=96&d=mm&r=g\",\"contentUrl\":\"https:\\\/\\\/secure.gravatar.com\\\/avatar\\\/7a4cf8feb412a76ea4a740ca02d95b06b2907b5a6c648c2dd0a1082a093c3141?s=96&d=mm&r=g\",\"caption\":\"Comunicaci\u00f3 Esplac\"}}]}<\/script>\n<!-- \/ Yoast SEO plugin. -->","yoast_head_json":{"title":"La trobada de monis de Barcelona posa el focus en la gentrificaci\u00f3!","description":"La Trobada de monis 2025 aborda la p\u00e8rdua d\u2019espais, l\u2019okupaci\u00f3 i el paper pol\u00edtic dels esplais en una ciutat cada cop m\u00e9s inaccessible.","robots":{"index":"index","follow":"follow","max-snippet":"max-snippet:-1","max-image-preview":"max-image-preview:large","max-video-preview":"max-video-preview:-1"},"canonical":"https:\/\/www.esplac.cat\/lleure-resistencia-trobada-monis-barcelona-2025\/","og_locale":"en_US","og_type":"article","og_title":"La trobada de monis de Barcelona posa el focus en la gentrificaci\u00f3!","og_description":"La Trobada de monis 2025 aborda la p\u00e8rdua d\u2019espais, l\u2019okupaci\u00f3 i el paper pol\u00edtic dels esplais en una ciutat cada cop m\u00e9s inaccessible.","og_url":"https:\/\/www.esplac.cat\/lleure-resistencia-trobada-monis-barcelona-2025\/","og_site_name":"Esplac","article_published_time":"2025-11-25T12:43:16+00:00","article_modified_time":"2026-03-20T12:37:10+00:00","og_image":[{"width":1697,"height":700,"url":"https:\/\/www.esplac.cat\/wp-content\/uploads\/2025\/11\/Trobada_monis_bcn.jpg","type":"image\/jpeg"}],"author":"Comunicaci\u00f3 Esplac","twitter_card":"summary_large_image","twitter_misc":{"Written by":"Comunicaci\u00f3 Esplac","Est. reading time":"1 minute"},"schema":{"@context":"https:\/\/schema.org","@graph":[{"@type":"Article","@id":"https:\/\/www.esplac.cat\/lleure-resistencia-trobada-monis-barcelona-2025\/#article","isPartOf":{"@id":"https:\/\/www.esplac.cat\/lleure-resistencia-trobada-monis-barcelona-2025\/"},"author":{"name":"Comunicaci\u00f3 Esplac","@id":"https:\/\/www.esplac.cat\/#\/schema\/person\/908383cf240be18b68f8855d0583faca"},"headline":"El lleure en resist\u00e8ncia: la trobada de monis de Barcelona posa el focus en la gentrificaci\u00f3!","datePublished":"2025-11-25T12:43:16+00:00","dateModified":"2026-03-20T12:37:10+00:00","mainEntityOfPage":{"@id":"https:\/\/www.esplac.cat\/lleure-resistencia-trobada-monis-barcelona-2025\/"},"wordCount":2119,"publisher":{"@id":"https:\/\/www.esplac.cat\/#organization"},"image":{"@id":"https:\/\/www.esplac.cat\/lleure-resistencia-trobada-monis-barcelona-2025\/#primaryimage"},"thumbnailUrl":"https:\/\/www.esplac.cat\/wp-content\/uploads\/2025\/11\/Trobada_monis_bcn.jpg","articleSection":["Activitats sectors","Sector Barcelona","Sector Barcelona Nord-Est","Sector Barcelona Oest","Sector Barcelona Sud"],"inLanguage":"en-US"},{"@type":"WebPage","@id":"https:\/\/www.esplac.cat\/lleure-resistencia-trobada-monis-barcelona-2025\/","url":"https:\/\/www.esplac.cat\/lleure-resistencia-trobada-monis-barcelona-2025\/","name":"La trobada de monis de Barcelona posa el focus en la gentrificaci\u00f3!","isPartOf":{"@id":"https:\/\/www.esplac.cat\/#website"},"primaryImageOfPage":{"@id":"https:\/\/www.esplac.cat\/lleure-resistencia-trobada-monis-barcelona-2025\/#primaryimage"},"image":{"@id":"https:\/\/www.esplac.cat\/lleure-resistencia-trobada-monis-barcelona-2025\/#primaryimage"},"thumbnailUrl":"https:\/\/www.esplac.cat\/wp-content\/uploads\/2025\/11\/Trobada_monis_bcn.jpg","datePublished":"2025-11-25T12:43:16+00:00","dateModified":"2026-03-20T12:37:10+00:00","description":"La Trobada de monis 2025 aborda la p\u00e8rdua d\u2019espais, l\u2019okupaci\u00f3 i el paper pol\u00edtic dels esplais en una ciutat cada cop m\u00e9s inaccessible.","breadcrumb":{"@id":"https:\/\/www.esplac.cat\/lleure-resistencia-trobada-monis-barcelona-2025\/#breadcrumb"},"inLanguage":"en-US","potentialAction":[{"@type":"ReadAction","target":["https:\/\/www.esplac.cat\/lleure-resistencia-trobada-monis-barcelona-2025\/"]}]},{"@type":"ImageObject","inLanguage":"en-US","@id":"https:\/\/www.esplac.cat\/lleure-resistencia-trobada-monis-barcelona-2025\/#primaryimage","url":"https:\/\/www.esplac.cat\/wp-content\/uploads\/2025\/11\/Trobada_monis_bcn.jpg","contentUrl":"https:\/\/www.esplac.cat\/wp-content\/uploads\/2025\/11\/Trobada_monis_bcn.jpg","width":1697,"height":700,"caption":"monis barcelona"},{"@type":"BreadcrumbList","@id":"https:\/\/www.esplac.cat\/lleure-resistencia-trobada-monis-barcelona-2025\/#breadcrumb","itemListElement":[{"@type":"ListItem","position":1,"name":"Inici","item":"https:\/\/www.esplac.cat\/en\/"},{"@type":"ListItem","position":2,"name":"El lleure en resist\u00e8ncia: la trobada de monis de Barcelona posa el focus en la gentrificaci\u00f3!"}]},{"@type":"WebSite","@id":"https:\/\/www.esplac.cat\/#website","url":"https:\/\/www.esplac.cat\/","name":"Esplac","description":"Esplais Catalans","publisher":{"@id":"https:\/\/www.esplac.cat\/#organization"},"potentialAction":[{"@type":"SearchAction","target":{"@type":"EntryPoint","urlTemplate":"https:\/\/www.esplac.cat\/?s={search_term_string}"},"query-input":{"@type":"PropertyValueSpecification","valueRequired":true,"valueName":"search_term_string"}}],"inLanguage":"en-US"},{"@type":"Organization","@id":"https:\/\/www.esplac.cat\/#organization","name":"Esplac","url":"https:\/\/www.esplac.cat\/","logo":{"@type":"ImageObject","inLanguage":"en-US","@id":"https:\/\/www.esplac.cat\/#\/schema\/logo\/image\/","url":"https:\/\/www.esplac.cat\/wp-content\/uploads\/2019\/08\/logox2.png","contentUrl":"https:\/\/www.esplac.cat\/wp-content\/uploads\/2019\/08\/logox2.png","width":600,"height":295,"caption":"Esplac"},"image":{"@id":"https:\/\/www.esplac.cat\/#\/schema\/logo\/image\/"}},{"@type":"Person","@id":"https:\/\/www.esplac.cat\/#\/schema\/person\/908383cf240be18b68f8855d0583faca","name":"Comunicaci\u00f3 Esplac","image":{"@type":"ImageObject","inLanguage":"en-US","@id":"https:\/\/secure.gravatar.com\/avatar\/7a4cf8feb412a76ea4a740ca02d95b06b2907b5a6c648c2dd0a1082a093c3141?s=96&d=mm&r=g","url":"https:\/\/secure.gravatar.com\/avatar\/7a4cf8feb412a76ea4a740ca02d95b06b2907b5a6c648c2dd0a1082a093c3141?s=96&d=mm&r=g","contentUrl":"https:\/\/secure.gravatar.com\/avatar\/7a4cf8feb412a76ea4a740ca02d95b06b2907b5a6c648c2dd0a1082a093c3141?s=96&d=mm&r=g","caption":"Comunicaci\u00f3 Esplac"}}]}},"_links":{"self":[{"href":"https:\/\/www.esplac.cat\/en\/wp-json\/wp\/v2\/posts\/54522","targetHints":{"allow":["GET"]}}],"collection":[{"href":"https:\/\/www.esplac.cat\/en\/wp-json\/wp\/v2\/posts"}],"about":[{"href":"https:\/\/www.esplac.cat\/en\/wp-json\/wp\/v2\/types\/post"}],"author":[{"embeddable":true,"href":"https:\/\/www.esplac.cat\/en\/wp-json\/wp\/v2\/users\/3"}],"replies":[{"embeddable":true,"href":"https:\/\/www.esplac.cat\/en\/wp-json\/wp\/v2\/comments?post=54522"}],"version-history":[{"count":4,"href":"https:\/\/www.esplac.cat\/en\/wp-json\/wp\/v2\/posts\/54522\/revisions"}],"predecessor-version":[{"id":55755,"href":"https:\/\/www.esplac.cat\/en\/wp-json\/wp\/v2\/posts\/54522\/revisions\/55755"}],"wp:featuredmedia":[{"embeddable":true,"href":"https:\/\/www.esplac.cat\/en\/wp-json\/wp\/v2\/media\/54523"}],"wp:attachment":[{"href":"https:\/\/www.esplac.cat\/en\/wp-json\/wp\/v2\/media?parent=54522"}],"wp:term":[{"taxonomy":"category","embeddable":true,"href":"https:\/\/www.esplac.cat\/en\/wp-json\/wp\/v2\/categories?post=54522"},{"taxonomy":"post_tag","embeddable":true,"href":"https:\/\/www.esplac.cat\/en\/wp-json\/wp\/v2\/tags?post=54522"}],"curies":[{"name":"wp","href":"https:\/\/api.w.org\/{rel}","templated":true}]}}