{"id":54611,"date":"2025-11-24T08:00:53","date_gmt":"2025-11-24T06:00:53","guid":{"rendered":"https:\/\/www.esplac.cat\/?p=54611"},"modified":"2025-12-04T14:53:56","modified_gmt":"2025-12-04T12:53:56","slug":"palau-solita-plegamans-acull-dudi-valles-oriental","status":"publish","type":"post","link":"https:\/\/www.esplac.cat\/en\/palau-solita-plegamans-acull-dudi-valles-oriental\/","title":{"rendered":"Palau-Solit\u00e0 i Plegamans acull la primera DUDI del Sector Vall\u00e8s Oriental"},"content":{"rendered":"<div class=\"fusion-fullwidth fullwidth-box fusion-builder-row-1 fusion-flex-container has-pattern-background has-mask-background nonhundred-percent-fullwidth non-hundred-percent-height-scrolling\" style=\"--awb-border-radius-top-left:0px;--awb-border-radius-top-right:0px;--awb-border-radius-bottom-right:0px;--awb-border-radius-bottom-left:0px;--awb-flex-wrap:wrap;\" ><div class=\"fusion-builder-row fusion-row fusion-flex-align-items-flex-start fusion-flex-content-wrap\" style=\"max-width:1248px;margin-left: calc(-4% \/ 2 );margin-right: calc(-4% \/ 2 );\"><div class=\"fusion-layout-column fusion_builder_column fusion-builder-column-0 fusion_builder_column_1_1 1_1 fusion-flex-column\" style=\"--awb-bg-size:cover;--awb-width-large:100%;--awb-margin-top-large:0px;--awb-spacing-right-large:1.92%;--awb-margin-bottom-large:20px;--awb-spacing-left-large:1.92%;--awb-width-medium:100%;--awb-order-medium:0;--awb-spacing-right-medium:1.92%;--awb-spacing-left-medium:1.92%;--awb-width-small:100%;--awb-order-small:0;--awb-spacing-right-small:1.92%;--awb-spacing-left-small:1.92%;\"><div class=\"fusion-column-wrapper fusion-column-has-shadow fusion-flex-justify-content-flex-start fusion-content-layout-column\"><div class=\"fusion-text fusion-text-1\"><h6><strong>Un total de quatre esplais del sector es reuneixen al Parc de l\u2019Hostal del Fum per reivindicar el Dia Universal dels Drets dels Infants.<\/strong><\/h6>\n<p>El <span style=\"color: #f69d0b;\"><a style=\"color: #f69d0b;\" href=\"https:\/\/www.esplac.cat\/sectors-geografics\/valles-oriental\/\" target=\"_blank\" rel=\"noopener\"><strong>Sector Vall\u00e8s Oriental<\/strong> <\/a><\/span>ha celebrat el <strong>dissabte dia 22 de novembre<\/strong> la DUDI al Parc de l\u2019Hostal del Fum a <strong>Palau-Solit\u00e0 i Plegamans<\/strong>. La trobada ha comptat amb la participaci\u00f3 de <strong>130 infants, joves, monitores i monitors<\/strong> dels esplais <span style=\"color: #f69d0b;\"><a style=\"color: #f69d0b;\" href=\"https:\/\/www.instagram.com\/esplai.gepa\/\" target=\"_blank\" rel=\"noopener\"><strong>GEPA<\/strong><\/a><\/span>, <strong>Santa Eul\u00e0lia, <span style=\"color: #f69d0b;\"><a style=\"color: #f69d0b;\" href=\"https:\/\/www.instagram.com\/esplaielboto\/\" target=\"_blank\" rel=\"noopener\">El Bot\u00f3<\/a><\/span><\/strong> i <span style=\"color: #f69d0b;\"><a style=\"color: #f69d0b;\" href=\"https:\/\/www.instagram.com\/namlaesplai\/\" target=\"_blank\" rel=\"noopener\"><strong>Namla<\/strong><\/a><\/span>.<\/p>\n<p>La <strong>jornada reivindicativa<\/strong> s\u2019ha dividit en dues parts. Al mat\u00ed s&#8217;ha organitzat una gimcana amb activitats per tractar els <strong>drets dels infants<\/strong>. Els diferents grups d\u2019edat dels esplais participants s\u2019han unit en grups i han voltat per diverses parades on feien diferents din\u00e0miques. Al llarg del mat\u00ed tamb\u00e9 ha aparegut la Botonera, la geganta de l\u2019esplai el Bot\u00f3, que ha tingut un paper clau a l\u2019acte unitari de la tarda.<\/p>\n<p>Despr\u00e9s d\u2019un dinar de carmanyola conjunt, a la tarda s\u2019ha fet l\u2019acte unitari. En aquest, els infants han creat una pancarta amb la qual han pogut dir la seva i reivindicar els seus drets. Finalment, el dia ha acabat amb la Botonera vestint-se amb la pancarta a manera de capa i ballant pel Parc, en una cercavila que ha reivindicat els drets dels infants amb els esplais!<\/p>\n<\/div><\/div><\/div><\/div><\/div>\n","protected":false},"excerpt":{"rendered":"","protected":false},"author":3,"featured_media":54613,"comment_status":"closed","ping_status":"closed","sticky":false,"template":"","format":"standard","meta":{"om_disable_all_campaigns":false,"_monsterinsights_skip_tracking":false,"_monsterinsights_sitenote_active":false,"_monsterinsights_sitenote_note":"","_monsterinsights_sitenote_category":0,"_uf_show_specific_survey":0,"_uf_disable_surveys":false,"footnotes":""},"categories":[1110,1125,1],"tags":[],"class_list":["post-54611","post","type-post","status-publish","format-standard","has-post-thumbnail","hentry","category-activitats-sectors","category-sector-valles-oriental","category-sense-categoria"],"yoast_head":"<!-- This site is optimized with the Yoast SEO plugin v27.4 - https:\/\/yoast.com\/product\/yoast-seo-wordpress\/ -->\n<title>El Sector Vall\u00e8s Orienta celebra la primera DUDI!<\/title>\n<meta name=\"description\" content=\"Un total de quatre esplais del sector es reuneixen al Parc de l\u2019Hostal del Fum per reivindicar el Dia Universal dels Drets dels Infants.\" \/>\n<meta name=\"robots\" content=\"index, follow, max-snippet:-1, max-image-preview:large, max-video-preview:-1\" \/>\n<link rel=\"canonical\" href=\"https:\/\/www.esplac.cat\/palau-solita-plegamans-acull-dudi-valles-oriental\/\" \/>\n<meta property=\"og:locale\" content=\"en_US\" \/>\n<meta property=\"og:type\" content=\"article\" \/>\n<meta property=\"og:title\" content=\"El Sector Vall\u00e8s Orienta celebra la primera DUDI!\" \/>\n<meta property=\"og:description\" content=\"Un total de quatre esplais del sector es reuneixen al Parc de l\u2019Hostal del Fum per reivindicar el Dia Universal dels Drets dels Infants.\" \/>\n<meta property=\"og:url\" content=\"https:\/\/www.esplac.cat\/palau-solita-plegamans-acull-dudi-valles-oriental\/\" \/>\n<meta property=\"og:site_name\" content=\"Esplac\" \/>\n<meta property=\"article:published_time\" content=\"2025-11-24T06:00:53+00:00\" \/>\n<meta property=\"article:modified_time\" content=\"2025-12-04T12:53:56+00:00\" \/>\n<meta property=\"og:image\" content=\"https:\/\/www.esplac.cat\/wp-content\/uploads\/2025\/12\/DUDI_VOR.jpg\" \/>\n\t<meta property=\"og:image:width\" content=\"1697\" \/>\n\t<meta property=\"og:image:height\" content=\"700\" \/>\n\t<meta property=\"og:image:type\" content=\"image\/jpeg\" \/>\n<meta name=\"author\" content=\"Comunicaci\u00f3 Esplac\" \/>\n<meta name=\"twitter:card\" content=\"summary_large_image\" \/>\n<meta name=\"twitter:label1\" content=\"Written by\" \/>\n\t<meta name=\"twitter:data1\" content=\"Comunicaci\u00f3 Esplac\" \/>\n\t<meta name=\"twitter:label2\" content=\"Est. reading time\" \/>\n\t<meta name=\"twitter:data2\" content=\"2 minutes\" \/>\n<script type=\"application\/ld+json\" class=\"yoast-schema-graph\">{\"@context\":\"https:\\\/\\\/schema.org\",\"@graph\":[{\"@type\":\"Article\",\"@id\":\"https:\\\/\\\/www.esplac.cat\\\/palau-solita-plegamans-acull-dudi-valles-oriental\\\/#article\",\"isPartOf\":{\"@id\":\"https:\\\/\\\/www.esplac.cat\\\/palau-solita-plegamans-acull-dudi-valles-oriental\\\/\"},\"author\":{\"name\":\"Comunicaci\u00f3 Esplac\",\"@id\":\"https:\\\/\\\/www.esplac.cat\\\/#\\\/schema\\\/person\\\/908383cf240be18b68f8855d0583faca\"},\"headline\":\"Palau-Solit\u00e0 i Plegamans acull la primera DUDI del Sector Vall\u00e8s Oriental\",\"datePublished\":\"2025-11-24T06:00:53+00:00\",\"dateModified\":\"2025-12-04T12:53:56+00:00\",\"mainEntityOfPage\":{\"@id\":\"https:\\\/\\\/www.esplac.cat\\\/palau-solita-plegamans-acull-dudi-valles-oriental\\\/\"},\"wordCount\":1190,\"publisher\":{\"@id\":\"https:\\\/\\\/www.esplac.cat\\\/#organization\"},\"image\":{\"@id\":\"https:\\\/\\\/www.esplac.cat\\\/palau-solita-plegamans-acull-dudi-valles-oriental\\\/#primaryimage\"},\"thumbnailUrl\":\"https:\\\/\\\/www.esplac.cat\\\/wp-content\\\/uploads\\\/2025\\\/12\\\/DUDI_VOR.jpg\",\"articleSection\":[\"Activitats sectors\",\"Sector Vall\u00e8s Oriental\",\"Sense categoria\"],\"inLanguage\":\"en-US\"},{\"@type\":\"WebPage\",\"@id\":\"https:\\\/\\\/www.esplac.cat\\\/palau-solita-plegamans-acull-dudi-valles-oriental\\\/\",\"url\":\"https:\\\/\\\/www.esplac.cat\\\/palau-solita-plegamans-acull-dudi-valles-oriental\\\/\",\"name\":\"El Sector Vall\u00e8s Orienta celebra la primera DUDI!\",\"isPartOf\":{\"@id\":\"https:\\\/\\\/www.esplac.cat\\\/#website\"},\"primaryImageOfPage\":{\"@id\":\"https:\\\/\\\/www.esplac.cat\\\/palau-solita-plegamans-acull-dudi-valles-oriental\\\/#primaryimage\"},\"image\":{\"@id\":\"https:\\\/\\\/www.esplac.cat\\\/palau-solita-plegamans-acull-dudi-valles-oriental\\\/#primaryimage\"},\"thumbnailUrl\":\"https:\\\/\\\/www.esplac.cat\\\/wp-content\\\/uploads\\\/2025\\\/12\\\/DUDI_VOR.jpg\",\"datePublished\":\"2025-11-24T06:00:53+00:00\",\"dateModified\":\"2025-12-04T12:53:56+00:00\",\"description\":\"Un total de quatre esplais del sector es reuneixen al Parc de l\u2019Hostal del Fum per reivindicar el Dia Universal dels Drets dels Infants.\",\"breadcrumb\":{\"@id\":\"https:\\\/\\\/www.esplac.cat\\\/palau-solita-plegamans-acull-dudi-valles-oriental\\\/#breadcrumb\"},\"inLanguage\":\"en-US\",\"potentialAction\":[{\"@type\":\"ReadAction\",\"target\":[\"https:\\\/\\\/www.esplac.cat\\\/palau-solita-plegamans-acull-dudi-valles-oriental\\\/\"]}]},{\"@type\":\"ImageObject\",\"inLanguage\":\"en-US\",\"@id\":\"https:\\\/\\\/www.esplac.cat\\\/palau-solita-plegamans-acull-dudi-valles-oriental\\\/#primaryimage\",\"url\":\"https:\\\/\\\/www.esplac.cat\\\/wp-content\\\/uploads\\\/2025\\\/12\\\/DUDI_VOR.jpg\",\"contentUrl\":\"https:\\\/\\\/www.esplac.cat\\\/wp-content\\\/uploads\\\/2025\\\/12\\\/DUDI_VOR.jpg\",\"width\":1697,\"height\":700,\"caption\":\"DUDI VOR\"},{\"@type\":\"BreadcrumbList\",\"@id\":\"https:\\\/\\\/www.esplac.cat\\\/palau-solita-plegamans-acull-dudi-valles-oriental\\\/#breadcrumb\",\"itemListElement\":[{\"@type\":\"ListItem\",\"position\":1,\"name\":\"Inici\",\"item\":\"https:\\\/\\\/www.esplac.cat\\\/en\\\/\"},{\"@type\":\"ListItem\",\"position\":2,\"name\":\"Palau-Solit\u00e0 i Plegamans acull la primera DUDI del Sector Vall\u00e8s Oriental\"}]},{\"@type\":\"WebSite\",\"@id\":\"https:\\\/\\\/www.esplac.cat\\\/#website\",\"url\":\"https:\\\/\\\/www.esplac.cat\\\/\",\"name\":\"Esplac\",\"description\":\"Esplais Catalans\",\"publisher\":{\"@id\":\"https:\\\/\\\/www.esplac.cat\\\/#organization\"},\"potentialAction\":[{\"@type\":\"SearchAction\",\"target\":{\"@type\":\"EntryPoint\",\"urlTemplate\":\"https:\\\/\\\/www.esplac.cat\\\/?s={search_term_string}\"},\"query-input\":{\"@type\":\"PropertyValueSpecification\",\"valueRequired\":true,\"valueName\":\"search_term_string\"}}],\"inLanguage\":\"en-US\"},{\"@type\":\"Organization\",\"@id\":\"https:\\\/\\\/www.esplac.cat\\\/#organization\",\"name\":\"Esplac\",\"url\":\"https:\\\/\\\/www.esplac.cat\\\/\",\"logo\":{\"@type\":\"ImageObject\",\"inLanguage\":\"en-US\",\"@id\":\"https:\\\/\\\/www.esplac.cat\\\/#\\\/schema\\\/logo\\\/image\\\/\",\"url\":\"https:\\\/\\\/www.esplac.cat\\\/wp-content\\\/uploads\\\/2019\\\/08\\\/logox2.png\",\"contentUrl\":\"https:\\\/\\\/www.esplac.cat\\\/wp-content\\\/uploads\\\/2019\\\/08\\\/logox2.png\",\"width\":600,\"height\":295,\"caption\":\"Esplac\"},\"image\":{\"@id\":\"https:\\\/\\\/www.esplac.cat\\\/#\\\/schema\\\/logo\\\/image\\\/\"}},{\"@type\":\"Person\",\"@id\":\"https:\\\/\\\/www.esplac.cat\\\/#\\\/schema\\\/person\\\/908383cf240be18b68f8855d0583faca\",\"name\":\"Comunicaci\u00f3 Esplac\",\"image\":{\"@type\":\"ImageObject\",\"inLanguage\":\"en-US\",\"@id\":\"https:\\\/\\\/secure.gravatar.com\\\/avatar\\\/7a4cf8feb412a76ea4a740ca02d95b06b2907b5a6c648c2dd0a1082a093c3141?s=96&d=mm&r=g\",\"url\":\"https:\\\/\\\/secure.gravatar.com\\\/avatar\\\/7a4cf8feb412a76ea4a740ca02d95b06b2907b5a6c648c2dd0a1082a093c3141?s=96&d=mm&r=g\",\"contentUrl\":\"https:\\\/\\\/secure.gravatar.com\\\/avatar\\\/7a4cf8feb412a76ea4a740ca02d95b06b2907b5a6c648c2dd0a1082a093c3141?s=96&d=mm&r=g\",\"caption\":\"Comunicaci\u00f3 Esplac\"}}]}<\/script>\n<!-- \/ Yoast SEO plugin. -->","yoast_head_json":{"title":"El Sector Vall\u00e8s Orienta celebra la primera DUDI!","description":"Un total de quatre esplais del sector es reuneixen al Parc de l\u2019Hostal del Fum per reivindicar el Dia Universal dels Drets dels Infants.","robots":{"index":"index","follow":"follow","max-snippet":"max-snippet:-1","max-image-preview":"max-image-preview:large","max-video-preview":"max-video-preview:-1"},"canonical":"https:\/\/www.esplac.cat\/palau-solita-plegamans-acull-dudi-valles-oriental\/","og_locale":"en_US","og_type":"article","og_title":"El Sector Vall\u00e8s Orienta celebra la primera DUDI!","og_description":"Un total de quatre esplais del sector es reuneixen al Parc de l\u2019Hostal del Fum per reivindicar el Dia Universal dels Drets dels Infants.","og_url":"https:\/\/www.esplac.cat\/palau-solita-plegamans-acull-dudi-valles-oriental\/","og_site_name":"Esplac","article_published_time":"2025-11-24T06:00:53+00:00","article_modified_time":"2025-12-04T12:53:56+00:00","og_image":[{"width":1697,"height":700,"url":"https:\/\/www.esplac.cat\/wp-content\/uploads\/2025\/12\/DUDI_VOR.jpg","type":"image\/jpeg"}],"author":"Comunicaci\u00f3 Esplac","twitter_card":"summary_large_image","twitter_misc":{"Written by":"Comunicaci\u00f3 Esplac","Est. reading time":"2 minutes"},"schema":{"@context":"https:\/\/schema.org","@graph":[{"@type":"Article","@id":"https:\/\/www.esplac.cat\/palau-solita-plegamans-acull-dudi-valles-oriental\/#article","isPartOf":{"@id":"https:\/\/www.esplac.cat\/palau-solita-plegamans-acull-dudi-valles-oriental\/"},"author":{"name":"Comunicaci\u00f3 Esplac","@id":"https:\/\/www.esplac.cat\/#\/schema\/person\/908383cf240be18b68f8855d0583faca"},"headline":"Palau-Solit\u00e0 i Plegamans acull la primera DUDI del Sector Vall\u00e8s Oriental","datePublished":"2025-11-24T06:00:53+00:00","dateModified":"2025-12-04T12:53:56+00:00","mainEntityOfPage":{"@id":"https:\/\/www.esplac.cat\/palau-solita-plegamans-acull-dudi-valles-oriental\/"},"wordCount":1190,"publisher":{"@id":"https:\/\/www.esplac.cat\/#organization"},"image":{"@id":"https:\/\/www.esplac.cat\/palau-solita-plegamans-acull-dudi-valles-oriental\/#primaryimage"},"thumbnailUrl":"https:\/\/www.esplac.cat\/wp-content\/uploads\/2025\/12\/DUDI_VOR.jpg","articleSection":["Activitats sectors","Sector Vall\u00e8s Oriental","Sense categoria"],"inLanguage":"en-US"},{"@type":"WebPage","@id":"https:\/\/www.esplac.cat\/palau-solita-plegamans-acull-dudi-valles-oriental\/","url":"https:\/\/www.esplac.cat\/palau-solita-plegamans-acull-dudi-valles-oriental\/","name":"El Sector Vall\u00e8s Orienta celebra la primera DUDI!","isPartOf":{"@id":"https:\/\/www.esplac.cat\/#website"},"primaryImageOfPage":{"@id":"https:\/\/www.esplac.cat\/palau-solita-plegamans-acull-dudi-valles-oriental\/#primaryimage"},"image":{"@id":"https:\/\/www.esplac.cat\/palau-solita-plegamans-acull-dudi-valles-oriental\/#primaryimage"},"thumbnailUrl":"https:\/\/www.esplac.cat\/wp-content\/uploads\/2025\/12\/DUDI_VOR.jpg","datePublished":"2025-11-24T06:00:53+00:00","dateModified":"2025-12-04T12:53:56+00:00","description":"Un total de quatre esplais del sector es reuneixen al Parc de l\u2019Hostal del Fum per reivindicar el Dia Universal dels Drets dels Infants.","breadcrumb":{"@id":"https:\/\/www.esplac.cat\/palau-solita-plegamans-acull-dudi-valles-oriental\/#breadcrumb"},"inLanguage":"en-US","potentialAction":[{"@type":"ReadAction","target":["https:\/\/www.esplac.cat\/palau-solita-plegamans-acull-dudi-valles-oriental\/"]}]},{"@type":"ImageObject","inLanguage":"en-US","@id":"https:\/\/www.esplac.cat\/palau-solita-plegamans-acull-dudi-valles-oriental\/#primaryimage","url":"https:\/\/www.esplac.cat\/wp-content\/uploads\/2025\/12\/DUDI_VOR.jpg","contentUrl":"https:\/\/www.esplac.cat\/wp-content\/uploads\/2025\/12\/DUDI_VOR.jpg","width":1697,"height":700,"caption":"DUDI VOR"},{"@type":"BreadcrumbList","@id":"https:\/\/www.esplac.cat\/palau-solita-plegamans-acull-dudi-valles-oriental\/#breadcrumb","itemListElement":[{"@type":"ListItem","position":1,"name":"Inici","item":"https:\/\/www.esplac.cat\/en\/"},{"@type":"ListItem","position":2,"name":"Palau-Solit\u00e0 i Plegamans acull la primera DUDI del Sector Vall\u00e8s Oriental"}]},{"@type":"WebSite","@id":"https:\/\/www.esplac.cat\/#website","url":"https:\/\/www.esplac.cat\/","name":"Esplac","description":"Esplais Catalans","publisher":{"@id":"https:\/\/www.esplac.cat\/#organization"},"potentialAction":[{"@type":"SearchAction","target":{"@type":"EntryPoint","urlTemplate":"https:\/\/www.esplac.cat\/?s={search_term_string}"},"query-input":{"@type":"PropertyValueSpecification","valueRequired":true,"valueName":"search_term_string"}}],"inLanguage":"en-US"},{"@type":"Organization","@id":"https:\/\/www.esplac.cat\/#organization","name":"Esplac","url":"https:\/\/www.esplac.cat\/","logo":{"@type":"ImageObject","inLanguage":"en-US","@id":"https:\/\/www.esplac.cat\/#\/schema\/logo\/image\/","url":"https:\/\/www.esplac.cat\/wp-content\/uploads\/2019\/08\/logox2.png","contentUrl":"https:\/\/www.esplac.cat\/wp-content\/uploads\/2019\/08\/logox2.png","width":600,"height":295,"caption":"Esplac"},"image":{"@id":"https:\/\/www.esplac.cat\/#\/schema\/logo\/image\/"}},{"@type":"Person","@id":"https:\/\/www.esplac.cat\/#\/schema\/person\/908383cf240be18b68f8855d0583faca","name":"Comunicaci\u00f3 Esplac","image":{"@type":"ImageObject","inLanguage":"en-US","@id":"https:\/\/secure.gravatar.com\/avatar\/7a4cf8feb412a76ea4a740ca02d95b06b2907b5a6c648c2dd0a1082a093c3141?s=96&d=mm&r=g","url":"https:\/\/secure.gravatar.com\/avatar\/7a4cf8feb412a76ea4a740ca02d95b06b2907b5a6c648c2dd0a1082a093c3141?s=96&d=mm&r=g","contentUrl":"https:\/\/secure.gravatar.com\/avatar\/7a4cf8feb412a76ea4a740ca02d95b06b2907b5a6c648c2dd0a1082a093c3141?s=96&d=mm&r=g","caption":"Comunicaci\u00f3 Esplac"}}]}},"_links":{"self":[{"href":"https:\/\/www.esplac.cat\/en\/wp-json\/wp\/v2\/posts\/54611","targetHints":{"allow":["GET"]}}],"collection":[{"href":"https:\/\/www.esplac.cat\/en\/wp-json\/wp\/v2\/posts"}],"about":[{"href":"https:\/\/www.esplac.cat\/en\/wp-json\/wp\/v2\/types\/post"}],"author":[{"embeddable":true,"href":"https:\/\/www.esplac.cat\/en\/wp-json\/wp\/v2\/users\/3"}],"replies":[{"embeddable":true,"href":"https:\/\/www.esplac.cat\/en\/wp-json\/wp\/v2\/comments?post=54611"}],"version-history":[{"count":2,"href":"https:\/\/www.esplac.cat\/en\/wp-json\/wp\/v2\/posts\/54611\/revisions"}],"predecessor-version":[{"id":54616,"href":"https:\/\/www.esplac.cat\/en\/wp-json\/wp\/v2\/posts\/54611\/revisions\/54616"}],"wp:featuredmedia":[{"embeddable":true,"href":"https:\/\/www.esplac.cat\/en\/wp-json\/wp\/v2\/media\/54613"}],"wp:attachment":[{"href":"https:\/\/www.esplac.cat\/en\/wp-json\/wp\/v2\/media?parent=54611"}],"wp:term":[{"taxonomy":"category","embeddable":true,"href":"https:\/\/www.esplac.cat\/en\/wp-json\/wp\/v2\/categories?post=54611"},{"taxonomy":"post_tag","embeddable":true,"href":"https:\/\/www.esplac.cat\/en\/wp-json\/wp\/v2\/tags?post=54611"}],"curies":[{"name":"wp","href":"https:\/\/api.w.org\/{rel}","templated":true}]}}