{"id":54633,"date":"2025-11-25T11:31:35","date_gmt":"2025-11-25T09:31:35","guid":{"rendered":"https:\/\/www.esplac.cat\/?p=54633"},"modified":"2025-12-05T11:34:12","modified_gmt":"2025-12-05T09:34:12","slug":"dudi-sector-baix-llobregat-2025","status":"publish","type":"post","link":"https:\/\/www.esplac.cat\/en\/dudi-sector-baix-llobregat-2025\/","title":{"rendered":"M\u00e9s de 400 infants i joves s\u2019agrupen per reivindicar els seus drets a la DUDI del sector Baix Llobregat"},"content":{"rendered":"<div class=\"fusion-fullwidth fullwidth-box fusion-builder-row-1 fusion-flex-container has-pattern-background has-mask-background nonhundred-percent-fullwidth non-hundred-percent-height-scrolling\" style=\"--awb-border-radius-top-left:0px;--awb-border-radius-top-right:0px;--awb-border-radius-bottom-right:0px;--awb-border-radius-bottom-left:0px;--awb-flex-wrap:wrap;\" ><div class=\"fusion-builder-row fusion-row fusion-flex-align-items-flex-start fusion-flex-content-wrap\" style=\"max-width:1248px;margin-left: calc(-4% \/ 2 );margin-right: calc(-4% \/ 2 );\"><div class=\"fusion-layout-column fusion_builder_column fusion-builder-column-0 fusion_builder_column_1_1 1_1 fusion-flex-column\" style=\"--awb-bg-size:cover;--awb-width-large:100%;--awb-margin-top-large:0px;--awb-spacing-right-large:1.92%;--awb-margin-bottom-large:20px;--awb-spacing-left-large:1.92%;--awb-width-medium:100%;--awb-order-medium:0;--awb-spacing-right-medium:1.92%;--awb-spacing-left-medium:1.92%;--awb-width-small:100%;--awb-order-small:0;--awb-spacing-right-small:1.92%;--awb-spacing-left-small:1.92%;\"><div class=\"fusion-column-wrapper fusion-column-has-shadow fusion-flex-justify-content-flex-start fusion-content-layout-column\"><div class=\"fusion-text fusion-text-1\"><h6><strong>El cap de setmana del 22 i 23 de novembre, els esplais del Sector Baix Llobregat han celebrat el Dia Universal dels Drets dels Infants a Molins de Rei.<\/strong><\/h6>\n<p>Fidels la tradici\u00f3, el <span style=\"color: #f69d0b;\"><a style=\"color: #f69d0b;\" href=\"https:\/\/www.esplac.cat\/sectors-geografics\/baix-llobregat\/\" target=\"_blank\" rel=\"noopener\"><strong>Sector Baix Llobregat<\/strong><\/a><\/span> ha celebrat un any m\u00e9s el <strong>Dia Universal dels Drets dels Infants<\/strong>. La trobada ha servit per sensibilitzar infants i joves sobre els seus drets mitjan\u00e7ant activitats preparades per les monitores i els monitors. <strong>M\u00e9s de 400 participants de 7 esplais diferents<\/strong> han compartit una jornada pensada tamb\u00e9 per refor\u00e7ar la cohesi\u00f3 i el sentiment de pertinen\u00e7a al sector.<\/p>\n<p>Com cada any, la trobada s\u2019ha dut a terme durant tot el cap de setmana. El dissabte al mat\u00ed, els grups de petits han arrencat la jornada amb jocs i din\u00e0miques per con\u00e8ixer els seus drets. A la tarda han arribat els grups de joves i s\u2019ha celebrat l\u2019<strong>acte unitari<\/strong>, que ha concl\u00f2s amb un <strong>berenar conjunt<\/strong> bon\u00edssim. En acabar, els infants m\u00e9s petits han marxat cap a casa mentre els grups de joves han seguit gaudint de diverses activitats relacionades amb la diada.<\/p>\n<p>Un dels instants m\u00e9s especials ha sigut l\u2019acte unitari, que ha reunit infants i joves d\u2019edats molt diverses i ha comptat amb l\u2019<strong>actuaci\u00f3 de la companyia Rah-mon Roma<\/strong>, que ha omplert l\u2019espai d\u2019energia i bon ambient. Per tancar la trobada, les i els joves han passat la nit a l\u2019escola Pont de la Cadena.<\/p>\n<p>El Sector Baix Llobregat t\u00e9 moltes ganes de <strong>continuar treballant per promoure la defensa i la reivindicaci\u00f3 dels drets dels infants i joves<\/strong> a trav\u00e9s de les activitats del sector.<\/p>\n<\/div><\/div><\/div><\/div><\/div>\n","protected":false},"excerpt":{"rendered":"","protected":false},"author":3,"featured_media":54636,"comment_status":"closed","ping_status":"closed","sticky":false,"template":"","format":"standard","meta":{"om_disable_all_campaigns":false,"_monsterinsights_skip_tracking":false,"_monsterinsights_sitenote_active":false,"_monsterinsights_sitenote_note":"","_monsterinsights_sitenote_category":0,"_uf_show_specific_survey":0,"_uf_disable_surveys":false,"footnotes":""},"categories":[1135,1110,1132],"tags":[],"class_list":["post-54633","post","type-post","status-publish","format-standard","has-post-thumbnail","hentry","category-20-n-drets-dels-infants","category-activitats-sectors","category-baix-besos"],"yoast_head":"<!-- This site is optimized with the Yoast SEO plugin v27.4 - https:\/\/yoast.com\/product\/yoast-seo-wordpress\/ -->\n<title>El sector Baix Llobregat celebra la DUDI!<\/title>\n<meta name=\"description\" content=\"El cap de setmana del 22 i 23 de novembre, el Sector Baix Llobregat ha elebrat el Dia Universal dels Drets dels Infants.\" \/>\n<meta name=\"robots\" content=\"index, follow, max-snippet:-1, max-image-preview:large, max-video-preview:-1\" \/>\n<link rel=\"canonical\" href=\"https:\/\/www.esplac.cat\/dudi-sector-baix-llobregat-2025\/\" \/>\n<meta property=\"og:locale\" content=\"en_US\" \/>\n<meta property=\"og:type\" content=\"article\" \/>\n<meta property=\"og:title\" content=\"El sector Baix Llobregat celebra la DUDI!\" \/>\n<meta property=\"og:description\" content=\"El cap de setmana del 22 i 23 de novembre, el Sector Baix Llobregat ha elebrat el Dia Universal dels Drets dels Infants.\" \/>\n<meta property=\"og:url\" content=\"https:\/\/www.esplac.cat\/dudi-sector-baix-llobregat-2025\/\" \/>\n<meta property=\"og:site_name\" content=\"Esplac\" \/>\n<meta property=\"article:published_time\" content=\"2025-11-25T09:31:35+00:00\" \/>\n<meta property=\"article:modified_time\" content=\"2025-12-05T09:34:12+00:00\" \/>\n<meta property=\"og:image\" content=\"https:\/\/www.esplac.cat\/wp-content\/uploads\/2025\/12\/DUDI_Baixllo.jpg\" \/>\n\t<meta property=\"og:image:width\" content=\"1697\" \/>\n\t<meta property=\"og:image:height\" content=\"700\" \/>\n\t<meta property=\"og:image:type\" content=\"image\/jpeg\" \/>\n<meta name=\"author\" content=\"Comunicaci\u00f3 Esplac\" \/>\n<meta name=\"twitter:card\" content=\"summary_large_image\" \/>\n<meta name=\"twitter:label1\" content=\"Written by\" \/>\n\t<meta name=\"twitter:data1\" content=\"Comunicaci\u00f3 Esplac\" \/>\n\t<meta name=\"twitter:label2\" content=\"Est. reading time\" \/>\n\t<meta name=\"twitter:data2\" content=\"2 minutes\" \/>\n<script type=\"application\/ld+json\" class=\"yoast-schema-graph\">{\"@context\":\"https:\\\/\\\/schema.org\",\"@graph\":[{\"@type\":\"Article\",\"@id\":\"https:\\\/\\\/www.esplac.cat\\\/dudi-sector-baix-llobregat-2025\\\/#article\",\"isPartOf\":{\"@id\":\"https:\\\/\\\/www.esplac.cat\\\/dudi-sector-baix-llobregat-2025\\\/\"},\"author\":{\"name\":\"Comunicaci\u00f3 Esplac\",\"@id\":\"https:\\\/\\\/www.esplac.cat\\\/#\\\/schema\\\/person\\\/908383cf240be18b68f8855d0583faca\"},\"headline\":\"M\u00e9s de 400 infants i joves s\u2019agrupen per reivindicar els seus drets a la DUDI del sector Baix Llobregat\",\"datePublished\":\"2025-11-25T09:31:35+00:00\",\"dateModified\":\"2025-12-05T09:34:12+00:00\",\"mainEntityOfPage\":{\"@id\":\"https:\\\/\\\/www.esplac.cat\\\/dudi-sector-baix-llobregat-2025\\\/\"},\"wordCount\":1257,\"publisher\":{\"@id\":\"https:\\\/\\\/www.esplac.cat\\\/#organization\"},\"image\":{\"@id\":\"https:\\\/\\\/www.esplac.cat\\\/dudi-sector-baix-llobregat-2025\\\/#primaryimage\"},\"thumbnailUrl\":\"https:\\\/\\\/www.esplac.cat\\\/wp-content\\\/uploads\\\/2025\\\/12\\\/DUDI_Baixllo.jpg\",\"articleSection\":[\"20-N: Drets dels infants\",\"Activitats sectors\",\"Sector Baix Bes\u00f2s\"],\"inLanguage\":\"en-US\"},{\"@type\":\"WebPage\",\"@id\":\"https:\\\/\\\/www.esplac.cat\\\/dudi-sector-baix-llobregat-2025\\\/\",\"url\":\"https:\\\/\\\/www.esplac.cat\\\/dudi-sector-baix-llobregat-2025\\\/\",\"name\":\"El sector Baix Llobregat celebra la DUDI!\",\"isPartOf\":{\"@id\":\"https:\\\/\\\/www.esplac.cat\\\/#website\"},\"primaryImageOfPage\":{\"@id\":\"https:\\\/\\\/www.esplac.cat\\\/dudi-sector-baix-llobregat-2025\\\/#primaryimage\"},\"image\":{\"@id\":\"https:\\\/\\\/www.esplac.cat\\\/dudi-sector-baix-llobregat-2025\\\/#primaryimage\"},\"thumbnailUrl\":\"https:\\\/\\\/www.esplac.cat\\\/wp-content\\\/uploads\\\/2025\\\/12\\\/DUDI_Baixllo.jpg\",\"datePublished\":\"2025-11-25T09:31:35+00:00\",\"dateModified\":\"2025-12-05T09:34:12+00:00\",\"description\":\"El cap de setmana del 22 i 23 de novembre, el Sector Baix Llobregat ha elebrat el Dia Universal dels Drets dels Infants.\",\"breadcrumb\":{\"@id\":\"https:\\\/\\\/www.esplac.cat\\\/dudi-sector-baix-llobregat-2025\\\/#breadcrumb\"},\"inLanguage\":\"en-US\",\"potentialAction\":[{\"@type\":\"ReadAction\",\"target\":[\"https:\\\/\\\/www.esplac.cat\\\/dudi-sector-baix-llobregat-2025\\\/\"]}]},{\"@type\":\"ImageObject\",\"inLanguage\":\"en-US\",\"@id\":\"https:\\\/\\\/www.esplac.cat\\\/dudi-sector-baix-llobregat-2025\\\/#primaryimage\",\"url\":\"https:\\\/\\\/www.esplac.cat\\\/wp-content\\\/uploads\\\/2025\\\/12\\\/DUDI_Baixllo.jpg\",\"contentUrl\":\"https:\\\/\\\/www.esplac.cat\\\/wp-content\\\/uploads\\\/2025\\\/12\\\/DUDI_Baixllo.jpg\",\"width\":1697,\"height\":700,\"caption\":\"drets\"},{\"@type\":\"BreadcrumbList\",\"@id\":\"https:\\\/\\\/www.esplac.cat\\\/dudi-sector-baix-llobregat-2025\\\/#breadcrumb\",\"itemListElement\":[{\"@type\":\"ListItem\",\"position\":1,\"name\":\"Inici\",\"item\":\"https:\\\/\\\/www.esplac.cat\\\/en\\\/\"},{\"@type\":\"ListItem\",\"position\":2,\"name\":\"M\u00e9s de 400 infants i joves s\u2019agrupen per reivindicar els seus drets a la DUDI del sector Baix Llobregat\"}]},{\"@type\":\"WebSite\",\"@id\":\"https:\\\/\\\/www.esplac.cat\\\/#website\",\"url\":\"https:\\\/\\\/www.esplac.cat\\\/\",\"name\":\"Esplac\",\"description\":\"Esplais Catalans\",\"publisher\":{\"@id\":\"https:\\\/\\\/www.esplac.cat\\\/#organization\"},\"potentialAction\":[{\"@type\":\"SearchAction\",\"target\":{\"@type\":\"EntryPoint\",\"urlTemplate\":\"https:\\\/\\\/www.esplac.cat\\\/?s={search_term_string}\"},\"query-input\":{\"@type\":\"PropertyValueSpecification\",\"valueRequired\":true,\"valueName\":\"search_term_string\"}}],\"inLanguage\":\"en-US\"},{\"@type\":\"Organization\",\"@id\":\"https:\\\/\\\/www.esplac.cat\\\/#organization\",\"name\":\"Esplac\",\"url\":\"https:\\\/\\\/www.esplac.cat\\\/\",\"logo\":{\"@type\":\"ImageObject\",\"inLanguage\":\"en-US\",\"@id\":\"https:\\\/\\\/www.esplac.cat\\\/#\\\/schema\\\/logo\\\/image\\\/\",\"url\":\"https:\\\/\\\/www.esplac.cat\\\/wp-content\\\/uploads\\\/2019\\\/08\\\/logox2.png\",\"contentUrl\":\"https:\\\/\\\/www.esplac.cat\\\/wp-content\\\/uploads\\\/2019\\\/08\\\/logox2.png\",\"width\":600,\"height\":295,\"caption\":\"Esplac\"},\"image\":{\"@id\":\"https:\\\/\\\/www.esplac.cat\\\/#\\\/schema\\\/logo\\\/image\\\/\"}},{\"@type\":\"Person\",\"@id\":\"https:\\\/\\\/www.esplac.cat\\\/#\\\/schema\\\/person\\\/908383cf240be18b68f8855d0583faca\",\"name\":\"Comunicaci\u00f3 Esplac\",\"image\":{\"@type\":\"ImageObject\",\"inLanguage\":\"en-US\",\"@id\":\"https:\\\/\\\/secure.gravatar.com\\\/avatar\\\/7a4cf8feb412a76ea4a740ca02d95b06b2907b5a6c648c2dd0a1082a093c3141?s=96&d=mm&r=g\",\"url\":\"https:\\\/\\\/secure.gravatar.com\\\/avatar\\\/7a4cf8feb412a76ea4a740ca02d95b06b2907b5a6c648c2dd0a1082a093c3141?s=96&d=mm&r=g\",\"contentUrl\":\"https:\\\/\\\/secure.gravatar.com\\\/avatar\\\/7a4cf8feb412a76ea4a740ca02d95b06b2907b5a6c648c2dd0a1082a093c3141?s=96&d=mm&r=g\",\"caption\":\"Comunicaci\u00f3 Esplac\"}}]}<\/script>\n<!-- \/ Yoast SEO plugin. -->","yoast_head_json":{"title":"El sector Baix Llobregat celebra la DUDI!","description":"El cap de setmana del 22 i 23 de novembre, el Sector Baix Llobregat ha elebrat el Dia Universal dels Drets dels Infants.","robots":{"index":"index","follow":"follow","max-snippet":"max-snippet:-1","max-image-preview":"max-image-preview:large","max-video-preview":"max-video-preview:-1"},"canonical":"https:\/\/www.esplac.cat\/dudi-sector-baix-llobregat-2025\/","og_locale":"en_US","og_type":"article","og_title":"El sector Baix Llobregat celebra la DUDI!","og_description":"El cap de setmana del 22 i 23 de novembre, el Sector Baix Llobregat ha elebrat el Dia Universal dels Drets dels Infants.","og_url":"https:\/\/www.esplac.cat\/dudi-sector-baix-llobregat-2025\/","og_site_name":"Esplac","article_published_time":"2025-11-25T09:31:35+00:00","article_modified_time":"2025-12-05T09:34:12+00:00","og_image":[{"width":1697,"height":700,"url":"https:\/\/www.esplac.cat\/wp-content\/uploads\/2025\/12\/DUDI_Baixllo.jpg","type":"image\/jpeg"}],"author":"Comunicaci\u00f3 Esplac","twitter_card":"summary_large_image","twitter_misc":{"Written by":"Comunicaci\u00f3 Esplac","Est. reading time":"2 minutes"},"schema":{"@context":"https:\/\/schema.org","@graph":[{"@type":"Article","@id":"https:\/\/www.esplac.cat\/dudi-sector-baix-llobregat-2025\/#article","isPartOf":{"@id":"https:\/\/www.esplac.cat\/dudi-sector-baix-llobregat-2025\/"},"author":{"name":"Comunicaci\u00f3 Esplac","@id":"https:\/\/www.esplac.cat\/#\/schema\/person\/908383cf240be18b68f8855d0583faca"},"headline":"M\u00e9s de 400 infants i joves s\u2019agrupen per reivindicar els seus drets a la DUDI del sector Baix Llobregat","datePublished":"2025-11-25T09:31:35+00:00","dateModified":"2025-12-05T09:34:12+00:00","mainEntityOfPage":{"@id":"https:\/\/www.esplac.cat\/dudi-sector-baix-llobregat-2025\/"},"wordCount":1257,"publisher":{"@id":"https:\/\/www.esplac.cat\/#organization"},"image":{"@id":"https:\/\/www.esplac.cat\/dudi-sector-baix-llobregat-2025\/#primaryimage"},"thumbnailUrl":"https:\/\/www.esplac.cat\/wp-content\/uploads\/2025\/12\/DUDI_Baixllo.jpg","articleSection":["20-N: Drets dels infants","Activitats sectors","Sector Baix Bes\u00f2s"],"inLanguage":"en-US"},{"@type":"WebPage","@id":"https:\/\/www.esplac.cat\/dudi-sector-baix-llobregat-2025\/","url":"https:\/\/www.esplac.cat\/dudi-sector-baix-llobregat-2025\/","name":"El sector Baix Llobregat celebra la DUDI!","isPartOf":{"@id":"https:\/\/www.esplac.cat\/#website"},"primaryImageOfPage":{"@id":"https:\/\/www.esplac.cat\/dudi-sector-baix-llobregat-2025\/#primaryimage"},"image":{"@id":"https:\/\/www.esplac.cat\/dudi-sector-baix-llobregat-2025\/#primaryimage"},"thumbnailUrl":"https:\/\/www.esplac.cat\/wp-content\/uploads\/2025\/12\/DUDI_Baixllo.jpg","datePublished":"2025-11-25T09:31:35+00:00","dateModified":"2025-12-05T09:34:12+00:00","description":"El cap de setmana del 22 i 23 de novembre, el Sector Baix Llobregat ha elebrat el Dia Universal dels Drets dels Infants.","breadcrumb":{"@id":"https:\/\/www.esplac.cat\/dudi-sector-baix-llobregat-2025\/#breadcrumb"},"inLanguage":"en-US","potentialAction":[{"@type":"ReadAction","target":["https:\/\/www.esplac.cat\/dudi-sector-baix-llobregat-2025\/"]}]},{"@type":"ImageObject","inLanguage":"en-US","@id":"https:\/\/www.esplac.cat\/dudi-sector-baix-llobregat-2025\/#primaryimage","url":"https:\/\/www.esplac.cat\/wp-content\/uploads\/2025\/12\/DUDI_Baixllo.jpg","contentUrl":"https:\/\/www.esplac.cat\/wp-content\/uploads\/2025\/12\/DUDI_Baixllo.jpg","width":1697,"height":700,"caption":"drets"},{"@type":"BreadcrumbList","@id":"https:\/\/www.esplac.cat\/dudi-sector-baix-llobregat-2025\/#breadcrumb","itemListElement":[{"@type":"ListItem","position":1,"name":"Inici","item":"https:\/\/www.esplac.cat\/en\/"},{"@type":"ListItem","position":2,"name":"M\u00e9s de 400 infants i joves s\u2019agrupen per reivindicar els seus drets a la DUDI del sector Baix Llobregat"}]},{"@type":"WebSite","@id":"https:\/\/www.esplac.cat\/#website","url":"https:\/\/www.esplac.cat\/","name":"Esplac","description":"Esplais Catalans","publisher":{"@id":"https:\/\/www.esplac.cat\/#organization"},"potentialAction":[{"@type":"SearchAction","target":{"@type":"EntryPoint","urlTemplate":"https:\/\/www.esplac.cat\/?s={search_term_string}"},"query-input":{"@type":"PropertyValueSpecification","valueRequired":true,"valueName":"search_term_string"}}],"inLanguage":"en-US"},{"@type":"Organization","@id":"https:\/\/www.esplac.cat\/#organization","name":"Esplac","url":"https:\/\/www.esplac.cat\/","logo":{"@type":"ImageObject","inLanguage":"en-US","@id":"https:\/\/www.esplac.cat\/#\/schema\/logo\/image\/","url":"https:\/\/www.esplac.cat\/wp-content\/uploads\/2019\/08\/logox2.png","contentUrl":"https:\/\/www.esplac.cat\/wp-content\/uploads\/2019\/08\/logox2.png","width":600,"height":295,"caption":"Esplac"},"image":{"@id":"https:\/\/www.esplac.cat\/#\/schema\/logo\/image\/"}},{"@type":"Person","@id":"https:\/\/www.esplac.cat\/#\/schema\/person\/908383cf240be18b68f8855d0583faca","name":"Comunicaci\u00f3 Esplac","image":{"@type":"ImageObject","inLanguage":"en-US","@id":"https:\/\/secure.gravatar.com\/avatar\/7a4cf8feb412a76ea4a740ca02d95b06b2907b5a6c648c2dd0a1082a093c3141?s=96&d=mm&r=g","url":"https:\/\/secure.gravatar.com\/avatar\/7a4cf8feb412a76ea4a740ca02d95b06b2907b5a6c648c2dd0a1082a093c3141?s=96&d=mm&r=g","contentUrl":"https:\/\/secure.gravatar.com\/avatar\/7a4cf8feb412a76ea4a740ca02d95b06b2907b5a6c648c2dd0a1082a093c3141?s=96&d=mm&r=g","caption":"Comunicaci\u00f3 Esplac"}}]}},"_links":{"self":[{"href":"https:\/\/www.esplac.cat\/en\/wp-json\/wp\/v2\/posts\/54633","targetHints":{"allow":["GET"]}}],"collection":[{"href":"https:\/\/www.esplac.cat\/en\/wp-json\/wp\/v2\/posts"}],"about":[{"href":"https:\/\/www.esplac.cat\/en\/wp-json\/wp\/v2\/types\/post"}],"author":[{"embeddable":true,"href":"https:\/\/www.esplac.cat\/en\/wp-json\/wp\/v2\/users\/3"}],"replies":[{"embeddable":true,"href":"https:\/\/www.esplac.cat\/en\/wp-json\/wp\/v2\/comments?post=54633"}],"version-history":[{"count":2,"href":"https:\/\/www.esplac.cat\/en\/wp-json\/wp\/v2\/posts\/54633\/revisions"}],"predecessor-version":[{"id":54639,"href":"https:\/\/www.esplac.cat\/en\/wp-json\/wp\/v2\/posts\/54633\/revisions\/54639"}],"wp:featuredmedia":[{"embeddable":true,"href":"https:\/\/www.esplac.cat\/en\/wp-json\/wp\/v2\/media\/54636"}],"wp:attachment":[{"href":"https:\/\/www.esplac.cat\/en\/wp-json\/wp\/v2\/media?parent=54633"}],"wp:term":[{"taxonomy":"category","embeddable":true,"href":"https:\/\/www.esplac.cat\/en\/wp-json\/wp\/v2\/categories?post=54633"},{"taxonomy":"post_tag","embeddable":true,"href":"https:\/\/www.esplac.cat\/en\/wp-json\/wp\/v2\/tags?post=54633"}],"curies":[{"name":"wp","href":"https:\/\/api.w.org\/{rel}","templated":true}]}}