{"id":55076,"date":"2026-01-14T13:55:00","date_gmt":"2026-01-14T11:55:00","guid":{"rendered":"https:\/\/www.esplac.cat\/?p=55076"},"modified":"2026-01-14T14:44:53","modified_gmt":"2026-01-14T12:44:53","slug":"eduquem-per-resistir-article","status":"publish","type":"post","link":"https:\/\/www.esplac.cat\/en\/eduquem-per-resistir-article\/","title":{"rendered":"Eduquem per resistir, perqu\u00e8 revisar-nos tamb\u00e9 \u00e9s educar"},"content":{"rendered":"<div class=\"fusion-fullwidth fullwidth-box fusion-builder-row-1 fusion-flex-container has-pattern-background has-mask-background nonhundred-percent-fullwidth non-hundred-percent-height-scrolling\" style=\"--awb-border-radius-top-left:0px;--awb-border-radius-top-right:0px;--awb-border-radius-bottom-right:0px;--awb-border-radius-bottom-left:0px;--awb-flex-wrap:wrap;\" ><div class=\"fusion-builder-row fusion-row fusion-flex-align-items-flex-start fusion-flex-content-wrap\" style=\"max-width:1248px;margin-left: calc(-4% \/ 2 );margin-right: calc(-4% \/ 2 );\"><div class=\"fusion-layout-column fusion_builder_column fusion-builder-column-0 fusion_builder_column_1_1 1_1 fusion-flex-column\" style=\"--awb-bg-size:cover;--awb-width-large:100%;--awb-margin-top-large:0px;--awb-spacing-right-large:1.92%;--awb-margin-bottom-large:20px;--awb-spacing-left-large:1.92%;--awb-width-medium:100%;--awb-order-medium:0;--awb-spacing-right-medium:1.92%;--awb-spacing-left-medium:1.92%;--awb-width-small:100%;--awb-order-small:0;--awb-spacing-right-small:1.92%;--awb-spacing-left-small:1.92%;\"><div class=\"fusion-column-wrapper fusion-column-has-shadow fusion-flex-justify-content-flex-start fusion-content-layout-column\"><div class=\"fusion-text fusion-text-1\"><h6><strong>Publiquem l&#8217;article d&#8217;opini\u00f3 sobre l&#8217;Escola d&#8217;Esplac 2026 i el lema <em>Educar per resistir: fer de la pedagogia una eina de canvi<\/em>.<\/strong><\/h6>\n<p>El m\u00f3n en qu\u00e8 vivim havia de ser un lloc id\u00edl\u00b7lic i bonic. <strong>Ens van dir que podr\u00edem transformar-ho tot<\/strong>, per\u00f2 la realitat \u00e9s que sobrevivim en un planeta esgotat i destrossat per un <strong>capitalisme ferotge<\/strong> que ens afecta tant a nivell individual com comunitari. El <strong>neoliberalisme de la m\u00e0 del feixisme<\/strong> s\u2019escampa arreu del m\u00f3n, cometent genocidis i acabant amb la <strong>mem\u00f2ria<\/strong> i els <strong>vincles comunitaris<\/strong>. Els drets humans i els dels infants cada cop s\u00f3n m\u00e9s lluny del que havia de ser una declaraci\u00f3 universal. D\u2019aquesta situaci\u00f3, els esplais en patim les conseq\u00fc\u00e8ncies di\u00e0riament, <strong>per\u00f2 tamb\u00e9 tenim molt a dir<\/strong> <strong>i, sobretot, a fer<\/strong>. \u00c9s moment de <strong>revisar com eduquem<\/strong> i aprofundir en les <strong>estrat\u00e8gies pedag\u00f2giques que ens permetran resistir<\/strong>. Perqu\u00e8 els esplais som i serem un <strong>espai de resist\u00e8ncia antifeixista<\/strong>.<\/p>\n<p>Els esplais som un agent educatiu que existeix en una <strong>societat global<\/strong> i, per tant, tamb\u00e9 hi estem relacionats. El context actual de <strong>globalitzaci\u00f3 i implementaci\u00f3 total del neoliberalisme<\/strong> ens afecta en molts sentits, per\u00f2 tenim un impacte en la transformaci\u00f3 social de les persones que hi participen. Aix\u00ed doncs, tamb\u00e9 <strong>tenim el deure de posicionar-nos<\/strong> amb relaci\u00f3 al que est\u00e0 passant al m\u00f3n i al nostre entorn m\u00e9s proper. Els esplais estem situats en barris, pobles i ciutats on les <strong>desigualtats socials<\/strong>, la<strong> desvaloritzaci\u00f3 de les estructures comunit\u00e0ries<\/strong> i l\u2019<strong>augment dels discursos d\u2019odi<\/strong> estan a l\u2019ordre del dia. Com a monis, cal que prenem partit i actuem davant les situacions que pateixen els nostres infants i joves. <strong>No podem ser c\u00f2mplices d\u2019una realitat que ens afecta a totes<\/strong>, perqu\u00e8 l\u2019esplai \u00e9s precisament una de les poques estructures comunit\u00e0ries i de suport mutu que sobreviuen.<\/p>\n<p>Les monitores i monitors tamb\u00e9 som v\u00edctimes de l\u2019<strong>individualisme<\/strong> i la <strong>precarietat juvenil<\/strong>, factors que ens afecten a l\u2019hora de desenvolupar la tasca educativa a l\u2019esplai. Moltes de nosaltres treballem i\/o estudiem, <strong>som dependents d\u2019un sistema que ens porta a la hiperproductivitat i al consumisme<\/strong>. En aquest sentit, moltes vegades les urg\u00e8ncies del dia a dia fan que tinguem menys temps per reflexionar sobre les nostres pr\u00e0ctiques educatives i ens porten a prendre decisions precipitades que, en algunes ocasions, poden tenir algun biaix.<\/p>\n<p>Per aix\u00f2, \u00e9s moment de preguntar-nos: <strong>estem reproduint certes l\u00f2giques del capitalisme<\/strong> en les nostres pr\u00e0ctiques educatives? La nostra forma d\u2019educar \u00e9s <strong>coherent amb els valors<\/strong> que prediquem? Quins s\u00f3n els nostres <strong>privilegis<\/strong> i com els treballem tenint en compte el nostre paper de referents o educadores? Quin \u00e9s el <strong>perfil sociocultural<\/strong> de la majoria de monis? <strong>Hem de posar la pedagogia i les pr\u00e0ctiques educatives al centre<\/strong>, tot revisant all\u00f2 que fem, per\u00f2 tamb\u00e9 all\u00f2 que perpetuem perqu\u00e8 \u201cs\u2019ha fet sempre aix\u00ed\u201d.<\/p>\n<p>\u00c9s clar que la situaci\u00f3 actual ens afecta a tots els nivells i <strong>convivim entre contradiccions i culpabilitat<\/strong>. \u00c9s per aquest motiu que, havent-ho detectat, la millor manera que tenim de fer front a la situaci\u00f3 \u00e9s <strong>generant espais de formaci\u00f3 com l\u2019Escola d\u2019Esplac<\/strong>. Perqu\u00e8, des dels esplais i tenint en compte la nostra tasca educativa, \u00e9s important que <strong>obrim els ulls, mirem de cara la situaci\u00f3 i passem a l&#8217;acci\u00f3!<\/strong><\/p>\n<p>L\u2019<strong><span style=\"color: #f69d0b;\"><a style=\"color: #f69d0b;\" href=\"https:\/\/www.esplac.cat\/formacions\/escola-esplac\/\" target=\"_blank\" rel=\"noopener\">Escola d\u2019Esplac 2026 <\/a><\/span>\u201cEducar per resistir\u201d<\/strong>, ser\u00e0 l\u2019espai -tan necessari- de <strong>reflexi\u00f3 i formaci\u00f3 entorn de la pr\u00e0ctica educativa<\/strong>. Com a monis i referents, aprendrem <strong>estrat\u00e8gies pedag\u00f2giques<\/strong> per enfortir-nos encara m\u00e9s, alhora que coneixerem <strong>projectes<\/strong> que tamb\u00e9 basen la seva pr\u00e0ctica educativa en l\u2019an\u00e0lisi de la realitat.<\/p>\n<p>Per seguir els <strong>objectius<\/strong> marcats al <span style=\"font-weight: 300;\"><span style=\"color: #f69d0b;\"><a style=\"color: #f69d0b;\" href=\"https:\/\/www.esplac.cat\/pla-estrategic-2024-2027\/\" target=\"_blank\" rel=\"noopener\"><strong><b>Pla Estrat\u00e8gic 2024-2027,<\/b><\/strong><\/a><\/span><\/span>\u00a0en aquesta <strong>nova edici\u00f3 de l\u2019Escola d\u2019Esplac<\/strong> aprofundirem en l\u2019<strong>educaci\u00f3 popular<\/strong> i en la implementaci\u00f3 d\u2019una pedagogia compromesa amb l&#8217;<strong>erradicaci\u00f3 de les desigualtats socials i els discursos d\u2019odi<\/strong>. No oblidem que l\u2019associacionisme educatiu va jugar un paper fonamental en la <strong>lluita antifeixista durant el franquisme<\/strong> i, sobretot, durant la transici\u00f3.<\/p>\n<p>A m\u00e9s, l\u2019<strong>Escola d\u2019Esplac<\/strong> ser\u00e0 el tret de sortida d\u2019uns aprenentatges que tindran continu\u00eftat a la <span style=\"font-weight: 300;\"><span style=\"color: #f69d0b;\"><a style=\"color: #f69d0b;\" href=\"https:\/\/www.esplac.cat\/trobades\/monifestat\/\" target=\"_blank\" rel=\"noopener\"><strong><b>Monifesta&#8217;t <\/b><\/strong><\/a><\/span><\/span>el maig de 2026, on, amb el lema <strong>\u201cEsplais cr\u00edtics, revisem el nostre llegat\u201c<\/strong>, seguirem insistint en la necessitat de revisar-nos i afrontar el repte de <strong>convertir els esplais en espais de resist\u00e8ncia antifeixista<\/strong>.<\/p>\n<\/div><div class=\"fusion-video fusion-youtube\" style=\"--awb-max-width:1200px;--awb-max-height:675px;--awb-align-self:center;--awb-width:100%;\"><div class=\"video-shortcode\"><div class=\"fluid-width-video-wrapper\" style=\"padding-top:56.25%;\" ><iframe class=\"fusion-hidden\" data-privacy-type=\"youtube\" src=\"\" title=\"YouTube video player 1\" data-privacy-src=\"https:\/\/www.youtube.com\/embed\/i2Fa_v1L45E?wmode=transparent&autoplay=0\" width=\"1200\" height=\"675\" allowfullscreen allow=\"autoplay; fullscreen\"><\/iframe><div class=\"fusion-privacy-placeholder\" style=\"width:1200px; height:675px;\" data-privacy-type=\"youtube\"><div class=\"fusion-privacy-placeholder-content\"><div class=\"fusion-privacy-label\">For privacy reasons YouTube needs your permission to be loaded. For more details, please see our <a class=\"privacy-policy-link\" href=\"https:\/\/www.esplac.cat\/avis-legal\/\" rel=\"privacy-policy\">Av\u00eds Legal<\/a>.<\/div><a href=\"\" data-privacy-type=\"youtube\" class=\"fusion-button button-default fusion-button-default-size button fusion-privacy-consent\">I Accept<\/a><\/div><\/div><\/div><\/div><\/div><div style=\"text-align:center;\"><a class=\"fusion-button button-flat fusion-button-default-size button-default fusion-button-default button-1 fusion-button-default-span fusion-button-default-type\" style=\"--button_margin-top:40px;\" target=\"_self\" href=\"https:\/\/www.esplac.cat\/formacions\/escola-esplac\/\"><span class=\"fusion-button-text\">M\u00e9s informaci\u00f3 sobre l&#8217;Escola d&#8217;Esplac<\/span><\/a><\/div><\/div><\/div><\/div><\/div>\n","protected":false},"excerpt":{"rendered":"","protected":false},"author":3,"featured_media":55079,"comment_status":"closed","ping_status":"closed","sticky":false,"template":"","format":"standard","meta":{"om_disable_all_campaigns":false,"_monsterinsights_skip_tracking":false,"_monsterinsights_sitenote_active":false,"_monsterinsights_sitenote_note":"","_monsterinsights_sitenote_category":0,"_uf_show_specific_survey":0,"_uf_disable_surveys":false,"footnotes":""},"categories":[1129,1],"tags":[],"class_list":["post-55076","post","type-post","status-publish","format-standard","has-post-thumbnail","hentry","category-escola-desplac","category-sense-categoria"],"yoast_head":"<!-- This site is optimized with the Yoast SEO plugin v27.4 - https:\/\/yoast.com\/product\/yoast-seo-wordpress\/ -->\n<title>Eduquem per resistir, perqu\u00e8 revisar-nos tamb\u00e9 \u00e9s educar - Esplac<\/title>\n<meta name=\"description\" content=\"Publiquem l&#039;article d&#039;opini\u00f3 sobre l&#039;Escola d&#039;Esplac 2026 i el lema Educar per resistir: fer de la pedagogia una eina de canvi.\" \/>\n<meta name=\"robots\" content=\"index, follow, max-snippet:-1, max-image-preview:large, max-video-preview:-1\" \/>\n<link rel=\"canonical\" href=\"https:\/\/www.esplac.cat\/eduquem-per-resistir-article\/\" \/>\n<meta property=\"og:locale\" content=\"en_US\" \/>\n<meta property=\"og:type\" content=\"article\" \/>\n<meta property=\"og:title\" content=\"Eduquem per resistir, perqu\u00e8 revisar-nos tamb\u00e9 \u00e9s educar - Esplac\" \/>\n<meta property=\"og:description\" content=\"Publiquem l&#039;article d&#039;opini\u00f3 sobre l&#039;Escola d&#039;Esplac 2026 i el lema Educar per resistir: fer de la pedagogia una eina de canvi.\" \/>\n<meta property=\"og:url\" content=\"https:\/\/www.esplac.cat\/eduquem-per-resistir-article\/\" \/>\n<meta property=\"og:site_name\" content=\"Esplac\" \/>\n<meta property=\"article:published_time\" content=\"2026-01-14T11:55:00+00:00\" \/>\n<meta property=\"article:modified_time\" content=\"2026-01-14T12:44:53+00:00\" \/>\n<meta property=\"og:image\" content=\"https:\/\/www.esplac.cat\/wp-content\/uploads\/2026\/01\/foto-Article_EE26.jpg\" \/>\n\t<meta property=\"og:image:width\" content=\"1697\" \/>\n\t<meta property=\"og:image:height\" content=\"700\" \/>\n\t<meta property=\"og:image:type\" content=\"image\/jpeg\" \/>\n<meta name=\"author\" content=\"Comunicaci\u00f3 Esplac\" \/>\n<meta name=\"twitter:card\" content=\"summary_large_image\" \/>\n<meta name=\"twitter:label1\" content=\"Written by\" \/>\n\t<meta name=\"twitter:data1\" content=\"Comunicaci\u00f3 Esplac\" \/>\n\t<meta name=\"twitter:label2\" content=\"Est. reading time\" \/>\n\t<meta name=\"twitter:data2\" content=\"5 minutes\" \/>\n<script type=\"application\/ld+json\" class=\"yoast-schema-graph\">{\"@context\":\"https:\\\/\\\/schema.org\",\"@graph\":[{\"@type\":\"Article\",\"@id\":\"https:\\\/\\\/www.esplac.cat\\\/eduquem-per-resistir-article\\\/#article\",\"isPartOf\":{\"@id\":\"https:\\\/\\\/www.esplac.cat\\\/eduquem-per-resistir-article\\\/\"},\"author\":{\"name\":\"Comunicaci\u00f3 Esplac\",\"@id\":\"https:\\\/\\\/www.esplac.cat\\\/#\\\/schema\\\/person\\\/908383cf240be18b68f8855d0583faca\"},\"headline\":\"Eduquem per resistir, perqu\u00e8 revisar-nos tamb\u00e9 \u00e9s educar\",\"datePublished\":\"2026-01-14T11:55:00+00:00\",\"dateModified\":\"2026-01-14T12:44:53+00:00\",\"mainEntityOfPage\":{\"@id\":\"https:\\\/\\\/www.esplac.cat\\\/eduquem-per-resistir-article\\\/\"},\"wordCount\":1956,\"publisher\":{\"@id\":\"https:\\\/\\\/www.esplac.cat\\\/#organization\"},\"image\":{\"@id\":\"https:\\\/\\\/www.esplac.cat\\\/eduquem-per-resistir-article\\\/#primaryimage\"},\"thumbnailUrl\":\"https:\\\/\\\/www.esplac.cat\\\/wp-content\\\/uploads\\\/2026\\\/01\\\/foto-Article_EE26.jpg\",\"articleSection\":[\"Escola d'Esplac\",\"Sense categoria\"],\"inLanguage\":\"en-US\"},{\"@type\":\"WebPage\",\"@id\":\"https:\\\/\\\/www.esplac.cat\\\/eduquem-per-resistir-article\\\/\",\"url\":\"https:\\\/\\\/www.esplac.cat\\\/eduquem-per-resistir-article\\\/\",\"name\":\"Eduquem per resistir, perqu\u00e8 revisar-nos tamb\u00e9 \u00e9s educar - Esplac\",\"isPartOf\":{\"@id\":\"https:\\\/\\\/www.esplac.cat\\\/#website\"},\"primaryImageOfPage\":{\"@id\":\"https:\\\/\\\/www.esplac.cat\\\/eduquem-per-resistir-article\\\/#primaryimage\"},\"image\":{\"@id\":\"https:\\\/\\\/www.esplac.cat\\\/eduquem-per-resistir-article\\\/#primaryimage\"},\"thumbnailUrl\":\"https:\\\/\\\/www.esplac.cat\\\/wp-content\\\/uploads\\\/2026\\\/01\\\/foto-Article_EE26.jpg\",\"datePublished\":\"2026-01-14T11:55:00+00:00\",\"dateModified\":\"2026-01-14T12:44:53+00:00\",\"description\":\"Publiquem l'article d'opini\u00f3 sobre l'Escola d'Esplac 2026 i el lema Educar per resistir: fer de la pedagogia una eina de canvi.\",\"breadcrumb\":{\"@id\":\"https:\\\/\\\/www.esplac.cat\\\/eduquem-per-resistir-article\\\/#breadcrumb\"},\"inLanguage\":\"en-US\",\"potentialAction\":[{\"@type\":\"ReadAction\",\"target\":[\"https:\\\/\\\/www.esplac.cat\\\/eduquem-per-resistir-article\\\/\"]}]},{\"@type\":\"ImageObject\",\"inLanguage\":\"en-US\",\"@id\":\"https:\\\/\\\/www.esplac.cat\\\/eduquem-per-resistir-article\\\/#primaryimage\",\"url\":\"https:\\\/\\\/www.esplac.cat\\\/wp-content\\\/uploads\\\/2026\\\/01\\\/foto-Article_EE26.jpg\",\"contentUrl\":\"https:\\\/\\\/www.esplac.cat\\\/wp-content\\\/uploads\\\/2026\\\/01\\\/foto-Article_EE26.jpg\",\"width\":1697,\"height\":700},{\"@type\":\"BreadcrumbList\",\"@id\":\"https:\\\/\\\/www.esplac.cat\\\/eduquem-per-resistir-article\\\/#breadcrumb\",\"itemListElement\":[{\"@type\":\"ListItem\",\"position\":1,\"name\":\"Inici\",\"item\":\"https:\\\/\\\/www.esplac.cat\\\/en\\\/\"},{\"@type\":\"ListItem\",\"position\":2,\"name\":\"Eduquem per resistir, perqu\u00e8 revisar-nos tamb\u00e9 \u00e9s educar\"}]},{\"@type\":\"WebSite\",\"@id\":\"https:\\\/\\\/www.esplac.cat\\\/#website\",\"url\":\"https:\\\/\\\/www.esplac.cat\\\/\",\"name\":\"Esplac\",\"description\":\"Esplais Catalans\",\"publisher\":{\"@id\":\"https:\\\/\\\/www.esplac.cat\\\/#organization\"},\"potentialAction\":[{\"@type\":\"SearchAction\",\"target\":{\"@type\":\"EntryPoint\",\"urlTemplate\":\"https:\\\/\\\/www.esplac.cat\\\/?s={search_term_string}\"},\"query-input\":{\"@type\":\"PropertyValueSpecification\",\"valueRequired\":true,\"valueName\":\"search_term_string\"}}],\"inLanguage\":\"en-US\"},{\"@type\":\"Organization\",\"@id\":\"https:\\\/\\\/www.esplac.cat\\\/#organization\",\"name\":\"Esplac\",\"url\":\"https:\\\/\\\/www.esplac.cat\\\/\",\"logo\":{\"@type\":\"ImageObject\",\"inLanguage\":\"en-US\",\"@id\":\"https:\\\/\\\/www.esplac.cat\\\/#\\\/schema\\\/logo\\\/image\\\/\",\"url\":\"https:\\\/\\\/www.esplac.cat\\\/wp-content\\\/uploads\\\/2019\\\/08\\\/logox2.png\",\"contentUrl\":\"https:\\\/\\\/www.esplac.cat\\\/wp-content\\\/uploads\\\/2019\\\/08\\\/logox2.png\",\"width\":600,\"height\":295,\"caption\":\"Esplac\"},\"image\":{\"@id\":\"https:\\\/\\\/www.esplac.cat\\\/#\\\/schema\\\/logo\\\/image\\\/\"}},{\"@type\":\"Person\",\"@id\":\"https:\\\/\\\/www.esplac.cat\\\/#\\\/schema\\\/person\\\/908383cf240be18b68f8855d0583faca\",\"name\":\"Comunicaci\u00f3 Esplac\",\"image\":{\"@type\":\"ImageObject\",\"inLanguage\":\"en-US\",\"@id\":\"https:\\\/\\\/secure.gravatar.com\\\/avatar\\\/7a4cf8feb412a76ea4a740ca02d95b06b2907b5a6c648c2dd0a1082a093c3141?s=96&d=mm&r=g\",\"url\":\"https:\\\/\\\/secure.gravatar.com\\\/avatar\\\/7a4cf8feb412a76ea4a740ca02d95b06b2907b5a6c648c2dd0a1082a093c3141?s=96&d=mm&r=g\",\"contentUrl\":\"https:\\\/\\\/secure.gravatar.com\\\/avatar\\\/7a4cf8feb412a76ea4a740ca02d95b06b2907b5a6c648c2dd0a1082a093c3141?s=96&d=mm&r=g\",\"caption\":\"Comunicaci\u00f3 Esplac\"}}]}<\/script>\n<!-- \/ Yoast SEO plugin. -->","yoast_head_json":{"title":"Eduquem per resistir, perqu\u00e8 revisar-nos tamb\u00e9 \u00e9s educar - Esplac","description":"Publiquem l'article d'opini\u00f3 sobre l'Escola d'Esplac 2026 i el lema Educar per resistir: fer de la pedagogia una eina de canvi.","robots":{"index":"index","follow":"follow","max-snippet":"max-snippet:-1","max-image-preview":"max-image-preview:large","max-video-preview":"max-video-preview:-1"},"canonical":"https:\/\/www.esplac.cat\/eduquem-per-resistir-article\/","og_locale":"en_US","og_type":"article","og_title":"Eduquem per resistir, perqu\u00e8 revisar-nos tamb\u00e9 \u00e9s educar - Esplac","og_description":"Publiquem l'article d'opini\u00f3 sobre l'Escola d'Esplac 2026 i el lema Educar per resistir: fer de la pedagogia una eina de canvi.","og_url":"https:\/\/www.esplac.cat\/eduquem-per-resistir-article\/","og_site_name":"Esplac","article_published_time":"2026-01-14T11:55:00+00:00","article_modified_time":"2026-01-14T12:44:53+00:00","og_image":[{"width":1697,"height":700,"url":"https:\/\/www.esplac.cat\/wp-content\/uploads\/2026\/01\/foto-Article_EE26.jpg","type":"image\/jpeg"}],"author":"Comunicaci\u00f3 Esplac","twitter_card":"summary_large_image","twitter_misc":{"Written by":"Comunicaci\u00f3 Esplac","Est. reading time":"5 minutes"},"schema":{"@context":"https:\/\/schema.org","@graph":[{"@type":"Article","@id":"https:\/\/www.esplac.cat\/eduquem-per-resistir-article\/#article","isPartOf":{"@id":"https:\/\/www.esplac.cat\/eduquem-per-resistir-article\/"},"author":{"name":"Comunicaci\u00f3 Esplac","@id":"https:\/\/www.esplac.cat\/#\/schema\/person\/908383cf240be18b68f8855d0583faca"},"headline":"Eduquem per resistir, perqu\u00e8 revisar-nos tamb\u00e9 \u00e9s educar","datePublished":"2026-01-14T11:55:00+00:00","dateModified":"2026-01-14T12:44:53+00:00","mainEntityOfPage":{"@id":"https:\/\/www.esplac.cat\/eduquem-per-resistir-article\/"},"wordCount":1956,"publisher":{"@id":"https:\/\/www.esplac.cat\/#organization"},"image":{"@id":"https:\/\/www.esplac.cat\/eduquem-per-resistir-article\/#primaryimage"},"thumbnailUrl":"https:\/\/www.esplac.cat\/wp-content\/uploads\/2026\/01\/foto-Article_EE26.jpg","articleSection":["Escola d'Esplac","Sense categoria"],"inLanguage":"en-US"},{"@type":"WebPage","@id":"https:\/\/www.esplac.cat\/eduquem-per-resistir-article\/","url":"https:\/\/www.esplac.cat\/eduquem-per-resistir-article\/","name":"Eduquem per resistir, perqu\u00e8 revisar-nos tamb\u00e9 \u00e9s educar - Esplac","isPartOf":{"@id":"https:\/\/www.esplac.cat\/#website"},"primaryImageOfPage":{"@id":"https:\/\/www.esplac.cat\/eduquem-per-resistir-article\/#primaryimage"},"image":{"@id":"https:\/\/www.esplac.cat\/eduquem-per-resistir-article\/#primaryimage"},"thumbnailUrl":"https:\/\/www.esplac.cat\/wp-content\/uploads\/2026\/01\/foto-Article_EE26.jpg","datePublished":"2026-01-14T11:55:00+00:00","dateModified":"2026-01-14T12:44:53+00:00","description":"Publiquem l'article d'opini\u00f3 sobre l'Escola d'Esplac 2026 i el lema Educar per resistir: fer de la pedagogia una eina de canvi.","breadcrumb":{"@id":"https:\/\/www.esplac.cat\/eduquem-per-resistir-article\/#breadcrumb"},"inLanguage":"en-US","potentialAction":[{"@type":"ReadAction","target":["https:\/\/www.esplac.cat\/eduquem-per-resistir-article\/"]}]},{"@type":"ImageObject","inLanguage":"en-US","@id":"https:\/\/www.esplac.cat\/eduquem-per-resistir-article\/#primaryimage","url":"https:\/\/www.esplac.cat\/wp-content\/uploads\/2026\/01\/foto-Article_EE26.jpg","contentUrl":"https:\/\/www.esplac.cat\/wp-content\/uploads\/2026\/01\/foto-Article_EE26.jpg","width":1697,"height":700},{"@type":"BreadcrumbList","@id":"https:\/\/www.esplac.cat\/eduquem-per-resistir-article\/#breadcrumb","itemListElement":[{"@type":"ListItem","position":1,"name":"Inici","item":"https:\/\/www.esplac.cat\/en\/"},{"@type":"ListItem","position":2,"name":"Eduquem per resistir, perqu\u00e8 revisar-nos tamb\u00e9 \u00e9s educar"}]},{"@type":"WebSite","@id":"https:\/\/www.esplac.cat\/#website","url":"https:\/\/www.esplac.cat\/","name":"Esplac","description":"Esplais Catalans","publisher":{"@id":"https:\/\/www.esplac.cat\/#organization"},"potentialAction":[{"@type":"SearchAction","target":{"@type":"EntryPoint","urlTemplate":"https:\/\/www.esplac.cat\/?s={search_term_string}"},"query-input":{"@type":"PropertyValueSpecification","valueRequired":true,"valueName":"search_term_string"}}],"inLanguage":"en-US"},{"@type":"Organization","@id":"https:\/\/www.esplac.cat\/#organization","name":"Esplac","url":"https:\/\/www.esplac.cat\/","logo":{"@type":"ImageObject","inLanguage":"en-US","@id":"https:\/\/www.esplac.cat\/#\/schema\/logo\/image\/","url":"https:\/\/www.esplac.cat\/wp-content\/uploads\/2019\/08\/logox2.png","contentUrl":"https:\/\/www.esplac.cat\/wp-content\/uploads\/2019\/08\/logox2.png","width":600,"height":295,"caption":"Esplac"},"image":{"@id":"https:\/\/www.esplac.cat\/#\/schema\/logo\/image\/"}},{"@type":"Person","@id":"https:\/\/www.esplac.cat\/#\/schema\/person\/908383cf240be18b68f8855d0583faca","name":"Comunicaci\u00f3 Esplac","image":{"@type":"ImageObject","inLanguage":"en-US","@id":"https:\/\/secure.gravatar.com\/avatar\/7a4cf8feb412a76ea4a740ca02d95b06b2907b5a6c648c2dd0a1082a093c3141?s=96&d=mm&r=g","url":"https:\/\/secure.gravatar.com\/avatar\/7a4cf8feb412a76ea4a740ca02d95b06b2907b5a6c648c2dd0a1082a093c3141?s=96&d=mm&r=g","contentUrl":"https:\/\/secure.gravatar.com\/avatar\/7a4cf8feb412a76ea4a740ca02d95b06b2907b5a6c648c2dd0a1082a093c3141?s=96&d=mm&r=g","caption":"Comunicaci\u00f3 Esplac"}}]}},"_links":{"self":[{"href":"https:\/\/www.esplac.cat\/en\/wp-json\/wp\/v2\/posts\/55076","targetHints":{"allow":["GET"]}}],"collection":[{"href":"https:\/\/www.esplac.cat\/en\/wp-json\/wp\/v2\/posts"}],"about":[{"href":"https:\/\/www.esplac.cat\/en\/wp-json\/wp\/v2\/types\/post"}],"author":[{"embeddable":true,"href":"https:\/\/www.esplac.cat\/en\/wp-json\/wp\/v2\/users\/3"}],"replies":[{"embeddable":true,"href":"https:\/\/www.esplac.cat\/en\/wp-json\/wp\/v2\/comments?post=55076"}],"version-history":[{"count":8,"href":"https:\/\/www.esplac.cat\/en\/wp-json\/wp\/v2\/posts\/55076\/revisions"}],"predecessor-version":[{"id":55096,"href":"https:\/\/www.esplac.cat\/en\/wp-json\/wp\/v2\/posts\/55076\/revisions\/55096"}],"wp:featuredmedia":[{"embeddable":true,"href":"https:\/\/www.esplac.cat\/en\/wp-json\/wp\/v2\/media\/55079"}],"wp:attachment":[{"href":"https:\/\/www.esplac.cat\/en\/wp-json\/wp\/v2\/media?parent=55076"}],"wp:term":[{"taxonomy":"category","embeddable":true,"href":"https:\/\/www.esplac.cat\/en\/wp-json\/wp\/v2\/categories?post=55076"},{"taxonomy":"post_tag","embeddable":true,"href":"https:\/\/www.esplac.cat\/en\/wp-json\/wp\/v2\/tags?post=55076"}],"curies":[{"name":"wp","href":"https:\/\/api.w.org\/{rel}","templated":true}]}}