{"id":55182,"date":"2026-01-28T13:49:47","date_gmt":"2026-01-28T11:49:47","guid":{"rendered":"https:\/\/www.esplac.cat\/?p=55182"},"modified":"2026-01-28T13:55:23","modified_gmt":"2026-01-28T11:55:23","slug":"dirigents-es-reuneixen-primer-gran-comite-2026","status":"publish","type":"post","link":"https:\/\/www.esplac.cat\/en\/dirigents-es-reuneixen-primer-gran-comite-2026\/","title":{"rendered":"Dirigents d\u2019Esplais Catalans es reuneixen al primer Gran Comit\u00e8 del 2026"},"content":{"rendered":"<div class=\"fusion-fullwidth fullwidth-box fusion-builder-row-1 fusion-flex-container has-pattern-background has-mask-background nonhundred-percent-fullwidth non-hundred-percent-height-scrolling\" style=\"--awb-border-radius-top-left:0px;--awb-border-radius-top-right:0px;--awb-border-radius-bottom-right:0px;--awb-border-radius-bottom-left:0px;--awb-flex-wrap:wrap;\" ><div class=\"fusion-builder-row fusion-row fusion-flex-align-items-flex-start fusion-flex-content-wrap\" style=\"max-width:1248px;margin-left: calc(-4% \/ 2 );margin-right: calc(-4% \/ 2 );\"><div class=\"fusion-layout-column fusion_builder_column fusion-builder-column-0 fusion_builder_column_1_1 1_1 fusion-flex-column\" style=\"--awb-bg-size:cover;--awb-width-large:100%;--awb-margin-top-large:0px;--awb-spacing-right-large:1.92%;--awb-margin-bottom-large:20px;--awb-spacing-left-large:1.92%;--awb-width-medium:100%;--awb-order-medium:0;--awb-spacing-right-medium:1.92%;--awb-spacing-left-medium:1.92%;--awb-width-small:100%;--awb-order-small:0;--awb-spacing-right-small:1.92%;--awb-spacing-left-small:1.92%;\"><div class=\"fusion-column-wrapper fusion-column-has-shadow fusion-flex-justify-content-flex-start fusion-content-layout-column\"><div class=\"fusion-text fusion-text-1\"><h6><strong>El Gran Comit\u00e8 s\u2019ha reunit aquest cap de setmana per organitzar-se, formar-se i fer seguiment i valoraci\u00f3 despr\u00e9s de l\u2019Assemblea General Ordin\u00e0ria (AGO).<\/strong><\/h6>\n<p><span style=\"font-weight: 300;\">Els dies <\/span><b>24 i 25 de gener<\/b><span style=\"font-weight: 300;\"> s\u2019ha celebrat a <\/span><b>Font-Rub\u00ed<\/b><span style=\"font-weight: 300;\"> (<b><span style=\"color: #f69d0b;\"><a style=\"color: #f69d0b;\" href=\"https:\/\/www.esplac.cat\/sectors-geografics\/penedes-garraf-i-anoia\/\">Sector Pened\u00e8s Garraf Anoia<\/a><\/span><\/b>) la primera tancada de l\u2019any del <\/span><b>Gran Comit\u00e8<\/b><span style=\"font-weight: 300;\">. Aquesta ha estat la primera trobada despr\u00e9s de l\u2019<\/span><b>Assemblea General Ordin\u00e0ria (AGO)<\/b><span style=\"font-weight: 300;\"> del 29 i 30 de novembre de 2025, on els esplais van aprovar les accions que es duran a terme aquest curs. El <\/span><b>Gran Comit\u00e8<\/b><span style=\"font-weight: 300;\"> \u00e9s un dels espais de participaci\u00f3 m\u00e9s importants d\u2019Esplac, on <\/span><b>estan representats tots els \u00f2rgans de decisi\u00f3 i els espais de treball de l\u2019associaci\u00f3<\/b><span style=\"font-weight: 300;\">. Al final d\u2019aquesta not\u00edcia podeu veure qui hi participa!<\/span><\/p>\n<p><span style=\"font-weight: 300;\">Dissabte al mat\u00ed s\u2019ha dut a terme la formaci\u00f3 <\/span><b><i>\u201cRols i relacions de poder al Gran Comit\u00e8\u201d<\/i><\/b><span style=\"font-weight: 300;\">, a c\u00e0rrec de l\u2019<\/span><span style=\"color: #f69d0b;\"><a style=\"color: #f69d0b;\" href=\"https:\/\/escolaelsol.coop\/\" target=\"_blank\" rel=\"noopener\"><b>Escola Lliure el Sol<\/b><\/a><\/span><span style=\"font-weight: 300;\">. La sessi\u00f3 s\u2019ha centrat en la <\/span><b>revisi\u00f3 de la gesti\u00f3 del poder<\/b><span style=\"font-weight: 300;\">. Despr\u00e9s d\u2019una introducci\u00f3 te\u00f2rica sobre els diferents tipus de poder, rols i rangs, s\u2019han analitzat en profunditat les <\/span><b>din\u00e0miques concretes del grup de dirigents<\/b><span style=\"font-weight: 300;\"> per identificar quines categories generen poder dins l\u2019equip i <\/span><b>com es poden revertir<\/b><span style=\"font-weight: 300;\">.<\/span><\/p>\n<p><span style=\"font-weight: 300;\">A la tarda, s\u2019ha valorat l\u2019<\/span><b>AGO<\/b><span style=\"font-weight: 300;\"> tot establint aspectes a millorar, novetats a incorporar i punts forts que cal continuar mantenint. Les principals conclusions han estat que <\/span><b>cal anticipar m\u00e9s els debats<\/b><span style=\"font-weight: 300;\">, <\/span><b>fer la documentaci\u00f3 m\u00e9s accessible<\/b><span style=\"font-weight: 300;\"> i <\/span><b>detectar quins malestars o inquietuds <\/b><span style=\"font-weight: 300;\">tenen els esplais, per transformar-los en debats a les Reunions de Sector. A m\u00e9s, s\u2019ha fet <\/span><b>seguiment dels diferents sectors i comissions d\u2019Esplac<\/b><span style=\"font-weight: 300;\">, posant en com\u00fa estrat\u00e8gies que han estat \u00fatils i eficaces per potenciar alguns aspectes dels diferents espais de treball.<\/span><\/p>\n<p><span style=\"font-weight: 300;\">Diumenge al mat\u00ed, s\u2019ha fet una <\/span><b>formaci\u00f3 sobre l\u2019<span style=\"color: #f69d0b;\"><a style=\"color: #f69d0b;\" href=\"https:\/\/www.esplac.cat\/que-oferim\/\">Atenci\u00f3 Personalitzada<\/a><\/span><\/b><span style=\"font-weight: 300;\"> per enfortir el coneixement dins el Gran Comit\u00e8 sobre <\/span><b>qu\u00e8 podem oferir als esplais<\/b><span style=\"font-weight: 300;\"> i com transmetre els diferents mecanismes i eines per <\/span><b>prevenir i revertir les problem\u00e0tiques amb qu\u00e8 es troben els esplais<\/b><span style=\"font-weight: 300;\">.<\/span><\/p>\n<p><span style=\"font-weight: 300;\">El cap de setmana s\u2019ha tancat amb un debat <\/span><b>sobre la intencionalitat de l\u2019educaci\u00f3<\/b><span style=\"font-weight: 300;\">, promogut per <\/span><span style=\"color: #f69d0b;\"><a style=\"color: #f69d0b;\" href=\"https:\/\/www.esplac.cat\/projectes\/incidencia-politica\/\"><b>Incid\u00e8ncia Pol\u00edtica<\/b><\/a><\/span><span style=\"font-weight: 300;\">. Del debat, s\u2019ha concl\u00f2s que <\/span><b>la intencionalitat de les educadores no ha de ser autorit\u00e0ria<\/b><span style=\"font-weight: 300;\">, alhora que s\u2019han analitzat les limitacions o la contradicci\u00f3 que no sigui directiva, ja que la tasca educativa compta <\/span><i><span style=\"font-weight: 300;\">per se<\/span><\/i><span style=\"font-weight: 300;\"> amb uns objectius pol\u00edtics concrets i, que, per tant, pret\u00e9n transformar.<\/span><\/p>\n<p><span style=\"font-weight: 300;\">Aquesta tancada ha perm\u00e8s <\/span><b>donar la benvinguda a les noves integrants<\/b><span style=\"font-weight: 300;\"> del Gran Comit\u00e8 i <\/span><b>enfortir les eines<\/b><span style=\"font-weight: 300;\"> com a dirigents per acompanyar als esplais, per participar en els espais associatius d\u2019Esplac i per r<\/span><b>efor\u00e7ar la din\u00e0mica de treball interna del Gran Comit\u00e8<\/b><span style=\"font-weight: 300;\">.<\/span><\/p>\n<p><b>Qui conforma el Gran Comit\u00e8?<\/b><\/p>\n<blockquote>\n<p><span style=\"font-weight: 300;\"><b>L\u2019Equip de Coordinaci\u00f3 (Equico)<\/b> s\u00f3n les persones volunt\u00e0ries que lideren l\u2019associaci\u00f3 i que s\u00f3n escollides a l\u2019Assemblea General Ordin\u00e0ria per un mandat de 2 anys.<\/span><\/p>\n<p><span style=\"font-weight: 300;\">Els <b>Equips Generals dels Sectors (EGS)<\/b> s\u00f3n les persones que coordinen l\u2019acci\u00f3 dels sectors geogr\u00e0fics amb unes funcions semblants a l\u2019Equip de Coordinaci\u00f3 per\u00f2 en l\u2019\u00e0mbit del Sector Geogr\u00e0fic.<\/span><\/p>\n<p><span style=\"font-weight: 300;\">Les <b>Representants de les Comissions (RdC)<\/b> s\u00f3n les persones que representen cada comissi\u00f3 i que aporten una visi\u00f3 especialitzada i transversal en les decisions que es prenen a l\u2019entitat.<\/span><\/p>\n<p><span style=\"font-weight: 300;\">La <b>Coordinaci\u00f3 T\u00e8cnica (CT)<\/b> s\u00f3n la representaci\u00f3 de les treballadores que realitzen la tasca quotidiana d\u2019Esplais Catalans.<\/span><\/p>\n<\/blockquote>\n<p><b>M\u00e9s informaci\u00f3 sobre el Gran Comit\u00e8 <span style=\"color: #f69d0b;\"><a style=\"color: #f69d0b;\" href=\"https:\/\/www.esplac.cat\/equips\/\">aqu\u00ed<\/a><\/span>.<\/b><\/p>\n<\/div><\/div><\/div><\/div><\/div>\n","protected":false},"excerpt":{"rendered":"","protected":false},"author":3,"featured_media":55184,"comment_status":"closed","ping_status":"closed","sticky":false,"template":"","format":"standard","meta":{"om_disable_all_campaigns":false,"_monsterinsights_skip_tracking":false,"_monsterinsights_sitenote_active":false,"_monsterinsights_sitenote_note":"","_monsterinsights_sitenote_category":0,"_uf_show_specific_survey":0,"_uf_disable_surveys":false,"footnotes":""},"categories":[1247,1],"tags":[],"class_list":["post-55182","post","type-post","status-publish","format-standard","has-post-thumbnail","hentry","category-gran-comite","category-sense-categoria"],"yoast_head":"<!-- This site is optimized with the Yoast SEO plugin v27.5 - https:\/\/yoast.com\/product\/yoast-seo-wordpress\/ -->\n<title>Dirigents d\u2019Esplais Catalans es reuneixen al primer Gran Comit\u00e8 del 2026 - Esplac<\/title>\n<meta name=\"description\" content=\"El Gran Comit\u00e8 s\u2019ha reunit aquest cap de setmana per organitzar-se, formar-se i fer seguiment i valoraci\u00f3 despr\u00e9s de l\u2019Assemblea General Ordin\u00e0ria.\" \/>\n<meta name=\"robots\" content=\"index, follow, max-snippet:-1, max-image-preview:large, max-video-preview:-1\" \/>\n<link rel=\"canonical\" href=\"https:\/\/www.esplac.cat\/dirigents-es-reuneixen-primer-gran-comite-2026\/\" \/>\n<meta property=\"og:locale\" content=\"en_US\" \/>\n<meta property=\"og:type\" content=\"article\" \/>\n<meta property=\"og:title\" content=\"Dirigents d\u2019Esplais Catalans es reuneixen al primer Gran Comit\u00e8 del 2026 - Esplac\" \/>\n<meta property=\"og:description\" content=\"El Gran Comit\u00e8 s\u2019ha reunit aquest cap de setmana per organitzar-se, formar-se i fer seguiment i valoraci\u00f3 despr\u00e9s de l\u2019Assemblea General Ordin\u00e0ria.\" \/>\n<meta property=\"og:url\" content=\"https:\/\/www.esplac.cat\/dirigents-es-reuneixen-primer-gran-comite-2026\/\" \/>\n<meta property=\"og:site_name\" content=\"Esplac\" \/>\n<meta property=\"article:published_time\" content=\"2026-01-28T11:49:47+00:00\" \/>\n<meta property=\"article:modified_time\" content=\"2026-01-28T11:55:23+00:00\" \/>\n<meta property=\"og:image\" content=\"https:\/\/www.esplac.cat\/wp-content\/uploads\/2026\/01\/Noti_tancadaGCgener2026.jpg\" \/>\n\t<meta property=\"og:image:width\" content=\"1697\" \/>\n\t<meta property=\"og:image:height\" content=\"700\" \/>\n\t<meta property=\"og:image:type\" content=\"image\/jpeg\" \/>\n<meta name=\"author\" content=\"Comunicaci\u00f3 Esplac\" \/>\n<meta name=\"twitter:card\" content=\"summary_large_image\" \/>\n<meta name=\"twitter:label1\" content=\"Written by\" \/>\n\t<meta name=\"twitter:data1\" content=\"Comunicaci\u00f3 Esplac\" \/>\n\t<meta name=\"twitter:label2\" content=\"Est. reading time\" \/>\n\t<meta name=\"twitter:data2\" content=\"3 minutes\" \/>\n<script type=\"application\/ld+json\" class=\"yoast-schema-graph\">{\"@context\":\"https:\\\/\\\/schema.org\",\"@graph\":[{\"@type\":\"Article\",\"@id\":\"https:\\\/\\\/www.esplac.cat\\\/dirigents-es-reuneixen-primer-gran-comite-2026\\\/#article\",\"isPartOf\":{\"@id\":\"https:\\\/\\\/www.esplac.cat\\\/dirigents-es-reuneixen-primer-gran-comite-2026\\\/\"},\"author\":{\"name\":\"Comunicaci\u00f3 Esplac\",\"@id\":\"https:\\\/\\\/www.esplac.cat\\\/#\\\/schema\\\/person\\\/908383cf240be18b68f8855d0583faca\"},\"headline\":\"Dirigents d\u2019Esplais Catalans es reuneixen al primer Gran Comit\u00e8 del 2026\",\"datePublished\":\"2026-01-28T11:49:47+00:00\",\"dateModified\":\"2026-01-28T11:55:23+00:00\",\"mainEntityOfPage\":{\"@id\":\"https:\\\/\\\/www.esplac.cat\\\/dirigents-es-reuneixen-primer-gran-comite-2026\\\/\"},\"wordCount\":1570,\"publisher\":{\"@id\":\"https:\\\/\\\/www.esplac.cat\\\/#organization\"},\"image\":{\"@id\":\"https:\\\/\\\/www.esplac.cat\\\/dirigents-es-reuneixen-primer-gran-comite-2026\\\/#primaryimage\"},\"thumbnailUrl\":\"https:\\\/\\\/www.esplac.cat\\\/wp-content\\\/uploads\\\/2026\\\/01\\\/Noti_tancadaGCgener2026.jpg\",\"articleSection\":[\"Gran Comit\u00e8\",\"Sense categoria\"],\"inLanguage\":\"en-US\"},{\"@type\":\"WebPage\",\"@id\":\"https:\\\/\\\/www.esplac.cat\\\/dirigents-es-reuneixen-primer-gran-comite-2026\\\/\",\"url\":\"https:\\\/\\\/www.esplac.cat\\\/dirigents-es-reuneixen-primer-gran-comite-2026\\\/\",\"name\":\"Dirigents d\u2019Esplais Catalans es reuneixen al primer Gran Comit\u00e8 del 2026 - Esplac\",\"isPartOf\":{\"@id\":\"https:\\\/\\\/www.esplac.cat\\\/#website\"},\"primaryImageOfPage\":{\"@id\":\"https:\\\/\\\/www.esplac.cat\\\/dirigents-es-reuneixen-primer-gran-comite-2026\\\/#primaryimage\"},\"image\":{\"@id\":\"https:\\\/\\\/www.esplac.cat\\\/dirigents-es-reuneixen-primer-gran-comite-2026\\\/#primaryimage\"},\"thumbnailUrl\":\"https:\\\/\\\/www.esplac.cat\\\/wp-content\\\/uploads\\\/2026\\\/01\\\/Noti_tancadaGCgener2026.jpg\",\"datePublished\":\"2026-01-28T11:49:47+00:00\",\"dateModified\":\"2026-01-28T11:55:23+00:00\",\"description\":\"El Gran Comit\u00e8 s\u2019ha reunit aquest cap de setmana per organitzar-se, formar-se i fer seguiment i valoraci\u00f3 despr\u00e9s de l\u2019Assemblea General Ordin\u00e0ria.\",\"breadcrumb\":{\"@id\":\"https:\\\/\\\/www.esplac.cat\\\/dirigents-es-reuneixen-primer-gran-comite-2026\\\/#breadcrumb\"},\"inLanguage\":\"en-US\",\"potentialAction\":[{\"@type\":\"ReadAction\",\"target\":[\"https:\\\/\\\/www.esplac.cat\\\/dirigents-es-reuneixen-primer-gran-comite-2026\\\/\"]}]},{\"@type\":\"ImageObject\",\"inLanguage\":\"en-US\",\"@id\":\"https:\\\/\\\/www.esplac.cat\\\/dirigents-es-reuneixen-primer-gran-comite-2026\\\/#primaryimage\",\"url\":\"https:\\\/\\\/www.esplac.cat\\\/wp-content\\\/uploads\\\/2026\\\/01\\\/Noti_tancadaGCgener2026.jpg\",\"contentUrl\":\"https:\\\/\\\/www.esplac.cat\\\/wp-content\\\/uploads\\\/2026\\\/01\\\/Noti_tancadaGCgener2026.jpg\",\"width\":1697,\"height\":700},{\"@type\":\"BreadcrumbList\",\"@id\":\"https:\\\/\\\/www.esplac.cat\\\/dirigents-es-reuneixen-primer-gran-comite-2026\\\/#breadcrumb\",\"itemListElement\":[{\"@type\":\"ListItem\",\"position\":1,\"name\":\"Inici\",\"item\":\"https:\\\/\\\/www.esplac.cat\\\/en\\\/\"},{\"@type\":\"ListItem\",\"position\":2,\"name\":\"Dirigents d\u2019Esplais Catalans es reuneixen al primer Gran Comit\u00e8 del 2026\"}]},{\"@type\":\"WebSite\",\"@id\":\"https:\\\/\\\/www.esplac.cat\\\/#website\",\"url\":\"https:\\\/\\\/www.esplac.cat\\\/\",\"name\":\"Esplac\",\"description\":\"Esplais Catalans\",\"publisher\":{\"@id\":\"https:\\\/\\\/www.esplac.cat\\\/#organization\"},\"potentialAction\":[{\"@type\":\"SearchAction\",\"target\":{\"@type\":\"EntryPoint\",\"urlTemplate\":\"https:\\\/\\\/www.esplac.cat\\\/?s={search_term_string}\"},\"query-input\":{\"@type\":\"PropertyValueSpecification\",\"valueRequired\":true,\"valueName\":\"search_term_string\"}}],\"inLanguage\":\"en-US\"},{\"@type\":\"Organization\",\"@id\":\"https:\\\/\\\/www.esplac.cat\\\/#organization\",\"name\":\"Esplac\",\"url\":\"https:\\\/\\\/www.esplac.cat\\\/\",\"logo\":{\"@type\":\"ImageObject\",\"inLanguage\":\"en-US\",\"@id\":\"https:\\\/\\\/www.esplac.cat\\\/#\\\/schema\\\/logo\\\/image\\\/\",\"url\":\"https:\\\/\\\/www.esplac.cat\\\/wp-content\\\/uploads\\\/2019\\\/08\\\/logox2.png\",\"contentUrl\":\"https:\\\/\\\/www.esplac.cat\\\/wp-content\\\/uploads\\\/2019\\\/08\\\/logox2.png\",\"width\":600,\"height\":295,\"caption\":\"Esplac\"},\"image\":{\"@id\":\"https:\\\/\\\/www.esplac.cat\\\/#\\\/schema\\\/logo\\\/image\\\/\"}},{\"@type\":\"Person\",\"@id\":\"https:\\\/\\\/www.esplac.cat\\\/#\\\/schema\\\/person\\\/908383cf240be18b68f8855d0583faca\",\"name\":\"Comunicaci\u00f3 Esplac\",\"image\":{\"@type\":\"ImageObject\",\"inLanguage\":\"en-US\",\"@id\":\"https:\\\/\\\/secure.gravatar.com\\\/avatar\\\/7a4cf8feb412a76ea4a740ca02d95b06b2907b5a6c648c2dd0a1082a093c3141?s=96&d=mm&r=g\",\"url\":\"https:\\\/\\\/secure.gravatar.com\\\/avatar\\\/7a4cf8feb412a76ea4a740ca02d95b06b2907b5a6c648c2dd0a1082a093c3141?s=96&d=mm&r=g\",\"contentUrl\":\"https:\\\/\\\/secure.gravatar.com\\\/avatar\\\/7a4cf8feb412a76ea4a740ca02d95b06b2907b5a6c648c2dd0a1082a093c3141?s=96&d=mm&r=g\",\"caption\":\"Comunicaci\u00f3 Esplac\"}}]}<\/script>\n<!-- \/ Yoast SEO plugin. -->","yoast_head_json":{"title":"Dirigents d\u2019Esplais Catalans es reuneixen al primer Gran Comit\u00e8 del 2026 - Esplac","description":"El Gran Comit\u00e8 s\u2019ha reunit aquest cap de setmana per organitzar-se, formar-se i fer seguiment i valoraci\u00f3 despr\u00e9s de l\u2019Assemblea General Ordin\u00e0ria.","robots":{"index":"index","follow":"follow","max-snippet":"max-snippet:-1","max-image-preview":"max-image-preview:large","max-video-preview":"max-video-preview:-1"},"canonical":"https:\/\/www.esplac.cat\/dirigents-es-reuneixen-primer-gran-comite-2026\/","og_locale":"en_US","og_type":"article","og_title":"Dirigents d\u2019Esplais Catalans es reuneixen al primer Gran Comit\u00e8 del 2026 - Esplac","og_description":"El Gran Comit\u00e8 s\u2019ha reunit aquest cap de setmana per organitzar-se, formar-se i fer seguiment i valoraci\u00f3 despr\u00e9s de l\u2019Assemblea General Ordin\u00e0ria.","og_url":"https:\/\/www.esplac.cat\/dirigents-es-reuneixen-primer-gran-comite-2026\/","og_site_name":"Esplac","article_published_time":"2026-01-28T11:49:47+00:00","article_modified_time":"2026-01-28T11:55:23+00:00","og_image":[{"width":1697,"height":700,"url":"https:\/\/www.esplac.cat\/wp-content\/uploads\/2026\/01\/Noti_tancadaGCgener2026.jpg","type":"image\/jpeg"}],"author":"Comunicaci\u00f3 Esplac","twitter_card":"summary_large_image","twitter_misc":{"Written by":"Comunicaci\u00f3 Esplac","Est. reading time":"3 minutes"},"schema":{"@context":"https:\/\/schema.org","@graph":[{"@type":"Article","@id":"https:\/\/www.esplac.cat\/dirigents-es-reuneixen-primer-gran-comite-2026\/#article","isPartOf":{"@id":"https:\/\/www.esplac.cat\/dirigents-es-reuneixen-primer-gran-comite-2026\/"},"author":{"name":"Comunicaci\u00f3 Esplac","@id":"https:\/\/www.esplac.cat\/#\/schema\/person\/908383cf240be18b68f8855d0583faca"},"headline":"Dirigents d\u2019Esplais Catalans es reuneixen al primer Gran Comit\u00e8 del 2026","datePublished":"2026-01-28T11:49:47+00:00","dateModified":"2026-01-28T11:55:23+00:00","mainEntityOfPage":{"@id":"https:\/\/www.esplac.cat\/dirigents-es-reuneixen-primer-gran-comite-2026\/"},"wordCount":1570,"publisher":{"@id":"https:\/\/www.esplac.cat\/#organization"},"image":{"@id":"https:\/\/www.esplac.cat\/dirigents-es-reuneixen-primer-gran-comite-2026\/#primaryimage"},"thumbnailUrl":"https:\/\/www.esplac.cat\/wp-content\/uploads\/2026\/01\/Noti_tancadaGCgener2026.jpg","articleSection":["Gran Comit\u00e8","Sense categoria"],"inLanguage":"en-US"},{"@type":"WebPage","@id":"https:\/\/www.esplac.cat\/dirigents-es-reuneixen-primer-gran-comite-2026\/","url":"https:\/\/www.esplac.cat\/dirigents-es-reuneixen-primer-gran-comite-2026\/","name":"Dirigents d\u2019Esplais Catalans es reuneixen al primer Gran Comit\u00e8 del 2026 - Esplac","isPartOf":{"@id":"https:\/\/www.esplac.cat\/#website"},"primaryImageOfPage":{"@id":"https:\/\/www.esplac.cat\/dirigents-es-reuneixen-primer-gran-comite-2026\/#primaryimage"},"image":{"@id":"https:\/\/www.esplac.cat\/dirigents-es-reuneixen-primer-gran-comite-2026\/#primaryimage"},"thumbnailUrl":"https:\/\/www.esplac.cat\/wp-content\/uploads\/2026\/01\/Noti_tancadaGCgener2026.jpg","datePublished":"2026-01-28T11:49:47+00:00","dateModified":"2026-01-28T11:55:23+00:00","description":"El Gran Comit\u00e8 s\u2019ha reunit aquest cap de setmana per organitzar-se, formar-se i fer seguiment i valoraci\u00f3 despr\u00e9s de l\u2019Assemblea General Ordin\u00e0ria.","breadcrumb":{"@id":"https:\/\/www.esplac.cat\/dirigents-es-reuneixen-primer-gran-comite-2026\/#breadcrumb"},"inLanguage":"en-US","potentialAction":[{"@type":"ReadAction","target":["https:\/\/www.esplac.cat\/dirigents-es-reuneixen-primer-gran-comite-2026\/"]}]},{"@type":"ImageObject","inLanguage":"en-US","@id":"https:\/\/www.esplac.cat\/dirigents-es-reuneixen-primer-gran-comite-2026\/#primaryimage","url":"https:\/\/www.esplac.cat\/wp-content\/uploads\/2026\/01\/Noti_tancadaGCgener2026.jpg","contentUrl":"https:\/\/www.esplac.cat\/wp-content\/uploads\/2026\/01\/Noti_tancadaGCgener2026.jpg","width":1697,"height":700},{"@type":"BreadcrumbList","@id":"https:\/\/www.esplac.cat\/dirigents-es-reuneixen-primer-gran-comite-2026\/#breadcrumb","itemListElement":[{"@type":"ListItem","position":1,"name":"Inici","item":"https:\/\/www.esplac.cat\/en\/"},{"@type":"ListItem","position":2,"name":"Dirigents d\u2019Esplais Catalans es reuneixen al primer Gran Comit\u00e8 del 2026"}]},{"@type":"WebSite","@id":"https:\/\/www.esplac.cat\/#website","url":"https:\/\/www.esplac.cat\/","name":"Esplac","description":"Esplais Catalans","publisher":{"@id":"https:\/\/www.esplac.cat\/#organization"},"potentialAction":[{"@type":"SearchAction","target":{"@type":"EntryPoint","urlTemplate":"https:\/\/www.esplac.cat\/?s={search_term_string}"},"query-input":{"@type":"PropertyValueSpecification","valueRequired":true,"valueName":"search_term_string"}}],"inLanguage":"en-US"},{"@type":"Organization","@id":"https:\/\/www.esplac.cat\/#organization","name":"Esplac","url":"https:\/\/www.esplac.cat\/","logo":{"@type":"ImageObject","inLanguage":"en-US","@id":"https:\/\/www.esplac.cat\/#\/schema\/logo\/image\/","url":"https:\/\/www.esplac.cat\/wp-content\/uploads\/2019\/08\/logox2.png","contentUrl":"https:\/\/www.esplac.cat\/wp-content\/uploads\/2019\/08\/logox2.png","width":600,"height":295,"caption":"Esplac"},"image":{"@id":"https:\/\/www.esplac.cat\/#\/schema\/logo\/image\/"}},{"@type":"Person","@id":"https:\/\/www.esplac.cat\/#\/schema\/person\/908383cf240be18b68f8855d0583faca","name":"Comunicaci\u00f3 Esplac","image":{"@type":"ImageObject","inLanguage":"en-US","@id":"https:\/\/secure.gravatar.com\/avatar\/7a4cf8feb412a76ea4a740ca02d95b06b2907b5a6c648c2dd0a1082a093c3141?s=96&d=mm&r=g","url":"https:\/\/secure.gravatar.com\/avatar\/7a4cf8feb412a76ea4a740ca02d95b06b2907b5a6c648c2dd0a1082a093c3141?s=96&d=mm&r=g","contentUrl":"https:\/\/secure.gravatar.com\/avatar\/7a4cf8feb412a76ea4a740ca02d95b06b2907b5a6c648c2dd0a1082a093c3141?s=96&d=mm&r=g","caption":"Comunicaci\u00f3 Esplac"}}]}},"_links":{"self":[{"href":"https:\/\/www.esplac.cat\/en\/wp-json\/wp\/v2\/posts\/55182","targetHints":{"allow":["GET"]}}],"collection":[{"href":"https:\/\/www.esplac.cat\/en\/wp-json\/wp\/v2\/posts"}],"about":[{"href":"https:\/\/www.esplac.cat\/en\/wp-json\/wp\/v2\/types\/post"}],"author":[{"embeddable":true,"href":"https:\/\/www.esplac.cat\/en\/wp-json\/wp\/v2\/users\/3"}],"replies":[{"embeddable":true,"href":"https:\/\/www.esplac.cat\/en\/wp-json\/wp\/v2\/comments?post=55182"}],"version-history":[{"count":4,"href":"https:\/\/www.esplac.cat\/en\/wp-json\/wp\/v2\/posts\/55182\/revisions"}],"predecessor-version":[{"id":55188,"href":"https:\/\/www.esplac.cat\/en\/wp-json\/wp\/v2\/posts\/55182\/revisions\/55188"}],"wp:featuredmedia":[{"embeddable":true,"href":"https:\/\/www.esplac.cat\/en\/wp-json\/wp\/v2\/media\/55184"}],"wp:attachment":[{"href":"https:\/\/www.esplac.cat\/en\/wp-json\/wp\/v2\/media?parent=55182"}],"wp:term":[{"taxonomy":"category","embeddable":true,"href":"https:\/\/www.esplac.cat\/en\/wp-json\/wp\/v2\/categories?post=55182"},{"taxonomy":"post_tag","embeddable":true,"href":"https:\/\/www.esplac.cat\/en\/wp-json\/wp\/v2\/tags?post=55182"}],"curies":[{"name":"wp","href":"https:\/\/api.w.org\/{rel}","templated":true}]}}