{"id":15456,"date":"2018-01-22T11:18:59","date_gmt":"2018-01-22T11:18:59","guid":{"rendered":"http:\/\/www.esplac.cat\/?p=15456"},"modified":"2018-01-22T11:18:59","modified_gmt":"2018-01-22T11:18:59","slug":"volem-sortir-a-la-tele-taula-rodona-som-esplai","status":"publish","type":"post","link":"https:\/\/www.esplac.cat\/es\/volem-sortir-a-la-tele-taula-rodona-som-esplai\/","title":{"rendered":"Recuperem la taula rodona \u201cVolem sortir a la tele (?)\u201d"},"content":{"rendered":"<h4>Des de Som Esplai convoquem de nou l&#8217;espai de debat que no vam poder celebrar a l&#8217;octubre per coincid\u00e8ncia amb actes reivindicatius per la situaci\u00f3 pol\u00edtica a Catalunya<\/h4>\n<p style=\"text-align: justify;\">El\u00a0Grup de Treball del\u00a0<a href=\"http:\/\/www.somesplai.cat\/\">Som Esplai<\/a>, la revista digital d\u2019Esplais Catalans, recupera per al <strong>divendres 2 de febrer<\/strong> de 2018 la taula rodona \u201cVolem sortir a la tele (?)\u201d que estava prevista per al divendres 27 d&#8217;octubre de 2017. La coincid\u00e8ncia de\u00a0l&#8217;activitat\u00a0amb\u00a0 diversos actes reivindicatius per la situaci\u00f3 pol\u00edtica que vivia Catalunya va fer que la suspengu\u00e9ssim temporalment. Per\u00f2 ara recobrem la\u00a0debat amb m\u00e9s for\u00e7a que mai per reflexionar sobre el vincle entre l&#8217;educaci\u00f3 i la comunicaci\u00f3.<\/p>\n<p style=\"text-align: justify;\">Com \u00e9s que els esplais apareixem m\u00e9s en l\u2019escena medi\u00e0tica per accidents o coses negatives que no pas per la tasca educativa que fem di\u00e0riament? Interessa a la gent de fora de l\u2019\u00e0mbit la nostra actuaci\u00f3 amb infants i joves? Ens hem de proposar arribar a m\u00e9s p\u00fablic? I en cas que s\u00ed, com ho hem de fer?<\/p>\n<p style=\"text-align: justify;\">S\u00f3n preguntes que sovint ens plantegem i que intentarem respondre juntament amb <strong>tres ponents de luxe<\/strong>, de disciplines diferents dins l\u2019\u00e0mbit de la comunicaci\u00f3:<\/p>\n<ul>\n<li style=\"text-align: justify;\"><strong>Joan Turu<\/strong>, il\u00b7lustrador i comunicador gr\u00e0fic (<a href=\"https:\/\/twitter.com\/joan_turu\">@joan_turu<\/a> a Twitter).<\/li>\n<li style=\"text-align: justify;\"><strong>Mariona Zamora<\/strong>, antrop\u00f2loga i comunicadora a Ulleres per Esquerrans (<a href=\"https:\/\/www.facebook.com\/ulleresperesquerrans\/\">@ulleresperesquerrans<\/a> a Facebook)<\/li>\n<li style=\"text-align: justify;\"><b>V\u00edctor Saura<\/b>, director d&#8217;<em>El Diari de l\u2019Educaci\u00f3<\/em> (<a href=\"https:\/\/twitter.com\/vsaura?lang=ca\" target=\"_blank\" rel=\"noopener noreferrer\">@vsaura<\/a>\u00a0a Twitter).<\/li>\n<\/ul>\n<p style=\"text-align: justify;\">Aix\u00ed, l\u2019acte se celebrar\u00e0 a la <a href=\"https:\/\/www.google.es\/maps\/place\/La+Lleialtat+Santsenca\/@41.3729746,2.1344388,17z\/data=!3m1!4b1!4m5!3m4!1s0x12a498851477e9bd:0x223f4aa26a87e0c7!8m2!3d41.3729746!4d2.1366275\" target=\"_blank\" rel=\"noopener noreferrer\">Lleialtat Santsenca<\/a> de Barcelona el divendres 2 de febrer a les 19 h. Per confirmar assist\u00e8ncia, cal que envieu un missatge electr\u00f2nic a <strong>comunicacio@esplac.cat<\/strong>. A m\u00e9s a m\u00e9s, tamb\u00e9 us podeu apuntar a l&#8217;<a href=\"https:\/\/www.facebook.com\/events\/1681717775183282\/\" target=\"_blank\" rel=\"noopener noreferrer\">esdeveniment<\/a> que hem creat al Facebook, per anar entrant en mat\u00e8ria i assabentar-vos de totes les novetats sobre l\u2019acte.<\/p>\n<p>Gr\u00e0cies a tots i totes. Us esperem veure divendres vinent per reflexionar sobre educaci\u00f3 i comunicaci\u00f3!<\/p>\n<p><a href=\"http:\/\/esplac.cat\/wp-content\/uploads\/2018\/01\/cartell_2febrer.jpg\"><img decoding=\"async\" class=\"wp-image-17236 aligncenter\" src=\"http:\/\/esplac.cat\/wp-content\/uploads\/2018\/01\/cartell_2febrer-212x300.jpg\" alt=\"\" width=\"572\" height=\"809\" srcset=\"https:\/\/www.esplac.cat\/wp-content\/uploads\/2018\/01\/cartell_2febrer-200x283.jpg 200w, https:\/\/www.esplac.cat\/wp-content\/uploads\/2018\/01\/cartell_2febrer-212x300.jpg 212w, https:\/\/www.esplac.cat\/wp-content\/uploads\/2018\/01\/cartell_2febrer-400x566.jpg 400w, https:\/\/www.esplac.cat\/wp-content\/uploads\/2018\/01\/cartell_2febrer.jpg 595w\" sizes=\"(max-width: 572px) 100vw, 572px\" \/><\/a>    \t<\/p>\n","protected":false},"excerpt":{"rendered":"<p>Des de Som Esplai convoquem de nou l&#8217;espai de debat [&hellip;]<\/p>\n","protected":false},"author":3,"featured_media":17196,"comment_status":"closed","ping_status":"closed","sticky":false,"template":"","format":"standard","meta":{"om_disable_all_campaigns":false,"_monsterinsights_skip_tracking":false,"_monsterinsights_sitenote_active":false,"_monsterinsights_sitenote_note":"","_monsterinsights_sitenote_category":0,"_uf_show_specific_survey":0,"_uf_disable_surveys":false,"footnotes":""},"categories":[1126,1],"tags":[602],"class_list":["post-15456","post","type-post","status-publish","format-standard","has-post-thumbnail","hentry","category-lapiqueta","category-sense-categoria","tag-som-esplai"],"yoast_head":"<!-- This site is optimized with the Yoast SEO plugin v27.5 - https:\/\/yoast.com\/product\/yoast-seo-wordpress\/ -->\n<title>Recuperem la taula rodona \u201cVolem sortir a la tele (?)\u201d - Esplac<\/title>\n<meta name=\"robots\" content=\"index, follow, max-snippet:-1, max-image-preview:large, max-video-preview:-1\" \/>\n<link rel=\"canonical\" href=\"https:\/\/www.esplac.cat\/volem-sortir-a-la-tele-taula-rodona-som-esplai\/\" \/>\n<meta property=\"og:locale\" content=\"es_ES\" \/>\n<meta property=\"og:type\" content=\"article\" \/>\n<meta property=\"og:title\" content=\"Recuperem la taula rodona \u201cVolem sortir a la tele (?)\u201d - Esplac\" \/>\n<meta property=\"og:description\" content=\"Des de Som Esplai convoquem de nou l&#8217;espai de debat [&hellip;]\" \/>\n<meta property=\"og:url\" content=\"https:\/\/www.esplac.cat\/volem-sortir-a-la-tele-taula-rodona-som-esplai\/\" \/>\n<meta property=\"og:site_name\" content=\"Esplac\" \/>\n<meta property=\"article:published_time\" content=\"2018-01-22T11:18:59+00:00\" \/>\n<meta property=\"og:image\" content=\"https:\/\/www.esplac.cat\/wp-content\/uploads\/2018\/01\/somesplaiface.jpg\" \/>\n\t<meta property=\"og:image:width\" content=\"847\" \/>\n\t<meta property=\"og:image:height\" content=\"350\" \/>\n\t<meta property=\"og:image:type\" content=\"image\/jpeg\" \/>\n<meta name=\"author\" content=\"Comunicaci\u00f3 Esplac\" \/>\n<meta name=\"twitter:card\" content=\"summary_large_image\" \/>\n<meta name=\"twitter:label1\" content=\"Escrito por\" \/>\n\t<meta name=\"twitter:data1\" content=\"Comunicaci\u00f3 Esplac\" \/>\n\t<meta name=\"twitter:label2\" content=\"Tiempo de lectura\" \/>\n\t<meta name=\"twitter:data2\" content=\"2 minutos\" \/>\n<script type=\"application\/ld+json\" class=\"yoast-schema-graph\">{\"@context\":\"https:\\\/\\\/schema.org\",\"@graph\":[{\"@type\":\"Article\",\"@id\":\"https:\\\/\\\/www.esplac.cat\\\/volem-sortir-a-la-tele-taula-rodona-som-esplai\\\/#article\",\"isPartOf\":{\"@id\":\"https:\\\/\\\/www.esplac.cat\\\/volem-sortir-a-la-tele-taula-rodona-som-esplai\\\/\"},\"author\":{\"name\":\"Comunicaci\u00f3 Esplac\",\"@id\":\"https:\\\/\\\/www.esplac.cat\\\/#\\\/schema\\\/person\\\/908383cf240be18b68f8855d0583faca\"},\"headline\":\"Recuperem la taula rodona \u201cVolem sortir a la tele (?)\u201d\",\"datePublished\":\"2018-01-22T11:18:59+00:00\",\"mainEntityOfPage\":{\"@id\":\"https:\\\/\\\/www.esplac.cat\\\/volem-sortir-a-la-tele-taula-rodona-som-esplai\\\/\"},\"wordCount\":338,\"publisher\":{\"@id\":\"https:\\\/\\\/www.esplac.cat\\\/#organization\"},\"image\":{\"@id\":\"https:\\\/\\\/www.esplac.cat\\\/volem-sortir-a-la-tele-taula-rodona-som-esplai\\\/#primaryimage\"},\"thumbnailUrl\":\"https:\\\/\\\/www.esplac.cat\\\/wp-content\\\/uploads\\\/2018\\\/01\\\/somesplaiface.jpg\",\"keywords\":[\"som esplai\"],\"articleSection\":[\"La Piqueta\",\"Sense categoria\"],\"inLanguage\":\"es\"},{\"@type\":\"WebPage\",\"@id\":\"https:\\\/\\\/www.esplac.cat\\\/volem-sortir-a-la-tele-taula-rodona-som-esplai\\\/\",\"url\":\"https:\\\/\\\/www.esplac.cat\\\/volem-sortir-a-la-tele-taula-rodona-som-esplai\\\/\",\"name\":\"Recuperem la taula rodona \u201cVolem sortir a la tele (?)\u201d - Esplac\",\"isPartOf\":{\"@id\":\"https:\\\/\\\/www.esplac.cat\\\/#website\"},\"primaryImageOfPage\":{\"@id\":\"https:\\\/\\\/www.esplac.cat\\\/volem-sortir-a-la-tele-taula-rodona-som-esplai\\\/#primaryimage\"},\"image\":{\"@id\":\"https:\\\/\\\/www.esplac.cat\\\/volem-sortir-a-la-tele-taula-rodona-som-esplai\\\/#primaryimage\"},\"thumbnailUrl\":\"https:\\\/\\\/www.esplac.cat\\\/wp-content\\\/uploads\\\/2018\\\/01\\\/somesplaiface.jpg\",\"datePublished\":\"2018-01-22T11:18:59+00:00\",\"breadcrumb\":{\"@id\":\"https:\\\/\\\/www.esplac.cat\\\/volem-sortir-a-la-tele-taula-rodona-som-esplai\\\/#breadcrumb\"},\"inLanguage\":\"es\",\"potentialAction\":[{\"@type\":\"ReadAction\",\"target\":[\"https:\\\/\\\/www.esplac.cat\\\/volem-sortir-a-la-tele-taula-rodona-som-esplai\\\/\"]}]},{\"@type\":\"ImageObject\",\"inLanguage\":\"es\",\"@id\":\"https:\\\/\\\/www.esplac.cat\\\/volem-sortir-a-la-tele-taula-rodona-som-esplai\\\/#primaryimage\",\"url\":\"https:\\\/\\\/www.esplac.cat\\\/wp-content\\\/uploads\\\/2018\\\/01\\\/somesplaiface.jpg\",\"contentUrl\":\"https:\\\/\\\/www.esplac.cat\\\/wp-content\\\/uploads\\\/2018\\\/01\\\/somesplaiface.jpg\",\"width\":847,\"height\":350},{\"@type\":\"BreadcrumbList\",\"@id\":\"https:\\\/\\\/www.esplac.cat\\\/volem-sortir-a-la-tele-taula-rodona-som-esplai\\\/#breadcrumb\",\"itemListElement\":[{\"@type\":\"ListItem\",\"position\":1,\"name\":\"Inici\",\"item\":\"https:\\\/\\\/www.esplac.cat\\\/es\\\/\"},{\"@type\":\"ListItem\",\"position\":2,\"name\":\"Recuperem la taula rodona \u201cVolem sortir a la tele (?)\u201d\"}]},{\"@type\":\"WebSite\",\"@id\":\"https:\\\/\\\/www.esplac.cat\\\/#website\",\"url\":\"https:\\\/\\\/www.esplac.cat\\\/\",\"name\":\"Esplac\",\"description\":\"Esplais Catalans\",\"publisher\":{\"@id\":\"https:\\\/\\\/www.esplac.cat\\\/#organization\"},\"potentialAction\":[{\"@type\":\"SearchAction\",\"target\":{\"@type\":\"EntryPoint\",\"urlTemplate\":\"https:\\\/\\\/www.esplac.cat\\\/?s={search_term_string}\"},\"query-input\":{\"@type\":\"PropertyValueSpecification\",\"valueRequired\":true,\"valueName\":\"search_term_string\"}}],\"inLanguage\":\"es\"},{\"@type\":\"Organization\",\"@id\":\"https:\\\/\\\/www.esplac.cat\\\/#organization\",\"name\":\"Esplac\",\"url\":\"https:\\\/\\\/www.esplac.cat\\\/\",\"logo\":{\"@type\":\"ImageObject\",\"inLanguage\":\"es\",\"@id\":\"https:\\\/\\\/www.esplac.cat\\\/#\\\/schema\\\/logo\\\/image\\\/\",\"url\":\"https:\\\/\\\/www.esplac.cat\\\/wp-content\\\/uploads\\\/2019\\\/08\\\/logox2.png\",\"contentUrl\":\"https:\\\/\\\/www.esplac.cat\\\/wp-content\\\/uploads\\\/2019\\\/08\\\/logox2.png\",\"width\":600,\"height\":295,\"caption\":\"Esplac\"},\"image\":{\"@id\":\"https:\\\/\\\/www.esplac.cat\\\/#\\\/schema\\\/logo\\\/image\\\/\"}},{\"@type\":\"Person\",\"@id\":\"https:\\\/\\\/www.esplac.cat\\\/#\\\/schema\\\/person\\\/908383cf240be18b68f8855d0583faca\",\"name\":\"Comunicaci\u00f3 Esplac\",\"image\":{\"@type\":\"ImageObject\",\"inLanguage\":\"es\",\"@id\":\"https:\\\/\\\/secure.gravatar.com\\\/avatar\\\/7a4cf8feb412a76ea4a740ca02d95b06b2907b5a6c648c2dd0a1082a093c3141?s=96&d=mm&r=g\",\"url\":\"https:\\\/\\\/secure.gravatar.com\\\/avatar\\\/7a4cf8feb412a76ea4a740ca02d95b06b2907b5a6c648c2dd0a1082a093c3141?s=96&d=mm&r=g\",\"contentUrl\":\"https:\\\/\\\/secure.gravatar.com\\\/avatar\\\/7a4cf8feb412a76ea4a740ca02d95b06b2907b5a6c648c2dd0a1082a093c3141?s=96&d=mm&r=g\",\"caption\":\"Comunicaci\u00f3 Esplac\"}}]}<\/script>\n<!-- \/ Yoast SEO plugin. -->","yoast_head_json":{"title":"Recuperem la taula rodona \u201cVolem sortir a la tele (?)\u201d - Esplac","robots":{"index":"index","follow":"follow","max-snippet":"max-snippet:-1","max-image-preview":"max-image-preview:large","max-video-preview":"max-video-preview:-1"},"canonical":"https:\/\/www.esplac.cat\/volem-sortir-a-la-tele-taula-rodona-som-esplai\/","og_locale":"es_ES","og_type":"article","og_title":"Recuperem la taula rodona \u201cVolem sortir a la tele (?)\u201d - Esplac","og_description":"Des de Som Esplai convoquem de nou l&#8217;espai de debat [&hellip;]","og_url":"https:\/\/www.esplac.cat\/volem-sortir-a-la-tele-taula-rodona-som-esplai\/","og_site_name":"Esplac","article_published_time":"2018-01-22T11:18:59+00:00","og_image":[{"width":847,"height":350,"url":"https:\/\/www.esplac.cat\/wp-content\/uploads\/2018\/01\/somesplaiface.jpg","type":"image\/jpeg"}],"author":"Comunicaci\u00f3 Esplac","twitter_card":"summary_large_image","twitter_misc":{"Escrito por":"Comunicaci\u00f3 Esplac","Tiempo de lectura":"2 minutos"},"schema":{"@context":"https:\/\/schema.org","@graph":[{"@type":"Article","@id":"https:\/\/www.esplac.cat\/volem-sortir-a-la-tele-taula-rodona-som-esplai\/#article","isPartOf":{"@id":"https:\/\/www.esplac.cat\/volem-sortir-a-la-tele-taula-rodona-som-esplai\/"},"author":{"name":"Comunicaci\u00f3 Esplac","@id":"https:\/\/www.esplac.cat\/#\/schema\/person\/908383cf240be18b68f8855d0583faca"},"headline":"Recuperem la taula rodona \u201cVolem sortir a la tele (?)\u201d","datePublished":"2018-01-22T11:18:59+00:00","mainEntityOfPage":{"@id":"https:\/\/www.esplac.cat\/volem-sortir-a-la-tele-taula-rodona-som-esplai\/"},"wordCount":338,"publisher":{"@id":"https:\/\/www.esplac.cat\/#organization"},"image":{"@id":"https:\/\/www.esplac.cat\/volem-sortir-a-la-tele-taula-rodona-som-esplai\/#primaryimage"},"thumbnailUrl":"https:\/\/www.esplac.cat\/wp-content\/uploads\/2018\/01\/somesplaiface.jpg","keywords":["som esplai"],"articleSection":["La Piqueta","Sense categoria"],"inLanguage":"es"},{"@type":"WebPage","@id":"https:\/\/www.esplac.cat\/volem-sortir-a-la-tele-taula-rodona-som-esplai\/","url":"https:\/\/www.esplac.cat\/volem-sortir-a-la-tele-taula-rodona-som-esplai\/","name":"Recuperem la taula rodona \u201cVolem sortir a la tele (?)\u201d - Esplac","isPartOf":{"@id":"https:\/\/www.esplac.cat\/#website"},"primaryImageOfPage":{"@id":"https:\/\/www.esplac.cat\/volem-sortir-a-la-tele-taula-rodona-som-esplai\/#primaryimage"},"image":{"@id":"https:\/\/www.esplac.cat\/volem-sortir-a-la-tele-taula-rodona-som-esplai\/#primaryimage"},"thumbnailUrl":"https:\/\/www.esplac.cat\/wp-content\/uploads\/2018\/01\/somesplaiface.jpg","datePublished":"2018-01-22T11:18:59+00:00","breadcrumb":{"@id":"https:\/\/www.esplac.cat\/volem-sortir-a-la-tele-taula-rodona-som-esplai\/#breadcrumb"},"inLanguage":"es","potentialAction":[{"@type":"ReadAction","target":["https:\/\/www.esplac.cat\/volem-sortir-a-la-tele-taula-rodona-som-esplai\/"]}]},{"@type":"ImageObject","inLanguage":"es","@id":"https:\/\/www.esplac.cat\/volem-sortir-a-la-tele-taula-rodona-som-esplai\/#primaryimage","url":"https:\/\/www.esplac.cat\/wp-content\/uploads\/2018\/01\/somesplaiface.jpg","contentUrl":"https:\/\/www.esplac.cat\/wp-content\/uploads\/2018\/01\/somesplaiface.jpg","width":847,"height":350},{"@type":"BreadcrumbList","@id":"https:\/\/www.esplac.cat\/volem-sortir-a-la-tele-taula-rodona-som-esplai\/#breadcrumb","itemListElement":[{"@type":"ListItem","position":1,"name":"Inici","item":"https:\/\/www.esplac.cat\/es\/"},{"@type":"ListItem","position":2,"name":"Recuperem la taula rodona \u201cVolem sortir a la tele (?)\u201d"}]},{"@type":"WebSite","@id":"https:\/\/www.esplac.cat\/#website","url":"https:\/\/www.esplac.cat\/","name":"Esplac","description":"Esplais Catalans","publisher":{"@id":"https:\/\/www.esplac.cat\/#organization"},"potentialAction":[{"@type":"SearchAction","target":{"@type":"EntryPoint","urlTemplate":"https:\/\/www.esplac.cat\/?s={search_term_string}"},"query-input":{"@type":"PropertyValueSpecification","valueRequired":true,"valueName":"search_term_string"}}],"inLanguage":"es"},{"@type":"Organization","@id":"https:\/\/www.esplac.cat\/#organization","name":"Esplac","url":"https:\/\/www.esplac.cat\/","logo":{"@type":"ImageObject","inLanguage":"es","@id":"https:\/\/www.esplac.cat\/#\/schema\/logo\/image\/","url":"https:\/\/www.esplac.cat\/wp-content\/uploads\/2019\/08\/logox2.png","contentUrl":"https:\/\/www.esplac.cat\/wp-content\/uploads\/2019\/08\/logox2.png","width":600,"height":295,"caption":"Esplac"},"image":{"@id":"https:\/\/www.esplac.cat\/#\/schema\/logo\/image\/"}},{"@type":"Person","@id":"https:\/\/www.esplac.cat\/#\/schema\/person\/908383cf240be18b68f8855d0583faca","name":"Comunicaci\u00f3 Esplac","image":{"@type":"ImageObject","inLanguage":"es","@id":"https:\/\/secure.gravatar.com\/avatar\/7a4cf8feb412a76ea4a740ca02d95b06b2907b5a6c648c2dd0a1082a093c3141?s=96&d=mm&r=g","url":"https:\/\/secure.gravatar.com\/avatar\/7a4cf8feb412a76ea4a740ca02d95b06b2907b5a6c648c2dd0a1082a093c3141?s=96&d=mm&r=g","contentUrl":"https:\/\/secure.gravatar.com\/avatar\/7a4cf8feb412a76ea4a740ca02d95b06b2907b5a6c648c2dd0a1082a093c3141?s=96&d=mm&r=g","caption":"Comunicaci\u00f3 Esplac"}}]}},"_links":{"self":[{"href":"https:\/\/www.esplac.cat\/es\/wp-json\/wp\/v2\/posts\/15456","targetHints":{"allow":["GET"]}}],"collection":[{"href":"https:\/\/www.esplac.cat\/es\/wp-json\/wp\/v2\/posts"}],"about":[{"href":"https:\/\/www.esplac.cat\/es\/wp-json\/wp\/v2\/types\/post"}],"author":[{"embeddable":true,"href":"https:\/\/www.esplac.cat\/es\/wp-json\/wp\/v2\/users\/3"}],"replies":[{"embeddable":true,"href":"https:\/\/www.esplac.cat\/es\/wp-json\/wp\/v2\/comments?post=15456"}],"version-history":[{"count":0,"href":"https:\/\/www.esplac.cat\/es\/wp-json\/wp\/v2\/posts\/15456\/revisions"}],"wp:featuredmedia":[{"embeddable":true,"href":"https:\/\/www.esplac.cat\/es\/wp-json\/wp\/v2\/media\/17196"}],"wp:attachment":[{"href":"https:\/\/www.esplac.cat\/es\/wp-json\/wp\/v2\/media?parent=15456"}],"wp:term":[{"taxonomy":"category","embeddable":true,"href":"https:\/\/www.esplac.cat\/es\/wp-json\/wp\/v2\/categories?post=15456"},{"taxonomy":"post_tag","embeddable":true,"href":"https:\/\/www.esplac.cat\/es\/wp-json\/wp\/v2\/tags?post=15456"}],"curies":[{"name":"wp","href":"https:\/\/api.w.org\/{rel}","templated":true}]}}