{"id":17084,"date":"2018-01-15T18:19:22","date_gmt":"2018-01-15T18:19:22","guid":{"rendered":"https:\/\/www.esplac.cat\/?p=17084"},"modified":"2019-11-14T13:17:37","modified_gmt":"2019-11-14T11:17:37","slug":"reduint-petjada-busquem-tema-nou-any","status":"publish","type":"post","link":"https:\/\/www.esplac.cat\/es\/reduint-petjada-busquem-tema-nou-any\/","title":{"rendered":"A Reduint Petjada busquem un tema per al nou any!"},"content":{"rendered":"<h4 style=\"text-align: justify;\">Des de la comissi\u00f3 obrim un proc\u00e9s participatiu per decidir entre tots i totes la tem\u00e0tica de treball del 2018<\/h4>\n<p style=\"text-align: justify;\">A la Comissi\u00f3 Reduint Petjada hem comen\u00e7at el nou any amb molta energia i ja hem fet diverses reunions per encaminar els projectes futurs. Per focalitzar els esfor\u00e7os i els aprenetatges, hem decidit centrar-nos en una tem\u00e0tica concreta, que anirem treballant durant tot l\u2019any i que culminarem amb la celebraci\u00f3 de la cinquena edici\u00f3 de les <strong>Jornades Ambientals d\u2019Esplac<\/strong>.<\/p>\n<p style=\"text-align: justify;\">Per\u00f2 no volem escollir la tem\u00e0tica nom\u00e9s els membres de la comissi\u00f3, sin\u00f3 que volem involucrar-hi totes aquelles persones interessades en l\u2019\u00e0mbit de l\u2019ecologisme i el medi ambient. Per aquest motiu, obrim un proc\u00e9s participatiu en qu\u00e8, a trav\u00e9s de l\u2019<a href=\"http:\/\/esplac.cat\/esplacnet\/login\/index.php\" target=\"_blank\" rel=\"noopener noreferrer\"><strong>Esplacnet<\/strong><\/a>, els monitors i monitores dels esplais d\u2019Esplac podran escollir la tem\u00e0tica definitiva d\u2019entre aquestes propostes:<\/p>\n<ul>\n<li style=\"text-align: justify;\"><strong>Transici\u00f3 energ\u00e8tica<\/strong>. Moltes de les fonts d&#8217;energia que utilitzem avui dia estan en proc\u00e9s d\u2019esgotament i a m\u00e9s estan gestionades per grans corporacions que nom\u00e9s busquen enriquir-se. Potser \u00e9s hora que comencem a valorar el pas a models ambientalment m\u00e9s sostenibles i que responguin als interessos de les classes populars. Ens atrevim a fer-ho des dels esplais?<\/li>\n<li style=\"text-align: justify;\"><strong>Sobirania tecnol\u00f2gica<\/strong>. Diversos actors socials reclamen unes formes de gesti\u00f3 dels recursos digitals en pro del desenvolupament local i nacional, de l\u2019autonomia i la solidaritat. En un m\u00f3n ple de tecnologia sembla una aposta interessant, no? Ens hem de plantejar d\u2019alguna manera la relaci\u00f3 entre els esplais i la tecnologia?<\/li>\n<li style=\"text-align: justify;\"><strong>Educaci\u00f3 ambiental<\/strong>. Tenim molt clar que els esplais som verds, ecologistes i moltes coses m\u00e9s. Ara b\u00e9, sabem com educar els nostres infants i joves perqu\u00e8 ells mateixos preguin consci\u00e8ncia de la situaci\u00f3 ambiental i comencin cuidar una mica m\u00e9s el medi ambient? Quan marxem de col\u00f2nies, campaments i rutes donem prou import\u00e0ncia a deixar l&#8217;entorn tal com l\u2019hem trobat?<\/li>\n<li style=\"text-align: justify;\"><strong>Especisme<\/strong>. Des que els humans som al m\u00f3n hem anat aprofitant els recursos naturals i interaccionant amb les altres esp\u00e8cies del planeta. Des de perspectives ecologistes s\u2019ha apuntat tot sovint que fins i tot ens creiem superiors a les altres esp\u00e8cies i que quan satisfem les nostres necessitats no les tenim en compte. \u00c9s aix\u00ed? Hi ha alternatives?<\/li>\n<li style=\"text-align: justify;\"><strong>Decreixement<\/strong>. Vivim en societats en qu\u00e8 cada cop produ\u00efm m\u00e9s i consumim m\u00e9s. Fins quan pot durar aix\u00f2? Potser \u00e9s hora que posem en dubte l\u2019anomenat creixement econ\u00f2mic i comencem a decr\u00e9ixer en alguns aspectes per obtenir millors i vides m\u00e9s sostenibles per\u00f2 consumin menys.<\/li>\n<\/ul>\n<p style=\"text-align: justify;\">El termini de votaci\u00f3 finalitzar\u00e0 el <strong>dilluns 12 de febrer<\/strong>, i aleshores comunicarem el tema guanyador que treballarem durant l\u2019any 2018. Endavant amb les votacions!<\/p>\n","protected":false},"excerpt":{"rendered":"<p>Des de la comissi\u00f3 obrim un proc\u00e9s participatiu per decidir [&hellip;]<\/p>\n","protected":false},"author":3,"featured_media":17085,"comment_status":"closed","ping_status":"closed","sticky":false,"template":"","format":"standard","meta":{"om_disable_all_campaigns":false,"_monsterinsights_skip_tracking":false,"_monsterinsights_sitenote_active":false,"_monsterinsights_sitenote_note":"","_monsterinsights_sitenote_category":0,"_uf_show_specific_survey":0,"_uf_disable_surveys":false,"footnotes":""},"categories":[1119,1161,1159,1],"tags":[],"class_list":["post-17084","post","type-post","status-publish","format-standard","has-post-thumbnail","hentry","category-activitats-comissions-grups-de-treball","category-comissio-reduint-petjada","category-jornades-ambientals","category-sense-categoria"],"yoast_head":"<!-- This site is optimized with the Yoast SEO plugin v27.4 - https:\/\/yoast.com\/product\/yoast-seo-wordpress\/ -->\n<title>A Reduint Petjada busquem un tema per al nou any! - Esplac<\/title>\n<meta name=\"robots\" content=\"index, follow, max-snippet:-1, max-image-preview:large, max-video-preview:-1\" \/>\n<link rel=\"canonical\" href=\"https:\/\/www.esplac.cat\/en\/reduint-petjada-busquem-tema-nou-any\/\" \/>\n<meta property=\"og:locale\" content=\"es_ES\" \/>\n<meta property=\"og:type\" content=\"article\" \/>\n<meta property=\"og:title\" content=\"A Reduint Petjada busquem un tema per al nou any! - Esplac\" \/>\n<meta property=\"og:description\" content=\"Des de la comissi\u00f3 obrim un proc\u00e9s participatiu per decidir [&hellip;]\" \/>\n<meta property=\"og:url\" content=\"https:\/\/www.esplac.cat\/en\/reduint-petjada-busquem-tema-nou-any\/\" \/>\n<meta property=\"og:site_name\" content=\"Esplac\" \/>\n<meta property=\"article:published_time\" content=\"2018-01-15T18:19:22+00:00\" \/>\n<meta property=\"article:modified_time\" content=\"2019-11-14T11:17:37+00:00\" \/>\n<meta property=\"og:image\" content=\"https:\/\/www.esplac.cat\/wp-content\/uploads\/2018\/01\/buscar-tema.jpg\" \/>\n\t<meta property=\"og:image:width\" content=\"847\" \/>\n\t<meta property=\"og:image:height\" content=\"350\" \/>\n\t<meta property=\"og:image:type\" content=\"image\/jpeg\" \/>\n<meta name=\"author\" content=\"Comunicaci\u00f3 Esplac\" \/>\n<meta name=\"twitter:card\" content=\"summary_large_image\" \/>\n<meta name=\"twitter:label1\" content=\"Escrito por\" \/>\n\t<meta name=\"twitter:data1\" content=\"Comunicaci\u00f3 Esplac\" \/>\n\t<meta name=\"twitter:label2\" content=\"Tiempo de lectura\" \/>\n\t<meta name=\"twitter:data2\" content=\"2 minutos\" \/>\n<script type=\"application\/ld+json\" class=\"yoast-schema-graph\">{\"@context\":\"https:\\\/\\\/schema.org\",\"@graph\":[{\"@type\":\"Article\",\"@id\":\"https:\\\/\\\/www.esplac.cat\\\/en\\\/reduint-petjada-busquem-tema-nou-any\\\/#article\",\"isPartOf\":{\"@id\":\"https:\\\/\\\/www.esplac.cat\\\/en\\\/reduint-petjada-busquem-tema-nou-any\\\/\"},\"author\":{\"name\":\"Comunicaci\u00f3 Esplac\",\"@id\":\"https:\\\/\\\/www.esplac.cat\\\/#\\\/schema\\\/person\\\/908383cf240be18b68f8855d0583faca\"},\"headline\":\"A Reduint Petjada busquem un tema per al nou any!\",\"datePublished\":\"2018-01-15T18:19:22+00:00\",\"dateModified\":\"2019-11-14T11:17:37+00:00\",\"mainEntityOfPage\":{\"@id\":\"https:\\\/\\\/www.esplac.cat\\\/en\\\/reduint-petjada-busquem-tema-nou-any\\\/\"},\"wordCount\":484,\"publisher\":{\"@id\":\"https:\\\/\\\/www.esplac.cat\\\/#organization\"},\"image\":{\"@id\":\"https:\\\/\\\/www.esplac.cat\\\/en\\\/reduint-petjada-busquem-tema-nou-any\\\/#primaryimage\"},\"thumbnailUrl\":\"https:\\\/\\\/www.esplac.cat\\\/wp-content\\\/uploads\\\/2018\\\/01\\\/buscar-tema.jpg\",\"articleSection\":[\"Activitats comissions i grups de treball\",\"Comissi\u00f3 Reduint Petjada\",\"Jornades ambientals\",\"Sense categoria\"],\"inLanguage\":\"es\"},{\"@type\":\"WebPage\",\"@id\":\"https:\\\/\\\/www.esplac.cat\\\/en\\\/reduint-petjada-busquem-tema-nou-any\\\/\",\"url\":\"https:\\\/\\\/www.esplac.cat\\\/en\\\/reduint-petjada-busquem-tema-nou-any\\\/\",\"name\":\"A Reduint Petjada busquem un tema per al nou any! - Esplac\",\"isPartOf\":{\"@id\":\"https:\\\/\\\/www.esplac.cat\\\/#website\"},\"primaryImageOfPage\":{\"@id\":\"https:\\\/\\\/www.esplac.cat\\\/en\\\/reduint-petjada-busquem-tema-nou-any\\\/#primaryimage\"},\"image\":{\"@id\":\"https:\\\/\\\/www.esplac.cat\\\/en\\\/reduint-petjada-busquem-tema-nou-any\\\/#primaryimage\"},\"thumbnailUrl\":\"https:\\\/\\\/www.esplac.cat\\\/wp-content\\\/uploads\\\/2018\\\/01\\\/buscar-tema.jpg\",\"datePublished\":\"2018-01-15T18:19:22+00:00\",\"dateModified\":\"2019-11-14T11:17:37+00:00\",\"breadcrumb\":{\"@id\":\"https:\\\/\\\/www.esplac.cat\\\/en\\\/reduint-petjada-busquem-tema-nou-any\\\/#breadcrumb\"},\"inLanguage\":\"es\",\"potentialAction\":[{\"@type\":\"ReadAction\",\"target\":[\"https:\\\/\\\/www.esplac.cat\\\/en\\\/reduint-petjada-busquem-tema-nou-any\\\/\"]}]},{\"@type\":\"ImageObject\",\"inLanguage\":\"es\",\"@id\":\"https:\\\/\\\/www.esplac.cat\\\/en\\\/reduint-petjada-busquem-tema-nou-any\\\/#primaryimage\",\"url\":\"https:\\\/\\\/www.esplac.cat\\\/wp-content\\\/uploads\\\/2018\\\/01\\\/buscar-tema.jpg\",\"contentUrl\":\"https:\\\/\\\/www.esplac.cat\\\/wp-content\\\/uploads\\\/2018\\\/01\\\/buscar-tema.jpg\",\"width\":847,\"height\":350},{\"@type\":\"BreadcrumbList\",\"@id\":\"https:\\\/\\\/www.esplac.cat\\\/en\\\/reduint-petjada-busquem-tema-nou-any\\\/#breadcrumb\",\"itemListElement\":[{\"@type\":\"ListItem\",\"position\":1,\"name\":\"Inici\",\"item\":\"https:\\\/\\\/www.esplac.cat\\\/es\\\/\"},{\"@type\":\"ListItem\",\"position\":2,\"name\":\"A Reduint Petjada busquem un tema per al nou any!\"}]},{\"@type\":\"WebSite\",\"@id\":\"https:\\\/\\\/www.esplac.cat\\\/#website\",\"url\":\"https:\\\/\\\/www.esplac.cat\\\/\",\"name\":\"Esplac\",\"description\":\"Esplais Catalans\",\"publisher\":{\"@id\":\"https:\\\/\\\/www.esplac.cat\\\/#organization\"},\"potentialAction\":[{\"@type\":\"SearchAction\",\"target\":{\"@type\":\"EntryPoint\",\"urlTemplate\":\"https:\\\/\\\/www.esplac.cat\\\/?s={search_term_string}\"},\"query-input\":{\"@type\":\"PropertyValueSpecification\",\"valueRequired\":true,\"valueName\":\"search_term_string\"}}],\"inLanguage\":\"es\"},{\"@type\":\"Organization\",\"@id\":\"https:\\\/\\\/www.esplac.cat\\\/#organization\",\"name\":\"Esplac\",\"url\":\"https:\\\/\\\/www.esplac.cat\\\/\",\"logo\":{\"@type\":\"ImageObject\",\"inLanguage\":\"es\",\"@id\":\"https:\\\/\\\/www.esplac.cat\\\/#\\\/schema\\\/logo\\\/image\\\/\",\"url\":\"https:\\\/\\\/www.esplac.cat\\\/wp-content\\\/uploads\\\/2019\\\/08\\\/logox2.png\",\"contentUrl\":\"https:\\\/\\\/www.esplac.cat\\\/wp-content\\\/uploads\\\/2019\\\/08\\\/logox2.png\",\"width\":600,\"height\":295,\"caption\":\"Esplac\"},\"image\":{\"@id\":\"https:\\\/\\\/www.esplac.cat\\\/#\\\/schema\\\/logo\\\/image\\\/\"}},{\"@type\":\"Person\",\"@id\":\"https:\\\/\\\/www.esplac.cat\\\/#\\\/schema\\\/person\\\/908383cf240be18b68f8855d0583faca\",\"name\":\"Comunicaci\u00f3 Esplac\",\"image\":{\"@type\":\"ImageObject\",\"inLanguage\":\"es\",\"@id\":\"https:\\\/\\\/secure.gravatar.com\\\/avatar\\\/7a4cf8feb412a76ea4a740ca02d95b06b2907b5a6c648c2dd0a1082a093c3141?s=96&d=mm&r=g\",\"url\":\"https:\\\/\\\/secure.gravatar.com\\\/avatar\\\/7a4cf8feb412a76ea4a740ca02d95b06b2907b5a6c648c2dd0a1082a093c3141?s=96&d=mm&r=g\",\"contentUrl\":\"https:\\\/\\\/secure.gravatar.com\\\/avatar\\\/7a4cf8feb412a76ea4a740ca02d95b06b2907b5a6c648c2dd0a1082a093c3141?s=96&d=mm&r=g\",\"caption\":\"Comunicaci\u00f3 Esplac\"}}]}<\/script>\n<!-- \/ Yoast SEO plugin. -->","yoast_head_json":{"title":"A Reduint Petjada busquem un tema per al nou any! - Esplac","robots":{"index":"index","follow":"follow","max-snippet":"max-snippet:-1","max-image-preview":"max-image-preview:large","max-video-preview":"max-video-preview:-1"},"canonical":"https:\/\/www.esplac.cat\/en\/reduint-petjada-busquem-tema-nou-any\/","og_locale":"es_ES","og_type":"article","og_title":"A Reduint Petjada busquem un tema per al nou any! - Esplac","og_description":"Des de la comissi\u00f3 obrim un proc\u00e9s participatiu per decidir [&hellip;]","og_url":"https:\/\/www.esplac.cat\/en\/reduint-petjada-busquem-tema-nou-any\/","og_site_name":"Esplac","article_published_time":"2018-01-15T18:19:22+00:00","article_modified_time":"2019-11-14T11:17:37+00:00","og_image":[{"width":847,"height":350,"url":"https:\/\/www.esplac.cat\/wp-content\/uploads\/2018\/01\/buscar-tema.jpg","type":"image\/jpeg"}],"author":"Comunicaci\u00f3 Esplac","twitter_card":"summary_large_image","twitter_misc":{"Escrito por":"Comunicaci\u00f3 Esplac","Tiempo de lectura":"2 minutos"},"schema":{"@context":"https:\/\/schema.org","@graph":[{"@type":"Article","@id":"https:\/\/www.esplac.cat\/en\/reduint-petjada-busquem-tema-nou-any\/#article","isPartOf":{"@id":"https:\/\/www.esplac.cat\/en\/reduint-petjada-busquem-tema-nou-any\/"},"author":{"name":"Comunicaci\u00f3 Esplac","@id":"https:\/\/www.esplac.cat\/#\/schema\/person\/908383cf240be18b68f8855d0583faca"},"headline":"A Reduint Petjada busquem un tema per al nou any!","datePublished":"2018-01-15T18:19:22+00:00","dateModified":"2019-11-14T11:17:37+00:00","mainEntityOfPage":{"@id":"https:\/\/www.esplac.cat\/en\/reduint-petjada-busquem-tema-nou-any\/"},"wordCount":484,"publisher":{"@id":"https:\/\/www.esplac.cat\/#organization"},"image":{"@id":"https:\/\/www.esplac.cat\/en\/reduint-petjada-busquem-tema-nou-any\/#primaryimage"},"thumbnailUrl":"https:\/\/www.esplac.cat\/wp-content\/uploads\/2018\/01\/buscar-tema.jpg","articleSection":["Activitats comissions i grups de treball","Comissi\u00f3 Reduint Petjada","Jornades ambientals","Sense categoria"],"inLanguage":"es"},{"@type":"WebPage","@id":"https:\/\/www.esplac.cat\/en\/reduint-petjada-busquem-tema-nou-any\/","url":"https:\/\/www.esplac.cat\/en\/reduint-petjada-busquem-tema-nou-any\/","name":"A Reduint Petjada busquem un tema per al nou any! - Esplac","isPartOf":{"@id":"https:\/\/www.esplac.cat\/#website"},"primaryImageOfPage":{"@id":"https:\/\/www.esplac.cat\/en\/reduint-petjada-busquem-tema-nou-any\/#primaryimage"},"image":{"@id":"https:\/\/www.esplac.cat\/en\/reduint-petjada-busquem-tema-nou-any\/#primaryimage"},"thumbnailUrl":"https:\/\/www.esplac.cat\/wp-content\/uploads\/2018\/01\/buscar-tema.jpg","datePublished":"2018-01-15T18:19:22+00:00","dateModified":"2019-11-14T11:17:37+00:00","breadcrumb":{"@id":"https:\/\/www.esplac.cat\/en\/reduint-petjada-busquem-tema-nou-any\/#breadcrumb"},"inLanguage":"es","potentialAction":[{"@type":"ReadAction","target":["https:\/\/www.esplac.cat\/en\/reduint-petjada-busquem-tema-nou-any\/"]}]},{"@type":"ImageObject","inLanguage":"es","@id":"https:\/\/www.esplac.cat\/en\/reduint-petjada-busquem-tema-nou-any\/#primaryimage","url":"https:\/\/www.esplac.cat\/wp-content\/uploads\/2018\/01\/buscar-tema.jpg","contentUrl":"https:\/\/www.esplac.cat\/wp-content\/uploads\/2018\/01\/buscar-tema.jpg","width":847,"height":350},{"@type":"BreadcrumbList","@id":"https:\/\/www.esplac.cat\/en\/reduint-petjada-busquem-tema-nou-any\/#breadcrumb","itemListElement":[{"@type":"ListItem","position":1,"name":"Inici","item":"https:\/\/www.esplac.cat\/es\/"},{"@type":"ListItem","position":2,"name":"A Reduint Petjada busquem un tema per al nou any!"}]},{"@type":"WebSite","@id":"https:\/\/www.esplac.cat\/#website","url":"https:\/\/www.esplac.cat\/","name":"Esplac","description":"Esplais Catalans","publisher":{"@id":"https:\/\/www.esplac.cat\/#organization"},"potentialAction":[{"@type":"SearchAction","target":{"@type":"EntryPoint","urlTemplate":"https:\/\/www.esplac.cat\/?s={search_term_string}"},"query-input":{"@type":"PropertyValueSpecification","valueRequired":true,"valueName":"search_term_string"}}],"inLanguage":"es"},{"@type":"Organization","@id":"https:\/\/www.esplac.cat\/#organization","name":"Esplac","url":"https:\/\/www.esplac.cat\/","logo":{"@type":"ImageObject","inLanguage":"es","@id":"https:\/\/www.esplac.cat\/#\/schema\/logo\/image\/","url":"https:\/\/www.esplac.cat\/wp-content\/uploads\/2019\/08\/logox2.png","contentUrl":"https:\/\/www.esplac.cat\/wp-content\/uploads\/2019\/08\/logox2.png","width":600,"height":295,"caption":"Esplac"},"image":{"@id":"https:\/\/www.esplac.cat\/#\/schema\/logo\/image\/"}},{"@type":"Person","@id":"https:\/\/www.esplac.cat\/#\/schema\/person\/908383cf240be18b68f8855d0583faca","name":"Comunicaci\u00f3 Esplac","image":{"@type":"ImageObject","inLanguage":"es","@id":"https:\/\/secure.gravatar.com\/avatar\/7a4cf8feb412a76ea4a740ca02d95b06b2907b5a6c648c2dd0a1082a093c3141?s=96&d=mm&r=g","url":"https:\/\/secure.gravatar.com\/avatar\/7a4cf8feb412a76ea4a740ca02d95b06b2907b5a6c648c2dd0a1082a093c3141?s=96&d=mm&r=g","contentUrl":"https:\/\/secure.gravatar.com\/avatar\/7a4cf8feb412a76ea4a740ca02d95b06b2907b5a6c648c2dd0a1082a093c3141?s=96&d=mm&r=g","caption":"Comunicaci\u00f3 Esplac"}}]}},"_links":{"self":[{"href":"https:\/\/www.esplac.cat\/es\/wp-json\/wp\/v2\/posts\/17084","targetHints":{"allow":["GET"]}}],"collection":[{"href":"https:\/\/www.esplac.cat\/es\/wp-json\/wp\/v2\/posts"}],"about":[{"href":"https:\/\/www.esplac.cat\/es\/wp-json\/wp\/v2\/types\/post"}],"author":[{"embeddable":true,"href":"https:\/\/www.esplac.cat\/es\/wp-json\/wp\/v2\/users\/3"}],"replies":[{"embeddable":true,"href":"https:\/\/www.esplac.cat\/es\/wp-json\/wp\/v2\/comments?post=17084"}],"version-history":[{"count":0,"href":"https:\/\/www.esplac.cat\/es\/wp-json\/wp\/v2\/posts\/17084\/revisions"}],"wp:featuredmedia":[{"embeddable":true,"href":"https:\/\/www.esplac.cat\/es\/wp-json\/wp\/v2\/media\/17085"}],"wp:attachment":[{"href":"https:\/\/www.esplac.cat\/es\/wp-json\/wp\/v2\/media?parent=17084"}],"wp:term":[{"taxonomy":"category","embeddable":true,"href":"https:\/\/www.esplac.cat\/es\/wp-json\/wp\/v2\/categories?post=17084"},{"taxonomy":"post_tag","embeddable":true,"href":"https:\/\/www.esplac.cat\/es\/wp-json\/wp\/v2\/tags?post=17084"}],"curies":[{"name":"wp","href":"https:\/\/api.w.org\/{rel}","templated":true}]}}