{"id":17179,"date":"2018-01-18T16:14:47","date_gmt":"2018-01-18T16:14:47","guid":{"rendered":"https:\/\/www.esplac.cat\/?p=17179"},"modified":"2018-01-18T16:14:47","modified_gmt":"2018-01-18T16:14:47","slug":"politica-i-educacio-escola-esplac-2018","status":"publish","type":"post","link":"https:\/\/www.esplac.cat\/es\/politica-i-educacio-escola-esplac-2018\/","title":{"rendered":"Pol\u00edtica i educaci\u00f3: participa a l\u2019Escola d\u2019Esplac 2018!"},"content":{"rendered":"<h4>\u201cI tu, per qu\u00e8 eduques?\u201d Aquest \u00e9s el t\u00edtol de l\u2019edici\u00f3 d\u2019enguany de l\u2019Escola d\u2019Esplac, que tindr\u00e0 lloc el 24 i 25 de febrer a Barcelona i que se centrar\u00e0 en la relaci\u00f3 entre l\u2019educaci\u00f3 i la pol\u00edtica<\/h4>\n<p style=\"text-align: justify;\">A Esplais Catalans organitzem des de fa cinc anys l\u2019Escola d\u2019Esplac, conjuntament amb l\u2019<a href=\"http:\/\/www.escolaelsol.org\/es\/index.htm\" target=\"_blank\" rel=\"noopener noreferrer\">Escola Lliure El Sol<\/a> i amb el suport de l\u2019<a href=\"http:\/\/www2.rosasensat.org\/\" target=\"_blank\" rel=\"noopener noreferrer\">Associaci\u00f3 de Mestres Rosa Sensat<\/a>. Es tracta d\u2019unes jornades destinades a crear debat, compartir experi\u00e8ncies, formar i estimular el pensament de totes les participants, persones vinculades al m\u00f3n de l\u2019educaci\u00f3.<\/p>\n<p style=\"text-align: justify;\">L\u2019edici\u00f3 d\u2019aquest any se celebrar\u00e0 el cap de setmana <strong>24 i 25 de febrer de 2018 a l\u2019<a href=\"https:\/\/www.google.es\/maps\/place\/escola+els+xiprers\/@41.4197964,2.0998992,17z\/data=!3m1!4b1!4m5!3m4!1s0x12a499d6aaaaaaab:0x92e200f836566f08!8m2!3d41.4197964!4d2.1020932\" target=\"_blank\" rel=\"noopener noreferrer\">Escola Els Xiprers de Barcelona<\/a><\/strong> i tindr\u00e0 com a tem\u00e0tica central la relaci\u00f3 entre l\u2019educaci\u00f3 i la pol\u00edtica. En els diversos espais de la trobada, prendrem consci\u00e8ncia del valor pol\u00edtic de l\u2019educaci\u00f3: del paper que la comunitat educativa juga en la cohesi\u00f3 social d\u2019un territori i en la construcci\u00f3 d\u2019un sistema socioecon\u00f2mic. Tamb\u00e9 parlarem de l\u2019\u00fas del poder en les relacions educatives, de la coher\u00e8ncia amb l\u2019ideari dels centres, de la la\u00efcitat en l\u2019educaci\u00f3 i de les formes d\u2019organitzaci\u00f3 educativa.<\/p>\n<p style=\"text-align: justify;\">Paulo Freire, un dels referents pedag\u00f2gics d\u2019Esplais Catalans, va escriure: \u201cL\u2019educaci\u00f3 no \u00e9s neutra i cal un comprom\u00eds clar amb els valors pol\u00edtics i socials que l\u2019orienten.\u201d Vosaltres per qu\u00e8 eduqueu?<\/p>\n<p style=\"text-align: justify;\"><strong>P\u00e0gina<\/strong><br \/>\nEn <a href=\"https:\/\/www.esplac.cat\/escola-esplac\/\">aquest enlla\u00e7<\/a> trobareu informaci\u00f3 sobre les ponents, el cartell, el programa, els espais de debat i el proc\u00e9s d\u2019inscripci\u00f3.<\/p>\n<p style=\"text-align: justify;\"><strong>V\u00eddeos<\/strong><br \/>\nEn <a href=\"https:\/\/www.youtube.com\/watch?v=Svja0MpqQWA&amp;t=4s\" target=\"_blank\" rel=\"noopener noreferrer\">aquest enlla\u00e7 <\/a>trobareu el v\u00eddeo de presentaci\u00f3 de l\u2019Escola d\u2019Esplac 2018, amb la intervenci\u00f3 de diverses persones vinculades al m\u00f3n de l\u2019educaci\u00f3, i l&#8217;entrevista a Segundo Moyano, educador social i pedagog (ponent final de la trobada).<\/p>\n<p style=\"text-align: justify;\"><strong>Inscripcions<\/strong><br \/>\nEn aquests enlla\u00e7os us podeu inscriure directament a l\u2019Escola d\u2019Esplac:<br \/>\n-Si sou monitors o monitores d\u2019Esplac: <a href=\"https:\/\/esplac.cat\/esplacnet\/login\/index.php\" target=\"_blank\" rel=\"noopener noreferrer\">aqu\u00ed<\/a><br \/>\n-Si sou membres dels equips generals de sector o s\u00f2cies d\u2019Esplac: <a href=\"https:\/\/infoesplac.typeform.com\/to\/B8nDOi\" target=\"_blank\" rel=\"noopener noreferrer\">aqu\u00ed<\/a><br \/>\n-Si sou persones externes a Esplac: <a href=\"https:\/\/infoesplac.typeform.com\/to\/B8nDOi\" target=\"_blank\" rel=\"noopener noreferrer\">aqu\u00ed<\/a><\/p>\n<p style=\"text-align: justify;\"><strong>I tu, per qu\u00e8 eduques<\/strong>? Participa a l\u2019Escola d\u2019Esplac 2018!<\/p>\n<p style=\"text-align: justify;\"><a href=\"http:\/\/esplac.cat\/wp-content\/uploads\/2018\/01\/Cartel_Escola_Esplac_Ponents.jpg\"><img decoding=\"async\" class=\"alignnone wp-image-17182\" src=\"http:\/\/esplac.cat\/wp-content\/uploads\/2018\/01\/Cartel_Escola_Esplac_Ponents-212x300.jpg\" alt=\"\" width=\"632\" height=\"894\" srcset=\"https:\/\/www.esplac.cat\/wp-content\/uploads\/2018\/01\/Cartel_Escola_Esplac_Ponents-200x283.jpg 200w, https:\/\/www.esplac.cat\/wp-content\/uploads\/2018\/01\/Cartel_Escola_Esplac_Ponents-212x300.jpg 212w, https:\/\/www.esplac.cat\/wp-content\/uploads\/2018\/01\/Cartel_Escola_Esplac_Ponents-400x566.jpg 400w, https:\/\/www.esplac.cat\/wp-content\/uploads\/2018\/01\/Cartel_Escola_Esplac_Ponents-600x849.jpg 600w, https:\/\/www.esplac.cat\/wp-content\/uploads\/2018\/01\/Cartel_Escola_Esplac_Ponents-724x1024.jpg 724w, https:\/\/www.esplac.cat\/wp-content\/uploads\/2018\/01\/Cartel_Escola_Esplac_Ponents-768x1086.jpg 768w, https:\/\/www.esplac.cat\/wp-content\/uploads\/2018\/01\/Cartel_Escola_Esplac_Ponents-800x1132.jpg 800w, https:\/\/www.esplac.cat\/wp-content\/uploads\/2018\/01\/Cartel_Escola_Esplac_Ponents-1200x1697.jpg 1200w, https:\/\/www.esplac.cat\/wp-content\/uploads\/2018\/01\/Cartel_Escola_Esplac_Ponents.jpg 2480w\" sizes=\"(max-width: 632px) 100vw, 632px\" \/><\/a><\/p>\n","protected":false},"excerpt":{"rendered":"<p>\u201cI tu, per qu\u00e8 eduques?\u201d Aquest \u00e9s el t\u00edtol de [&hellip;]<\/p>\n","protected":false},"author":3,"featured_media":17184,"comment_status":"closed","ping_status":"closed","sticky":false,"template":"","format":"standard","meta":{"om_disable_all_campaigns":false,"_monsterinsights_skip_tracking":false,"_monsterinsights_sitenote_active":false,"_monsterinsights_sitenote_note":"","_monsterinsights_sitenote_category":0,"_uf_show_specific_survey":0,"_uf_disable_surveys":false,"footnotes":""},"categories":[1131,1129,1],"tags":[962,369,600],"class_list":["post-17179","post","type-post","status-publish","format-standard","has-post-thumbnail","hentry","category-cursos-formacions","category-escola-desplac","category-sense-categoria","tag-escolaesplac18","tag-marta-mata","tag-politica"],"yoast_head":"<!-- This site is optimized with the Yoast SEO plugin v27.5 - https:\/\/yoast.com\/product\/yoast-seo-wordpress\/ -->\n<title>Pol\u00edtica i educaci\u00f3: participa a l\u2019Escola d\u2019Esplac 2018! - Esplac<\/title>\n<meta name=\"robots\" content=\"index, follow, max-snippet:-1, max-image-preview:large, max-video-preview:-1\" \/>\n<link rel=\"canonical\" href=\"https:\/\/www.esplac.cat\/politica-i-educacio-escola-esplac-2018\/\" \/>\n<meta property=\"og:locale\" content=\"es_ES\" \/>\n<meta property=\"og:type\" content=\"article\" \/>\n<meta property=\"og:title\" content=\"Pol\u00edtica i educaci\u00f3: participa a l\u2019Escola d\u2019Esplac 2018! - Esplac\" \/>\n<meta property=\"og:description\" content=\"\u201cI tu, per qu\u00e8 eduques?\u201d Aquest \u00e9s el t\u00edtol de [&hellip;]\" \/>\n<meta property=\"og:url\" content=\"https:\/\/www.esplac.cat\/politica-i-educacio-escola-esplac-2018\/\" \/>\n<meta property=\"og:site_name\" content=\"Esplac\" \/>\n<meta property=\"article:published_time\" content=\"2018-01-18T16:14:47+00:00\" \/>\n<meta property=\"og:image\" content=\"https:\/\/www.esplac.cat\/wp-content\/uploads\/2018\/01\/notiescola2.jpg\" \/>\n\t<meta property=\"og:image:width\" content=\"847\" \/>\n\t<meta property=\"og:image:height\" content=\"295\" \/>\n\t<meta property=\"og:image:type\" content=\"image\/jpeg\" \/>\n<meta name=\"author\" content=\"Comunicaci\u00f3 Esplac\" \/>\n<meta name=\"twitter:card\" content=\"summary_large_image\" \/>\n<meta name=\"twitter:label1\" content=\"Escrito por\" \/>\n\t<meta name=\"twitter:data1\" content=\"Comunicaci\u00f3 Esplac\" \/>\n\t<meta name=\"twitter:label2\" content=\"Tiempo de lectura\" \/>\n\t<meta name=\"twitter:data2\" content=\"2 minutos\" \/>\n<script type=\"application\/ld+json\" class=\"yoast-schema-graph\">{\"@context\":\"https:\\\/\\\/schema.org\",\"@graph\":[{\"@type\":\"Article\",\"@id\":\"https:\\\/\\\/www.esplac.cat\\\/politica-i-educacio-escola-esplac-2018\\\/#article\",\"isPartOf\":{\"@id\":\"https:\\\/\\\/www.esplac.cat\\\/politica-i-educacio-escola-esplac-2018\\\/\"},\"author\":{\"name\":\"Comunicaci\u00f3 Esplac\",\"@id\":\"https:\\\/\\\/www.esplac.cat\\\/#\\\/schema\\\/person\\\/908383cf240be18b68f8855d0583faca\"},\"headline\":\"Pol\u00edtica i educaci\u00f3: participa a l\u2019Escola d\u2019Esplac 2018!\",\"datePublished\":\"2018-01-18T16:14:47+00:00\",\"mainEntityOfPage\":{\"@id\":\"https:\\\/\\\/www.esplac.cat\\\/politica-i-educacio-escola-esplac-2018\\\/\"},\"wordCount\":384,\"publisher\":{\"@id\":\"https:\\\/\\\/www.esplac.cat\\\/#organization\"},\"image\":{\"@id\":\"https:\\\/\\\/www.esplac.cat\\\/politica-i-educacio-escola-esplac-2018\\\/#primaryimage\"},\"thumbnailUrl\":\"https:\\\/\\\/www.esplac.cat\\\/wp-content\\\/uploads\\\/2018\\\/01\\\/notiescola2.jpg\",\"keywords\":[\"#EscolaEsplac18\",\"Marta Mata\",\"politica\"],\"articleSection\":[\"Cursos i formacions\",\"Escola d'Esplac\",\"Sense categoria\"],\"inLanguage\":\"es\"},{\"@type\":\"WebPage\",\"@id\":\"https:\\\/\\\/www.esplac.cat\\\/politica-i-educacio-escola-esplac-2018\\\/\",\"url\":\"https:\\\/\\\/www.esplac.cat\\\/politica-i-educacio-escola-esplac-2018\\\/\",\"name\":\"Pol\u00edtica i educaci\u00f3: participa a l\u2019Escola d\u2019Esplac 2018! - Esplac\",\"isPartOf\":{\"@id\":\"https:\\\/\\\/www.esplac.cat\\\/#website\"},\"primaryImageOfPage\":{\"@id\":\"https:\\\/\\\/www.esplac.cat\\\/politica-i-educacio-escola-esplac-2018\\\/#primaryimage\"},\"image\":{\"@id\":\"https:\\\/\\\/www.esplac.cat\\\/politica-i-educacio-escola-esplac-2018\\\/#primaryimage\"},\"thumbnailUrl\":\"https:\\\/\\\/www.esplac.cat\\\/wp-content\\\/uploads\\\/2018\\\/01\\\/notiescola2.jpg\",\"datePublished\":\"2018-01-18T16:14:47+00:00\",\"breadcrumb\":{\"@id\":\"https:\\\/\\\/www.esplac.cat\\\/politica-i-educacio-escola-esplac-2018\\\/#breadcrumb\"},\"inLanguage\":\"es\",\"potentialAction\":[{\"@type\":\"ReadAction\",\"target\":[\"https:\\\/\\\/www.esplac.cat\\\/politica-i-educacio-escola-esplac-2018\\\/\"]}]},{\"@type\":\"ImageObject\",\"inLanguage\":\"es\",\"@id\":\"https:\\\/\\\/www.esplac.cat\\\/politica-i-educacio-escola-esplac-2018\\\/#primaryimage\",\"url\":\"https:\\\/\\\/www.esplac.cat\\\/wp-content\\\/uploads\\\/2018\\\/01\\\/notiescola2.jpg\",\"contentUrl\":\"https:\\\/\\\/www.esplac.cat\\\/wp-content\\\/uploads\\\/2018\\\/01\\\/notiescola2.jpg\",\"width\":847,\"height\":295},{\"@type\":\"BreadcrumbList\",\"@id\":\"https:\\\/\\\/www.esplac.cat\\\/politica-i-educacio-escola-esplac-2018\\\/#breadcrumb\",\"itemListElement\":[{\"@type\":\"ListItem\",\"position\":1,\"name\":\"Inici\",\"item\":\"https:\\\/\\\/www.esplac.cat\\\/es\\\/\"},{\"@type\":\"ListItem\",\"position\":2,\"name\":\"Pol\u00edtica i educaci\u00f3: participa a l\u2019Escola d\u2019Esplac 2018!\"}]},{\"@type\":\"WebSite\",\"@id\":\"https:\\\/\\\/www.esplac.cat\\\/#website\",\"url\":\"https:\\\/\\\/www.esplac.cat\\\/\",\"name\":\"Esplac\",\"description\":\"Esplais Catalans\",\"publisher\":{\"@id\":\"https:\\\/\\\/www.esplac.cat\\\/#organization\"},\"potentialAction\":[{\"@type\":\"SearchAction\",\"target\":{\"@type\":\"EntryPoint\",\"urlTemplate\":\"https:\\\/\\\/www.esplac.cat\\\/?s={search_term_string}\"},\"query-input\":{\"@type\":\"PropertyValueSpecification\",\"valueRequired\":true,\"valueName\":\"search_term_string\"}}],\"inLanguage\":\"es\"},{\"@type\":\"Organization\",\"@id\":\"https:\\\/\\\/www.esplac.cat\\\/#organization\",\"name\":\"Esplac\",\"url\":\"https:\\\/\\\/www.esplac.cat\\\/\",\"logo\":{\"@type\":\"ImageObject\",\"inLanguage\":\"es\",\"@id\":\"https:\\\/\\\/www.esplac.cat\\\/#\\\/schema\\\/logo\\\/image\\\/\",\"url\":\"https:\\\/\\\/www.esplac.cat\\\/wp-content\\\/uploads\\\/2019\\\/08\\\/logox2.png\",\"contentUrl\":\"https:\\\/\\\/www.esplac.cat\\\/wp-content\\\/uploads\\\/2019\\\/08\\\/logox2.png\",\"width\":600,\"height\":295,\"caption\":\"Esplac\"},\"image\":{\"@id\":\"https:\\\/\\\/www.esplac.cat\\\/#\\\/schema\\\/logo\\\/image\\\/\"}},{\"@type\":\"Person\",\"@id\":\"https:\\\/\\\/www.esplac.cat\\\/#\\\/schema\\\/person\\\/908383cf240be18b68f8855d0583faca\",\"name\":\"Comunicaci\u00f3 Esplac\",\"image\":{\"@type\":\"ImageObject\",\"inLanguage\":\"es\",\"@id\":\"https:\\\/\\\/secure.gravatar.com\\\/avatar\\\/7a4cf8feb412a76ea4a740ca02d95b06b2907b5a6c648c2dd0a1082a093c3141?s=96&d=mm&r=g\",\"url\":\"https:\\\/\\\/secure.gravatar.com\\\/avatar\\\/7a4cf8feb412a76ea4a740ca02d95b06b2907b5a6c648c2dd0a1082a093c3141?s=96&d=mm&r=g\",\"contentUrl\":\"https:\\\/\\\/secure.gravatar.com\\\/avatar\\\/7a4cf8feb412a76ea4a740ca02d95b06b2907b5a6c648c2dd0a1082a093c3141?s=96&d=mm&r=g\",\"caption\":\"Comunicaci\u00f3 Esplac\"}}]}<\/script>\n<!-- \/ Yoast SEO plugin. -->","yoast_head_json":{"title":"Pol\u00edtica i educaci\u00f3: participa a l\u2019Escola d\u2019Esplac 2018! - Esplac","robots":{"index":"index","follow":"follow","max-snippet":"max-snippet:-1","max-image-preview":"max-image-preview:large","max-video-preview":"max-video-preview:-1"},"canonical":"https:\/\/www.esplac.cat\/politica-i-educacio-escola-esplac-2018\/","og_locale":"es_ES","og_type":"article","og_title":"Pol\u00edtica i educaci\u00f3: participa a l\u2019Escola d\u2019Esplac 2018! - Esplac","og_description":"\u201cI tu, per qu\u00e8 eduques?\u201d Aquest \u00e9s el t\u00edtol de [&hellip;]","og_url":"https:\/\/www.esplac.cat\/politica-i-educacio-escola-esplac-2018\/","og_site_name":"Esplac","article_published_time":"2018-01-18T16:14:47+00:00","og_image":[{"width":847,"height":295,"url":"https:\/\/www.esplac.cat\/wp-content\/uploads\/2018\/01\/notiescola2.jpg","type":"image\/jpeg"}],"author":"Comunicaci\u00f3 Esplac","twitter_card":"summary_large_image","twitter_misc":{"Escrito por":"Comunicaci\u00f3 Esplac","Tiempo de lectura":"2 minutos"},"schema":{"@context":"https:\/\/schema.org","@graph":[{"@type":"Article","@id":"https:\/\/www.esplac.cat\/politica-i-educacio-escola-esplac-2018\/#article","isPartOf":{"@id":"https:\/\/www.esplac.cat\/politica-i-educacio-escola-esplac-2018\/"},"author":{"name":"Comunicaci\u00f3 Esplac","@id":"https:\/\/www.esplac.cat\/#\/schema\/person\/908383cf240be18b68f8855d0583faca"},"headline":"Pol\u00edtica i educaci\u00f3: participa a l\u2019Escola d\u2019Esplac 2018!","datePublished":"2018-01-18T16:14:47+00:00","mainEntityOfPage":{"@id":"https:\/\/www.esplac.cat\/politica-i-educacio-escola-esplac-2018\/"},"wordCount":384,"publisher":{"@id":"https:\/\/www.esplac.cat\/#organization"},"image":{"@id":"https:\/\/www.esplac.cat\/politica-i-educacio-escola-esplac-2018\/#primaryimage"},"thumbnailUrl":"https:\/\/www.esplac.cat\/wp-content\/uploads\/2018\/01\/notiescola2.jpg","keywords":["#EscolaEsplac18","Marta Mata","politica"],"articleSection":["Cursos i formacions","Escola d'Esplac","Sense categoria"],"inLanguage":"es"},{"@type":"WebPage","@id":"https:\/\/www.esplac.cat\/politica-i-educacio-escola-esplac-2018\/","url":"https:\/\/www.esplac.cat\/politica-i-educacio-escola-esplac-2018\/","name":"Pol\u00edtica i educaci\u00f3: participa a l\u2019Escola d\u2019Esplac 2018! - Esplac","isPartOf":{"@id":"https:\/\/www.esplac.cat\/#website"},"primaryImageOfPage":{"@id":"https:\/\/www.esplac.cat\/politica-i-educacio-escola-esplac-2018\/#primaryimage"},"image":{"@id":"https:\/\/www.esplac.cat\/politica-i-educacio-escola-esplac-2018\/#primaryimage"},"thumbnailUrl":"https:\/\/www.esplac.cat\/wp-content\/uploads\/2018\/01\/notiescola2.jpg","datePublished":"2018-01-18T16:14:47+00:00","breadcrumb":{"@id":"https:\/\/www.esplac.cat\/politica-i-educacio-escola-esplac-2018\/#breadcrumb"},"inLanguage":"es","potentialAction":[{"@type":"ReadAction","target":["https:\/\/www.esplac.cat\/politica-i-educacio-escola-esplac-2018\/"]}]},{"@type":"ImageObject","inLanguage":"es","@id":"https:\/\/www.esplac.cat\/politica-i-educacio-escola-esplac-2018\/#primaryimage","url":"https:\/\/www.esplac.cat\/wp-content\/uploads\/2018\/01\/notiescola2.jpg","contentUrl":"https:\/\/www.esplac.cat\/wp-content\/uploads\/2018\/01\/notiescola2.jpg","width":847,"height":295},{"@type":"BreadcrumbList","@id":"https:\/\/www.esplac.cat\/politica-i-educacio-escola-esplac-2018\/#breadcrumb","itemListElement":[{"@type":"ListItem","position":1,"name":"Inici","item":"https:\/\/www.esplac.cat\/es\/"},{"@type":"ListItem","position":2,"name":"Pol\u00edtica i educaci\u00f3: participa a l\u2019Escola d\u2019Esplac 2018!"}]},{"@type":"WebSite","@id":"https:\/\/www.esplac.cat\/#website","url":"https:\/\/www.esplac.cat\/","name":"Esplac","description":"Esplais Catalans","publisher":{"@id":"https:\/\/www.esplac.cat\/#organization"},"potentialAction":[{"@type":"SearchAction","target":{"@type":"EntryPoint","urlTemplate":"https:\/\/www.esplac.cat\/?s={search_term_string}"},"query-input":{"@type":"PropertyValueSpecification","valueRequired":true,"valueName":"search_term_string"}}],"inLanguage":"es"},{"@type":"Organization","@id":"https:\/\/www.esplac.cat\/#organization","name":"Esplac","url":"https:\/\/www.esplac.cat\/","logo":{"@type":"ImageObject","inLanguage":"es","@id":"https:\/\/www.esplac.cat\/#\/schema\/logo\/image\/","url":"https:\/\/www.esplac.cat\/wp-content\/uploads\/2019\/08\/logox2.png","contentUrl":"https:\/\/www.esplac.cat\/wp-content\/uploads\/2019\/08\/logox2.png","width":600,"height":295,"caption":"Esplac"},"image":{"@id":"https:\/\/www.esplac.cat\/#\/schema\/logo\/image\/"}},{"@type":"Person","@id":"https:\/\/www.esplac.cat\/#\/schema\/person\/908383cf240be18b68f8855d0583faca","name":"Comunicaci\u00f3 Esplac","image":{"@type":"ImageObject","inLanguage":"es","@id":"https:\/\/secure.gravatar.com\/avatar\/7a4cf8feb412a76ea4a740ca02d95b06b2907b5a6c648c2dd0a1082a093c3141?s=96&d=mm&r=g","url":"https:\/\/secure.gravatar.com\/avatar\/7a4cf8feb412a76ea4a740ca02d95b06b2907b5a6c648c2dd0a1082a093c3141?s=96&d=mm&r=g","contentUrl":"https:\/\/secure.gravatar.com\/avatar\/7a4cf8feb412a76ea4a740ca02d95b06b2907b5a6c648c2dd0a1082a093c3141?s=96&d=mm&r=g","caption":"Comunicaci\u00f3 Esplac"}}]}},"_links":{"self":[{"href":"https:\/\/www.esplac.cat\/es\/wp-json\/wp\/v2\/posts\/17179","targetHints":{"allow":["GET"]}}],"collection":[{"href":"https:\/\/www.esplac.cat\/es\/wp-json\/wp\/v2\/posts"}],"about":[{"href":"https:\/\/www.esplac.cat\/es\/wp-json\/wp\/v2\/types\/post"}],"author":[{"embeddable":true,"href":"https:\/\/www.esplac.cat\/es\/wp-json\/wp\/v2\/users\/3"}],"replies":[{"embeddable":true,"href":"https:\/\/www.esplac.cat\/es\/wp-json\/wp\/v2\/comments?post=17179"}],"version-history":[{"count":0,"href":"https:\/\/www.esplac.cat\/es\/wp-json\/wp\/v2\/posts\/17179\/revisions"}],"wp:featuredmedia":[{"embeddable":true,"href":"https:\/\/www.esplac.cat\/es\/wp-json\/wp\/v2\/media\/17184"}],"wp:attachment":[{"href":"https:\/\/www.esplac.cat\/es\/wp-json\/wp\/v2\/media?parent=17179"}],"wp:term":[{"taxonomy":"category","embeddable":true,"href":"https:\/\/www.esplac.cat\/es\/wp-json\/wp\/v2\/categories?post=17179"},{"taxonomy":"post_tag","embeddable":true,"href":"https:\/\/www.esplac.cat\/es\/wp-json\/wp\/v2\/tags?post=17179"}],"curies":[{"name":"wp","href":"https:\/\/api.w.org\/{rel}","templated":true}]}}