{"id":17200,"date":"2018-01-23T09:16:06","date_gmt":"2018-01-23T09:16:06","guid":{"rendered":"https:\/\/www.esplac.cat\/?p=17200"},"modified":"2018-01-23T09:16:06","modified_gmt":"2018-01-23T09:16:06","slug":"entrevista-jaume-martinez","status":"publish","type":"post","link":"https:\/\/www.esplac.cat\/es\/entrevista-jaume-martinez\/","title":{"rendered":"Jaume Mart\u00ednez: \u201cEl poder medi\u00e0tic condueix la reflexi\u00f3 cap a mentalitats conservadores\u201d"},"content":{"rendered":"<h4>Entrevistem Jaume Mart\u00ednez, ponent final de l\u2019Escola d\u2019Esplac 2018<\/h4>\n<p style=\"text-align: justify;\">Jaume Mart\u00ednez \u00e9s doctor en Filosofia i Ci\u00e8ncies de l\u2019Educaci\u00f3 i professor titular al Departament de Did\u00e0ctica i Organitzaci\u00f3 Escolar de la Universitat de Val\u00e8ncia. Tamb\u00e9 \u00e9s fundador i militant destacat dels Moviments de Renovaci\u00f3 Pedag\u00f2gica. Ser\u00e0 l\u2019encarregat de la pon\u00e8ncia final de l\u2019Escola d\u2019Esplac 2018, i hem volgut con\u00e8ixer-lo a trav\u00e9s d\u2019aquesta entrevista. Endavant!<\/p>\n<p style=\"text-align: justify;\"><strong>-En primer lloc, voldr\u00edem con\u00e8ixer la figura de Jaume Mart\u00ednez. Quina \u00e9s la teva feina com a docent?<\/strong><br \/>\nVaig ser mestre d\u2019escola p\u00fablica els primers onze anys i despr\u00e9s vaig passar a la universitat de Val\u00e8ncia, com a profe de Did\u00e0ctica i investigador del curr\u00edculum, tot des d\u2019una mirada cr\u00edtica i compromesa. Tamb\u00e9 he estat militant als Moviments de Renovaci\u00f3 Pedag\u00f2gica.<\/p>\n<p style=\"text-align: justify;\"><strong>-Entrant en el tema concret de l\u2019Escola d&#8217;Esplac 2018, quina vinculaci\u00f3 conceps entre l\u2019educaci\u00f3 i la pol\u00edtica?<\/strong><br \/>\nQualsevol acci\u00f3 de l\u2019\u00e9sser hum\u00e0 \u00e9s pol\u00edtica. Tamb\u00e9 l\u2019acci\u00f3 educativa. Disfressar de \u201ct\u00e8cnica\u201d o \u201cprofessional\u201d aquesta acci\u00f3 \u00e9s una forma d\u2019emmascarament del tipus de projecte pol\u00edtic que hi ha darrere de qualsevol projecte educatiu.<\/p>\n<p style=\"text-align: justify;\"><strong>-En aquest sentit, veus evoluci\u00f3 en aquesta relaci\u00f3 educaci\u00f3-pol\u00edtica d\u2019uns anys enrere al moment actual?<\/strong><br \/>\nNo exactament evoluci\u00f3. Veig confusi\u00f3, un altre tipus de confusi\u00f3. Veig discursos \u201cinnovadors\u201d tremendament reaccionaris (Ai! Si Freinet o Freire al\u00e7aren el cap!) I veig un poder medi\u00e0tic que condueix la reflexi\u00f3 cap al refor\u00e7ament de mentalitats conservadores. I veig, com tamb\u00e9 ho veia abans, gent esfor\u00e7ada i compromesa que tira endavant models educatius emancipadors.<\/p>\n<p style=\"text-align: justify;\"><strong>-L\u2019educaci\u00f3 no \u00e9s neutra, \u00e9s una transmissi\u00f3 de valors i d\u2019idees. \u00c9s l\u00edcit que sigui aix\u00ed? Educar \u00e9s manipular?<\/strong><br \/>\nM\u00e9s que transmissi\u00f3, el que crec \u00e9s que l\u2019educaci\u00f3 ens ha de recon\u00e8ixer com a subjectes amb capacitat per construir valors i idees pr\u00f2pies. Educar \u00e9s donar ferramentes alfabetitzadores per saber llegir cr\u00edticament el m\u00f3n, aix\u00f2 no \u00e9s manipular. La investigaci\u00f3 sobre els professors i l\u20191 d&#8217;octubre, per exemple, tinc la sensaci\u00f3 que t\u00e9 molt a veure amb una guerra social molt miserable i molt poc amb la preocupaci\u00f3 per la manipulaci\u00f3 dels infants. Aquestes den\u00fancies es podrien fer a les grans editorials del llibre de text per fomentar discursos sexistes, euroc\u00e8ntrics o antiecol\u00f2gics, i no es fan.<\/p>\n<blockquote>\n<p style=\"text-align: justify;\">\u201cM\u00e9s que transmissi\u00f3, el que crec \u00e9s que l\u2019educaci\u00f3 ens ha de recon\u00e8ixer com a subjectes amb capacitat per construir valors i idees pr\u00f2pies. Educar \u00e9s donar ferramentes alfabetitzadores per saber llegir cr\u00edticament el m\u00f3n, aix\u00f2 no \u00e9s manipular.\u201d<\/p>\n<\/blockquote>\n<p style=\"text-align: justify;\"><strong>-Caldria reflexionar m\u00e9s sobre el que transmetem als infants? Procurar ser imparcials?<\/strong><\/p>\n<p style=\"text-align: justify;\">Jo crec que mai he estat imparcial, per\u00f2 sempre he tingut molta cura per a respectar i recon\u00e8ixer cada xiquet i xiqueta en la seva capacitat i el seu dret de cr\u00e9ixer com a persona lliure i emancipada. Aix\u00f2 de transmetre, transmetre, m\u2019agradaria pensar que el que he transm\u00e8s \u00e9s poder, poder per ser subjecte (subjectat), per\u00f2 un subjecte que pren en les seves mans la lluita per decidir el dest\u00ed de la seva vida.<\/p>\n<p style=\"text-align: justify;\"><strong>-Quin paper juga l\u2019educaci\u00f3 en la construcci\u00f3 dels models socials i econ\u00f2mics? \u00c9s a dir, hi ha repercussi\u00f3 a llarg termini, en la societat?<\/strong><br \/>\nNo \u00e9s determinant, com alg\u00fa ha volgut pensar. Per\u00f2 \u00e9s un factor hist\u00f2ric molt important en la construcci\u00f3 i la transformaci\u00f3 social. Des de fa molts anys sabem que una lluita important del moviment obrer llibertari era la formaci\u00f3, la creaci\u00f3 d\u2019&#8217;un tipus de saber amb el qual dissenyar i construir altres models de relaci\u00f3 entre les persones m\u00e9s justos i habitables.<\/p>\n<p style=\"text-align: justify;\">Jaume Mart\u00ednez ja es va presentar a la fam\u00edlia d&#8217;Esplac fa unes setmanes a trav\u00e9s d&#8217;aquest <strong>v\u00eddeo<\/strong>!<\/p>\n<div class=\"video-shortcode\"><iframe class=\"fusion-hidden\" data-privacy-type=\"youtube\" src=\"\" title=\"Jaume Mart\u00ednez et convida a assistir a l&#039;Escola d&#039;Esplac 2018!\" width=\"1200\" height=\"675\" data-privacy-src=\"https:\/\/www.youtube.com\/embed\/_27awNUKLGA?feature=oembed\" frameborder=\"0\" allow=\"accelerometer; autoplay; encrypted-media; gyroscope; picture-in-picture\" allowfullscreen><\/iframe><div class=\"fusion-privacy-placeholder\" style=\"width:1200px; height:675px;\" data-privacy-type=\"youtube\"><div class=\"fusion-privacy-placeholder-content\"><div class=\"fusion-privacy-label\">For privacy reasons YouTube needs your permission to be loaded. For more details, please see our <a class=\"privacy-policy-link\" href=\"https:\/\/www.esplac.cat\/avis-legal\/\" rel=\"privacy-policy\">Av\u00eds Legal<\/a>.<\/div><a href=\"\" data-privacy-type=\"youtube\" class=\"fusion-button button-default fusion-button-default-size button fusion-privacy-consent\">I Accept<\/a><\/div><\/div><\/div>\n<p><strong>Apunta\u2019t a l\u2019Escola d\u2019Esplac 2018!<\/strong><\/p>\n<ul>\n<li style=\"text-align: justify;\"><strong>Quan?<\/strong> 24 i 25 de febrer de 2018<\/li>\n<li style=\"text-align: justify;\"><strong>On?<\/strong> <a href=\"https:\/\/www.google.es\/maps\/place\/escola+els+xiprers\/@41.4198004,2.0999045,17z\/data=!3m1!4b1!4m5!3m4!1s0x12a499d6aaaaaaab:0x92e200f836566f08!8m2!3d41.4197964!4d2.1020932?hl=ca\" target=\"_blank\" rel=\"noopener noreferrer\">Escola Els Xiprers de Barcelona<\/a><\/li>\n<li style=\"text-align: justify;\"><strong>Qu\u00e8?<\/strong> Pol\u00edtica i educaci\u00f3: \u201cI tu, per qu\u00e8 eduques?\u201d<\/li>\n<li style=\"text-align: justify;\"><strong>Com?<\/strong> Pots trobar tota la informaci\u00f3 en <a href=\"https:\/\/www.esplac.cat\/escola-esplac\/\" target=\"_blank\" rel=\"noopener noreferrer\">aquesta p\u00e0gina<\/a>.<\/li>\n<\/ul>\n","protected":false},"excerpt":{"rendered":"<p>Entrevistem Jaume Mart\u00ednez, ponent final de l\u2019Escola d\u2019Esplac 2018 Jaume [&hellip;]<\/p>\n","protected":false},"author":3,"featured_media":17201,"comment_status":"closed","ping_status":"closed","sticky":false,"template":"","format":"standard","meta":{"om_disable_all_campaigns":false,"_monsterinsights_skip_tracking":false,"_monsterinsights_sitenote_active":false,"_monsterinsights_sitenote_note":"","_monsterinsights_sitenote_category":0,"_uf_show_specific_survey":0,"_uf_disable_surveys":false,"footnotes":""},"categories":[1131,1129,1],"tags":[962,963,600],"class_list":["post-17200","post","type-post","status-publish","format-standard","has-post-thumbnail","hentry","category-cursos-formacions","category-escola-desplac","category-sense-categoria","tag-escolaesplac18","tag-entrevista","tag-politica"],"yoast_head":"<!-- This site is optimized with the Yoast SEO plugin v27.5 - https:\/\/yoast.com\/product\/yoast-seo-wordpress\/ -->\n<title>Jaume Mart\u00ednez: \u201cEl poder medi\u00e0tic condueix la reflexi\u00f3 cap a mentalitats conservadores\u201d - Esplac<\/title>\n<meta name=\"robots\" content=\"index, follow, max-snippet:-1, max-image-preview:large, max-video-preview:-1\" \/>\n<link rel=\"canonical\" href=\"https:\/\/www.esplac.cat\/entrevista-jaume-martinez\/\" \/>\n<meta property=\"og:locale\" content=\"es_ES\" \/>\n<meta property=\"og:type\" content=\"article\" \/>\n<meta property=\"og:title\" content=\"Jaume Mart\u00ednez: \u201cEl poder medi\u00e0tic condueix la reflexi\u00f3 cap a mentalitats conservadores\u201d - Esplac\" \/>\n<meta property=\"og:description\" content=\"Entrevistem Jaume Mart\u00ednez, ponent final de l\u2019Escola d\u2019Esplac 2018 Jaume [&hellip;]\" \/>\n<meta property=\"og:url\" content=\"https:\/\/www.esplac.cat\/entrevista-jaume-martinez\/\" \/>\n<meta property=\"og:site_name\" content=\"Esplac\" \/>\n<meta property=\"article:published_time\" content=\"2018-01-23T09:16:06+00:00\" \/>\n<meta property=\"og:image\" content=\"https:\/\/www.esplac.cat\/wp-content\/uploads\/2018\/01\/fotojaumeee.jpg\" \/>\n\t<meta property=\"og:image:width\" content=\"847\" \/>\n\t<meta property=\"og:image:height\" content=\"450\" \/>\n\t<meta property=\"og:image:type\" content=\"image\/jpeg\" \/>\n<meta name=\"author\" content=\"Comunicaci\u00f3 Esplac\" \/>\n<meta name=\"twitter:card\" content=\"summary_large_image\" \/>\n<meta name=\"twitter:label1\" content=\"Escrito por\" \/>\n\t<meta name=\"twitter:data1\" content=\"Comunicaci\u00f3 Esplac\" \/>\n\t<meta name=\"twitter:label2\" content=\"Tiempo de lectura\" \/>\n\t<meta name=\"twitter:data2\" content=\"4 minutos\" \/>\n<script type=\"application\/ld+json\" class=\"yoast-schema-graph\">{\"@context\":\"https:\\\/\\\/schema.org\",\"@graph\":[{\"@type\":\"Article\",\"@id\":\"https:\\\/\\\/www.esplac.cat\\\/entrevista-jaume-martinez\\\/#article\",\"isPartOf\":{\"@id\":\"https:\\\/\\\/www.esplac.cat\\\/entrevista-jaume-martinez\\\/\"},\"author\":{\"name\":\"Comunicaci\u00f3 Esplac\",\"@id\":\"https:\\\/\\\/www.esplac.cat\\\/#\\\/schema\\\/person\\\/908383cf240be18b68f8855d0583faca\"},\"headline\":\"Jaume Mart\u00ednez: \u201cEl poder medi\u00e0tic condueix la reflexi\u00f3 cap a mentalitats conservadores\u201d\",\"datePublished\":\"2018-01-23T09:16:06+00:00\",\"mainEntityOfPage\":{\"@id\":\"https:\\\/\\\/www.esplac.cat\\\/entrevista-jaume-martinez\\\/\"},\"wordCount\":728,\"publisher\":{\"@id\":\"https:\\\/\\\/www.esplac.cat\\\/#organization\"},\"image\":{\"@id\":\"https:\\\/\\\/www.esplac.cat\\\/entrevista-jaume-martinez\\\/#primaryimage\"},\"thumbnailUrl\":\"https:\\\/\\\/www.esplac.cat\\\/wp-content\\\/uploads\\\/2018\\\/01\\\/fotojaumeee.jpg\",\"keywords\":[\"#EscolaEsplac18\",\"entrevista\",\"politica\"],\"articleSection\":[\"Cursos i formacions\",\"Escola d'Esplac\",\"Sense categoria\"],\"inLanguage\":\"es\"},{\"@type\":\"WebPage\",\"@id\":\"https:\\\/\\\/www.esplac.cat\\\/entrevista-jaume-martinez\\\/\",\"url\":\"https:\\\/\\\/www.esplac.cat\\\/entrevista-jaume-martinez\\\/\",\"name\":\"Jaume Mart\u00ednez: \u201cEl poder medi\u00e0tic condueix la reflexi\u00f3 cap a mentalitats conservadores\u201d - Esplac\",\"isPartOf\":{\"@id\":\"https:\\\/\\\/www.esplac.cat\\\/#website\"},\"primaryImageOfPage\":{\"@id\":\"https:\\\/\\\/www.esplac.cat\\\/entrevista-jaume-martinez\\\/#primaryimage\"},\"image\":{\"@id\":\"https:\\\/\\\/www.esplac.cat\\\/entrevista-jaume-martinez\\\/#primaryimage\"},\"thumbnailUrl\":\"https:\\\/\\\/www.esplac.cat\\\/wp-content\\\/uploads\\\/2018\\\/01\\\/fotojaumeee.jpg\",\"datePublished\":\"2018-01-23T09:16:06+00:00\",\"breadcrumb\":{\"@id\":\"https:\\\/\\\/www.esplac.cat\\\/entrevista-jaume-martinez\\\/#breadcrumb\"},\"inLanguage\":\"es\",\"potentialAction\":[{\"@type\":\"ReadAction\",\"target\":[\"https:\\\/\\\/www.esplac.cat\\\/entrevista-jaume-martinez\\\/\"]}]},{\"@type\":\"ImageObject\",\"inLanguage\":\"es\",\"@id\":\"https:\\\/\\\/www.esplac.cat\\\/entrevista-jaume-martinez\\\/#primaryimage\",\"url\":\"https:\\\/\\\/www.esplac.cat\\\/wp-content\\\/uploads\\\/2018\\\/01\\\/fotojaumeee.jpg\",\"contentUrl\":\"https:\\\/\\\/www.esplac.cat\\\/wp-content\\\/uploads\\\/2018\\\/01\\\/fotojaumeee.jpg\",\"width\":847,\"height\":450},{\"@type\":\"BreadcrumbList\",\"@id\":\"https:\\\/\\\/www.esplac.cat\\\/entrevista-jaume-martinez\\\/#breadcrumb\",\"itemListElement\":[{\"@type\":\"ListItem\",\"position\":1,\"name\":\"Inici\",\"item\":\"https:\\\/\\\/www.esplac.cat\\\/es\\\/\"},{\"@type\":\"ListItem\",\"position\":2,\"name\":\"Jaume Mart\u00ednez: \u201cEl poder medi\u00e0tic condueix la reflexi\u00f3 cap a mentalitats conservadores\u201d\"}]},{\"@type\":\"WebSite\",\"@id\":\"https:\\\/\\\/www.esplac.cat\\\/#website\",\"url\":\"https:\\\/\\\/www.esplac.cat\\\/\",\"name\":\"Esplac\",\"description\":\"Esplais Catalans\",\"publisher\":{\"@id\":\"https:\\\/\\\/www.esplac.cat\\\/#organization\"},\"potentialAction\":[{\"@type\":\"SearchAction\",\"target\":{\"@type\":\"EntryPoint\",\"urlTemplate\":\"https:\\\/\\\/www.esplac.cat\\\/?s={search_term_string}\"},\"query-input\":{\"@type\":\"PropertyValueSpecification\",\"valueRequired\":true,\"valueName\":\"search_term_string\"}}],\"inLanguage\":\"es\"},{\"@type\":\"Organization\",\"@id\":\"https:\\\/\\\/www.esplac.cat\\\/#organization\",\"name\":\"Esplac\",\"url\":\"https:\\\/\\\/www.esplac.cat\\\/\",\"logo\":{\"@type\":\"ImageObject\",\"inLanguage\":\"es\",\"@id\":\"https:\\\/\\\/www.esplac.cat\\\/#\\\/schema\\\/logo\\\/image\\\/\",\"url\":\"https:\\\/\\\/www.esplac.cat\\\/wp-content\\\/uploads\\\/2019\\\/08\\\/logox2.png\",\"contentUrl\":\"https:\\\/\\\/www.esplac.cat\\\/wp-content\\\/uploads\\\/2019\\\/08\\\/logox2.png\",\"width\":600,\"height\":295,\"caption\":\"Esplac\"},\"image\":{\"@id\":\"https:\\\/\\\/www.esplac.cat\\\/#\\\/schema\\\/logo\\\/image\\\/\"}},{\"@type\":\"Person\",\"@id\":\"https:\\\/\\\/www.esplac.cat\\\/#\\\/schema\\\/person\\\/908383cf240be18b68f8855d0583faca\",\"name\":\"Comunicaci\u00f3 Esplac\",\"image\":{\"@type\":\"ImageObject\",\"inLanguage\":\"es\",\"@id\":\"https:\\\/\\\/secure.gravatar.com\\\/avatar\\\/7a4cf8feb412a76ea4a740ca02d95b06b2907b5a6c648c2dd0a1082a093c3141?s=96&d=mm&r=g\",\"url\":\"https:\\\/\\\/secure.gravatar.com\\\/avatar\\\/7a4cf8feb412a76ea4a740ca02d95b06b2907b5a6c648c2dd0a1082a093c3141?s=96&d=mm&r=g\",\"contentUrl\":\"https:\\\/\\\/secure.gravatar.com\\\/avatar\\\/7a4cf8feb412a76ea4a740ca02d95b06b2907b5a6c648c2dd0a1082a093c3141?s=96&d=mm&r=g\",\"caption\":\"Comunicaci\u00f3 Esplac\"}}]}<\/script>\n<!-- \/ Yoast SEO plugin. -->","yoast_head_json":{"title":"Jaume Mart\u00ednez: \u201cEl poder medi\u00e0tic condueix la reflexi\u00f3 cap a mentalitats conservadores\u201d - Esplac","robots":{"index":"index","follow":"follow","max-snippet":"max-snippet:-1","max-image-preview":"max-image-preview:large","max-video-preview":"max-video-preview:-1"},"canonical":"https:\/\/www.esplac.cat\/entrevista-jaume-martinez\/","og_locale":"es_ES","og_type":"article","og_title":"Jaume Mart\u00ednez: \u201cEl poder medi\u00e0tic condueix la reflexi\u00f3 cap a mentalitats conservadores\u201d - Esplac","og_description":"Entrevistem Jaume Mart\u00ednez, ponent final de l\u2019Escola d\u2019Esplac 2018 Jaume [&hellip;]","og_url":"https:\/\/www.esplac.cat\/entrevista-jaume-martinez\/","og_site_name":"Esplac","article_published_time":"2018-01-23T09:16:06+00:00","og_image":[{"width":847,"height":450,"url":"https:\/\/www.esplac.cat\/wp-content\/uploads\/2018\/01\/fotojaumeee.jpg","type":"image\/jpeg"}],"author":"Comunicaci\u00f3 Esplac","twitter_card":"summary_large_image","twitter_misc":{"Escrito por":"Comunicaci\u00f3 Esplac","Tiempo de lectura":"4 minutos"},"schema":{"@context":"https:\/\/schema.org","@graph":[{"@type":"Article","@id":"https:\/\/www.esplac.cat\/entrevista-jaume-martinez\/#article","isPartOf":{"@id":"https:\/\/www.esplac.cat\/entrevista-jaume-martinez\/"},"author":{"name":"Comunicaci\u00f3 Esplac","@id":"https:\/\/www.esplac.cat\/#\/schema\/person\/908383cf240be18b68f8855d0583faca"},"headline":"Jaume Mart\u00ednez: \u201cEl poder medi\u00e0tic condueix la reflexi\u00f3 cap a mentalitats conservadores\u201d","datePublished":"2018-01-23T09:16:06+00:00","mainEntityOfPage":{"@id":"https:\/\/www.esplac.cat\/entrevista-jaume-martinez\/"},"wordCount":728,"publisher":{"@id":"https:\/\/www.esplac.cat\/#organization"},"image":{"@id":"https:\/\/www.esplac.cat\/entrevista-jaume-martinez\/#primaryimage"},"thumbnailUrl":"https:\/\/www.esplac.cat\/wp-content\/uploads\/2018\/01\/fotojaumeee.jpg","keywords":["#EscolaEsplac18","entrevista","politica"],"articleSection":["Cursos i formacions","Escola d'Esplac","Sense categoria"],"inLanguage":"es"},{"@type":"WebPage","@id":"https:\/\/www.esplac.cat\/entrevista-jaume-martinez\/","url":"https:\/\/www.esplac.cat\/entrevista-jaume-martinez\/","name":"Jaume Mart\u00ednez: \u201cEl poder medi\u00e0tic condueix la reflexi\u00f3 cap a mentalitats conservadores\u201d - Esplac","isPartOf":{"@id":"https:\/\/www.esplac.cat\/#website"},"primaryImageOfPage":{"@id":"https:\/\/www.esplac.cat\/entrevista-jaume-martinez\/#primaryimage"},"image":{"@id":"https:\/\/www.esplac.cat\/entrevista-jaume-martinez\/#primaryimage"},"thumbnailUrl":"https:\/\/www.esplac.cat\/wp-content\/uploads\/2018\/01\/fotojaumeee.jpg","datePublished":"2018-01-23T09:16:06+00:00","breadcrumb":{"@id":"https:\/\/www.esplac.cat\/entrevista-jaume-martinez\/#breadcrumb"},"inLanguage":"es","potentialAction":[{"@type":"ReadAction","target":["https:\/\/www.esplac.cat\/entrevista-jaume-martinez\/"]}]},{"@type":"ImageObject","inLanguage":"es","@id":"https:\/\/www.esplac.cat\/entrevista-jaume-martinez\/#primaryimage","url":"https:\/\/www.esplac.cat\/wp-content\/uploads\/2018\/01\/fotojaumeee.jpg","contentUrl":"https:\/\/www.esplac.cat\/wp-content\/uploads\/2018\/01\/fotojaumeee.jpg","width":847,"height":450},{"@type":"BreadcrumbList","@id":"https:\/\/www.esplac.cat\/entrevista-jaume-martinez\/#breadcrumb","itemListElement":[{"@type":"ListItem","position":1,"name":"Inici","item":"https:\/\/www.esplac.cat\/es\/"},{"@type":"ListItem","position":2,"name":"Jaume Mart\u00ednez: \u201cEl poder medi\u00e0tic condueix la reflexi\u00f3 cap a mentalitats conservadores\u201d"}]},{"@type":"WebSite","@id":"https:\/\/www.esplac.cat\/#website","url":"https:\/\/www.esplac.cat\/","name":"Esplac","description":"Esplais Catalans","publisher":{"@id":"https:\/\/www.esplac.cat\/#organization"},"potentialAction":[{"@type":"SearchAction","target":{"@type":"EntryPoint","urlTemplate":"https:\/\/www.esplac.cat\/?s={search_term_string}"},"query-input":{"@type":"PropertyValueSpecification","valueRequired":true,"valueName":"search_term_string"}}],"inLanguage":"es"},{"@type":"Organization","@id":"https:\/\/www.esplac.cat\/#organization","name":"Esplac","url":"https:\/\/www.esplac.cat\/","logo":{"@type":"ImageObject","inLanguage":"es","@id":"https:\/\/www.esplac.cat\/#\/schema\/logo\/image\/","url":"https:\/\/www.esplac.cat\/wp-content\/uploads\/2019\/08\/logox2.png","contentUrl":"https:\/\/www.esplac.cat\/wp-content\/uploads\/2019\/08\/logox2.png","width":600,"height":295,"caption":"Esplac"},"image":{"@id":"https:\/\/www.esplac.cat\/#\/schema\/logo\/image\/"}},{"@type":"Person","@id":"https:\/\/www.esplac.cat\/#\/schema\/person\/908383cf240be18b68f8855d0583faca","name":"Comunicaci\u00f3 Esplac","image":{"@type":"ImageObject","inLanguage":"es","@id":"https:\/\/secure.gravatar.com\/avatar\/7a4cf8feb412a76ea4a740ca02d95b06b2907b5a6c648c2dd0a1082a093c3141?s=96&d=mm&r=g","url":"https:\/\/secure.gravatar.com\/avatar\/7a4cf8feb412a76ea4a740ca02d95b06b2907b5a6c648c2dd0a1082a093c3141?s=96&d=mm&r=g","contentUrl":"https:\/\/secure.gravatar.com\/avatar\/7a4cf8feb412a76ea4a740ca02d95b06b2907b5a6c648c2dd0a1082a093c3141?s=96&d=mm&r=g","caption":"Comunicaci\u00f3 Esplac"}}]}},"_links":{"self":[{"href":"https:\/\/www.esplac.cat\/es\/wp-json\/wp\/v2\/posts\/17200","targetHints":{"allow":["GET"]}}],"collection":[{"href":"https:\/\/www.esplac.cat\/es\/wp-json\/wp\/v2\/posts"}],"about":[{"href":"https:\/\/www.esplac.cat\/es\/wp-json\/wp\/v2\/types\/post"}],"author":[{"embeddable":true,"href":"https:\/\/www.esplac.cat\/es\/wp-json\/wp\/v2\/users\/3"}],"replies":[{"embeddable":true,"href":"https:\/\/www.esplac.cat\/es\/wp-json\/wp\/v2\/comments?post=17200"}],"version-history":[{"count":0,"href":"https:\/\/www.esplac.cat\/es\/wp-json\/wp\/v2\/posts\/17200\/revisions"}],"wp:featuredmedia":[{"embeddable":true,"href":"https:\/\/www.esplac.cat\/es\/wp-json\/wp\/v2\/media\/17201"}],"wp:attachment":[{"href":"https:\/\/www.esplac.cat\/es\/wp-json\/wp\/v2\/media?parent=17200"}],"wp:term":[{"taxonomy":"category","embeddable":true,"href":"https:\/\/www.esplac.cat\/es\/wp-json\/wp\/v2\/categories?post=17200"},{"taxonomy":"post_tag","embeddable":true,"href":"https:\/\/www.esplac.cat\/es\/wp-json\/wp\/v2\/tags?post=17200"}],"curies":[{"name":"wp","href":"https:\/\/api.w.org\/{rel}","templated":true}]}}