{"id":17240,"date":"2018-01-30T08:48:51","date_gmt":"2018-01-30T08:48:51","guid":{"rendered":"https:\/\/www.esplac.cat\/?p=17240"},"modified":"2018-01-30T08:48:51","modified_gmt":"2018-01-30T08:48:51","slug":"inscripcions-obertes-queer-easter-2018","status":"publish","type":"post","link":"https:\/\/www.esplac.cat\/es\/inscripcions-obertes-queer-easter-2018\/","title":{"rendered":"Inscripcions obertes per a la Queer Easter 2018!"},"content":{"rendered":"<h4 style=\"text-align: justify;\">Enguany la formaci\u00f3 dur\u00e0 el t\u00edtol \u201cSolidaritat vs segregaci\u00f3\u201d i tindr\u00e0 lloc del 26 de mar\u00e7 al 2 d\u2019abril a Werftpfuhl (Alemanya)<\/h4>\n<p style=\"text-align: justify;\">Any nou, Queer Easter nova! L\u2019edici\u00f3 del 2018 se centrar\u00e0 a analitzar les lluites que hi ha dins el <strong>moviment LGTBIQ+<\/strong>: els espais de solidaritat i d\u2019inter\u00e8s com\u00fa, els perills de despolititzar-se, les eines que es tenen per fer pol\u00edtiques Queer des dels moviments progressistes&#8230;<\/p>\n<p style=\"text-align: justify;\">L\u2019entitat organitzadora, el centre <a href=\"https:\/\/www.google.es\/maps\/place\/Jugendbildungst%C3%A4tte+Kurt+L%C3%B6wenstein\/@52.6596416,13.2297299,9z\/data=!4m5!3m4!1s0x47a9ca34519150b9:0xe124721d9e24c702!8m2!3d52.6596416!4d13.7900326\" target=\"_blank\" rel=\"noopener noreferrer\">Kurt L\u00f6wenstein<\/a> (vinculat als Die Falken), tamb\u00e9 \u00e9s la dinamitzadora de la Winterschool i la Summerschool, en qu\u00e8 en diverses ocasions ha participat gent d\u2019Esplais Catalans.<\/p>\n<p style=\"text-align: justify;\">Si us interessa el tema, no dubteu a apuntar-vos-hi o a demanar m\u00e9s detalls a <strong>internacional@esplac.cat<\/strong>!<\/p>\n<p style=\"text-align: justify;\"><strong>Informaci\u00f3 pr\u00e0ctica<\/strong>:<\/p>\n<p style=\"text-align: justify;\">Dates: del 26 de mar\u00e7 al 2 d\u2019abril<br \/>\nLloc: Werftpfuhl (Berl\u00edn, Alemanya)<br \/>\nPlaces: quatre per a monis d\u2019Esplac<br \/>\nCost: 50 euros<br \/>\nSubvenci\u00f3: fins a 275 euros en concepte de transport<br \/>\nTermini: 15 de febrer (despr\u00e9s Esplac far\u00e0 un proc\u00e9s de selecci\u00f3 intern)<\/p>\n<ul>\n<li style=\"text-align: justify;\">Per llegir els criteris de selecci\u00f3, feu clic en <a href=\"https:\/\/www.esplac.cat\/wp-content\/uploads\/2017\/09\/Criteris-FI.pdf\" target=\"_blank\" rel=\"noopener noreferrer\">aquest enlla\u00e7<\/a>.<\/li>\n<li style=\"text-align: justify;\">Per inscriure-us-hi, feu clic en <a href=\"https:\/\/docs.google.com\/forms\/d\/e\/1FAIpQLScs4htDIUTVbHII3Zu-YIjNN3g8eMv_cu4QtlHS29nbJQ1EcA\/viewform\" target=\"_blank\" rel=\"noopener noreferrer\">aquest altre<\/a>.<\/li>\n<li style=\"text-align: justify;\">I per seguir les novetats de l\u2019activitat, aqu\u00ed teniu l\u2019enlla\u00e7 de l&#8217;<a href=\"https:\/\/www.facebook.com\/events\/140165783332481\/\" target=\"_blank\" rel=\"noopener noreferrer\">esdeveniment de Facebook<\/a>.<\/li>\n<\/ul>\n<p><a href=\"http:\/\/esplac.cat\/wp-content\/uploads\/2018\/01\/queer.jpg\"><img decoding=\"async\" class=\"wp-image-17244 alignleft\" src=\"http:\/\/esplac.cat\/wp-content\/uploads\/2018\/01\/queer-212x300.jpg\" alt=\"\" width=\"350\" height=\"495\" srcset=\"https:\/\/www.esplac.cat\/wp-content\/uploads\/2018\/01\/queer-200x283.jpg 200w, https:\/\/www.esplac.cat\/wp-content\/uploads\/2018\/01\/queer-212x300.jpg 212w, https:\/\/www.esplac.cat\/wp-content\/uploads\/2018\/01\/queer-400x566.jpg 400w, https:\/\/www.esplac.cat\/wp-content\/uploads\/2018\/01\/queer-600x850.jpg 600w, https:\/\/www.esplac.cat\/wp-content\/uploads\/2018\/01\/queer.jpg 678w\" sizes=\"(max-width: 350px) 100vw, 350px\" \/><\/a>    \t<\/p>\n","protected":false},"excerpt":{"rendered":"<p>Enguany la formaci\u00f3 dur\u00e0 el t\u00edtol \u201cSolidaritat vs segregaci\u00f3\u201d i [&hellip;]<\/p>\n","protected":false},"author":3,"featured_media":17243,"comment_status":"closed","ping_status":"closed","sticky":false,"template":"","format":"standard","meta":{"om_disable_all_campaigns":false,"_monsterinsights_skip_tracking":false,"_monsterinsights_sitenote_active":false,"_monsterinsights_sitenote_note":"","_monsterinsights_sitenote_category":0,"_uf_show_specific_survey":0,"_uf_disable_surveys":false,"footnotes":""},"categories":[1112,1],"tags":[270,54,219],"class_list":["post-17240","post","type-post","status-publish","format-standard","has-post-thumbnail","hentry","category-esplac-al-mon","category-sense-categoria","tag-activitats-internacionals","tag-formacio","tag-queer-easter"],"yoast_head":"<!-- This site is optimized with the Yoast SEO plugin v27.5 - https:\/\/yoast.com\/product\/yoast-seo-wordpress\/ -->\n<title>Inscripcions obertes per a la Queer Easter 2018! - Esplac<\/title>\n<meta name=\"robots\" content=\"index, follow, max-snippet:-1, max-image-preview:large, max-video-preview:-1\" \/>\n<link rel=\"canonical\" href=\"https:\/\/www.esplac.cat\/inscripcions-obertes-queer-easter-2018\/\" \/>\n<meta property=\"og:locale\" content=\"es_ES\" \/>\n<meta property=\"og:type\" content=\"article\" \/>\n<meta property=\"og:title\" content=\"Inscripcions obertes per a la Queer Easter 2018! - Esplac\" \/>\n<meta property=\"og:description\" content=\"Enguany la formaci\u00f3 dur\u00e0 el t\u00edtol \u201cSolidaritat vs segregaci\u00f3\u201d i [&hellip;]\" \/>\n<meta property=\"og:url\" content=\"https:\/\/www.esplac.cat\/inscripcions-obertes-queer-easter-2018\/\" \/>\n<meta property=\"og:site_name\" content=\"Esplac\" \/>\n<meta property=\"article:published_time\" content=\"2018-01-30T08:48:51+00:00\" \/>\n<meta property=\"og:image\" content=\"https:\/\/www.esplac.cat\/wp-content\/uploads\/2018\/01\/kurt.jpg\" \/>\n\t<meta property=\"og:image:width\" content=\"847\" \/>\n\t<meta property=\"og:image:height\" content=\"350\" \/>\n\t<meta property=\"og:image:type\" content=\"image\/jpeg\" \/>\n<meta name=\"author\" content=\"Comunicaci\u00f3 Esplac\" \/>\n<meta name=\"twitter:card\" content=\"summary_large_image\" \/>\n<meta name=\"twitter:label1\" content=\"Escrito por\" \/>\n\t<meta name=\"twitter:data1\" content=\"Comunicaci\u00f3 Esplac\" \/>\n\t<meta name=\"twitter:label2\" content=\"Tiempo de lectura\" \/>\n\t<meta name=\"twitter:data2\" content=\"1 minuto\" \/>\n<script type=\"application\/ld+json\" class=\"yoast-schema-graph\">{\"@context\":\"https:\\\/\\\/schema.org\",\"@graph\":[{\"@type\":\"Article\",\"@id\":\"https:\\\/\\\/www.esplac.cat\\\/inscripcions-obertes-queer-easter-2018\\\/#article\",\"isPartOf\":{\"@id\":\"https:\\\/\\\/www.esplac.cat\\\/inscripcions-obertes-queer-easter-2018\\\/\"},\"author\":{\"name\":\"Comunicaci\u00f3 Esplac\",\"@id\":\"https:\\\/\\\/www.esplac.cat\\\/#\\\/schema\\\/person\\\/908383cf240be18b68f8855d0583faca\"},\"headline\":\"Inscripcions obertes per a la Queer Easter 2018!\",\"datePublished\":\"2018-01-30T08:48:51+00:00\",\"mainEntityOfPage\":{\"@id\":\"https:\\\/\\\/www.esplac.cat\\\/inscripcions-obertes-queer-easter-2018\\\/\"},\"wordCount\":209,\"publisher\":{\"@id\":\"https:\\\/\\\/www.esplac.cat\\\/#organization\"},\"image\":{\"@id\":\"https:\\\/\\\/www.esplac.cat\\\/inscripcions-obertes-queer-easter-2018\\\/#primaryimage\"},\"thumbnailUrl\":\"https:\\\/\\\/www.esplac.cat\\\/wp-content\\\/uploads\\\/2018\\\/01\\\/kurt.jpg\",\"keywords\":[\"activitats internacionals\",\"formaci\u00f3\",\"Queer Easter\"],\"articleSection\":[\"Esplac al m\u00f3n\",\"Sense categoria\"],\"inLanguage\":\"es\"},{\"@type\":\"WebPage\",\"@id\":\"https:\\\/\\\/www.esplac.cat\\\/inscripcions-obertes-queer-easter-2018\\\/\",\"url\":\"https:\\\/\\\/www.esplac.cat\\\/inscripcions-obertes-queer-easter-2018\\\/\",\"name\":\"Inscripcions obertes per a la Queer Easter 2018! - Esplac\",\"isPartOf\":{\"@id\":\"https:\\\/\\\/www.esplac.cat\\\/#website\"},\"primaryImageOfPage\":{\"@id\":\"https:\\\/\\\/www.esplac.cat\\\/inscripcions-obertes-queer-easter-2018\\\/#primaryimage\"},\"image\":{\"@id\":\"https:\\\/\\\/www.esplac.cat\\\/inscripcions-obertes-queer-easter-2018\\\/#primaryimage\"},\"thumbnailUrl\":\"https:\\\/\\\/www.esplac.cat\\\/wp-content\\\/uploads\\\/2018\\\/01\\\/kurt.jpg\",\"datePublished\":\"2018-01-30T08:48:51+00:00\",\"breadcrumb\":{\"@id\":\"https:\\\/\\\/www.esplac.cat\\\/inscripcions-obertes-queer-easter-2018\\\/#breadcrumb\"},\"inLanguage\":\"es\",\"potentialAction\":[{\"@type\":\"ReadAction\",\"target\":[\"https:\\\/\\\/www.esplac.cat\\\/inscripcions-obertes-queer-easter-2018\\\/\"]}]},{\"@type\":\"ImageObject\",\"inLanguage\":\"es\",\"@id\":\"https:\\\/\\\/www.esplac.cat\\\/inscripcions-obertes-queer-easter-2018\\\/#primaryimage\",\"url\":\"https:\\\/\\\/www.esplac.cat\\\/wp-content\\\/uploads\\\/2018\\\/01\\\/kurt.jpg\",\"contentUrl\":\"https:\\\/\\\/www.esplac.cat\\\/wp-content\\\/uploads\\\/2018\\\/01\\\/kurt.jpg\",\"width\":847,\"height\":350},{\"@type\":\"BreadcrumbList\",\"@id\":\"https:\\\/\\\/www.esplac.cat\\\/inscripcions-obertes-queer-easter-2018\\\/#breadcrumb\",\"itemListElement\":[{\"@type\":\"ListItem\",\"position\":1,\"name\":\"Inici\",\"item\":\"https:\\\/\\\/www.esplac.cat\\\/es\\\/\"},{\"@type\":\"ListItem\",\"position\":2,\"name\":\"Inscripcions obertes per a la Queer Easter 2018!\"}]},{\"@type\":\"WebSite\",\"@id\":\"https:\\\/\\\/www.esplac.cat\\\/#website\",\"url\":\"https:\\\/\\\/www.esplac.cat\\\/\",\"name\":\"Esplac\",\"description\":\"Esplais Catalans\",\"publisher\":{\"@id\":\"https:\\\/\\\/www.esplac.cat\\\/#organization\"},\"potentialAction\":[{\"@type\":\"SearchAction\",\"target\":{\"@type\":\"EntryPoint\",\"urlTemplate\":\"https:\\\/\\\/www.esplac.cat\\\/?s={search_term_string}\"},\"query-input\":{\"@type\":\"PropertyValueSpecification\",\"valueRequired\":true,\"valueName\":\"search_term_string\"}}],\"inLanguage\":\"es\"},{\"@type\":\"Organization\",\"@id\":\"https:\\\/\\\/www.esplac.cat\\\/#organization\",\"name\":\"Esplac\",\"url\":\"https:\\\/\\\/www.esplac.cat\\\/\",\"logo\":{\"@type\":\"ImageObject\",\"inLanguage\":\"es\",\"@id\":\"https:\\\/\\\/www.esplac.cat\\\/#\\\/schema\\\/logo\\\/image\\\/\",\"url\":\"https:\\\/\\\/www.esplac.cat\\\/wp-content\\\/uploads\\\/2019\\\/08\\\/logox2.png\",\"contentUrl\":\"https:\\\/\\\/www.esplac.cat\\\/wp-content\\\/uploads\\\/2019\\\/08\\\/logox2.png\",\"width\":600,\"height\":295,\"caption\":\"Esplac\"},\"image\":{\"@id\":\"https:\\\/\\\/www.esplac.cat\\\/#\\\/schema\\\/logo\\\/image\\\/\"}},{\"@type\":\"Person\",\"@id\":\"https:\\\/\\\/www.esplac.cat\\\/#\\\/schema\\\/person\\\/908383cf240be18b68f8855d0583faca\",\"name\":\"Comunicaci\u00f3 Esplac\",\"image\":{\"@type\":\"ImageObject\",\"inLanguage\":\"es\",\"@id\":\"https:\\\/\\\/secure.gravatar.com\\\/avatar\\\/7a4cf8feb412a76ea4a740ca02d95b06b2907b5a6c648c2dd0a1082a093c3141?s=96&d=mm&r=g\",\"url\":\"https:\\\/\\\/secure.gravatar.com\\\/avatar\\\/7a4cf8feb412a76ea4a740ca02d95b06b2907b5a6c648c2dd0a1082a093c3141?s=96&d=mm&r=g\",\"contentUrl\":\"https:\\\/\\\/secure.gravatar.com\\\/avatar\\\/7a4cf8feb412a76ea4a740ca02d95b06b2907b5a6c648c2dd0a1082a093c3141?s=96&d=mm&r=g\",\"caption\":\"Comunicaci\u00f3 Esplac\"}}]}<\/script>\n<!-- \/ Yoast SEO plugin. -->","yoast_head_json":{"title":"Inscripcions obertes per a la Queer Easter 2018! - Esplac","robots":{"index":"index","follow":"follow","max-snippet":"max-snippet:-1","max-image-preview":"max-image-preview:large","max-video-preview":"max-video-preview:-1"},"canonical":"https:\/\/www.esplac.cat\/inscripcions-obertes-queer-easter-2018\/","og_locale":"es_ES","og_type":"article","og_title":"Inscripcions obertes per a la Queer Easter 2018! - Esplac","og_description":"Enguany la formaci\u00f3 dur\u00e0 el t\u00edtol \u201cSolidaritat vs segregaci\u00f3\u201d i [&hellip;]","og_url":"https:\/\/www.esplac.cat\/inscripcions-obertes-queer-easter-2018\/","og_site_name":"Esplac","article_published_time":"2018-01-30T08:48:51+00:00","og_image":[{"width":847,"height":350,"url":"https:\/\/www.esplac.cat\/wp-content\/uploads\/2018\/01\/kurt.jpg","type":"image\/jpeg"}],"author":"Comunicaci\u00f3 Esplac","twitter_card":"summary_large_image","twitter_misc":{"Escrito por":"Comunicaci\u00f3 Esplac","Tiempo de lectura":"1 minuto"},"schema":{"@context":"https:\/\/schema.org","@graph":[{"@type":"Article","@id":"https:\/\/www.esplac.cat\/inscripcions-obertes-queer-easter-2018\/#article","isPartOf":{"@id":"https:\/\/www.esplac.cat\/inscripcions-obertes-queer-easter-2018\/"},"author":{"name":"Comunicaci\u00f3 Esplac","@id":"https:\/\/www.esplac.cat\/#\/schema\/person\/908383cf240be18b68f8855d0583faca"},"headline":"Inscripcions obertes per a la Queer Easter 2018!","datePublished":"2018-01-30T08:48:51+00:00","mainEntityOfPage":{"@id":"https:\/\/www.esplac.cat\/inscripcions-obertes-queer-easter-2018\/"},"wordCount":209,"publisher":{"@id":"https:\/\/www.esplac.cat\/#organization"},"image":{"@id":"https:\/\/www.esplac.cat\/inscripcions-obertes-queer-easter-2018\/#primaryimage"},"thumbnailUrl":"https:\/\/www.esplac.cat\/wp-content\/uploads\/2018\/01\/kurt.jpg","keywords":["activitats internacionals","formaci\u00f3","Queer Easter"],"articleSection":["Esplac al m\u00f3n","Sense categoria"],"inLanguage":"es"},{"@type":"WebPage","@id":"https:\/\/www.esplac.cat\/inscripcions-obertes-queer-easter-2018\/","url":"https:\/\/www.esplac.cat\/inscripcions-obertes-queer-easter-2018\/","name":"Inscripcions obertes per a la Queer Easter 2018! - Esplac","isPartOf":{"@id":"https:\/\/www.esplac.cat\/#website"},"primaryImageOfPage":{"@id":"https:\/\/www.esplac.cat\/inscripcions-obertes-queer-easter-2018\/#primaryimage"},"image":{"@id":"https:\/\/www.esplac.cat\/inscripcions-obertes-queer-easter-2018\/#primaryimage"},"thumbnailUrl":"https:\/\/www.esplac.cat\/wp-content\/uploads\/2018\/01\/kurt.jpg","datePublished":"2018-01-30T08:48:51+00:00","breadcrumb":{"@id":"https:\/\/www.esplac.cat\/inscripcions-obertes-queer-easter-2018\/#breadcrumb"},"inLanguage":"es","potentialAction":[{"@type":"ReadAction","target":["https:\/\/www.esplac.cat\/inscripcions-obertes-queer-easter-2018\/"]}]},{"@type":"ImageObject","inLanguage":"es","@id":"https:\/\/www.esplac.cat\/inscripcions-obertes-queer-easter-2018\/#primaryimage","url":"https:\/\/www.esplac.cat\/wp-content\/uploads\/2018\/01\/kurt.jpg","contentUrl":"https:\/\/www.esplac.cat\/wp-content\/uploads\/2018\/01\/kurt.jpg","width":847,"height":350},{"@type":"BreadcrumbList","@id":"https:\/\/www.esplac.cat\/inscripcions-obertes-queer-easter-2018\/#breadcrumb","itemListElement":[{"@type":"ListItem","position":1,"name":"Inici","item":"https:\/\/www.esplac.cat\/es\/"},{"@type":"ListItem","position":2,"name":"Inscripcions obertes per a la Queer Easter 2018!"}]},{"@type":"WebSite","@id":"https:\/\/www.esplac.cat\/#website","url":"https:\/\/www.esplac.cat\/","name":"Esplac","description":"Esplais Catalans","publisher":{"@id":"https:\/\/www.esplac.cat\/#organization"},"potentialAction":[{"@type":"SearchAction","target":{"@type":"EntryPoint","urlTemplate":"https:\/\/www.esplac.cat\/?s={search_term_string}"},"query-input":{"@type":"PropertyValueSpecification","valueRequired":true,"valueName":"search_term_string"}}],"inLanguage":"es"},{"@type":"Organization","@id":"https:\/\/www.esplac.cat\/#organization","name":"Esplac","url":"https:\/\/www.esplac.cat\/","logo":{"@type":"ImageObject","inLanguage":"es","@id":"https:\/\/www.esplac.cat\/#\/schema\/logo\/image\/","url":"https:\/\/www.esplac.cat\/wp-content\/uploads\/2019\/08\/logox2.png","contentUrl":"https:\/\/www.esplac.cat\/wp-content\/uploads\/2019\/08\/logox2.png","width":600,"height":295,"caption":"Esplac"},"image":{"@id":"https:\/\/www.esplac.cat\/#\/schema\/logo\/image\/"}},{"@type":"Person","@id":"https:\/\/www.esplac.cat\/#\/schema\/person\/908383cf240be18b68f8855d0583faca","name":"Comunicaci\u00f3 Esplac","image":{"@type":"ImageObject","inLanguage":"es","@id":"https:\/\/secure.gravatar.com\/avatar\/7a4cf8feb412a76ea4a740ca02d95b06b2907b5a6c648c2dd0a1082a093c3141?s=96&d=mm&r=g","url":"https:\/\/secure.gravatar.com\/avatar\/7a4cf8feb412a76ea4a740ca02d95b06b2907b5a6c648c2dd0a1082a093c3141?s=96&d=mm&r=g","contentUrl":"https:\/\/secure.gravatar.com\/avatar\/7a4cf8feb412a76ea4a740ca02d95b06b2907b5a6c648c2dd0a1082a093c3141?s=96&d=mm&r=g","caption":"Comunicaci\u00f3 Esplac"}}]}},"_links":{"self":[{"href":"https:\/\/www.esplac.cat\/es\/wp-json\/wp\/v2\/posts\/17240","targetHints":{"allow":["GET"]}}],"collection":[{"href":"https:\/\/www.esplac.cat\/es\/wp-json\/wp\/v2\/posts"}],"about":[{"href":"https:\/\/www.esplac.cat\/es\/wp-json\/wp\/v2\/types\/post"}],"author":[{"embeddable":true,"href":"https:\/\/www.esplac.cat\/es\/wp-json\/wp\/v2\/users\/3"}],"replies":[{"embeddable":true,"href":"https:\/\/www.esplac.cat\/es\/wp-json\/wp\/v2\/comments?post=17240"}],"version-history":[{"count":0,"href":"https:\/\/www.esplac.cat\/es\/wp-json\/wp\/v2\/posts\/17240\/revisions"}],"wp:featuredmedia":[{"embeddable":true,"href":"https:\/\/www.esplac.cat\/es\/wp-json\/wp\/v2\/media\/17243"}],"wp:attachment":[{"href":"https:\/\/www.esplac.cat\/es\/wp-json\/wp\/v2\/media?parent=17240"}],"wp:term":[{"taxonomy":"category","embeddable":true,"href":"https:\/\/www.esplac.cat\/es\/wp-json\/wp\/v2\/categories?post=17240"},{"taxonomy":"post_tag","embeddable":true,"href":"https:\/\/www.esplac.cat\/es\/wp-json\/wp\/v2\/tags?post=17240"}],"curies":[{"name":"wp","href":"https:\/\/api.w.org\/{rel}","templated":true}]}}