{"id":17349,"date":"2018-01-15T12:49:13","date_gmt":"2018-01-15T12:49:13","guid":{"rendered":"https:\/\/www.esplac.cat\/?p=17349"},"modified":"2019-11-14T13:36:38","modified_gmt":"2019-11-14T11:36:38","slug":"donem-a-coneixer-esplai","status":"publish","type":"post","link":"https:\/\/www.esplac.cat\/es\/donem-a-coneixer-esplai\/","title":{"rendered":"Donem a con\u00e8ixer l\u2019esplai!"},"content":{"rendered":"<h4 style=\"text-align: justify;\">Des d\u2019Esplais Catalans hem creat un pamflet informatiu per animar nens i joves de Catalunya a participar als esplais d\u2019Esplac<\/h4>\n<p style=\"text-align: justify;\">Som uns quants i tenim for\u00e7a, per\u00f2 en volem ser m\u00e9s i m\u00e9s diversos. \u00c9s per aix\u00f2 que des d\u2019Esplais Catalans, i en el marc del projecte d\u2019<strong>Inclusi\u00f3 i Diversitat<\/strong>, hem dissenyat un fullet\u00f3 per explicar a tothom d\u2019una manera senzilla i entenedora qu\u00e8 \u00e9s l\u2019esplai i qu\u00e8 hi fem. La finalitat d\u2019aquesta iniciativa \u00e9s fer arribar la informaci\u00f3 als sectors de la poblaci\u00f3 catalana que no ens coneixen, per ampliar l\u2019\u00e0mbit d\u2019actuaci\u00f3 d\u2019Esplac i, d\u2019aquesta manera, aconseguir que els esplais siguin m\u00e9s representatius de la realitat socioecon\u00f2mica i cultural del territori. I per aquest motiu el fullet\u00f3 estar\u00e0 disponible en <strong>quarte idiomes<\/strong>: catal\u00e0, castell\u00e0, angl\u00e8s i \u00e0rab.<\/p>\n<blockquote>\n<p style=\"text-align: justify;\">\u201cL&#8217;esplai \u00e9s un espai on ens divertim i descobrim el m\u00f3n jugant. Hi fem nous amics i amigues!\u201d<\/p>\n<p style=\"text-align: justify;\">\u201cA partir de jocs, gimcanes i manualitats, les i els participants aprenem a treballar en equip i a gestionar les emocions.\u201d<\/p>\n<p style=\"text-align: justify;\">\u201cLa majoria d&#8217;activitats les realitzem el dissabte al mat\u00ed o a la tarda, per\u00f2 tamb\u00e9 marxem de campaments, col\u00f2nies i rutes.\u201d<\/p>\n<\/blockquote>\n<p style=\"text-align: justify;\">Per iniciar la difusi\u00f3 del pamflet i donar-nos a con\u00e8ixer a tothom, obrim les portes a tots els esplais d\u2019Esplac perqu\u00e8 demanin les c\u00f2pies que vulguin de cada idioma enviant un missatge electr\u00f2nic a <strong>esplac@esplac.cat<\/strong>. Les podreu passar a buscar per la seu del vostre sector. Endavant!<\/p>\n<hr \/>\n<p style=\"text-align: justify;\">Per aconseguir ser entitats <strong>m\u00e9s diverses i m\u00e9s representatives<\/strong> del nostre teixit social, hem d&#8217;obrir debat i\u00a0assolir una posici\u00f3 consensuada en l\u2019equip de monitors i monitores. Cal que totes anem en la mateixa direcci\u00f3 i en tinguem les mateixes ganes. Per aix\u00f2, a banda del pamflet, hem creat <a href=\"https:\/\/www.esplac.cat\/wp-content\/uploads\/2018\/02\/som-diverses.pdf\" target=\"_blank\" rel=\"noopener noreferrer\"><strong>aquest dossier<\/strong><\/a>\u00a0de suport que\u00a0pret\u00e9n\u00a0facilitar algunes idees per obrir debat en les assemblees de monis i alhora aportar-nos recursos per donar a con\u00e8ixer els esplais a entitats, associacions i serveis que poden ajudar-nos a acollir la diversitat del nostre entorn.<\/p>\n<p style=\"text-align: justify;\"><a href=\"http:\/\/esplac.cat\/wp-content\/uploads\/2018\/02\/ep-1.jpg\"><img decoding=\"async\" class=\"wp-image-17352 aligncenter\" src=\"http:\/\/esplac.cat\/wp-content\/uploads\/2018\/02\/ep-1-289x300.jpg\" alt=\"\" width=\"601\" height=\"624\" srcset=\"https:\/\/www.esplac.cat\/wp-content\/uploads\/2018\/02\/ep-1-200x208.jpg 200w, https:\/\/www.esplac.cat\/wp-content\/uploads\/2018\/02\/ep-1-289x300.jpg 289w, https:\/\/www.esplac.cat\/wp-content\/uploads\/2018\/02\/ep-1-400x415.jpg 400w, https:\/\/www.esplac.cat\/wp-content\/uploads\/2018\/02\/ep-1-600x623.jpg 600w, https:\/\/www.esplac.cat\/wp-content\/uploads\/2018\/02\/ep-1-768x797.jpg 768w, https:\/\/www.esplac.cat\/wp-content\/uploads\/2018\/02\/ep-1-800x830.jpg 800w, https:\/\/www.esplac.cat\/wp-content\/uploads\/2018\/02\/ep-1-987x1024.jpg 987w, https:\/\/www.esplac.cat\/wp-content\/uploads\/2018\/02\/ep-1-1200x1245.jpg 1200w, https:\/\/www.esplac.cat\/wp-content\/uploads\/2018\/02\/ep-1.jpg 2894w\" sizes=\"(max-width: 601px) 100vw, 601px\" \/><\/a><\/p>\n<p style=\"text-align: justify;\">Amb la col\u00b7laboraci\u00f3 de:<\/p>\n<p style=\"text-align: justify;\"><a href=\"http:\/\/esplac.cat\/wp-content\/uploads\/2018\/01\/logo-ajbcn-1-copy.jpg\"><img decoding=\"async\" class=\"alignnone wp-image-17403\" src=\"http:\/\/esplac.cat\/wp-content\/uploads\/2018\/01\/logo-ajbcn-1-copy-300x68.jpg\" alt=\"\" width=\"499\" height=\"113\" srcset=\"https:\/\/www.esplac.cat\/wp-content\/uploads\/2018\/01\/logo-ajbcn-1-copy-200x45.jpg 200w, https:\/\/www.esplac.cat\/wp-content\/uploads\/2018\/01\/logo-ajbcn-1-copy-300x68.jpg 300w, https:\/\/www.esplac.cat\/wp-content\/uploads\/2018\/01\/logo-ajbcn-1-copy-400x91.jpg 400w, https:\/\/www.esplac.cat\/wp-content\/uploads\/2018\/01\/logo-ajbcn-1-copy-600x136.jpg 600w, https:\/\/www.esplac.cat\/wp-content\/uploads\/2018\/01\/logo-ajbcn-1-copy-768x174.jpg 768w, https:\/\/www.esplac.cat\/wp-content\/uploads\/2018\/01\/logo-ajbcn-1-copy-800x182.jpg 800w, https:\/\/www.esplac.cat\/wp-content\/uploads\/2018\/01\/logo-ajbcn-1-copy-1024x233.jpg 1024w, https:\/\/www.esplac.cat\/wp-content\/uploads\/2018\/01\/logo-ajbcn-1-copy-1200x273.jpg 1200w, https:\/\/www.esplac.cat\/wp-content\/uploads\/2018\/01\/logo-ajbcn-1-copy.jpg 2478w\" sizes=\"(max-width: 499px) 100vw, 499px\" \/><\/a><\/p>\n","protected":false},"excerpt":{"rendered":"<p>Des d\u2019Esplais Catalans hem creat un pamflet informatiu per animar [&hellip;]<\/p>\n","protected":false},"author":3,"featured_media":17361,"comment_status":"closed","ping_status":"closed","sticky":false,"template":"","format":"standard","meta":{"om_disable_all_campaigns":false,"_monsterinsights_skip_tracking":false,"_monsterinsights_sitenote_active":false,"_monsterinsights_sitenote_note":"","_monsterinsights_sitenote_category":0,"_uf_show_specific_survey":0,"_uf_disable_surveys":false,"footnotes":""},"categories":[1166,1],"tags":[336,583],"class_list":["post-17349","post","type-post","status-publish","format-standard","has-post-thumbnail","hentry","category-inclusio-i-diversitat","category-sense-categoria","tag-esplac","tag-inclusio-i-diversitat"],"yoast_head":"<!-- This site is optimized with the Yoast SEO plugin v27.5 - https:\/\/yoast.com\/product\/yoast-seo-wordpress\/ -->\n<title>Donem a con\u00e8ixer l\u2019esplai! - Esplac<\/title>\n<meta name=\"robots\" content=\"index, follow, max-snippet:-1, max-image-preview:large, max-video-preview:-1\" \/>\n<link rel=\"canonical\" href=\"https:\/\/www.esplac.cat\/donem-a-coneixer-esplai\/\" \/>\n<meta property=\"og:locale\" content=\"es_ES\" \/>\n<meta property=\"og:type\" content=\"article\" \/>\n<meta property=\"og:title\" content=\"Donem a con\u00e8ixer l\u2019esplai! - Esplac\" \/>\n<meta property=\"og:description\" content=\"Des d\u2019Esplais Catalans hem creat un pamflet informatiu per animar [&hellip;]\" \/>\n<meta property=\"og:url\" content=\"https:\/\/www.esplac.cat\/donem-a-coneixer-esplai\/\" \/>\n<meta property=\"og:site_name\" content=\"Esplac\" \/>\n<meta property=\"article:published_time\" content=\"2018-01-15T12:49:13+00:00\" \/>\n<meta property=\"article:modified_time\" content=\"2019-11-14T11:36:38+00:00\" \/>\n<meta property=\"og:image\" content=\"https:\/\/www.esplac.cat\/wp-content\/uploads\/2018\/01\/dipu_triptic_inclusio.jpg\" \/>\n\t<meta property=\"og:image:width\" content=\"847\" \/>\n\t<meta property=\"og:image:height\" content=\"350\" \/>\n\t<meta property=\"og:image:type\" content=\"image\/jpeg\" \/>\n<meta name=\"author\" content=\"Comunicaci\u00f3 Esplac\" \/>\n<meta name=\"twitter:card\" content=\"summary_large_image\" \/>\n<meta name=\"twitter:label1\" content=\"Escrito por\" \/>\n\t<meta name=\"twitter:data1\" content=\"Comunicaci\u00f3 Esplac\" \/>\n\t<meta name=\"twitter:label2\" content=\"Tiempo de lectura\" \/>\n\t<meta name=\"twitter:data2\" content=\"2 minutos\" \/>\n<script type=\"application\/ld+json\" class=\"yoast-schema-graph\">{\"@context\":\"https:\\\/\\\/schema.org\",\"@graph\":[{\"@type\":\"Article\",\"@id\":\"https:\\\/\\\/www.esplac.cat\\\/donem-a-coneixer-esplai\\\/#article\",\"isPartOf\":{\"@id\":\"https:\\\/\\\/www.esplac.cat\\\/donem-a-coneixer-esplai\\\/\"},\"author\":{\"name\":\"Comunicaci\u00f3 Esplac\",\"@id\":\"https:\\\/\\\/www.esplac.cat\\\/#\\\/schema\\\/person\\\/908383cf240be18b68f8855d0583faca\"},\"headline\":\"Donem a con\u00e8ixer l\u2019esplai!\",\"datePublished\":\"2018-01-15T12:49:13+00:00\",\"dateModified\":\"2019-11-14T11:36:38+00:00\",\"mainEntityOfPage\":{\"@id\":\"https:\\\/\\\/www.esplac.cat\\\/donem-a-coneixer-esplai\\\/\"},\"wordCount\":370,\"publisher\":{\"@id\":\"https:\\\/\\\/www.esplac.cat\\\/#organization\"},\"image\":{\"@id\":\"https:\\\/\\\/www.esplac.cat\\\/donem-a-coneixer-esplai\\\/#primaryimage\"},\"thumbnailUrl\":\"https:\\\/\\\/www.esplac.cat\\\/wp-content\\\/uploads\\\/2018\\\/01\\\/dipu_triptic_inclusio.jpg\",\"keywords\":[\"Esplac\",\"inclusi\u00f3 i diversitat\"],\"articleSection\":[\"Inclusi\u00f3 i diversitat\",\"Sense categoria\"],\"inLanguage\":\"es\"},{\"@type\":\"WebPage\",\"@id\":\"https:\\\/\\\/www.esplac.cat\\\/donem-a-coneixer-esplai\\\/\",\"url\":\"https:\\\/\\\/www.esplac.cat\\\/donem-a-coneixer-esplai\\\/\",\"name\":\"Donem a con\u00e8ixer l\u2019esplai! - Esplac\",\"isPartOf\":{\"@id\":\"https:\\\/\\\/www.esplac.cat\\\/#website\"},\"primaryImageOfPage\":{\"@id\":\"https:\\\/\\\/www.esplac.cat\\\/donem-a-coneixer-esplai\\\/#primaryimage\"},\"image\":{\"@id\":\"https:\\\/\\\/www.esplac.cat\\\/donem-a-coneixer-esplai\\\/#primaryimage\"},\"thumbnailUrl\":\"https:\\\/\\\/www.esplac.cat\\\/wp-content\\\/uploads\\\/2018\\\/01\\\/dipu_triptic_inclusio.jpg\",\"datePublished\":\"2018-01-15T12:49:13+00:00\",\"dateModified\":\"2019-11-14T11:36:38+00:00\",\"breadcrumb\":{\"@id\":\"https:\\\/\\\/www.esplac.cat\\\/donem-a-coneixer-esplai\\\/#breadcrumb\"},\"inLanguage\":\"es\",\"potentialAction\":[{\"@type\":\"ReadAction\",\"target\":[\"https:\\\/\\\/www.esplac.cat\\\/donem-a-coneixer-esplai\\\/\"]}]},{\"@type\":\"ImageObject\",\"inLanguage\":\"es\",\"@id\":\"https:\\\/\\\/www.esplac.cat\\\/donem-a-coneixer-esplai\\\/#primaryimage\",\"url\":\"https:\\\/\\\/www.esplac.cat\\\/wp-content\\\/uploads\\\/2018\\\/01\\\/dipu_triptic_inclusio.jpg\",\"contentUrl\":\"https:\\\/\\\/www.esplac.cat\\\/wp-content\\\/uploads\\\/2018\\\/01\\\/dipu_triptic_inclusio.jpg\",\"width\":847,\"height\":350},{\"@type\":\"BreadcrumbList\",\"@id\":\"https:\\\/\\\/www.esplac.cat\\\/donem-a-coneixer-esplai\\\/#breadcrumb\",\"itemListElement\":[{\"@type\":\"ListItem\",\"position\":1,\"name\":\"Inici\",\"item\":\"https:\\\/\\\/www.esplac.cat\\\/es\\\/\"},{\"@type\":\"ListItem\",\"position\":2,\"name\":\"Donem a con\u00e8ixer l\u2019esplai!\"}]},{\"@type\":\"WebSite\",\"@id\":\"https:\\\/\\\/www.esplac.cat\\\/#website\",\"url\":\"https:\\\/\\\/www.esplac.cat\\\/\",\"name\":\"Esplac\",\"description\":\"Esplais Catalans\",\"publisher\":{\"@id\":\"https:\\\/\\\/www.esplac.cat\\\/#organization\"},\"potentialAction\":[{\"@type\":\"SearchAction\",\"target\":{\"@type\":\"EntryPoint\",\"urlTemplate\":\"https:\\\/\\\/www.esplac.cat\\\/?s={search_term_string}\"},\"query-input\":{\"@type\":\"PropertyValueSpecification\",\"valueRequired\":true,\"valueName\":\"search_term_string\"}}],\"inLanguage\":\"es\"},{\"@type\":\"Organization\",\"@id\":\"https:\\\/\\\/www.esplac.cat\\\/#organization\",\"name\":\"Esplac\",\"url\":\"https:\\\/\\\/www.esplac.cat\\\/\",\"logo\":{\"@type\":\"ImageObject\",\"inLanguage\":\"es\",\"@id\":\"https:\\\/\\\/www.esplac.cat\\\/#\\\/schema\\\/logo\\\/image\\\/\",\"url\":\"https:\\\/\\\/www.esplac.cat\\\/wp-content\\\/uploads\\\/2019\\\/08\\\/logox2.png\",\"contentUrl\":\"https:\\\/\\\/www.esplac.cat\\\/wp-content\\\/uploads\\\/2019\\\/08\\\/logox2.png\",\"width\":600,\"height\":295,\"caption\":\"Esplac\"},\"image\":{\"@id\":\"https:\\\/\\\/www.esplac.cat\\\/#\\\/schema\\\/logo\\\/image\\\/\"}},{\"@type\":\"Person\",\"@id\":\"https:\\\/\\\/www.esplac.cat\\\/#\\\/schema\\\/person\\\/908383cf240be18b68f8855d0583faca\",\"name\":\"Comunicaci\u00f3 Esplac\",\"image\":{\"@type\":\"ImageObject\",\"inLanguage\":\"es\",\"@id\":\"https:\\\/\\\/secure.gravatar.com\\\/avatar\\\/7a4cf8feb412a76ea4a740ca02d95b06b2907b5a6c648c2dd0a1082a093c3141?s=96&d=mm&r=g\",\"url\":\"https:\\\/\\\/secure.gravatar.com\\\/avatar\\\/7a4cf8feb412a76ea4a740ca02d95b06b2907b5a6c648c2dd0a1082a093c3141?s=96&d=mm&r=g\",\"contentUrl\":\"https:\\\/\\\/secure.gravatar.com\\\/avatar\\\/7a4cf8feb412a76ea4a740ca02d95b06b2907b5a6c648c2dd0a1082a093c3141?s=96&d=mm&r=g\",\"caption\":\"Comunicaci\u00f3 Esplac\"}}]}<\/script>\n<!-- \/ Yoast SEO plugin. -->","yoast_head_json":{"title":"Donem a con\u00e8ixer l\u2019esplai! - Esplac","robots":{"index":"index","follow":"follow","max-snippet":"max-snippet:-1","max-image-preview":"max-image-preview:large","max-video-preview":"max-video-preview:-1"},"canonical":"https:\/\/www.esplac.cat\/donem-a-coneixer-esplai\/","og_locale":"es_ES","og_type":"article","og_title":"Donem a con\u00e8ixer l\u2019esplai! - Esplac","og_description":"Des d\u2019Esplais Catalans hem creat un pamflet informatiu per animar [&hellip;]","og_url":"https:\/\/www.esplac.cat\/donem-a-coneixer-esplai\/","og_site_name":"Esplac","article_published_time":"2018-01-15T12:49:13+00:00","article_modified_time":"2019-11-14T11:36:38+00:00","og_image":[{"width":847,"height":350,"url":"https:\/\/www.esplac.cat\/wp-content\/uploads\/2018\/01\/dipu_triptic_inclusio.jpg","type":"image\/jpeg"}],"author":"Comunicaci\u00f3 Esplac","twitter_card":"summary_large_image","twitter_misc":{"Escrito por":"Comunicaci\u00f3 Esplac","Tiempo de lectura":"2 minutos"},"schema":{"@context":"https:\/\/schema.org","@graph":[{"@type":"Article","@id":"https:\/\/www.esplac.cat\/donem-a-coneixer-esplai\/#article","isPartOf":{"@id":"https:\/\/www.esplac.cat\/donem-a-coneixer-esplai\/"},"author":{"name":"Comunicaci\u00f3 Esplac","@id":"https:\/\/www.esplac.cat\/#\/schema\/person\/908383cf240be18b68f8855d0583faca"},"headline":"Donem a con\u00e8ixer l\u2019esplai!","datePublished":"2018-01-15T12:49:13+00:00","dateModified":"2019-11-14T11:36:38+00:00","mainEntityOfPage":{"@id":"https:\/\/www.esplac.cat\/donem-a-coneixer-esplai\/"},"wordCount":370,"publisher":{"@id":"https:\/\/www.esplac.cat\/#organization"},"image":{"@id":"https:\/\/www.esplac.cat\/donem-a-coneixer-esplai\/#primaryimage"},"thumbnailUrl":"https:\/\/www.esplac.cat\/wp-content\/uploads\/2018\/01\/dipu_triptic_inclusio.jpg","keywords":["Esplac","inclusi\u00f3 i diversitat"],"articleSection":["Inclusi\u00f3 i diversitat","Sense categoria"],"inLanguage":"es"},{"@type":"WebPage","@id":"https:\/\/www.esplac.cat\/donem-a-coneixer-esplai\/","url":"https:\/\/www.esplac.cat\/donem-a-coneixer-esplai\/","name":"Donem a con\u00e8ixer l\u2019esplai! - Esplac","isPartOf":{"@id":"https:\/\/www.esplac.cat\/#website"},"primaryImageOfPage":{"@id":"https:\/\/www.esplac.cat\/donem-a-coneixer-esplai\/#primaryimage"},"image":{"@id":"https:\/\/www.esplac.cat\/donem-a-coneixer-esplai\/#primaryimage"},"thumbnailUrl":"https:\/\/www.esplac.cat\/wp-content\/uploads\/2018\/01\/dipu_triptic_inclusio.jpg","datePublished":"2018-01-15T12:49:13+00:00","dateModified":"2019-11-14T11:36:38+00:00","breadcrumb":{"@id":"https:\/\/www.esplac.cat\/donem-a-coneixer-esplai\/#breadcrumb"},"inLanguage":"es","potentialAction":[{"@type":"ReadAction","target":["https:\/\/www.esplac.cat\/donem-a-coneixer-esplai\/"]}]},{"@type":"ImageObject","inLanguage":"es","@id":"https:\/\/www.esplac.cat\/donem-a-coneixer-esplai\/#primaryimage","url":"https:\/\/www.esplac.cat\/wp-content\/uploads\/2018\/01\/dipu_triptic_inclusio.jpg","contentUrl":"https:\/\/www.esplac.cat\/wp-content\/uploads\/2018\/01\/dipu_triptic_inclusio.jpg","width":847,"height":350},{"@type":"BreadcrumbList","@id":"https:\/\/www.esplac.cat\/donem-a-coneixer-esplai\/#breadcrumb","itemListElement":[{"@type":"ListItem","position":1,"name":"Inici","item":"https:\/\/www.esplac.cat\/es\/"},{"@type":"ListItem","position":2,"name":"Donem a con\u00e8ixer l\u2019esplai!"}]},{"@type":"WebSite","@id":"https:\/\/www.esplac.cat\/#website","url":"https:\/\/www.esplac.cat\/","name":"Esplac","description":"Esplais Catalans","publisher":{"@id":"https:\/\/www.esplac.cat\/#organization"},"potentialAction":[{"@type":"SearchAction","target":{"@type":"EntryPoint","urlTemplate":"https:\/\/www.esplac.cat\/?s={search_term_string}"},"query-input":{"@type":"PropertyValueSpecification","valueRequired":true,"valueName":"search_term_string"}}],"inLanguage":"es"},{"@type":"Organization","@id":"https:\/\/www.esplac.cat\/#organization","name":"Esplac","url":"https:\/\/www.esplac.cat\/","logo":{"@type":"ImageObject","inLanguage":"es","@id":"https:\/\/www.esplac.cat\/#\/schema\/logo\/image\/","url":"https:\/\/www.esplac.cat\/wp-content\/uploads\/2019\/08\/logox2.png","contentUrl":"https:\/\/www.esplac.cat\/wp-content\/uploads\/2019\/08\/logox2.png","width":600,"height":295,"caption":"Esplac"},"image":{"@id":"https:\/\/www.esplac.cat\/#\/schema\/logo\/image\/"}},{"@type":"Person","@id":"https:\/\/www.esplac.cat\/#\/schema\/person\/908383cf240be18b68f8855d0583faca","name":"Comunicaci\u00f3 Esplac","image":{"@type":"ImageObject","inLanguage":"es","@id":"https:\/\/secure.gravatar.com\/avatar\/7a4cf8feb412a76ea4a740ca02d95b06b2907b5a6c648c2dd0a1082a093c3141?s=96&d=mm&r=g","url":"https:\/\/secure.gravatar.com\/avatar\/7a4cf8feb412a76ea4a740ca02d95b06b2907b5a6c648c2dd0a1082a093c3141?s=96&d=mm&r=g","contentUrl":"https:\/\/secure.gravatar.com\/avatar\/7a4cf8feb412a76ea4a740ca02d95b06b2907b5a6c648c2dd0a1082a093c3141?s=96&d=mm&r=g","caption":"Comunicaci\u00f3 Esplac"}}]}},"_links":{"self":[{"href":"https:\/\/www.esplac.cat\/es\/wp-json\/wp\/v2\/posts\/17349","targetHints":{"allow":["GET"]}}],"collection":[{"href":"https:\/\/www.esplac.cat\/es\/wp-json\/wp\/v2\/posts"}],"about":[{"href":"https:\/\/www.esplac.cat\/es\/wp-json\/wp\/v2\/types\/post"}],"author":[{"embeddable":true,"href":"https:\/\/www.esplac.cat\/es\/wp-json\/wp\/v2\/users\/3"}],"replies":[{"embeddable":true,"href":"https:\/\/www.esplac.cat\/es\/wp-json\/wp\/v2\/comments?post=17349"}],"version-history":[{"count":0,"href":"https:\/\/www.esplac.cat\/es\/wp-json\/wp\/v2\/posts\/17349\/revisions"}],"wp:featuredmedia":[{"embeddable":true,"href":"https:\/\/www.esplac.cat\/es\/wp-json\/wp\/v2\/media\/17361"}],"wp:attachment":[{"href":"https:\/\/www.esplac.cat\/es\/wp-json\/wp\/v2\/media?parent=17349"}],"wp:term":[{"taxonomy":"category","embeddable":true,"href":"https:\/\/www.esplac.cat\/es\/wp-json\/wp\/v2\/categories?post=17349"},{"taxonomy":"post_tag","embeddable":true,"href":"https:\/\/www.esplac.cat\/es\/wp-json\/wp\/v2\/tags?post=17349"}],"curies":[{"name":"wp","href":"https:\/\/api.w.org\/{rel}","templated":true}]}}