{"id":23668,"date":"2019-08-22T10:51:26","date_gmt":"2019-08-22T08:51:26","guid":{"rendered":"http:\/\/esplac.cat\/?p=22557"},"modified":"2020-10-15T17:23:17","modified_gmt":"2020-10-15T16:23:17","slug":"training-course-casa-kurt-lowenstein-education-for-social-change","status":"publish","type":"post","link":"https:\/\/www.esplac.cat\/es\/training-course-casa-kurt-lowenstein-education-for-social-change\/","title":{"rendered":"Training course de la casa Kurt Lowenstein: \u201cEducation for social change\u201d"},"content":{"rendered":"<h4 style=\"text-align: justify;\">Voldries formar part de l&#8217;equip internacional que realitza les formacions a la casa Kurt L\u00f6wenstein (Berl\u00edn)? \u00c9s el moment!<\/h4>\n<p style=\"text-align: justify;\">El Centre Kurt L\u00f6wenstein de l\u2019entitat SJD-Die Falken d\u2019Alemanya \u00e9s l\u2019entitat que organitza la Summer School, la Winter School i la Queer Easter, entre altres activitats. Fa m\u00e9s de 20 anys que organitza tot tipus de seminaris que <strong>fomenten la reflexi\u00f3, l\u2019activisme i la solidaritat internacional amb l\u2019objectiu de transformar la societat<\/strong>.<\/p>\n<p style=\"text-align: justify;\">Actualment estan creant un <strong>nou grup de persones formadores<\/strong> que seran les que facilitaran les futures activitats de la casa (<strong>Winter school 2019-2020<\/strong>) i han organitzat un training course especial per aprendre com dissenyar i dinamitzar processos educatius en un entorn internacional. Est\u00e0 obert a totes les persones interessades en el tema.<\/p>\n<p style=\"text-align: justify;\">\n<p style=\"text-align: justify;\"><strong>Quan?<\/strong> del 5 a l\u201911 d\u2019octubre 2019<\/p>\n<p style=\"text-align: justify;\"><strong>On?<\/strong> Kurt L\u00f6wenstein Education Centre, a prop de Berl\u00edn (Alemanya)<\/p>\n<p style=\"text-align: justify;\"><strong>Qui?<\/strong> Participants de IUSY, YES i IFM-SEI<\/p>\n<p style=\"text-align: justify;\"><strong>Idioma de treball?<\/strong> Angl\u00e8s.<\/p>\n<p style=\"text-align: justify;\"><strong>Cost?<\/strong> 70 euros per persona participant + vols. Hi ha reemborsament de vols depenent de les persones que Esplac envi\u00ef per\u00f2 pot arribar als 100 euros per persona m\u00e0xim. Per m\u00e9s informaci\u00f3 contactar amb <strong>internacional@esplac.cat<\/strong><\/p>\n<p style=\"text-align: justify;\"><strong>Termini de la inscripci\u00f3?<\/strong> 20 setembre<\/p>\n<p style=\"text-align: justify;\"><strong>Com m\u2019inscric<\/strong>? Omplint el seg\u00fcent forumari<\/p>\n<p style=\"text-align: justify;\">\n<p style=\"text-align: justify;\"><strong>Dubtes i contacte:<\/strong><\/p>\n<p style=\"text-align: justify;\">&#8211; Esplac: Enviant un correu a internacional@esplac.cat o trucant al 933026103.<\/p>\n<p style=\"text-align: justify;\">&#8211; Kurt L\u00f6wenstein Education Center: Contactar amb Jonas Gerber a j.gerber@kurt-loewenstein.de<\/p>\n","protected":false},"excerpt":{"rendered":"<p>Voldries formar part de l&#8217;equip internacional que realitza les formacions [&hellip;]<\/p>\n","protected":false},"author":3,"featured_media":23560,"comment_status":"closed","ping_status":"open","sticky":false,"template":"","format":"standard","meta":{"om_disable_all_campaigns":false,"_monsterinsights_skip_tracking":false,"_monsterinsights_sitenote_active":false,"_monsterinsights_sitenote_note":"","_monsterinsights_sitenote_category":0,"_uf_show_specific_survey":0,"_uf_disable_surveys":false,"footnotes":""},"categories":[1112,1],"tags":[513,1002,54,1093,555,134],"class_list":["post-23668","post","type-post","status-publish","format-standard","has-post-thumbnail","hentry","category-esplac-al-mon","category-sense-categoria","tag-berlin","tag-educacio-popular","tag-formacio","tag-formadores","tag-internacional","tag-transformacio-social"],"yoast_head":"<!-- This site is optimized with the Yoast SEO plugin v27.5 - https:\/\/yoast.com\/product\/yoast-seo-wordpress\/ -->\n<title>Training course de la casa Kurt Lowenstein: \u201cEducation for social change\u201d - Esplac<\/title>\n<meta name=\"robots\" content=\"index, follow, max-snippet:-1, max-image-preview:large, max-video-preview:-1\" \/>\n<link rel=\"canonical\" href=\"https:\/\/www.esplac.cat\/training-course-casa-kurt-lowenstein-education-for-social-change\/\" \/>\n<meta property=\"og:locale\" content=\"es_ES\" \/>\n<meta property=\"og:type\" content=\"article\" \/>\n<meta property=\"og:title\" content=\"Training course de la casa Kurt Lowenstein: \u201cEducation for social change\u201d - Esplac\" \/>\n<meta property=\"og:description\" content=\"Voldries formar part de l&#8217;equip internacional que realitza les formacions [&hellip;]\" \/>\n<meta property=\"og:url\" content=\"https:\/\/www.esplac.cat\/training-course-casa-kurt-lowenstein-education-for-social-change\/\" \/>\n<meta property=\"og:site_name\" content=\"Esplac\" \/>\n<meta property=\"article:published_time\" content=\"2019-08-22T08:51:26+00:00\" \/>\n<meta property=\"article:modified_time\" content=\"2020-10-15T16:23:17+00:00\" \/>\n<meta property=\"og:image\" content=\"https:\/\/www.esplac.cat\/wp-content\/uploads\/2019\/08\/portadaformadores.jpg\" \/>\n\t<meta property=\"og:image:width\" content=\"847\" \/>\n\t<meta property=\"og:image:height\" content=\"350\" \/>\n\t<meta property=\"og:image:type\" content=\"image\/jpeg\" \/>\n<meta name=\"author\" content=\"Comunicaci\u00f3 Esplac\" \/>\n<meta name=\"twitter:card\" content=\"summary_large_image\" \/>\n<meta name=\"twitter:label1\" content=\"Escrito por\" \/>\n\t<meta name=\"twitter:data1\" content=\"Comunicaci\u00f3 Esplac\" \/>\n\t<meta name=\"twitter:label2\" content=\"Tiempo de lectura\" \/>\n\t<meta name=\"twitter:data2\" content=\"1 minuto\" \/>\n<script type=\"application\/ld+json\" class=\"yoast-schema-graph\">{\"@context\":\"https:\\\/\\\/schema.org\",\"@graph\":[{\"@type\":\"Article\",\"@id\":\"https:\\\/\\\/www.esplac.cat\\\/training-course-casa-kurt-lowenstein-education-for-social-change\\\/#article\",\"isPartOf\":{\"@id\":\"https:\\\/\\\/www.esplac.cat\\\/training-course-casa-kurt-lowenstein-education-for-social-change\\\/\"},\"author\":{\"name\":\"Comunicaci\u00f3 Esplac\",\"@id\":\"https:\\\/\\\/www.esplac.cat\\\/#\\\/schema\\\/person\\\/908383cf240be18b68f8855d0583faca\"},\"headline\":\"Training course de la casa Kurt Lowenstein: \u201cEducation for social change\u201d\",\"datePublished\":\"2019-08-22T08:51:26+00:00\",\"dateModified\":\"2020-10-15T16:23:17+00:00\",\"mainEntityOfPage\":{\"@id\":\"https:\\\/\\\/www.esplac.cat\\\/training-course-casa-kurt-lowenstein-education-for-social-change\\\/\"},\"wordCount\":294,\"publisher\":{\"@id\":\"https:\\\/\\\/www.esplac.cat\\\/#organization\"},\"image\":{\"@id\":\"https:\\\/\\\/www.esplac.cat\\\/training-course-casa-kurt-lowenstein-education-for-social-change\\\/#primaryimage\"},\"thumbnailUrl\":\"https:\\\/\\\/www.esplac.cat\\\/wp-content\\\/uploads\\\/2019\\\/08\\\/portadaformadores.jpg\",\"keywords\":[\"Berlin\",\"educaci\u00f3 popular\",\"formaci\u00f3\",\"Formadores\",\"internacional\",\"transformaci\u00f3 social\"],\"articleSection\":[\"Esplac al m\u00f3n\",\"Sense categoria\"],\"inLanguage\":\"es\"},{\"@type\":\"WebPage\",\"@id\":\"https:\\\/\\\/www.esplac.cat\\\/training-course-casa-kurt-lowenstein-education-for-social-change\\\/\",\"url\":\"https:\\\/\\\/www.esplac.cat\\\/training-course-casa-kurt-lowenstein-education-for-social-change\\\/\",\"name\":\"Training course de la casa Kurt Lowenstein: \u201cEducation for social change\u201d - Esplac\",\"isPartOf\":{\"@id\":\"https:\\\/\\\/www.esplac.cat\\\/#website\"},\"primaryImageOfPage\":{\"@id\":\"https:\\\/\\\/www.esplac.cat\\\/training-course-casa-kurt-lowenstein-education-for-social-change\\\/#primaryimage\"},\"image\":{\"@id\":\"https:\\\/\\\/www.esplac.cat\\\/training-course-casa-kurt-lowenstein-education-for-social-change\\\/#primaryimage\"},\"thumbnailUrl\":\"https:\\\/\\\/www.esplac.cat\\\/wp-content\\\/uploads\\\/2019\\\/08\\\/portadaformadores.jpg\",\"datePublished\":\"2019-08-22T08:51:26+00:00\",\"dateModified\":\"2020-10-15T16:23:17+00:00\",\"breadcrumb\":{\"@id\":\"https:\\\/\\\/www.esplac.cat\\\/training-course-casa-kurt-lowenstein-education-for-social-change\\\/#breadcrumb\"},\"inLanguage\":\"es\",\"potentialAction\":[{\"@type\":\"ReadAction\",\"target\":[\"https:\\\/\\\/www.esplac.cat\\\/training-course-casa-kurt-lowenstein-education-for-social-change\\\/\"]}]},{\"@type\":\"ImageObject\",\"inLanguage\":\"es\",\"@id\":\"https:\\\/\\\/www.esplac.cat\\\/training-course-casa-kurt-lowenstein-education-for-social-change\\\/#primaryimage\",\"url\":\"https:\\\/\\\/www.esplac.cat\\\/wp-content\\\/uploads\\\/2019\\\/08\\\/portadaformadores.jpg\",\"contentUrl\":\"https:\\\/\\\/www.esplac.cat\\\/wp-content\\\/uploads\\\/2019\\\/08\\\/portadaformadores.jpg\",\"width\":847,\"height\":350},{\"@type\":\"BreadcrumbList\",\"@id\":\"https:\\\/\\\/www.esplac.cat\\\/training-course-casa-kurt-lowenstein-education-for-social-change\\\/#breadcrumb\",\"itemListElement\":[{\"@type\":\"ListItem\",\"position\":1,\"name\":\"Inici\",\"item\":\"https:\\\/\\\/www.esplac.cat\\\/es\\\/\"},{\"@type\":\"ListItem\",\"position\":2,\"name\":\"Training course de la casa Kurt Lowenstein: \u201cEducation for social change\u201d\"}]},{\"@type\":\"WebSite\",\"@id\":\"https:\\\/\\\/www.esplac.cat\\\/#website\",\"url\":\"https:\\\/\\\/www.esplac.cat\\\/\",\"name\":\"Esplac\",\"description\":\"Esplais Catalans\",\"publisher\":{\"@id\":\"https:\\\/\\\/www.esplac.cat\\\/#organization\"},\"potentialAction\":[{\"@type\":\"SearchAction\",\"target\":{\"@type\":\"EntryPoint\",\"urlTemplate\":\"https:\\\/\\\/www.esplac.cat\\\/?s={search_term_string}\"},\"query-input\":{\"@type\":\"PropertyValueSpecification\",\"valueRequired\":true,\"valueName\":\"search_term_string\"}}],\"inLanguage\":\"es\"},{\"@type\":\"Organization\",\"@id\":\"https:\\\/\\\/www.esplac.cat\\\/#organization\",\"name\":\"Esplac\",\"url\":\"https:\\\/\\\/www.esplac.cat\\\/\",\"logo\":{\"@type\":\"ImageObject\",\"inLanguage\":\"es\",\"@id\":\"https:\\\/\\\/www.esplac.cat\\\/#\\\/schema\\\/logo\\\/image\\\/\",\"url\":\"https:\\\/\\\/www.esplac.cat\\\/wp-content\\\/uploads\\\/2019\\\/08\\\/logox2.png\",\"contentUrl\":\"https:\\\/\\\/www.esplac.cat\\\/wp-content\\\/uploads\\\/2019\\\/08\\\/logox2.png\",\"width\":600,\"height\":295,\"caption\":\"Esplac\"},\"image\":{\"@id\":\"https:\\\/\\\/www.esplac.cat\\\/#\\\/schema\\\/logo\\\/image\\\/\"}},{\"@type\":\"Person\",\"@id\":\"https:\\\/\\\/www.esplac.cat\\\/#\\\/schema\\\/person\\\/908383cf240be18b68f8855d0583faca\",\"name\":\"Comunicaci\u00f3 Esplac\",\"image\":{\"@type\":\"ImageObject\",\"inLanguage\":\"es\",\"@id\":\"https:\\\/\\\/secure.gravatar.com\\\/avatar\\\/7a4cf8feb412a76ea4a740ca02d95b06b2907b5a6c648c2dd0a1082a093c3141?s=96&d=mm&r=g\",\"url\":\"https:\\\/\\\/secure.gravatar.com\\\/avatar\\\/7a4cf8feb412a76ea4a740ca02d95b06b2907b5a6c648c2dd0a1082a093c3141?s=96&d=mm&r=g\",\"contentUrl\":\"https:\\\/\\\/secure.gravatar.com\\\/avatar\\\/7a4cf8feb412a76ea4a740ca02d95b06b2907b5a6c648c2dd0a1082a093c3141?s=96&d=mm&r=g\",\"caption\":\"Comunicaci\u00f3 Esplac\"}}]}<\/script>\n<!-- \/ Yoast SEO plugin. -->","yoast_head_json":{"title":"Training course de la casa Kurt Lowenstein: \u201cEducation for social change\u201d - Esplac","robots":{"index":"index","follow":"follow","max-snippet":"max-snippet:-1","max-image-preview":"max-image-preview:large","max-video-preview":"max-video-preview:-1"},"canonical":"https:\/\/www.esplac.cat\/training-course-casa-kurt-lowenstein-education-for-social-change\/","og_locale":"es_ES","og_type":"article","og_title":"Training course de la casa Kurt Lowenstein: \u201cEducation for social change\u201d - Esplac","og_description":"Voldries formar part de l&#8217;equip internacional que realitza les formacions [&hellip;]","og_url":"https:\/\/www.esplac.cat\/training-course-casa-kurt-lowenstein-education-for-social-change\/","og_site_name":"Esplac","article_published_time":"2019-08-22T08:51:26+00:00","article_modified_time":"2020-10-15T16:23:17+00:00","og_image":[{"width":847,"height":350,"url":"https:\/\/www.esplac.cat\/wp-content\/uploads\/2019\/08\/portadaformadores.jpg","type":"image\/jpeg"}],"author":"Comunicaci\u00f3 Esplac","twitter_card":"summary_large_image","twitter_misc":{"Escrito por":"Comunicaci\u00f3 Esplac","Tiempo de lectura":"1 minuto"},"schema":{"@context":"https:\/\/schema.org","@graph":[{"@type":"Article","@id":"https:\/\/www.esplac.cat\/training-course-casa-kurt-lowenstein-education-for-social-change\/#article","isPartOf":{"@id":"https:\/\/www.esplac.cat\/training-course-casa-kurt-lowenstein-education-for-social-change\/"},"author":{"name":"Comunicaci\u00f3 Esplac","@id":"https:\/\/www.esplac.cat\/#\/schema\/person\/908383cf240be18b68f8855d0583faca"},"headline":"Training course de la casa Kurt Lowenstein: \u201cEducation for social change\u201d","datePublished":"2019-08-22T08:51:26+00:00","dateModified":"2020-10-15T16:23:17+00:00","mainEntityOfPage":{"@id":"https:\/\/www.esplac.cat\/training-course-casa-kurt-lowenstein-education-for-social-change\/"},"wordCount":294,"publisher":{"@id":"https:\/\/www.esplac.cat\/#organization"},"image":{"@id":"https:\/\/www.esplac.cat\/training-course-casa-kurt-lowenstein-education-for-social-change\/#primaryimage"},"thumbnailUrl":"https:\/\/www.esplac.cat\/wp-content\/uploads\/2019\/08\/portadaformadores.jpg","keywords":["Berlin","educaci\u00f3 popular","formaci\u00f3","Formadores","internacional","transformaci\u00f3 social"],"articleSection":["Esplac al m\u00f3n","Sense categoria"],"inLanguage":"es"},{"@type":"WebPage","@id":"https:\/\/www.esplac.cat\/training-course-casa-kurt-lowenstein-education-for-social-change\/","url":"https:\/\/www.esplac.cat\/training-course-casa-kurt-lowenstein-education-for-social-change\/","name":"Training course de la casa Kurt Lowenstein: \u201cEducation for social change\u201d - Esplac","isPartOf":{"@id":"https:\/\/www.esplac.cat\/#website"},"primaryImageOfPage":{"@id":"https:\/\/www.esplac.cat\/training-course-casa-kurt-lowenstein-education-for-social-change\/#primaryimage"},"image":{"@id":"https:\/\/www.esplac.cat\/training-course-casa-kurt-lowenstein-education-for-social-change\/#primaryimage"},"thumbnailUrl":"https:\/\/www.esplac.cat\/wp-content\/uploads\/2019\/08\/portadaformadores.jpg","datePublished":"2019-08-22T08:51:26+00:00","dateModified":"2020-10-15T16:23:17+00:00","breadcrumb":{"@id":"https:\/\/www.esplac.cat\/training-course-casa-kurt-lowenstein-education-for-social-change\/#breadcrumb"},"inLanguage":"es","potentialAction":[{"@type":"ReadAction","target":["https:\/\/www.esplac.cat\/training-course-casa-kurt-lowenstein-education-for-social-change\/"]}]},{"@type":"ImageObject","inLanguage":"es","@id":"https:\/\/www.esplac.cat\/training-course-casa-kurt-lowenstein-education-for-social-change\/#primaryimage","url":"https:\/\/www.esplac.cat\/wp-content\/uploads\/2019\/08\/portadaformadores.jpg","contentUrl":"https:\/\/www.esplac.cat\/wp-content\/uploads\/2019\/08\/portadaformadores.jpg","width":847,"height":350},{"@type":"BreadcrumbList","@id":"https:\/\/www.esplac.cat\/training-course-casa-kurt-lowenstein-education-for-social-change\/#breadcrumb","itemListElement":[{"@type":"ListItem","position":1,"name":"Inici","item":"https:\/\/www.esplac.cat\/es\/"},{"@type":"ListItem","position":2,"name":"Training course de la casa Kurt Lowenstein: \u201cEducation for social change\u201d"}]},{"@type":"WebSite","@id":"https:\/\/www.esplac.cat\/#website","url":"https:\/\/www.esplac.cat\/","name":"Esplac","description":"Esplais Catalans","publisher":{"@id":"https:\/\/www.esplac.cat\/#organization"},"potentialAction":[{"@type":"SearchAction","target":{"@type":"EntryPoint","urlTemplate":"https:\/\/www.esplac.cat\/?s={search_term_string}"},"query-input":{"@type":"PropertyValueSpecification","valueRequired":true,"valueName":"search_term_string"}}],"inLanguage":"es"},{"@type":"Organization","@id":"https:\/\/www.esplac.cat\/#organization","name":"Esplac","url":"https:\/\/www.esplac.cat\/","logo":{"@type":"ImageObject","inLanguage":"es","@id":"https:\/\/www.esplac.cat\/#\/schema\/logo\/image\/","url":"https:\/\/www.esplac.cat\/wp-content\/uploads\/2019\/08\/logox2.png","contentUrl":"https:\/\/www.esplac.cat\/wp-content\/uploads\/2019\/08\/logox2.png","width":600,"height":295,"caption":"Esplac"},"image":{"@id":"https:\/\/www.esplac.cat\/#\/schema\/logo\/image\/"}},{"@type":"Person","@id":"https:\/\/www.esplac.cat\/#\/schema\/person\/908383cf240be18b68f8855d0583faca","name":"Comunicaci\u00f3 Esplac","image":{"@type":"ImageObject","inLanguage":"es","@id":"https:\/\/secure.gravatar.com\/avatar\/7a4cf8feb412a76ea4a740ca02d95b06b2907b5a6c648c2dd0a1082a093c3141?s=96&d=mm&r=g","url":"https:\/\/secure.gravatar.com\/avatar\/7a4cf8feb412a76ea4a740ca02d95b06b2907b5a6c648c2dd0a1082a093c3141?s=96&d=mm&r=g","contentUrl":"https:\/\/secure.gravatar.com\/avatar\/7a4cf8feb412a76ea4a740ca02d95b06b2907b5a6c648c2dd0a1082a093c3141?s=96&d=mm&r=g","caption":"Comunicaci\u00f3 Esplac"}}]}},"_links":{"self":[{"href":"https:\/\/www.esplac.cat\/es\/wp-json\/wp\/v2\/posts\/23668","targetHints":{"allow":["GET"]}}],"collection":[{"href":"https:\/\/www.esplac.cat\/es\/wp-json\/wp\/v2\/posts"}],"about":[{"href":"https:\/\/www.esplac.cat\/es\/wp-json\/wp\/v2\/types\/post"}],"author":[{"embeddable":true,"href":"https:\/\/www.esplac.cat\/es\/wp-json\/wp\/v2\/users\/3"}],"replies":[{"embeddable":true,"href":"https:\/\/www.esplac.cat\/es\/wp-json\/wp\/v2\/comments?post=23668"}],"version-history":[{"count":0,"href":"https:\/\/www.esplac.cat\/es\/wp-json\/wp\/v2\/posts\/23668\/revisions"}],"wp:featuredmedia":[{"embeddable":true,"href":"https:\/\/www.esplac.cat\/es\/wp-json\/wp\/v2\/media\/23560"}],"wp:attachment":[{"href":"https:\/\/www.esplac.cat\/es\/wp-json\/wp\/v2\/media?parent=23668"}],"wp:term":[{"taxonomy":"category","embeddable":true,"href":"https:\/\/www.esplac.cat\/es\/wp-json\/wp\/v2\/categories?post=23668"},{"taxonomy":"post_tag","embeddable":true,"href":"https:\/\/www.esplac.cat\/es\/wp-json\/wp\/v2\/tags?post=23668"}],"curies":[{"name":"wp","href":"https:\/\/api.w.org\/{rel}","templated":true}]}}