{"id":23669,"date":"2019-07-18T09:04:35","date_gmt":"2019-07-18T07:04:35","guid":{"rendered":"http:\/\/esplac.cat\/?p=22548"},"modified":"2021-01-19T10:10:22","modified_gmt":"2021-01-19T09:10:22","slug":"primera-reunio-projecte-internacional-canada","status":"publish","type":"post","link":"https:\/\/www.esplac.cat\/es\/primera-reunio-projecte-internacional-canada\/","title":{"rendered":"Primera reuni\u00f3 del projecte internacional amb el Canad\u00e0!"},"content":{"rendered":"<div class=\"fusion-fullwidth fullwidth-box fusion-builder-row-1 nonhundred-percent-fullwidth non-hundred-percent-height-scrolling\" style=\"--awb-border-radius-top-left:0px;--awb-border-radius-top-right:0px;--awb-border-radius-bottom-right:0px;--awb-border-radius-bottom-left:0px;--awb-flex-wrap:wrap;\" ><div class=\"fusion-builder-row fusion-row\"><div class=\"fusion-layout-column fusion_builder_column fusion-builder-column-0 fusion_builder_column_1_1 1_1 fusion-one-full fusion-column-first fusion-column-last\" style=\"--awb-bg-size:cover;--awb-margin-bottom:0px;\"><div class=\"fusion-column-wrapper fusion-flex-column-wrapper-legacy\"><div class=\"fusion-text fusion-text-1\"><h4 style=\"text-align: justify;\">Ahir, 17 de juliol, va tenir lloc la primera reuni\u00f3 de les 9 joves que participen\u00a0al\u00a0projecte internacional\u00a0d\u2019Esplac amb el qual\u00a0realitzaran un intercanvi al Canad\u00e0.<\/h4>\n<p style=\"text-align: justify;\">Esplac ha comen\u00e7at un projecte nou que es titula \u201cAmplifying the voices of young people with fewer opportunities\u201d que es realitza amb 7 entitats del Canad\u00e0 i 7 entitats de ciutats Europees, entre elles nosaltres. El projecte est\u00e0 liderat per <strong>Oxfam Canad\u00e0<\/strong> i gestionat, a nivell d\u2019Europa, per l\u2019<strong>IFM-SEI<\/strong>.<\/p>\n<p style=\"text-align: justify;\">Ahir, les dues persones l\u00edders del projecte i les 7 persones participants van comen\u00e7ar a planificar el projecte i es van con\u00e8ixer. El grup d\u2019Esplac \u00e9s un grup variat (joves de 3 esplais d\u2019Esplac i de minyons) per\u00f2 comparteixen la mateixa motivaci\u00f3: <strong>fer una \u201crecerca juvenil\u201d<\/strong> sobre un tema concret relacionat amb el <strong>canvi clim\u00e0tic<\/strong>, amb les <strong>desigualtats de g\u00e8nere<\/strong> o sobre l\u2019<strong>extremisme violent<\/strong> i compartir els resultats, les perspectives i els aprenentatges amb les altres 130 persones joves del projecte quan es reuneixin al Canad\u00e0.<\/p>\n<p style=\"text-align: justify;\">Tamb\u00e9,\u00a0van comen\u00e7ar a pensar en \u201csubtemes\u201d dels 3 grans temes, van compartir motivacions, pors, fortaleses&#8230; i van comen\u00e7ar a organitzar el cap de setmana de trobada que faran abans de marxar al novembre.<\/p>\n<p style=\"text-align: justify;\">El grup est\u00e0 entusiasmat i amb moltes ganes de treballar. La majoria de persones participants d\u2019aquest projecte no han fet cap activitat internacional abans, de manera que us animem sempre a participar i a endinsar-vos en el m\u00f3n de l\u2019internacionalisme! Totes aquestes oportunitats s\u00f3n \u00faniques, aix\u00ed que estigueu atentes a les pr\u00f2ximes!<\/p>\n<p style=\"text-align: justify;\">Per qualsevol dubte o inquietud, no dubteu en contactar amb <strong>internacional@esplac.cat<\/strong>.<\/p>\n<p>&nbsp;<\/p>\n<p><a href=\"http:\/\/esplac.cat\/wp-content\/uploads\/2019\/07\/IMG_5871.jpeg\"><img decoding=\"async\" class=\"wp-image-22549 aligncenter\" src=\"http:\/\/esplac.cat\/wp-content\/uploads\/2019\/07\/IMG_5871.jpeg\" alt=\"\" width=\"667\" height=\"501\" \/><\/a><\/p>\n<p><a href=\"http:\/\/esplac.cat\/wp-content\/uploads\/2019\/07\/IMG_5872.jpeg\"><img decoding=\"async\" class=\"wp-image-22550 aligncenter\" src=\"http:\/\/esplac.cat\/wp-content\/uploads\/2019\/07\/IMG_5872.jpeg\" alt=\"\" width=\"662\" height=\"497\" \/><\/a><\/p>\n<p><em>Amb la col\u00b7laboraci\u00f3 de:<br \/>\n<img decoding=\"async\" class=\"alignleft wp-image-34361 \" src=\"https:\/\/www.esplac.cat\/wp-content\/uploads\/2021\/01\/accioexterior_h3-1.jpg\" alt=\"\" width=\"260\" height=\"37\" srcset=\"https:\/\/www.esplac.cat\/wp-content\/uploads\/2021\/01\/accioexterior_h3-1-200x29.jpg 200w, https:\/\/www.esplac.cat\/wp-content\/uploads\/2021\/01\/accioexterior_h3-1-300x43.jpg 300w, https:\/\/www.esplac.cat\/wp-content\/uploads\/2021\/01\/accioexterior_h3-1-400x57.jpg 400w, https:\/\/www.esplac.cat\/wp-content\/uploads\/2021\/01\/accioexterior_h3-1-600x86.jpg 600w, https:\/\/www.esplac.cat\/wp-content\/uploads\/2021\/01\/accioexterior_h3-1.jpg 728w\" sizes=\"(max-width: 260px) 100vw, 260px\" \/><br \/>\n<\/em><\/p>\n<\/div><div class=\"fusion-clearfix\"><\/div><\/div><\/div><\/div><\/div>\n","protected":false},"excerpt":{"rendered":"","protected":false},"author":3,"featured_media":23562,"comment_status":"closed","ping_status":"open","sticky":false,"template":"","format":"standard","meta":{"om_disable_all_campaigns":false,"_monsterinsights_skip_tracking":false,"_monsterinsights_sitenote_active":false,"_monsterinsights_sitenote_note":"","_monsterinsights_sitenote_category":0,"_uf_show_specific_survey":0,"_uf_disable_surveys":false,"footnotes":""},"categories":[1112,1],"tags":[1058,1089,1090,1091,59,109,419,1092],"class_list":["post-23669","post","type-post","status-publish","format-standard","has-post-thumbnail","hentry","category-esplac-al-mon","category-sense-categoria","tag-canada","tag-canvi-climatic","tag-desigualtats-de-genere","tag-extremisme-violent","tag-ifm-sei","tag-internacionalisme","tag-projecte-internacional","tag-recerca-juvenil"],"yoast_head":"<!-- This site is optimized with the Yoast SEO plugin v27.5 - https:\/\/yoast.com\/product\/yoast-seo-wordpress\/ -->\n<title>Primera reuni\u00f3 del projecte internacional amb el Canad\u00e0! - Esplac<\/title>\n<meta name=\"robots\" content=\"index, follow, max-snippet:-1, max-image-preview:large, max-video-preview:-1\" \/>\n<link rel=\"canonical\" href=\"https:\/\/www.esplac.cat\/primera-reunio-projecte-internacional-canada\/\" \/>\n<meta property=\"og:locale\" content=\"es_ES\" \/>\n<meta property=\"og:type\" content=\"article\" \/>\n<meta property=\"og:title\" content=\"Primera reuni\u00f3 del projecte internacional amb el Canad\u00e0! - Esplac\" \/>\n<meta property=\"og:url\" content=\"https:\/\/www.esplac.cat\/primera-reunio-projecte-internacional-canada\/\" \/>\n<meta property=\"og:site_name\" content=\"Esplac\" \/>\n<meta property=\"article:published_time\" content=\"2019-07-18T07:04:35+00:00\" \/>\n<meta property=\"article:modified_time\" content=\"2021-01-19T09:10:22+00:00\" \/>\n<meta property=\"og:image\" content=\"https:\/\/www.esplac.cat\/wp-content\/uploads\/2019\/07\/portadacanada.jpg\" \/>\n\t<meta property=\"og:image:width\" content=\"847\" \/>\n\t<meta property=\"og:image:height\" content=\"350\" \/>\n\t<meta property=\"og:image:type\" content=\"image\/jpeg\" \/>\n<meta name=\"author\" content=\"Comunicaci\u00f3 Esplac\" \/>\n<meta name=\"twitter:card\" content=\"summary_large_image\" \/>\n<meta name=\"twitter:label1\" content=\"Escrito por\" \/>\n\t<meta name=\"twitter:data1\" content=\"Comunicaci\u00f3 Esplac\" \/>\n\t<meta name=\"twitter:label2\" content=\"Tiempo de lectura\" \/>\n\t<meta name=\"twitter:data2\" content=\"2 minutos\" \/>\n<script type=\"application\/ld+json\" class=\"yoast-schema-graph\">{\"@context\":\"https:\\\/\\\/schema.org\",\"@graph\":[{\"@type\":\"Article\",\"@id\":\"https:\\\/\\\/www.esplac.cat\\\/primera-reunio-projecte-internacional-canada\\\/#article\",\"isPartOf\":{\"@id\":\"https:\\\/\\\/www.esplac.cat\\\/primera-reunio-projecte-internacional-canada\\\/\"},\"author\":{\"name\":\"Comunicaci\u00f3 Esplac\",\"@id\":\"https:\\\/\\\/www.esplac.cat\\\/#\\\/schema\\\/person\\\/908383cf240be18b68f8855d0583faca\"},\"headline\":\"Primera reuni\u00f3 del projecte internacional amb el Canad\u00e0!\",\"datePublished\":\"2019-07-18T07:04:35+00:00\",\"dateModified\":\"2021-01-19T09:10:22+00:00\",\"mainEntityOfPage\":{\"@id\":\"https:\\\/\\\/www.esplac.cat\\\/primera-reunio-projecte-internacional-canada\\\/\"},\"wordCount\":448,\"publisher\":{\"@id\":\"https:\\\/\\\/www.esplac.cat\\\/#organization\"},\"image\":{\"@id\":\"https:\\\/\\\/www.esplac.cat\\\/primera-reunio-projecte-internacional-canada\\\/#primaryimage\"},\"thumbnailUrl\":\"https:\\\/\\\/www.esplac.cat\\\/wp-content\\\/uploads\\\/2019\\\/07\\\/portadacanada.jpg\",\"keywords\":[\"Canad\u00e0\",\"canvi clim\u00e0tic\",\"desigualtats de g\u00e8nere\",\"extremisme violent\",\"IFM-SEI\",\"internacionalisme\",\"projecte internacional\",\"Recerca juvenil\"],\"articleSection\":[\"Esplac al m\u00f3n\",\"Sense categoria\"],\"inLanguage\":\"es\"},{\"@type\":\"WebPage\",\"@id\":\"https:\\\/\\\/www.esplac.cat\\\/primera-reunio-projecte-internacional-canada\\\/\",\"url\":\"https:\\\/\\\/www.esplac.cat\\\/primera-reunio-projecte-internacional-canada\\\/\",\"name\":\"Primera reuni\u00f3 del projecte internacional amb el Canad\u00e0! - Esplac\",\"isPartOf\":{\"@id\":\"https:\\\/\\\/www.esplac.cat\\\/#website\"},\"primaryImageOfPage\":{\"@id\":\"https:\\\/\\\/www.esplac.cat\\\/primera-reunio-projecte-internacional-canada\\\/#primaryimage\"},\"image\":{\"@id\":\"https:\\\/\\\/www.esplac.cat\\\/primera-reunio-projecte-internacional-canada\\\/#primaryimage\"},\"thumbnailUrl\":\"https:\\\/\\\/www.esplac.cat\\\/wp-content\\\/uploads\\\/2019\\\/07\\\/portadacanada.jpg\",\"datePublished\":\"2019-07-18T07:04:35+00:00\",\"dateModified\":\"2021-01-19T09:10:22+00:00\",\"breadcrumb\":{\"@id\":\"https:\\\/\\\/www.esplac.cat\\\/primera-reunio-projecte-internacional-canada\\\/#breadcrumb\"},\"inLanguage\":\"es\",\"potentialAction\":[{\"@type\":\"ReadAction\",\"target\":[\"https:\\\/\\\/www.esplac.cat\\\/primera-reunio-projecte-internacional-canada\\\/\"]}]},{\"@type\":\"ImageObject\",\"inLanguage\":\"es\",\"@id\":\"https:\\\/\\\/www.esplac.cat\\\/primera-reunio-projecte-internacional-canada\\\/#primaryimage\",\"url\":\"https:\\\/\\\/www.esplac.cat\\\/wp-content\\\/uploads\\\/2019\\\/07\\\/portadacanada.jpg\",\"contentUrl\":\"https:\\\/\\\/www.esplac.cat\\\/wp-content\\\/uploads\\\/2019\\\/07\\\/portadacanada.jpg\",\"width\":847,\"height\":350},{\"@type\":\"BreadcrumbList\",\"@id\":\"https:\\\/\\\/www.esplac.cat\\\/primera-reunio-projecte-internacional-canada\\\/#breadcrumb\",\"itemListElement\":[{\"@type\":\"ListItem\",\"position\":1,\"name\":\"Inici\",\"item\":\"https:\\\/\\\/www.esplac.cat\\\/es\\\/\"},{\"@type\":\"ListItem\",\"position\":2,\"name\":\"Primera reuni\u00f3 del projecte internacional amb el Canad\u00e0!\"}]},{\"@type\":\"WebSite\",\"@id\":\"https:\\\/\\\/www.esplac.cat\\\/#website\",\"url\":\"https:\\\/\\\/www.esplac.cat\\\/\",\"name\":\"Esplac\",\"description\":\"Esplais Catalans\",\"publisher\":{\"@id\":\"https:\\\/\\\/www.esplac.cat\\\/#organization\"},\"potentialAction\":[{\"@type\":\"SearchAction\",\"target\":{\"@type\":\"EntryPoint\",\"urlTemplate\":\"https:\\\/\\\/www.esplac.cat\\\/?s={search_term_string}\"},\"query-input\":{\"@type\":\"PropertyValueSpecification\",\"valueRequired\":true,\"valueName\":\"search_term_string\"}}],\"inLanguage\":\"es\"},{\"@type\":\"Organization\",\"@id\":\"https:\\\/\\\/www.esplac.cat\\\/#organization\",\"name\":\"Esplac\",\"url\":\"https:\\\/\\\/www.esplac.cat\\\/\",\"logo\":{\"@type\":\"ImageObject\",\"inLanguage\":\"es\",\"@id\":\"https:\\\/\\\/www.esplac.cat\\\/#\\\/schema\\\/logo\\\/image\\\/\",\"url\":\"https:\\\/\\\/www.esplac.cat\\\/wp-content\\\/uploads\\\/2019\\\/08\\\/logox2.png\",\"contentUrl\":\"https:\\\/\\\/www.esplac.cat\\\/wp-content\\\/uploads\\\/2019\\\/08\\\/logox2.png\",\"width\":600,\"height\":295,\"caption\":\"Esplac\"},\"image\":{\"@id\":\"https:\\\/\\\/www.esplac.cat\\\/#\\\/schema\\\/logo\\\/image\\\/\"}},{\"@type\":\"Person\",\"@id\":\"https:\\\/\\\/www.esplac.cat\\\/#\\\/schema\\\/person\\\/908383cf240be18b68f8855d0583faca\",\"name\":\"Comunicaci\u00f3 Esplac\",\"image\":{\"@type\":\"ImageObject\",\"inLanguage\":\"es\",\"@id\":\"https:\\\/\\\/secure.gravatar.com\\\/avatar\\\/7a4cf8feb412a76ea4a740ca02d95b06b2907b5a6c648c2dd0a1082a093c3141?s=96&d=mm&r=g\",\"url\":\"https:\\\/\\\/secure.gravatar.com\\\/avatar\\\/7a4cf8feb412a76ea4a740ca02d95b06b2907b5a6c648c2dd0a1082a093c3141?s=96&d=mm&r=g\",\"contentUrl\":\"https:\\\/\\\/secure.gravatar.com\\\/avatar\\\/7a4cf8feb412a76ea4a740ca02d95b06b2907b5a6c648c2dd0a1082a093c3141?s=96&d=mm&r=g\",\"caption\":\"Comunicaci\u00f3 Esplac\"}}]}<\/script>\n<!-- \/ Yoast SEO plugin. -->","yoast_head_json":{"title":"Primera reuni\u00f3 del projecte internacional amb el Canad\u00e0! - Esplac","robots":{"index":"index","follow":"follow","max-snippet":"max-snippet:-1","max-image-preview":"max-image-preview:large","max-video-preview":"max-video-preview:-1"},"canonical":"https:\/\/www.esplac.cat\/primera-reunio-projecte-internacional-canada\/","og_locale":"es_ES","og_type":"article","og_title":"Primera reuni\u00f3 del projecte internacional amb el Canad\u00e0! - Esplac","og_url":"https:\/\/www.esplac.cat\/primera-reunio-projecte-internacional-canada\/","og_site_name":"Esplac","article_published_time":"2019-07-18T07:04:35+00:00","article_modified_time":"2021-01-19T09:10:22+00:00","og_image":[{"width":847,"height":350,"url":"https:\/\/www.esplac.cat\/wp-content\/uploads\/2019\/07\/portadacanada.jpg","type":"image\/jpeg"}],"author":"Comunicaci\u00f3 Esplac","twitter_card":"summary_large_image","twitter_misc":{"Escrito por":"Comunicaci\u00f3 Esplac","Tiempo de lectura":"2 minutos"},"schema":{"@context":"https:\/\/schema.org","@graph":[{"@type":"Article","@id":"https:\/\/www.esplac.cat\/primera-reunio-projecte-internacional-canada\/#article","isPartOf":{"@id":"https:\/\/www.esplac.cat\/primera-reunio-projecte-internacional-canada\/"},"author":{"name":"Comunicaci\u00f3 Esplac","@id":"https:\/\/www.esplac.cat\/#\/schema\/person\/908383cf240be18b68f8855d0583faca"},"headline":"Primera reuni\u00f3 del projecte internacional amb el Canad\u00e0!","datePublished":"2019-07-18T07:04:35+00:00","dateModified":"2021-01-19T09:10:22+00:00","mainEntityOfPage":{"@id":"https:\/\/www.esplac.cat\/primera-reunio-projecte-internacional-canada\/"},"wordCount":448,"publisher":{"@id":"https:\/\/www.esplac.cat\/#organization"},"image":{"@id":"https:\/\/www.esplac.cat\/primera-reunio-projecte-internacional-canada\/#primaryimage"},"thumbnailUrl":"https:\/\/www.esplac.cat\/wp-content\/uploads\/2019\/07\/portadacanada.jpg","keywords":["Canad\u00e0","canvi clim\u00e0tic","desigualtats de g\u00e8nere","extremisme violent","IFM-SEI","internacionalisme","projecte internacional","Recerca juvenil"],"articleSection":["Esplac al m\u00f3n","Sense categoria"],"inLanguage":"es"},{"@type":"WebPage","@id":"https:\/\/www.esplac.cat\/primera-reunio-projecte-internacional-canada\/","url":"https:\/\/www.esplac.cat\/primera-reunio-projecte-internacional-canada\/","name":"Primera reuni\u00f3 del projecte internacional amb el Canad\u00e0! - Esplac","isPartOf":{"@id":"https:\/\/www.esplac.cat\/#website"},"primaryImageOfPage":{"@id":"https:\/\/www.esplac.cat\/primera-reunio-projecte-internacional-canada\/#primaryimage"},"image":{"@id":"https:\/\/www.esplac.cat\/primera-reunio-projecte-internacional-canada\/#primaryimage"},"thumbnailUrl":"https:\/\/www.esplac.cat\/wp-content\/uploads\/2019\/07\/portadacanada.jpg","datePublished":"2019-07-18T07:04:35+00:00","dateModified":"2021-01-19T09:10:22+00:00","breadcrumb":{"@id":"https:\/\/www.esplac.cat\/primera-reunio-projecte-internacional-canada\/#breadcrumb"},"inLanguage":"es","potentialAction":[{"@type":"ReadAction","target":["https:\/\/www.esplac.cat\/primera-reunio-projecte-internacional-canada\/"]}]},{"@type":"ImageObject","inLanguage":"es","@id":"https:\/\/www.esplac.cat\/primera-reunio-projecte-internacional-canada\/#primaryimage","url":"https:\/\/www.esplac.cat\/wp-content\/uploads\/2019\/07\/portadacanada.jpg","contentUrl":"https:\/\/www.esplac.cat\/wp-content\/uploads\/2019\/07\/portadacanada.jpg","width":847,"height":350},{"@type":"BreadcrumbList","@id":"https:\/\/www.esplac.cat\/primera-reunio-projecte-internacional-canada\/#breadcrumb","itemListElement":[{"@type":"ListItem","position":1,"name":"Inici","item":"https:\/\/www.esplac.cat\/es\/"},{"@type":"ListItem","position":2,"name":"Primera reuni\u00f3 del projecte internacional amb el Canad\u00e0!"}]},{"@type":"WebSite","@id":"https:\/\/www.esplac.cat\/#website","url":"https:\/\/www.esplac.cat\/","name":"Esplac","description":"Esplais Catalans","publisher":{"@id":"https:\/\/www.esplac.cat\/#organization"},"potentialAction":[{"@type":"SearchAction","target":{"@type":"EntryPoint","urlTemplate":"https:\/\/www.esplac.cat\/?s={search_term_string}"},"query-input":{"@type":"PropertyValueSpecification","valueRequired":true,"valueName":"search_term_string"}}],"inLanguage":"es"},{"@type":"Organization","@id":"https:\/\/www.esplac.cat\/#organization","name":"Esplac","url":"https:\/\/www.esplac.cat\/","logo":{"@type":"ImageObject","inLanguage":"es","@id":"https:\/\/www.esplac.cat\/#\/schema\/logo\/image\/","url":"https:\/\/www.esplac.cat\/wp-content\/uploads\/2019\/08\/logox2.png","contentUrl":"https:\/\/www.esplac.cat\/wp-content\/uploads\/2019\/08\/logox2.png","width":600,"height":295,"caption":"Esplac"},"image":{"@id":"https:\/\/www.esplac.cat\/#\/schema\/logo\/image\/"}},{"@type":"Person","@id":"https:\/\/www.esplac.cat\/#\/schema\/person\/908383cf240be18b68f8855d0583faca","name":"Comunicaci\u00f3 Esplac","image":{"@type":"ImageObject","inLanguage":"es","@id":"https:\/\/secure.gravatar.com\/avatar\/7a4cf8feb412a76ea4a740ca02d95b06b2907b5a6c648c2dd0a1082a093c3141?s=96&d=mm&r=g","url":"https:\/\/secure.gravatar.com\/avatar\/7a4cf8feb412a76ea4a740ca02d95b06b2907b5a6c648c2dd0a1082a093c3141?s=96&d=mm&r=g","contentUrl":"https:\/\/secure.gravatar.com\/avatar\/7a4cf8feb412a76ea4a740ca02d95b06b2907b5a6c648c2dd0a1082a093c3141?s=96&d=mm&r=g","caption":"Comunicaci\u00f3 Esplac"}}]}},"_links":{"self":[{"href":"https:\/\/www.esplac.cat\/es\/wp-json\/wp\/v2\/posts\/23669","targetHints":{"allow":["GET"]}}],"collection":[{"href":"https:\/\/www.esplac.cat\/es\/wp-json\/wp\/v2\/posts"}],"about":[{"href":"https:\/\/www.esplac.cat\/es\/wp-json\/wp\/v2\/types\/post"}],"author":[{"embeddable":true,"href":"https:\/\/www.esplac.cat\/es\/wp-json\/wp\/v2\/users\/3"}],"replies":[{"embeddable":true,"href":"https:\/\/www.esplac.cat\/es\/wp-json\/wp\/v2\/comments?post=23669"}],"version-history":[{"count":0,"href":"https:\/\/www.esplac.cat\/es\/wp-json\/wp\/v2\/posts\/23669\/revisions"}],"wp:featuredmedia":[{"embeddable":true,"href":"https:\/\/www.esplac.cat\/es\/wp-json\/wp\/v2\/media\/23562"}],"wp:attachment":[{"href":"https:\/\/www.esplac.cat\/es\/wp-json\/wp\/v2\/media?parent=23669"}],"wp:term":[{"taxonomy":"category","embeddable":true,"href":"https:\/\/www.esplac.cat\/es\/wp-json\/wp\/v2\/categories?post=23669"},{"taxonomy":"post_tag","embeddable":true,"href":"https:\/\/www.esplac.cat\/es\/wp-json\/wp\/v2\/tags?post=23669"}],"curies":[{"name":"wp","href":"https:\/\/api.w.org\/{rel}","templated":true}]}}