{"id":23672,"date":"2019-06-20T09:31:03","date_gmt":"2019-06-20T07:31:03","guid":{"rendered":"http:\/\/esplac.cat\/?p=22462"},"modified":"2020-10-15T17:23:18","modified_gmt":"2020-10-15T16:23:18","slug":"20j-dia-mundial-refugiades","status":"publish","type":"post","link":"https:\/\/www.esplac.cat\/es\/20j-dia-mundial-refugiades\/","title":{"rendered":"20J &#8211; Avui i cada dia volem acollir. Recursos per treballar-ho a l&#8217;esplai"},"content":{"rendered":"<h4 style=\"text-align: justify;\">Avui, 20 de juny, \u00e9s el Dia Mundial de les Persones Refugiades. Des d&#8217;Esplais Catalans revindiquem, cada dia, una societat inclusiva, diversa i que respecti els drets humans. Qu\u00e8 podem fer des de l&#8217;esplai?<\/h4>\n<p style=\"text-align: justify;\">Actualment hi ha m\u00e9s de <strong>68,5 milions de persones<\/strong> segons l&#8217;ACNUR que s&#8217;han despla\u00e7at for\u00e7osament de casa seva a causa de conflictes violents, guerres, violaci\u00f3 de drets humans i situacions de viol\u00e8ncia generalitzada. En els cinc primers mesos d&#8217;aquest any 2019, s\u00f3n m\u00e9s de 46.000 les sol\u00b7licituds d&#8217;asil a l&#8217;estat espanyol. Per\u00f2 tenint en compte els expedients acumulats d&#8217;anys anteriors (el 2018 en van quedar sense resoldre 78.000), ja s\u00f3n <strong>m\u00e9s de 100.000 les sol\u00b7licituds pendents, i m\u00e9s de la meitat s\u00f3n menors de 18 anys. <\/strong>A m\u00e9s, cada anys s\u00f3n milers de persones\u00a0que\u00a0moren a les\u00a0aig\u00fces del mediterrani\u00a0quan naveguen vers les costes europees (l&#8217;any passat almenys 2299 persones)<b>.<\/b><\/p>\n<p style=\"text-align: justify;\">Malgrat aquestes dades tan elevades, no totes aquestes persones s\u00f3n considerades refugiades i no totes aconsegueixen el perm\u00eds d&#8217;asil.<\/p>\n<p style=\"text-align: justify;\"><strong>Qui \u00e9s una persona refugiada?<\/strong><br \/>\nS\u00f3n nom\u00e9s aquelles persones que han fugit del seu pa\u00eds perqu\u00e8 se sentien amena\u00e7ades\/perseguides per raons d&#8217;\u00e8tnia, de religi\u00f3, de nacionalitat, de pertinen\u00e7a a un grup social o per opinions pol\u00edtiques i que no poden\/volen demanar protecci\u00f3 al seu pa\u00eds d&#8217;origen. Les persones que fugen per aquestes raons tenen el dret de demanar protecci\u00f3 internacional al pa\u00eds que arriben i a no ser deportades mentre es resolgui la sol\u00b7licitud.<b>\u00a0Per\u00f2 cada cop s\u00f3n m\u00e9s les sol\u00b7licituds que queden pendents o\u00a0que es resolen negativament,\u00a0<\/b>i tamb\u00e9 s\u00f3n m\u00e9s totes aquelles persones que no arriben ni a demanar-la.<\/p>\n<p style=\"text-align: justify;\"><strong>Qu\u00e8 podem fer des de l&#8217;esplai?\u00a0Coneixem aquesta realitat tan propera?<\/strong><br \/>\nA continuaci\u00f3 us facilitem tres recursos: <em>\u00ab1. Mare Mortum\u00bb,<\/em>\u00a0<em>\u00ab2. Drets Humans\u00bb <\/em>i \u00abGuia On The Move\u00bb. S\u00f3n tres\u00a0guies educatives amb activitats adaptades a diferents edats.<\/p>\n<p style=\"text-align: justify;\">A m\u00e9s, tamb\u00e9 podeu contactar amb Esplac\u00a0per aconseguir m\u00e9s recursos.<\/p>\n","protected":false},"excerpt":{"rendered":"<p>Avui, 20 de juny, \u00e9s el Dia Mundial de les [&hellip;]<\/p>\n","protected":false},"author":3,"featured_media":23576,"comment_status":"closed","ping_status":"open","sticky":false,"template":"","format":"standard","meta":{"om_disable_all_campaigns":false,"_monsterinsights_skip_tracking":false,"_monsterinsights_sitenote_active":false,"_monsterinsights_sitenote_note":"","_monsterinsights_sitenote_category":0,"_uf_show_specific_survey":0,"_uf_disable_surveys":false,"footnotes":""},"categories":[1112,1114,1],"tags":[1087,264,583,1088,625,657],"class_list":["post-23672","post","type-post","status-publish","format-standard","has-post-thumbnail","hentry","category-esplac-al-mon","category-recursos","category-sense-categoria","tag-20j","tag-drets-humans","tag-inclusio-i-diversitat","tag-mediterrani","tag-refugiades","tag-refugiats"],"yoast_head":"<!-- This site is optimized with the Yoast SEO plugin v27.5 - https:\/\/yoast.com\/product\/yoast-seo-wordpress\/ -->\n<title>20J - Avui i cada dia volem acollir. Recursos per treballar-ho a l&#039;esplai - Esplac<\/title>\n<meta name=\"robots\" content=\"index, follow, max-snippet:-1, max-image-preview:large, max-video-preview:-1\" \/>\n<link rel=\"canonical\" href=\"https:\/\/www.esplac.cat\/es\/20j-dia-mundial-refugiades\/\" \/>\n<meta property=\"og:locale\" content=\"es_ES\" \/>\n<meta property=\"og:type\" content=\"article\" \/>\n<meta property=\"og:title\" content=\"20J - Avui i cada dia volem acollir. Recursos per treballar-ho a l&#039;esplai - Esplac\" \/>\n<meta property=\"og:description\" content=\"Avui, 20 de juny, \u00e9s el Dia Mundial de les [&hellip;]\" \/>\n<meta property=\"og:url\" content=\"https:\/\/www.esplac.cat\/es\/20j-dia-mundial-refugiades\/\" \/>\n<meta property=\"og:site_name\" content=\"Esplac\" \/>\n<meta property=\"article:published_time\" content=\"2019-06-20T07:31:03+00:00\" \/>\n<meta property=\"article:modified_time\" content=\"2020-10-15T16:23:18+00:00\" \/>\n<meta property=\"og:image\" content=\"https:\/\/www.esplac.cat\/wp-content\/uploads\/2019\/06\/portadarefugiades.jpg\" \/>\n\t<meta property=\"og:image:width\" content=\"847\" \/>\n\t<meta property=\"og:image:height\" content=\"350\" \/>\n\t<meta property=\"og:image:type\" content=\"image\/jpeg\" \/>\n<meta name=\"author\" content=\"Comunicaci\u00f3 Esplac\" \/>\n<meta name=\"twitter:card\" content=\"summary_large_image\" \/>\n<meta name=\"twitter:label1\" content=\"Escrito por\" \/>\n\t<meta name=\"twitter:data1\" content=\"Comunicaci\u00f3 Esplac\" \/>\n\t<meta name=\"twitter:label2\" content=\"Tiempo de lectura\" \/>\n\t<meta name=\"twitter:data2\" content=\"2 minutos\" \/>\n<script type=\"application\/ld+json\" class=\"yoast-schema-graph\">{\"@context\":\"https:\\\/\\\/schema.org\",\"@graph\":[{\"@type\":\"Article\",\"@id\":\"https:\\\/\\\/www.esplac.cat\\\/es\\\/20j-dia-mundial-refugiades\\\/#article\",\"isPartOf\":{\"@id\":\"https:\\\/\\\/www.esplac.cat\\\/es\\\/20j-dia-mundial-refugiades\\\/\"},\"author\":{\"name\":\"Comunicaci\u00f3 Esplac\",\"@id\":\"https:\\\/\\\/www.esplac.cat\\\/#\\\/schema\\\/person\\\/908383cf240be18b68f8855d0583faca\"},\"headline\":\"20J &#8211; Avui i cada dia volem acollir. Recursos per treballar-ho a l&#8217;esplai\",\"datePublished\":\"2019-06-20T07:31:03+00:00\",\"dateModified\":\"2020-10-15T16:23:18+00:00\",\"mainEntityOfPage\":{\"@id\":\"https:\\\/\\\/www.esplac.cat\\\/es\\\/20j-dia-mundial-refugiades\\\/\"},\"wordCount\":488,\"publisher\":{\"@id\":\"https:\\\/\\\/www.esplac.cat\\\/#organization\"},\"image\":{\"@id\":\"https:\\\/\\\/www.esplac.cat\\\/es\\\/20j-dia-mundial-refugiades\\\/#primaryimage\"},\"thumbnailUrl\":\"https:\\\/\\\/www.esplac.cat\\\/wp-content\\\/uploads\\\/2019\\\/06\\\/portadarefugiades.jpg\",\"keywords\":[\"20J\",\"drets humans\",\"inclusi\u00f3 i diversitat\",\"Mediterrani\",\"refugiades\",\"refugiats\"],\"articleSection\":[\"Esplac al m\u00f3n\",\"Recursos\",\"Sense categoria\"],\"inLanguage\":\"es\"},{\"@type\":\"WebPage\",\"@id\":\"https:\\\/\\\/www.esplac.cat\\\/es\\\/20j-dia-mundial-refugiades\\\/\",\"url\":\"https:\\\/\\\/www.esplac.cat\\\/es\\\/20j-dia-mundial-refugiades\\\/\",\"name\":\"20J - Avui i cada dia volem acollir. Recursos per treballar-ho a l'esplai - Esplac\",\"isPartOf\":{\"@id\":\"https:\\\/\\\/www.esplac.cat\\\/#website\"},\"primaryImageOfPage\":{\"@id\":\"https:\\\/\\\/www.esplac.cat\\\/es\\\/20j-dia-mundial-refugiades\\\/#primaryimage\"},\"image\":{\"@id\":\"https:\\\/\\\/www.esplac.cat\\\/es\\\/20j-dia-mundial-refugiades\\\/#primaryimage\"},\"thumbnailUrl\":\"https:\\\/\\\/www.esplac.cat\\\/wp-content\\\/uploads\\\/2019\\\/06\\\/portadarefugiades.jpg\",\"datePublished\":\"2019-06-20T07:31:03+00:00\",\"dateModified\":\"2020-10-15T16:23:18+00:00\",\"breadcrumb\":{\"@id\":\"https:\\\/\\\/www.esplac.cat\\\/es\\\/20j-dia-mundial-refugiades\\\/#breadcrumb\"},\"inLanguage\":\"es\",\"potentialAction\":[{\"@type\":\"ReadAction\",\"target\":[\"https:\\\/\\\/www.esplac.cat\\\/es\\\/20j-dia-mundial-refugiades\\\/\"]}]},{\"@type\":\"ImageObject\",\"inLanguage\":\"es\",\"@id\":\"https:\\\/\\\/www.esplac.cat\\\/es\\\/20j-dia-mundial-refugiades\\\/#primaryimage\",\"url\":\"https:\\\/\\\/www.esplac.cat\\\/wp-content\\\/uploads\\\/2019\\\/06\\\/portadarefugiades.jpg\",\"contentUrl\":\"https:\\\/\\\/www.esplac.cat\\\/wp-content\\\/uploads\\\/2019\\\/06\\\/portadarefugiades.jpg\",\"width\":847,\"height\":350},{\"@type\":\"BreadcrumbList\",\"@id\":\"https:\\\/\\\/www.esplac.cat\\\/es\\\/20j-dia-mundial-refugiades\\\/#breadcrumb\",\"itemListElement\":[{\"@type\":\"ListItem\",\"position\":1,\"name\":\"Inici\",\"item\":\"https:\\\/\\\/www.esplac.cat\\\/es\\\/\"},{\"@type\":\"ListItem\",\"position\":2,\"name\":\"20J &#8211; Avui i cada dia volem acollir. Recursos per treballar-ho a l&#8217;esplai\"}]},{\"@type\":\"WebSite\",\"@id\":\"https:\\\/\\\/www.esplac.cat\\\/#website\",\"url\":\"https:\\\/\\\/www.esplac.cat\\\/\",\"name\":\"Esplac\",\"description\":\"Esplais Catalans\",\"publisher\":{\"@id\":\"https:\\\/\\\/www.esplac.cat\\\/#organization\"},\"potentialAction\":[{\"@type\":\"SearchAction\",\"target\":{\"@type\":\"EntryPoint\",\"urlTemplate\":\"https:\\\/\\\/www.esplac.cat\\\/?s={search_term_string}\"},\"query-input\":{\"@type\":\"PropertyValueSpecification\",\"valueRequired\":true,\"valueName\":\"search_term_string\"}}],\"inLanguage\":\"es\"},{\"@type\":\"Organization\",\"@id\":\"https:\\\/\\\/www.esplac.cat\\\/#organization\",\"name\":\"Esplac\",\"url\":\"https:\\\/\\\/www.esplac.cat\\\/\",\"logo\":{\"@type\":\"ImageObject\",\"inLanguage\":\"es\",\"@id\":\"https:\\\/\\\/www.esplac.cat\\\/#\\\/schema\\\/logo\\\/image\\\/\",\"url\":\"https:\\\/\\\/www.esplac.cat\\\/wp-content\\\/uploads\\\/2019\\\/08\\\/logox2.png\",\"contentUrl\":\"https:\\\/\\\/www.esplac.cat\\\/wp-content\\\/uploads\\\/2019\\\/08\\\/logox2.png\",\"width\":600,\"height\":295,\"caption\":\"Esplac\"},\"image\":{\"@id\":\"https:\\\/\\\/www.esplac.cat\\\/#\\\/schema\\\/logo\\\/image\\\/\"}},{\"@type\":\"Person\",\"@id\":\"https:\\\/\\\/www.esplac.cat\\\/#\\\/schema\\\/person\\\/908383cf240be18b68f8855d0583faca\",\"name\":\"Comunicaci\u00f3 Esplac\",\"image\":{\"@type\":\"ImageObject\",\"inLanguage\":\"es\",\"@id\":\"https:\\\/\\\/secure.gravatar.com\\\/avatar\\\/7a4cf8feb412a76ea4a740ca02d95b06b2907b5a6c648c2dd0a1082a093c3141?s=96&d=mm&r=g\",\"url\":\"https:\\\/\\\/secure.gravatar.com\\\/avatar\\\/7a4cf8feb412a76ea4a740ca02d95b06b2907b5a6c648c2dd0a1082a093c3141?s=96&d=mm&r=g\",\"contentUrl\":\"https:\\\/\\\/secure.gravatar.com\\\/avatar\\\/7a4cf8feb412a76ea4a740ca02d95b06b2907b5a6c648c2dd0a1082a093c3141?s=96&d=mm&r=g\",\"caption\":\"Comunicaci\u00f3 Esplac\"}}]}<\/script>\n<!-- \/ Yoast SEO plugin. -->","yoast_head_json":{"title":"20J - Avui i cada dia volem acollir. Recursos per treballar-ho a l'esplai - Esplac","robots":{"index":"index","follow":"follow","max-snippet":"max-snippet:-1","max-image-preview":"max-image-preview:large","max-video-preview":"max-video-preview:-1"},"canonical":"https:\/\/www.esplac.cat\/es\/20j-dia-mundial-refugiades\/","og_locale":"es_ES","og_type":"article","og_title":"20J - Avui i cada dia volem acollir. Recursos per treballar-ho a l'esplai - Esplac","og_description":"Avui, 20 de juny, \u00e9s el Dia Mundial de les [&hellip;]","og_url":"https:\/\/www.esplac.cat\/es\/20j-dia-mundial-refugiades\/","og_site_name":"Esplac","article_published_time":"2019-06-20T07:31:03+00:00","article_modified_time":"2020-10-15T16:23:18+00:00","og_image":[{"width":847,"height":350,"url":"https:\/\/www.esplac.cat\/wp-content\/uploads\/2019\/06\/portadarefugiades.jpg","type":"image\/jpeg"}],"author":"Comunicaci\u00f3 Esplac","twitter_card":"summary_large_image","twitter_misc":{"Escrito por":"Comunicaci\u00f3 Esplac","Tiempo de lectura":"2 minutos"},"schema":{"@context":"https:\/\/schema.org","@graph":[{"@type":"Article","@id":"https:\/\/www.esplac.cat\/es\/20j-dia-mundial-refugiades\/#article","isPartOf":{"@id":"https:\/\/www.esplac.cat\/es\/20j-dia-mundial-refugiades\/"},"author":{"name":"Comunicaci\u00f3 Esplac","@id":"https:\/\/www.esplac.cat\/#\/schema\/person\/908383cf240be18b68f8855d0583faca"},"headline":"20J &#8211; Avui i cada dia volem acollir. Recursos per treballar-ho a l&#8217;esplai","datePublished":"2019-06-20T07:31:03+00:00","dateModified":"2020-10-15T16:23:18+00:00","mainEntityOfPage":{"@id":"https:\/\/www.esplac.cat\/es\/20j-dia-mundial-refugiades\/"},"wordCount":488,"publisher":{"@id":"https:\/\/www.esplac.cat\/#organization"},"image":{"@id":"https:\/\/www.esplac.cat\/es\/20j-dia-mundial-refugiades\/#primaryimage"},"thumbnailUrl":"https:\/\/www.esplac.cat\/wp-content\/uploads\/2019\/06\/portadarefugiades.jpg","keywords":["20J","drets humans","inclusi\u00f3 i diversitat","Mediterrani","refugiades","refugiats"],"articleSection":["Esplac al m\u00f3n","Recursos","Sense categoria"],"inLanguage":"es"},{"@type":"WebPage","@id":"https:\/\/www.esplac.cat\/es\/20j-dia-mundial-refugiades\/","url":"https:\/\/www.esplac.cat\/es\/20j-dia-mundial-refugiades\/","name":"20J - Avui i cada dia volem acollir. Recursos per treballar-ho a l'esplai - Esplac","isPartOf":{"@id":"https:\/\/www.esplac.cat\/#website"},"primaryImageOfPage":{"@id":"https:\/\/www.esplac.cat\/es\/20j-dia-mundial-refugiades\/#primaryimage"},"image":{"@id":"https:\/\/www.esplac.cat\/es\/20j-dia-mundial-refugiades\/#primaryimage"},"thumbnailUrl":"https:\/\/www.esplac.cat\/wp-content\/uploads\/2019\/06\/portadarefugiades.jpg","datePublished":"2019-06-20T07:31:03+00:00","dateModified":"2020-10-15T16:23:18+00:00","breadcrumb":{"@id":"https:\/\/www.esplac.cat\/es\/20j-dia-mundial-refugiades\/#breadcrumb"},"inLanguage":"es","potentialAction":[{"@type":"ReadAction","target":["https:\/\/www.esplac.cat\/es\/20j-dia-mundial-refugiades\/"]}]},{"@type":"ImageObject","inLanguage":"es","@id":"https:\/\/www.esplac.cat\/es\/20j-dia-mundial-refugiades\/#primaryimage","url":"https:\/\/www.esplac.cat\/wp-content\/uploads\/2019\/06\/portadarefugiades.jpg","contentUrl":"https:\/\/www.esplac.cat\/wp-content\/uploads\/2019\/06\/portadarefugiades.jpg","width":847,"height":350},{"@type":"BreadcrumbList","@id":"https:\/\/www.esplac.cat\/es\/20j-dia-mundial-refugiades\/#breadcrumb","itemListElement":[{"@type":"ListItem","position":1,"name":"Inici","item":"https:\/\/www.esplac.cat\/es\/"},{"@type":"ListItem","position":2,"name":"20J &#8211; Avui i cada dia volem acollir. Recursos per treballar-ho a l&#8217;esplai"}]},{"@type":"WebSite","@id":"https:\/\/www.esplac.cat\/#website","url":"https:\/\/www.esplac.cat\/","name":"Esplac","description":"Esplais Catalans","publisher":{"@id":"https:\/\/www.esplac.cat\/#organization"},"potentialAction":[{"@type":"SearchAction","target":{"@type":"EntryPoint","urlTemplate":"https:\/\/www.esplac.cat\/?s={search_term_string}"},"query-input":{"@type":"PropertyValueSpecification","valueRequired":true,"valueName":"search_term_string"}}],"inLanguage":"es"},{"@type":"Organization","@id":"https:\/\/www.esplac.cat\/#organization","name":"Esplac","url":"https:\/\/www.esplac.cat\/","logo":{"@type":"ImageObject","inLanguage":"es","@id":"https:\/\/www.esplac.cat\/#\/schema\/logo\/image\/","url":"https:\/\/www.esplac.cat\/wp-content\/uploads\/2019\/08\/logox2.png","contentUrl":"https:\/\/www.esplac.cat\/wp-content\/uploads\/2019\/08\/logox2.png","width":600,"height":295,"caption":"Esplac"},"image":{"@id":"https:\/\/www.esplac.cat\/#\/schema\/logo\/image\/"}},{"@type":"Person","@id":"https:\/\/www.esplac.cat\/#\/schema\/person\/908383cf240be18b68f8855d0583faca","name":"Comunicaci\u00f3 Esplac","image":{"@type":"ImageObject","inLanguage":"es","@id":"https:\/\/secure.gravatar.com\/avatar\/7a4cf8feb412a76ea4a740ca02d95b06b2907b5a6c648c2dd0a1082a093c3141?s=96&d=mm&r=g","url":"https:\/\/secure.gravatar.com\/avatar\/7a4cf8feb412a76ea4a740ca02d95b06b2907b5a6c648c2dd0a1082a093c3141?s=96&d=mm&r=g","contentUrl":"https:\/\/secure.gravatar.com\/avatar\/7a4cf8feb412a76ea4a740ca02d95b06b2907b5a6c648c2dd0a1082a093c3141?s=96&d=mm&r=g","caption":"Comunicaci\u00f3 Esplac"}}]}},"_links":{"self":[{"href":"https:\/\/www.esplac.cat\/es\/wp-json\/wp\/v2\/posts\/23672","targetHints":{"allow":["GET"]}}],"collection":[{"href":"https:\/\/www.esplac.cat\/es\/wp-json\/wp\/v2\/posts"}],"about":[{"href":"https:\/\/www.esplac.cat\/es\/wp-json\/wp\/v2\/types\/post"}],"author":[{"embeddable":true,"href":"https:\/\/www.esplac.cat\/es\/wp-json\/wp\/v2\/users\/3"}],"replies":[{"embeddable":true,"href":"https:\/\/www.esplac.cat\/es\/wp-json\/wp\/v2\/comments?post=23672"}],"version-history":[{"count":0,"href":"https:\/\/www.esplac.cat\/es\/wp-json\/wp\/v2\/posts\/23672\/revisions"}],"wp:featuredmedia":[{"embeddable":true,"href":"https:\/\/www.esplac.cat\/es\/wp-json\/wp\/v2\/media\/23576"}],"wp:attachment":[{"href":"https:\/\/www.esplac.cat\/es\/wp-json\/wp\/v2\/media?parent=23672"}],"wp:term":[{"taxonomy":"category","embeddable":true,"href":"https:\/\/www.esplac.cat\/es\/wp-json\/wp\/v2\/categories?post=23672"},{"taxonomy":"post_tag","embeddable":true,"href":"https:\/\/www.esplac.cat\/es\/wp-json\/wp\/v2\/tags?post=23672"}],"curies":[{"name":"wp","href":"https:\/\/api.w.org\/{rel}","templated":true}]}}