{"id":23680,"date":"2019-05-29T08:10:11","date_gmt":"2019-05-29T06:10:11","guid":{"rendered":"http:\/\/esplac.cat\/?p=22367"},"modified":"2020-10-15T17:23:20","modified_gmt":"2020-10-15T16:23:20","slug":"jornada-sobre-masculinitats-i-violencies-als-esplais","status":"publish","type":"post","link":"https:\/\/www.esplac.cat\/es\/jornada-sobre-masculinitats-i-violencies-als-esplais\/","title":{"rendered":"Jornada sobre Masculinitats i Viol\u00e8ncies als esplais"},"content":{"rendered":"<h4>El pr\u00f2xim\u00a0diumenge 2 de juny t\u00e9 lloc al CRAC de Rub\u00ed una jornada sobre masculinitats i vol\u00e8ncies als esplais.<\/h4>\n<p style=\"text-align: justify;\">Unes companyes del sector Vall\u00e8s Occidental vam marxar amb Esplac a unes jornades internacionals sobre \u00abMasculinities and gender violence\u00bb a Mil\u00e0. Fruit de l&#8217;experi\u00e8ncia, ens hem volgut organitzar i preparar una jornada d&#8217;un dia sobre Masculinitats i Viol\u00e8ncies als esplais de caire mixte.<\/p>\n<p style=\"text-align: justify;\">La jornada t\u00e9 com a objectius traslladar tota la informaci\u00f3 i aprenentatge de l&#8217;experi\u00e8ncia als esplais, com tamb\u00e9 reflexionar, debatre i trobar solucions conjuntament sobre q\u00fcestions sobre les tem\u00e0tiques com:<\/p>\n<p style=\"text-align: justify;\"><em>Qu\u00e8 vol dir masculinitat(s)? Quins tipus de masculinitats sabem identificar? Com les podem treballar? Quin paper juguen als esplais?\u00a0<\/em><em>Qu\u00e8 entenem com a viol\u00e8ncia i assetjament sexual? Sabem identificar-ho? Quines viol\u00e8ncies es produeixen als esplais?<\/em><\/p>\n<p style=\"text-align: justify;\">Recomanem que particpin almenys 2 o 3 persones per esplai en la mesura del possible.<\/p>\n<p style=\"text-align: justify;\"><strong>Qu\u00e8 est\u00e0 cobert?<\/strong><br \/>\nMaterial de les activitats i \u00e0pats.<\/p>\n<p style=\"text-align: justify;\"><strong>On i Quan?<\/strong><br \/>\nL&#8217;activitat tindr\u00e0 lloc el proper <strong>diumenge 2 de Juny al CRAC de Rub\u00ed.<\/strong><br \/>\nEs convoquen a les participants a les<strong> 9:30 h<\/strong> al mateix centre i finalitzarem les actvitats a les <strong>20:00h<\/strong> del mateix dia.<\/p>\n<p style=\"text-align: justify;\"><strong>Adre\u00e7a<br \/>\n<\/strong>Carrer de Sant Joan, 1, 08191 Rub\u00ed, Barcelona<\/p>\n<p style=\"text-align: justify;\"><strong>On ens podem inscriure?<\/strong><br \/>\nTeniu <strong>fins al 30 de Maig<\/strong> per omplir aquest\u00a0<a href=\"https:\/\/docs.google.com\/forms\/d\/e\/1FAIpQLScP1oqtV2sXuqO0yqbuaCXPhpSjWuQWBzHGIiqWztlOkXqkjg\/viewform\" target=\"_blank\" rel=\"noopener noreferrer\">Formulari d&#8217;inscripci\u00f3<\/a>! \u00c9s important que consti que hi participeu per log\u00edstica i preparaci\u00f3.<\/p>\n<p>&nbsp;<\/p>\n","protected":false},"excerpt":{"rendered":"<p>El pr\u00f2xim\u00a0diumenge 2 de juny t\u00e9 lloc al CRAC de [&hellip;]<\/p>\n","protected":false},"author":3,"featured_media":23598,"comment_status":"closed","ping_status":"open","sticky":false,"template":"","format":"standard","meta":{"om_disable_all_campaigns":false,"_monsterinsights_skip_tracking":false,"_monsterinsights_sitenote_active":false,"_monsterinsights_sitenote_note":"","_monsterinsights_sitenote_category":0,"_uf_show_specific_survey":0,"_uf_disable_surveys":false,"footnotes":""},"categories":[1112,1],"tags":[1002,391,54,555,1076,134],"class_list":["post-23680","post","type-post","status-publish","format-standard","has-post-thumbnail","hentry","category-esplac-al-mon","category-sense-categoria","tag-educacio-popular","tag-feminisme","tag-formacio","tag-internacional","tag-rubi","tag-transformacio-social"],"yoast_head":"<!-- This site is optimized with the Yoast SEO plugin v27.5 - https:\/\/yoast.com\/product\/yoast-seo-wordpress\/ -->\n<title>Jornada sobre Masculinitats i Viol\u00e8ncies als esplais - Esplac<\/title>\n<meta name=\"robots\" content=\"index, follow, max-snippet:-1, max-image-preview:large, max-video-preview:-1\" \/>\n<link rel=\"canonical\" href=\"https:\/\/www.esplac.cat\/jornada-sobre-masculinitats-i-violencies-als-esplais\/\" \/>\n<meta property=\"og:locale\" content=\"es_ES\" \/>\n<meta property=\"og:type\" content=\"article\" \/>\n<meta property=\"og:title\" content=\"Jornada sobre Masculinitats i Viol\u00e8ncies als esplais - Esplac\" \/>\n<meta property=\"og:description\" content=\"El pr\u00f2xim\u00a0diumenge 2 de juny t\u00e9 lloc al CRAC de [&hellip;]\" \/>\n<meta property=\"og:url\" content=\"https:\/\/www.esplac.cat\/jornada-sobre-masculinitats-i-violencies-als-esplais\/\" \/>\n<meta property=\"og:site_name\" content=\"Esplac\" \/>\n<meta property=\"article:published_time\" content=\"2019-05-29T06:10:11+00:00\" \/>\n<meta property=\"article:modified_time\" content=\"2020-10-15T16:23:20+00:00\" \/>\n<meta property=\"og:image\" content=\"https:\/\/www.esplac.cat\/wp-content\/uploads\/2019\/05\/portadajornadamasc.jpg\" \/>\n\t<meta property=\"og:image:width\" content=\"847\" \/>\n\t<meta property=\"og:image:height\" content=\"350\" \/>\n\t<meta property=\"og:image:type\" content=\"image\/jpeg\" \/>\n<meta name=\"author\" content=\"Comunicaci\u00f3 Esplac\" \/>\n<meta name=\"twitter:card\" content=\"summary_large_image\" \/>\n<meta name=\"twitter:label1\" content=\"Escrito por\" \/>\n\t<meta name=\"twitter:data1\" content=\"Comunicaci\u00f3 Esplac\" \/>\n\t<meta name=\"twitter:label2\" content=\"Tiempo de lectura\" \/>\n\t<meta name=\"twitter:data2\" content=\"1 minuto\" \/>\n<script type=\"application\/ld+json\" class=\"yoast-schema-graph\">{\"@context\":\"https:\\\/\\\/schema.org\",\"@graph\":[{\"@type\":\"Article\",\"@id\":\"https:\\\/\\\/www.esplac.cat\\\/jornada-sobre-masculinitats-i-violencies-als-esplais\\\/#article\",\"isPartOf\":{\"@id\":\"https:\\\/\\\/www.esplac.cat\\\/jornada-sobre-masculinitats-i-violencies-als-esplais\\\/\"},\"author\":{\"name\":\"Comunicaci\u00f3 Esplac\",\"@id\":\"https:\\\/\\\/www.esplac.cat\\\/#\\\/schema\\\/person\\\/908383cf240be18b68f8855d0583faca\"},\"headline\":\"Jornada sobre Masculinitats i Viol\u00e8ncies als esplais\",\"datePublished\":\"2019-05-29T06:10:11+00:00\",\"dateModified\":\"2020-10-15T16:23:20+00:00\",\"mainEntityOfPage\":{\"@id\":\"https:\\\/\\\/www.esplac.cat\\\/jornada-sobre-masculinitats-i-violencies-als-esplais\\\/\"},\"wordCount\":244,\"publisher\":{\"@id\":\"https:\\\/\\\/www.esplac.cat\\\/#organization\"},\"image\":{\"@id\":\"https:\\\/\\\/www.esplac.cat\\\/jornada-sobre-masculinitats-i-violencies-als-esplais\\\/#primaryimage\"},\"thumbnailUrl\":\"https:\\\/\\\/www.esplac.cat\\\/wp-content\\\/uploads\\\/2019\\\/05\\\/portadajornadamasc.jpg\",\"keywords\":[\"educaci\u00f3 popular\",\"feminisme\",\"formaci\u00f3\",\"internacional\",\"rubi\",\"transformaci\u00f3 social\"],\"articleSection\":[\"Esplac al m\u00f3n\",\"Sense categoria\"],\"inLanguage\":\"es\"},{\"@type\":\"WebPage\",\"@id\":\"https:\\\/\\\/www.esplac.cat\\\/jornada-sobre-masculinitats-i-violencies-als-esplais\\\/\",\"url\":\"https:\\\/\\\/www.esplac.cat\\\/jornada-sobre-masculinitats-i-violencies-als-esplais\\\/\",\"name\":\"Jornada sobre Masculinitats i Viol\u00e8ncies als esplais - Esplac\",\"isPartOf\":{\"@id\":\"https:\\\/\\\/www.esplac.cat\\\/#website\"},\"primaryImageOfPage\":{\"@id\":\"https:\\\/\\\/www.esplac.cat\\\/jornada-sobre-masculinitats-i-violencies-als-esplais\\\/#primaryimage\"},\"image\":{\"@id\":\"https:\\\/\\\/www.esplac.cat\\\/jornada-sobre-masculinitats-i-violencies-als-esplais\\\/#primaryimage\"},\"thumbnailUrl\":\"https:\\\/\\\/www.esplac.cat\\\/wp-content\\\/uploads\\\/2019\\\/05\\\/portadajornadamasc.jpg\",\"datePublished\":\"2019-05-29T06:10:11+00:00\",\"dateModified\":\"2020-10-15T16:23:20+00:00\",\"breadcrumb\":{\"@id\":\"https:\\\/\\\/www.esplac.cat\\\/jornada-sobre-masculinitats-i-violencies-als-esplais\\\/#breadcrumb\"},\"inLanguage\":\"es\",\"potentialAction\":[{\"@type\":\"ReadAction\",\"target\":[\"https:\\\/\\\/www.esplac.cat\\\/jornada-sobre-masculinitats-i-violencies-als-esplais\\\/\"]}]},{\"@type\":\"ImageObject\",\"inLanguage\":\"es\",\"@id\":\"https:\\\/\\\/www.esplac.cat\\\/jornada-sobre-masculinitats-i-violencies-als-esplais\\\/#primaryimage\",\"url\":\"https:\\\/\\\/www.esplac.cat\\\/wp-content\\\/uploads\\\/2019\\\/05\\\/portadajornadamasc.jpg\",\"contentUrl\":\"https:\\\/\\\/www.esplac.cat\\\/wp-content\\\/uploads\\\/2019\\\/05\\\/portadajornadamasc.jpg\",\"width\":847,\"height\":350},{\"@type\":\"BreadcrumbList\",\"@id\":\"https:\\\/\\\/www.esplac.cat\\\/jornada-sobre-masculinitats-i-violencies-als-esplais\\\/#breadcrumb\",\"itemListElement\":[{\"@type\":\"ListItem\",\"position\":1,\"name\":\"Inici\",\"item\":\"https:\\\/\\\/www.esplac.cat\\\/es\\\/\"},{\"@type\":\"ListItem\",\"position\":2,\"name\":\"Jornada sobre Masculinitats i Viol\u00e8ncies als esplais\"}]},{\"@type\":\"WebSite\",\"@id\":\"https:\\\/\\\/www.esplac.cat\\\/#website\",\"url\":\"https:\\\/\\\/www.esplac.cat\\\/\",\"name\":\"Esplac\",\"description\":\"Esplais Catalans\",\"publisher\":{\"@id\":\"https:\\\/\\\/www.esplac.cat\\\/#organization\"},\"potentialAction\":[{\"@type\":\"SearchAction\",\"target\":{\"@type\":\"EntryPoint\",\"urlTemplate\":\"https:\\\/\\\/www.esplac.cat\\\/?s={search_term_string}\"},\"query-input\":{\"@type\":\"PropertyValueSpecification\",\"valueRequired\":true,\"valueName\":\"search_term_string\"}}],\"inLanguage\":\"es\"},{\"@type\":\"Organization\",\"@id\":\"https:\\\/\\\/www.esplac.cat\\\/#organization\",\"name\":\"Esplac\",\"url\":\"https:\\\/\\\/www.esplac.cat\\\/\",\"logo\":{\"@type\":\"ImageObject\",\"inLanguage\":\"es\",\"@id\":\"https:\\\/\\\/www.esplac.cat\\\/#\\\/schema\\\/logo\\\/image\\\/\",\"url\":\"https:\\\/\\\/www.esplac.cat\\\/wp-content\\\/uploads\\\/2019\\\/08\\\/logox2.png\",\"contentUrl\":\"https:\\\/\\\/www.esplac.cat\\\/wp-content\\\/uploads\\\/2019\\\/08\\\/logox2.png\",\"width\":600,\"height\":295,\"caption\":\"Esplac\"},\"image\":{\"@id\":\"https:\\\/\\\/www.esplac.cat\\\/#\\\/schema\\\/logo\\\/image\\\/\"}},{\"@type\":\"Person\",\"@id\":\"https:\\\/\\\/www.esplac.cat\\\/#\\\/schema\\\/person\\\/908383cf240be18b68f8855d0583faca\",\"name\":\"Comunicaci\u00f3 Esplac\",\"image\":{\"@type\":\"ImageObject\",\"inLanguage\":\"es\",\"@id\":\"https:\\\/\\\/secure.gravatar.com\\\/avatar\\\/7a4cf8feb412a76ea4a740ca02d95b06b2907b5a6c648c2dd0a1082a093c3141?s=96&d=mm&r=g\",\"url\":\"https:\\\/\\\/secure.gravatar.com\\\/avatar\\\/7a4cf8feb412a76ea4a740ca02d95b06b2907b5a6c648c2dd0a1082a093c3141?s=96&d=mm&r=g\",\"contentUrl\":\"https:\\\/\\\/secure.gravatar.com\\\/avatar\\\/7a4cf8feb412a76ea4a740ca02d95b06b2907b5a6c648c2dd0a1082a093c3141?s=96&d=mm&r=g\",\"caption\":\"Comunicaci\u00f3 Esplac\"}}]}<\/script>\n<!-- \/ Yoast SEO plugin. -->","yoast_head_json":{"title":"Jornada sobre Masculinitats i Viol\u00e8ncies als esplais - Esplac","robots":{"index":"index","follow":"follow","max-snippet":"max-snippet:-1","max-image-preview":"max-image-preview:large","max-video-preview":"max-video-preview:-1"},"canonical":"https:\/\/www.esplac.cat\/jornada-sobre-masculinitats-i-violencies-als-esplais\/","og_locale":"es_ES","og_type":"article","og_title":"Jornada sobre Masculinitats i Viol\u00e8ncies als esplais - Esplac","og_description":"El pr\u00f2xim\u00a0diumenge 2 de juny t\u00e9 lloc al CRAC de [&hellip;]","og_url":"https:\/\/www.esplac.cat\/jornada-sobre-masculinitats-i-violencies-als-esplais\/","og_site_name":"Esplac","article_published_time":"2019-05-29T06:10:11+00:00","article_modified_time":"2020-10-15T16:23:20+00:00","og_image":[{"width":847,"height":350,"url":"https:\/\/www.esplac.cat\/wp-content\/uploads\/2019\/05\/portadajornadamasc.jpg","type":"image\/jpeg"}],"author":"Comunicaci\u00f3 Esplac","twitter_card":"summary_large_image","twitter_misc":{"Escrito por":"Comunicaci\u00f3 Esplac","Tiempo de lectura":"1 minuto"},"schema":{"@context":"https:\/\/schema.org","@graph":[{"@type":"Article","@id":"https:\/\/www.esplac.cat\/jornada-sobre-masculinitats-i-violencies-als-esplais\/#article","isPartOf":{"@id":"https:\/\/www.esplac.cat\/jornada-sobre-masculinitats-i-violencies-als-esplais\/"},"author":{"name":"Comunicaci\u00f3 Esplac","@id":"https:\/\/www.esplac.cat\/#\/schema\/person\/908383cf240be18b68f8855d0583faca"},"headline":"Jornada sobre Masculinitats i Viol\u00e8ncies als esplais","datePublished":"2019-05-29T06:10:11+00:00","dateModified":"2020-10-15T16:23:20+00:00","mainEntityOfPage":{"@id":"https:\/\/www.esplac.cat\/jornada-sobre-masculinitats-i-violencies-als-esplais\/"},"wordCount":244,"publisher":{"@id":"https:\/\/www.esplac.cat\/#organization"},"image":{"@id":"https:\/\/www.esplac.cat\/jornada-sobre-masculinitats-i-violencies-als-esplais\/#primaryimage"},"thumbnailUrl":"https:\/\/www.esplac.cat\/wp-content\/uploads\/2019\/05\/portadajornadamasc.jpg","keywords":["educaci\u00f3 popular","feminisme","formaci\u00f3","internacional","rubi","transformaci\u00f3 social"],"articleSection":["Esplac al m\u00f3n","Sense categoria"],"inLanguage":"es"},{"@type":"WebPage","@id":"https:\/\/www.esplac.cat\/jornada-sobre-masculinitats-i-violencies-als-esplais\/","url":"https:\/\/www.esplac.cat\/jornada-sobre-masculinitats-i-violencies-als-esplais\/","name":"Jornada sobre Masculinitats i Viol\u00e8ncies als esplais - Esplac","isPartOf":{"@id":"https:\/\/www.esplac.cat\/#website"},"primaryImageOfPage":{"@id":"https:\/\/www.esplac.cat\/jornada-sobre-masculinitats-i-violencies-als-esplais\/#primaryimage"},"image":{"@id":"https:\/\/www.esplac.cat\/jornada-sobre-masculinitats-i-violencies-als-esplais\/#primaryimage"},"thumbnailUrl":"https:\/\/www.esplac.cat\/wp-content\/uploads\/2019\/05\/portadajornadamasc.jpg","datePublished":"2019-05-29T06:10:11+00:00","dateModified":"2020-10-15T16:23:20+00:00","breadcrumb":{"@id":"https:\/\/www.esplac.cat\/jornada-sobre-masculinitats-i-violencies-als-esplais\/#breadcrumb"},"inLanguage":"es","potentialAction":[{"@type":"ReadAction","target":["https:\/\/www.esplac.cat\/jornada-sobre-masculinitats-i-violencies-als-esplais\/"]}]},{"@type":"ImageObject","inLanguage":"es","@id":"https:\/\/www.esplac.cat\/jornada-sobre-masculinitats-i-violencies-als-esplais\/#primaryimage","url":"https:\/\/www.esplac.cat\/wp-content\/uploads\/2019\/05\/portadajornadamasc.jpg","contentUrl":"https:\/\/www.esplac.cat\/wp-content\/uploads\/2019\/05\/portadajornadamasc.jpg","width":847,"height":350},{"@type":"BreadcrumbList","@id":"https:\/\/www.esplac.cat\/jornada-sobre-masculinitats-i-violencies-als-esplais\/#breadcrumb","itemListElement":[{"@type":"ListItem","position":1,"name":"Inici","item":"https:\/\/www.esplac.cat\/es\/"},{"@type":"ListItem","position":2,"name":"Jornada sobre Masculinitats i Viol\u00e8ncies als esplais"}]},{"@type":"WebSite","@id":"https:\/\/www.esplac.cat\/#website","url":"https:\/\/www.esplac.cat\/","name":"Esplac","description":"Esplais Catalans","publisher":{"@id":"https:\/\/www.esplac.cat\/#organization"},"potentialAction":[{"@type":"SearchAction","target":{"@type":"EntryPoint","urlTemplate":"https:\/\/www.esplac.cat\/?s={search_term_string}"},"query-input":{"@type":"PropertyValueSpecification","valueRequired":true,"valueName":"search_term_string"}}],"inLanguage":"es"},{"@type":"Organization","@id":"https:\/\/www.esplac.cat\/#organization","name":"Esplac","url":"https:\/\/www.esplac.cat\/","logo":{"@type":"ImageObject","inLanguage":"es","@id":"https:\/\/www.esplac.cat\/#\/schema\/logo\/image\/","url":"https:\/\/www.esplac.cat\/wp-content\/uploads\/2019\/08\/logox2.png","contentUrl":"https:\/\/www.esplac.cat\/wp-content\/uploads\/2019\/08\/logox2.png","width":600,"height":295,"caption":"Esplac"},"image":{"@id":"https:\/\/www.esplac.cat\/#\/schema\/logo\/image\/"}},{"@type":"Person","@id":"https:\/\/www.esplac.cat\/#\/schema\/person\/908383cf240be18b68f8855d0583faca","name":"Comunicaci\u00f3 Esplac","image":{"@type":"ImageObject","inLanguage":"es","@id":"https:\/\/secure.gravatar.com\/avatar\/7a4cf8feb412a76ea4a740ca02d95b06b2907b5a6c648c2dd0a1082a093c3141?s=96&d=mm&r=g","url":"https:\/\/secure.gravatar.com\/avatar\/7a4cf8feb412a76ea4a740ca02d95b06b2907b5a6c648c2dd0a1082a093c3141?s=96&d=mm&r=g","contentUrl":"https:\/\/secure.gravatar.com\/avatar\/7a4cf8feb412a76ea4a740ca02d95b06b2907b5a6c648c2dd0a1082a093c3141?s=96&d=mm&r=g","caption":"Comunicaci\u00f3 Esplac"}}]}},"_links":{"self":[{"href":"https:\/\/www.esplac.cat\/es\/wp-json\/wp\/v2\/posts\/23680","targetHints":{"allow":["GET"]}}],"collection":[{"href":"https:\/\/www.esplac.cat\/es\/wp-json\/wp\/v2\/posts"}],"about":[{"href":"https:\/\/www.esplac.cat\/es\/wp-json\/wp\/v2\/types\/post"}],"author":[{"embeddable":true,"href":"https:\/\/www.esplac.cat\/es\/wp-json\/wp\/v2\/users\/3"}],"replies":[{"embeddable":true,"href":"https:\/\/www.esplac.cat\/es\/wp-json\/wp\/v2\/comments?post=23680"}],"version-history":[{"count":0,"href":"https:\/\/www.esplac.cat\/es\/wp-json\/wp\/v2\/posts\/23680\/revisions"}],"wp:featuredmedia":[{"embeddable":true,"href":"https:\/\/www.esplac.cat\/es\/wp-json\/wp\/v2\/media\/23598"}],"wp:attachment":[{"href":"https:\/\/www.esplac.cat\/es\/wp-json\/wp\/v2\/media?parent=23680"}],"wp:term":[{"taxonomy":"category","embeddable":true,"href":"https:\/\/www.esplac.cat\/es\/wp-json\/wp\/v2\/categories?post=23680"},{"taxonomy":"post_tag","embeddable":true,"href":"https:\/\/www.esplac.cat\/es\/wp-json\/wp\/v2\/tags?post=23680"}],"curies":[{"name":"wp","href":"https:\/\/api.w.org\/{rel}","templated":true}]}}