{"id":23728,"date":"2019-04-25T07:55:23","date_gmt":"2019-04-25T05:55:23","guid":{"rendered":"http:\/\/esplac.cat\/?p=22190"},"modified":"2020-10-15T17:23:25","modified_gmt":"2020-10-15T16:23:25","slug":"busquem-esplai-art-camp-2019-el-poder-educacio","status":"publish","type":"post","link":"https:\/\/www.esplac.cat\/es\/busquem-esplai-art-camp-2019-el-poder-educacio\/","title":{"rendered":"BUSQUEM ESPLAI PER L\u2019ART CAMP 2019: El poder de l\u2019educaci\u00f3"},"content":{"rendered":"<h4 style=\"text-align: justify;\">L\u2019intercanvi internacional tindr\u00e0 lloc a L\u00e4rz entre el 29 de juliol i el 10 d\u2019agost del 2019.<\/h4>\n<p style=\"text-align: justify;\">Com cada any, l\u2019entitat alemanya Soziale Bildung organitzar\u00e0 a l\u2019estiu <strong>l\u2019Art Camp<\/strong>, una trobada internacional en qu\u00e8 participaran cinc entitats de cinc pa\u00efsos diferents:<\/p>\n<ul>\n<li style=\"text-align: justify;\">Rodowo (Pol\u00f2nia)<\/li>\n<li style=\"text-align: justify;\">Arciragazzi (It\u00e0lia)<\/li>\n<li style=\"text-align: justify;\">Cemea Pays de la Loire (Fran\u00e7a)<\/li>\n<li style=\"text-align: justify;\">Esplais Catalans (Catalunya)<\/li>\n<li style=\"text-align: justify;\">Soziale Bildung (Alemanya)<\/li>\n<\/ul>\n<p style=\"text-align: justify;\">L\u2019activitat es dur\u00e0 a terme entre el<strong> 29 de juliol al 10 d\u2019agost<\/strong> a les instal\u00b7lacions de l\u2019entitat acollidora a <strong>L\u00e4rz<\/strong>, ciutat del nord d\u2019Alemanya, a una hora i mitja de Berl\u00edn. El t\u00edtol de l\u2019estada ser\u00e0 \u00ab<strong>el poder de l\u2019educaci\u00f3<\/strong>\u00bb, centrant-se en l\u2019educaci\u00f3 i els Drets Humans. El tema es treballar\u00e0 tant de forma te\u00f2rica (a trav\u00e9s d\u2019eines per desenvolupar les demandes del sistema educatiu d\u2019Europa, l\u2019intercanvi d\u2019experi\u00e8ncies sobre educaci\u00f3 i interculturalitat, etc.) com de forma pr\u00e0ctica a trav\u00e9s de tallers d\u2019art i de l\u2019organitzaci\u00f3 final conjunta d\u2019una representaci\u00f3 teatral, entre moltes m\u00e9s activitats l\u00fadiques.<\/p>\n<p style=\"text-align: justify;\">Altres anys alguns esplais d\u2019Esplac han participat d\u2019aquest campament i podeu trobar aqu\u00ed v\u00eddeos i fotos d\u2019altres edicions:<\/p>\n<p style=\"text-align: justify;\"><strong>Art camp 2015<\/strong><\/p>\n<div class=\"video-shortcode\"><iframe class=\"fusion-hidden\" data-privacy-type=\"youtube\" src=\"\" title=\"ArtCamp 2015 Teaser\" width=\"1200\" height=\"675\" data-privacy-src=\"https:\/\/www.youtube.com\/embed\/hTDEt2ca908?feature=oembed\" frameborder=\"0\" allow=\"accelerometer; autoplay; encrypted-media; gyroscope; picture-in-picture\" allowfullscreen><\/iframe><div class=\"fusion-privacy-placeholder\" style=\"width:1200px; height:675px;\" data-privacy-type=\"youtube\"><div class=\"fusion-privacy-placeholder-content\"><div class=\"fusion-privacy-label\">For privacy reasons YouTube needs your permission to be loaded. For more details, please see our <a class=\"privacy-policy-link\" href=\"https:\/\/www.esplac.cat\/avis-legal\/\" rel=\"privacy-policy\">Av\u00eds Legal<\/a>.<\/div><a href=\"\" data-privacy-type=\"youtube\" class=\"fusion-button button-default fusion-button-default-size button fusion-privacy-consent\">I Accept<\/a><\/div><\/div><\/div>\n<p style=\"text-align: justify;\"><strong>Art camp 2016<\/strong><\/p>\n<div class=\"video-shortcode\"><iframe class=\"fusion-hidden\" data-privacy-type=\"youtube\" src=\"\" title=\"ArtCamp 2016 Teaser\" width=\"1200\" height=\"675\" data-privacy-src=\"https:\/\/www.youtube.com\/embed\/70pHDw7KjRQ?feature=oembed\" frameborder=\"0\" allow=\"accelerometer; autoplay; encrypted-media; gyroscope; picture-in-picture\" allowfullscreen><\/iframe><div class=\"fusion-privacy-placeholder\" style=\"width:1200px; height:675px;\" data-privacy-type=\"youtube\"><div class=\"fusion-privacy-placeholder-content\"><div class=\"fusion-privacy-label\">For privacy reasons YouTube needs your permission to be loaded. For more details, please see our <a class=\"privacy-policy-link\" href=\"https:\/\/www.esplac.cat\/avis-legal\/\" rel=\"privacy-policy\">Av\u00eds Legal<\/a>.<\/div><a href=\"\" data-privacy-type=\"youtube\" class=\"fusion-button button-default fusion-button-default-size button fusion-privacy-consent\">I Accept<\/a><\/div><\/div><\/div>\n<p style=\"text-align: justify;\">I <a href=\"https:\/\/vimeopro.com\/user57270705\/art-camp-2017\" target=\"_blank\" rel=\"noopener noreferrer\">aqu\u00ed<\/a>, el recull de fotos i v\u00eddeos d\u2019altres anys!<\/p>\n<p style=\"text-align: justify;\"><strong>Informaci\u00f3 pr\u00e0ctica:<\/strong><\/p>\n<p style=\"text-align: justify;\"><strong>T\u00edtol:<\/strong> Art Camp \u2013 \u201cThe power of Education\u201d<\/p>\n<p style=\"text-align: justify;\"><strong>Lloc:<\/strong> L\u00e4rz (a 150 km de Berl\u00edn, Alemanya)<\/p>\n<p style=\"text-align: justify;\"><strong>Dates:<\/strong> 29.07.2019- 10.08.2019<\/p>\n<p style=\"text-align: justify;\"><strong>Edats:<\/strong> de 14 a 17 anys<\/p>\n<p style=\"text-align: justify;\"><strong>Places:<\/strong> 12 participants + 2 monis<\/p>\n<p style=\"text-align: justify;\"><strong>Preu:<\/strong> 50 euros per persona. El viatge est\u00e0 subvencionat (fins a m\u00e0xim 275 euros per persona participant) de manera que hi ha reemborsament per transport.<\/p>\n<p style=\"text-align: justify;\"><strong>Per a m\u00e9s informaci\u00f3: <em>internacional@esplac.cat<\/em><\/strong><\/p>\n<p style=\"text-align: justify;\">Si voleu gaudir d\u2019aquesta fant\u00e0stica experi\u00e8ncia amb altres grups de joves d\u2019arreu d\u2019Europa,<strong> inscriviu-vos al formulari<\/strong>:<\/p>\n","protected":false},"excerpt":{"rendered":"<p>L\u2019intercanvi internacional tindr\u00e0 lloc a L\u00e4rz entre el 29 de [&hellip;]<\/p>\n","protected":false},"author":3,"featured_media":23729,"comment_status":"closed","ping_status":"open","sticky":false,"template":"","format":"standard","meta":{"om_disable_all_campaigns":false,"_monsterinsights_skip_tracking":false,"_monsterinsights_sitenote_active":false,"_monsterinsights_sitenote_note":"","_monsterinsights_sitenote_category":0,"_uf_show_specific_survey":0,"_uf_disable_surveys":false,"footnotes":""},"categories":[1112,1],"tags":[668,1002,1003,998,555,1062,134],"class_list":["post-23728","post","type-post","status-publish","format-standard","has-post-thumbnail","hentry","category-esplac-al-mon","category-sense-categoria","tag-art-camp","tag-educacio-popular","tag-esplai","tag-intercanvi","tag-internacional","tag-larz","tag-transformacio-social"],"yoast_head":"<!-- This site is optimized with the Yoast SEO plugin v27.5 - https:\/\/yoast.com\/product\/yoast-seo-wordpress\/ -->\n<title>BUSQUEM ESPLAI PER L\u2019ART CAMP 2019: El poder de l\u2019educaci\u00f3 - Esplac<\/title>\n<meta name=\"robots\" content=\"index, follow, max-snippet:-1, max-image-preview:large, max-video-preview:-1\" \/>\n<link rel=\"canonical\" href=\"https:\/\/www.esplac.cat\/busquem-esplai-art-camp-2019-el-poder-educacio\/\" \/>\n<meta property=\"og:locale\" content=\"es_ES\" \/>\n<meta property=\"og:type\" content=\"article\" \/>\n<meta property=\"og:title\" content=\"BUSQUEM ESPLAI PER L\u2019ART CAMP 2019: El poder de l\u2019educaci\u00f3 - Esplac\" \/>\n<meta property=\"og:description\" content=\"L\u2019intercanvi internacional tindr\u00e0 lloc a L\u00e4rz entre el 29 de [&hellip;]\" \/>\n<meta property=\"og:url\" content=\"https:\/\/www.esplac.cat\/busquem-esplai-art-camp-2019-el-poder-educacio\/\" \/>\n<meta property=\"og:site_name\" content=\"Esplac\" \/>\n<meta property=\"article:published_time\" content=\"2019-04-25T05:55:23+00:00\" \/>\n<meta property=\"article:modified_time\" content=\"2020-10-15T16:23:25+00:00\" \/>\n<meta property=\"og:image\" content=\"https:\/\/www.esplac.cat\/wp-content\/uploads\/2019\/04\/portadaartcamp.jpg\" \/>\n\t<meta property=\"og:image:width\" content=\"847\" \/>\n\t<meta property=\"og:image:height\" content=\"350\" \/>\n\t<meta property=\"og:image:type\" content=\"image\/jpeg\" \/>\n<meta name=\"author\" content=\"Comunicaci\u00f3 Esplac\" \/>\n<meta name=\"twitter:card\" content=\"summary_large_image\" \/>\n<meta name=\"twitter:label1\" content=\"Escrito por\" \/>\n\t<meta name=\"twitter:data1\" content=\"Comunicaci\u00f3 Esplac\" \/>\n\t<meta name=\"twitter:label2\" content=\"Tiempo de lectura\" \/>\n\t<meta name=\"twitter:data2\" content=\"2 minutos\" \/>\n<script type=\"application\/ld+json\" class=\"yoast-schema-graph\">{\"@context\":\"https:\\\/\\\/schema.org\",\"@graph\":[{\"@type\":\"Article\",\"@id\":\"https:\\\/\\\/www.esplac.cat\\\/busquem-esplai-art-camp-2019-el-poder-educacio\\\/#article\",\"isPartOf\":{\"@id\":\"https:\\\/\\\/www.esplac.cat\\\/busquem-esplai-art-camp-2019-el-poder-educacio\\\/\"},\"author\":{\"name\":\"Comunicaci\u00f3 Esplac\",\"@id\":\"https:\\\/\\\/www.esplac.cat\\\/#\\\/schema\\\/person\\\/908383cf240be18b68f8855d0583faca\"},\"headline\":\"BUSQUEM ESPLAI PER L\u2019ART CAMP 2019: El poder de l\u2019educaci\u00f3\",\"datePublished\":\"2019-04-25T05:55:23+00:00\",\"dateModified\":\"2020-10-15T16:23:25+00:00\",\"mainEntityOfPage\":{\"@id\":\"https:\\\/\\\/www.esplac.cat\\\/busquem-esplai-art-camp-2019-el-poder-educacio\\\/\"},\"wordCount\":381,\"publisher\":{\"@id\":\"https:\\\/\\\/www.esplac.cat\\\/#organization\"},\"image\":{\"@id\":\"https:\\\/\\\/www.esplac.cat\\\/busquem-esplai-art-camp-2019-el-poder-educacio\\\/#primaryimage\"},\"thumbnailUrl\":\"https:\\\/\\\/www.esplac.cat\\\/wp-content\\\/uploads\\\/2019\\\/04\\\/portadaartcamp.jpg\",\"keywords\":[\"Art Camp\",\"educaci\u00f3 popular\",\"esplai\",\"intercanvi\",\"internacional\",\"L\u00e4rz\",\"transformaci\u00f3 social\"],\"articleSection\":[\"Esplac al m\u00f3n\",\"Sense categoria\"],\"inLanguage\":\"es\"},{\"@type\":\"WebPage\",\"@id\":\"https:\\\/\\\/www.esplac.cat\\\/busquem-esplai-art-camp-2019-el-poder-educacio\\\/\",\"url\":\"https:\\\/\\\/www.esplac.cat\\\/busquem-esplai-art-camp-2019-el-poder-educacio\\\/\",\"name\":\"BUSQUEM ESPLAI PER L\u2019ART CAMP 2019: El poder de l\u2019educaci\u00f3 - Esplac\",\"isPartOf\":{\"@id\":\"https:\\\/\\\/www.esplac.cat\\\/#website\"},\"primaryImageOfPage\":{\"@id\":\"https:\\\/\\\/www.esplac.cat\\\/busquem-esplai-art-camp-2019-el-poder-educacio\\\/#primaryimage\"},\"image\":{\"@id\":\"https:\\\/\\\/www.esplac.cat\\\/busquem-esplai-art-camp-2019-el-poder-educacio\\\/#primaryimage\"},\"thumbnailUrl\":\"https:\\\/\\\/www.esplac.cat\\\/wp-content\\\/uploads\\\/2019\\\/04\\\/portadaartcamp.jpg\",\"datePublished\":\"2019-04-25T05:55:23+00:00\",\"dateModified\":\"2020-10-15T16:23:25+00:00\",\"breadcrumb\":{\"@id\":\"https:\\\/\\\/www.esplac.cat\\\/busquem-esplai-art-camp-2019-el-poder-educacio\\\/#breadcrumb\"},\"inLanguage\":\"es\",\"potentialAction\":[{\"@type\":\"ReadAction\",\"target\":[\"https:\\\/\\\/www.esplac.cat\\\/busquem-esplai-art-camp-2019-el-poder-educacio\\\/\"]}]},{\"@type\":\"ImageObject\",\"inLanguage\":\"es\",\"@id\":\"https:\\\/\\\/www.esplac.cat\\\/busquem-esplai-art-camp-2019-el-poder-educacio\\\/#primaryimage\",\"url\":\"https:\\\/\\\/www.esplac.cat\\\/wp-content\\\/uploads\\\/2019\\\/04\\\/portadaartcamp.jpg\",\"contentUrl\":\"https:\\\/\\\/www.esplac.cat\\\/wp-content\\\/uploads\\\/2019\\\/04\\\/portadaartcamp.jpg\",\"width\":847,\"height\":350},{\"@type\":\"BreadcrumbList\",\"@id\":\"https:\\\/\\\/www.esplac.cat\\\/busquem-esplai-art-camp-2019-el-poder-educacio\\\/#breadcrumb\",\"itemListElement\":[{\"@type\":\"ListItem\",\"position\":1,\"name\":\"Inici\",\"item\":\"https:\\\/\\\/www.esplac.cat\\\/es\\\/\"},{\"@type\":\"ListItem\",\"position\":2,\"name\":\"BUSQUEM ESPLAI PER L\u2019ART CAMP 2019: El poder de l\u2019educaci\u00f3\"}]},{\"@type\":\"WebSite\",\"@id\":\"https:\\\/\\\/www.esplac.cat\\\/#website\",\"url\":\"https:\\\/\\\/www.esplac.cat\\\/\",\"name\":\"Esplac\",\"description\":\"Esplais Catalans\",\"publisher\":{\"@id\":\"https:\\\/\\\/www.esplac.cat\\\/#organization\"},\"potentialAction\":[{\"@type\":\"SearchAction\",\"target\":{\"@type\":\"EntryPoint\",\"urlTemplate\":\"https:\\\/\\\/www.esplac.cat\\\/?s={search_term_string}\"},\"query-input\":{\"@type\":\"PropertyValueSpecification\",\"valueRequired\":true,\"valueName\":\"search_term_string\"}}],\"inLanguage\":\"es\"},{\"@type\":\"Organization\",\"@id\":\"https:\\\/\\\/www.esplac.cat\\\/#organization\",\"name\":\"Esplac\",\"url\":\"https:\\\/\\\/www.esplac.cat\\\/\",\"logo\":{\"@type\":\"ImageObject\",\"inLanguage\":\"es\",\"@id\":\"https:\\\/\\\/www.esplac.cat\\\/#\\\/schema\\\/logo\\\/image\\\/\",\"url\":\"https:\\\/\\\/www.esplac.cat\\\/wp-content\\\/uploads\\\/2019\\\/08\\\/logox2.png\",\"contentUrl\":\"https:\\\/\\\/www.esplac.cat\\\/wp-content\\\/uploads\\\/2019\\\/08\\\/logox2.png\",\"width\":600,\"height\":295,\"caption\":\"Esplac\"},\"image\":{\"@id\":\"https:\\\/\\\/www.esplac.cat\\\/#\\\/schema\\\/logo\\\/image\\\/\"}},{\"@type\":\"Person\",\"@id\":\"https:\\\/\\\/www.esplac.cat\\\/#\\\/schema\\\/person\\\/908383cf240be18b68f8855d0583faca\",\"name\":\"Comunicaci\u00f3 Esplac\",\"image\":{\"@type\":\"ImageObject\",\"inLanguage\":\"es\",\"@id\":\"https:\\\/\\\/secure.gravatar.com\\\/avatar\\\/7a4cf8feb412a76ea4a740ca02d95b06b2907b5a6c648c2dd0a1082a093c3141?s=96&d=mm&r=g\",\"url\":\"https:\\\/\\\/secure.gravatar.com\\\/avatar\\\/7a4cf8feb412a76ea4a740ca02d95b06b2907b5a6c648c2dd0a1082a093c3141?s=96&d=mm&r=g\",\"contentUrl\":\"https:\\\/\\\/secure.gravatar.com\\\/avatar\\\/7a4cf8feb412a76ea4a740ca02d95b06b2907b5a6c648c2dd0a1082a093c3141?s=96&d=mm&r=g\",\"caption\":\"Comunicaci\u00f3 Esplac\"}}]}<\/script>\n<!-- \/ Yoast SEO plugin. -->","yoast_head_json":{"title":"BUSQUEM ESPLAI PER L\u2019ART CAMP 2019: El poder de l\u2019educaci\u00f3 - Esplac","robots":{"index":"index","follow":"follow","max-snippet":"max-snippet:-1","max-image-preview":"max-image-preview:large","max-video-preview":"max-video-preview:-1"},"canonical":"https:\/\/www.esplac.cat\/busquem-esplai-art-camp-2019-el-poder-educacio\/","og_locale":"es_ES","og_type":"article","og_title":"BUSQUEM ESPLAI PER L\u2019ART CAMP 2019: El poder de l\u2019educaci\u00f3 - Esplac","og_description":"L\u2019intercanvi internacional tindr\u00e0 lloc a L\u00e4rz entre el 29 de [&hellip;]","og_url":"https:\/\/www.esplac.cat\/busquem-esplai-art-camp-2019-el-poder-educacio\/","og_site_name":"Esplac","article_published_time":"2019-04-25T05:55:23+00:00","article_modified_time":"2020-10-15T16:23:25+00:00","og_image":[{"width":847,"height":350,"url":"https:\/\/www.esplac.cat\/wp-content\/uploads\/2019\/04\/portadaartcamp.jpg","type":"image\/jpeg"}],"author":"Comunicaci\u00f3 Esplac","twitter_card":"summary_large_image","twitter_misc":{"Escrito por":"Comunicaci\u00f3 Esplac","Tiempo de lectura":"2 minutos"},"schema":{"@context":"https:\/\/schema.org","@graph":[{"@type":"Article","@id":"https:\/\/www.esplac.cat\/busquem-esplai-art-camp-2019-el-poder-educacio\/#article","isPartOf":{"@id":"https:\/\/www.esplac.cat\/busquem-esplai-art-camp-2019-el-poder-educacio\/"},"author":{"name":"Comunicaci\u00f3 Esplac","@id":"https:\/\/www.esplac.cat\/#\/schema\/person\/908383cf240be18b68f8855d0583faca"},"headline":"BUSQUEM ESPLAI PER L\u2019ART CAMP 2019: El poder de l\u2019educaci\u00f3","datePublished":"2019-04-25T05:55:23+00:00","dateModified":"2020-10-15T16:23:25+00:00","mainEntityOfPage":{"@id":"https:\/\/www.esplac.cat\/busquem-esplai-art-camp-2019-el-poder-educacio\/"},"wordCount":381,"publisher":{"@id":"https:\/\/www.esplac.cat\/#organization"},"image":{"@id":"https:\/\/www.esplac.cat\/busquem-esplai-art-camp-2019-el-poder-educacio\/#primaryimage"},"thumbnailUrl":"https:\/\/www.esplac.cat\/wp-content\/uploads\/2019\/04\/portadaartcamp.jpg","keywords":["Art Camp","educaci\u00f3 popular","esplai","intercanvi","internacional","L\u00e4rz","transformaci\u00f3 social"],"articleSection":["Esplac al m\u00f3n","Sense categoria"],"inLanguage":"es"},{"@type":"WebPage","@id":"https:\/\/www.esplac.cat\/busquem-esplai-art-camp-2019-el-poder-educacio\/","url":"https:\/\/www.esplac.cat\/busquem-esplai-art-camp-2019-el-poder-educacio\/","name":"BUSQUEM ESPLAI PER L\u2019ART CAMP 2019: El poder de l\u2019educaci\u00f3 - Esplac","isPartOf":{"@id":"https:\/\/www.esplac.cat\/#website"},"primaryImageOfPage":{"@id":"https:\/\/www.esplac.cat\/busquem-esplai-art-camp-2019-el-poder-educacio\/#primaryimage"},"image":{"@id":"https:\/\/www.esplac.cat\/busquem-esplai-art-camp-2019-el-poder-educacio\/#primaryimage"},"thumbnailUrl":"https:\/\/www.esplac.cat\/wp-content\/uploads\/2019\/04\/portadaartcamp.jpg","datePublished":"2019-04-25T05:55:23+00:00","dateModified":"2020-10-15T16:23:25+00:00","breadcrumb":{"@id":"https:\/\/www.esplac.cat\/busquem-esplai-art-camp-2019-el-poder-educacio\/#breadcrumb"},"inLanguage":"es","potentialAction":[{"@type":"ReadAction","target":["https:\/\/www.esplac.cat\/busquem-esplai-art-camp-2019-el-poder-educacio\/"]}]},{"@type":"ImageObject","inLanguage":"es","@id":"https:\/\/www.esplac.cat\/busquem-esplai-art-camp-2019-el-poder-educacio\/#primaryimage","url":"https:\/\/www.esplac.cat\/wp-content\/uploads\/2019\/04\/portadaartcamp.jpg","contentUrl":"https:\/\/www.esplac.cat\/wp-content\/uploads\/2019\/04\/portadaartcamp.jpg","width":847,"height":350},{"@type":"BreadcrumbList","@id":"https:\/\/www.esplac.cat\/busquem-esplai-art-camp-2019-el-poder-educacio\/#breadcrumb","itemListElement":[{"@type":"ListItem","position":1,"name":"Inici","item":"https:\/\/www.esplac.cat\/es\/"},{"@type":"ListItem","position":2,"name":"BUSQUEM ESPLAI PER L\u2019ART CAMP 2019: El poder de l\u2019educaci\u00f3"}]},{"@type":"WebSite","@id":"https:\/\/www.esplac.cat\/#website","url":"https:\/\/www.esplac.cat\/","name":"Esplac","description":"Esplais Catalans","publisher":{"@id":"https:\/\/www.esplac.cat\/#organization"},"potentialAction":[{"@type":"SearchAction","target":{"@type":"EntryPoint","urlTemplate":"https:\/\/www.esplac.cat\/?s={search_term_string}"},"query-input":{"@type":"PropertyValueSpecification","valueRequired":true,"valueName":"search_term_string"}}],"inLanguage":"es"},{"@type":"Organization","@id":"https:\/\/www.esplac.cat\/#organization","name":"Esplac","url":"https:\/\/www.esplac.cat\/","logo":{"@type":"ImageObject","inLanguage":"es","@id":"https:\/\/www.esplac.cat\/#\/schema\/logo\/image\/","url":"https:\/\/www.esplac.cat\/wp-content\/uploads\/2019\/08\/logox2.png","contentUrl":"https:\/\/www.esplac.cat\/wp-content\/uploads\/2019\/08\/logox2.png","width":600,"height":295,"caption":"Esplac"},"image":{"@id":"https:\/\/www.esplac.cat\/#\/schema\/logo\/image\/"}},{"@type":"Person","@id":"https:\/\/www.esplac.cat\/#\/schema\/person\/908383cf240be18b68f8855d0583faca","name":"Comunicaci\u00f3 Esplac","image":{"@type":"ImageObject","inLanguage":"es","@id":"https:\/\/secure.gravatar.com\/avatar\/7a4cf8feb412a76ea4a740ca02d95b06b2907b5a6c648c2dd0a1082a093c3141?s=96&d=mm&r=g","url":"https:\/\/secure.gravatar.com\/avatar\/7a4cf8feb412a76ea4a740ca02d95b06b2907b5a6c648c2dd0a1082a093c3141?s=96&d=mm&r=g","contentUrl":"https:\/\/secure.gravatar.com\/avatar\/7a4cf8feb412a76ea4a740ca02d95b06b2907b5a6c648c2dd0a1082a093c3141?s=96&d=mm&r=g","caption":"Comunicaci\u00f3 Esplac"}}]}},"_links":{"self":[{"href":"https:\/\/www.esplac.cat\/es\/wp-json\/wp\/v2\/posts\/23728","targetHints":{"allow":["GET"]}}],"collection":[{"href":"https:\/\/www.esplac.cat\/es\/wp-json\/wp\/v2\/posts"}],"about":[{"href":"https:\/\/www.esplac.cat\/es\/wp-json\/wp\/v2\/types\/post"}],"author":[{"embeddable":true,"href":"https:\/\/www.esplac.cat\/es\/wp-json\/wp\/v2\/users\/3"}],"replies":[{"embeddable":true,"href":"https:\/\/www.esplac.cat\/es\/wp-json\/wp\/v2\/comments?post=23728"}],"version-history":[{"count":0,"href":"https:\/\/www.esplac.cat\/es\/wp-json\/wp\/v2\/posts\/23728\/revisions"}],"wp:featuredmedia":[{"embeddable":true,"href":"https:\/\/www.esplac.cat\/es\/wp-json\/wp\/v2\/media\/23729"}],"wp:attachment":[{"href":"https:\/\/www.esplac.cat\/es\/wp-json\/wp\/v2\/media?parent=23728"}],"wp:term":[{"taxonomy":"category","embeddable":true,"href":"https:\/\/www.esplac.cat\/es\/wp-json\/wp\/v2\/categories?post=23728"},{"taxonomy":"post_tag","embeddable":true,"href":"https:\/\/www.esplac.cat\/es\/wp-json\/wp\/v2\/tags?post=23728"}],"curies":[{"name":"wp","href":"https:\/\/api.w.org\/{rel}","templated":true}]}}