{"id":23735,"date":"2019-04-17T10:26:33","date_gmt":"2019-04-17T08:26:33","guid":{"rendered":"http:\/\/esplac.cat\/?p=22160"},"modified":"2020-10-15T17:23:26","modified_gmt":"2020-10-15T16:23:26","slug":"jornades-ifm-peacemakers-of-tomorrow","status":"publish","type":"post","link":"https:\/\/www.esplac.cat\/es\/jornades-ifm-peacemakers-of-tomorrow\/","title":{"rendered":"L&#8217;esplai\u00a0Santaka i l&#8217;esplai La Fera participen de les jornades de\u00a0L&#8217;IFM \u00abPEACEMAKERS\u00a0OF TOMORROW\u00bb"},"content":{"rendered":"<h4 style=\"text-align: justify;\">Els dos esplais (un de cada Vall\u00e8s) van organitzar el passat 6 d&#8217;abril un taller sobre pau i conflictes internacionals al mateix moment que altres entitats d&#8217;Europa.<\/h4>\n<p style=\"text-align: justify;\">Amb hastags\u00a0com <em>#peacemakersoftomorrow, #peaceconflict101 #IFMSEI #educationforsocialchange<\/em>, diverses entitats mostraven a les seves xarxes socials fotografies de les activitats sobre la <strong>Cooperaci\u00f3 Global i Acci\u00f3 Local.<\/strong> Les entitats participants van rebre un <a href=\"http:\/\/esplac.cat\/wp-content\/uploads\/2019\/04\/Toolkit-PeaceMakers.pdf\" target=\"_blank\" rel=\"noopener noreferrer\">\u00abToolkit\u00bb<\/a> amb tot de jocs per treballar per la PAU a l&#8217;esplai.<\/p>\n<p style=\"text-align: justify;\">Dels esplais d&#8217;Esplac, l&#8217;<strong>esplai\u00a0Santaka<\/strong>\u00a0va fer l&#8217;activitat amb infants de\u00a0P3\u00a0i\u00a0P5\u00a0i les m\u00e9s grans van poder fer una videotrucada amb joves d&#8217;\u00c0ustria, mentre que l&#8217;<strong>esplai La Fera<\/strong> ho van fer les joves de l&#8217;esplai, fent tamb\u00e9 una videotrucada amb altres joves d&#8217;Anglaterra. Un dissabte diferent que ambd\u00f3s esplais valoren molt positivament!<\/p>\n<p style=\"text-align: justify;\">Continuem treballant per la resoluci\u00f3 de conflictes internacionals i per la PAU!<\/p>\n<p><a href=\"http:\/\/esplac.cat\/wp-content\/uploads\/2019\/04\/WhatsApp-Image-2019-04-17-at-12.18.39-2.jpeg\"><img decoding=\"async\" class=\"wp-image-22164 aligncenter\" src=\"http:\/\/esplac.cat\/wp-content\/uploads\/2019\/04\/WhatsApp-Image-2019-04-17-at-12.18.39-2.jpeg\" alt=\"\" width=\"614\" height=\"420\" \/><\/a><\/p>\n<p><a href=\"http:\/\/esplac.cat\/wp-content\/uploads\/2019\/04\/WhatsApp-Image-2019-04-17-at-12.18.39-1.jpeg\"><img decoding=\"async\" class=\"wp-image-22165 aligncenter\" src=\"http:\/\/esplac.cat\/wp-content\/uploads\/2019\/04\/WhatsApp-Image-2019-04-17-at-12.18.39-1.jpeg\" alt=\"\" width=\"379\" height=\"514\" \/><\/a><\/p>\n<p><a href=\"http:\/\/esplac.cat\/wp-content\/uploads\/2019\/04\/WhatsApp-Image-2019-04-17-at-12.18.39.jpeg\"><img decoding=\"async\" class=\"wp-image-22166 aligncenter\" src=\"http:\/\/esplac.cat\/wp-content\/uploads\/2019\/04\/WhatsApp-Image-2019-04-17-at-12.18.39.jpeg\" alt=\"\" width=\"559\" height=\"553\" \/><\/a><\/p>\n<p><img decoding=\"async\" class=\"wp-image-22162 aligncenter\" src=\"http:\/\/esplac.cat\/wp-content\/uploads\/2019\/04\/esplai-la-fera-3.jpeg\" alt=\"\" width=\"556\" height=\"417\" \/><\/p>\n<p>&nbsp;<\/p>\n<p><img decoding=\"async\" class=\"wp-image-22163 aligncenter\" src=\"http:\/\/esplac.cat\/wp-content\/uploads\/2019\/04\/esplai-la-fera.jpeg\" alt=\"\" width=\"564\" height=\"423\" \/><\/p>\n<p>&nbsp;<\/p>\n<p>&nbsp;<\/p>\n","protected":false},"excerpt":{"rendered":"<p>Els dos esplais (un de cada Vall\u00e8s) van organitzar el [&hellip;]<\/p>\n","protected":false},"author":1,"featured_media":23736,"comment_status":"closed","ping_status":"open","sticky":false,"template":"","format":"standard","meta":{"om_disable_all_campaigns":false,"_monsterinsights_skip_tracking":false,"_monsterinsights_sitenote_active":false,"_monsterinsights_sitenote_note":"","_monsterinsights_sitenote_category":0,"_uf_show_specific_survey":0,"_uf_disable_surveys":false,"footnotes":""},"categories":[1117,1112,1],"tags":[1002,337,1061,59,555,477,134],"class_list":["post-23735","post","type-post","status-publish","format-standard","has-post-thumbnail","hentry","category-activitats-esplais","category-esplac-al-mon","category-sense-categoria","tag-educacio-popular","tag-esplais","tag-europa","tag-ifm-sei","tag-internacional","tag-pau","tag-transformacio-social"],"yoast_head":"<!-- This site is optimized with the Yoast SEO plugin v27.4 - https:\/\/yoast.com\/product\/yoast-seo-wordpress\/ -->\n<title>L&#039;esplai\u00a0Santaka i l&#039;esplai La Fera participen de les jornades de\u00a0L&#039;IFM \u00abPEACEMAKERS\u00a0OF TOMORROW\u00bb - Esplac<\/title>\n<meta name=\"robots\" content=\"index, follow, max-snippet:-1, max-image-preview:large, max-video-preview:-1\" \/>\n<link rel=\"canonical\" href=\"https:\/\/www.esplac.cat\/jornades-ifm-peacemakers-of-tomorrow\/\" \/>\n<meta property=\"og:locale\" content=\"es_ES\" \/>\n<meta property=\"og:type\" content=\"article\" \/>\n<meta property=\"og:title\" content=\"L&#039;esplai\u00a0Santaka i l&#039;esplai La Fera participen de les jornades de\u00a0L&#039;IFM \u00abPEACEMAKERS\u00a0OF TOMORROW\u00bb - Esplac\" \/>\n<meta property=\"og:description\" content=\"Els dos esplais (un de cada Vall\u00e8s) van organitzar el [&hellip;]\" \/>\n<meta property=\"og:url\" content=\"https:\/\/www.esplac.cat\/jornades-ifm-peacemakers-of-tomorrow\/\" \/>\n<meta property=\"og:site_name\" content=\"Esplac\" \/>\n<meta property=\"article:published_time\" content=\"2019-04-17T08:26:33+00:00\" \/>\n<meta property=\"article:modified_time\" content=\"2020-10-15T16:23:26+00:00\" \/>\n<meta property=\"og:image\" content=\"https:\/\/www.esplac.cat\/wp-content\/uploads\/2019\/04\/ifmportad.jpg\" \/>\n\t<meta property=\"og:image:width\" content=\"847\" \/>\n\t<meta property=\"og:image:height\" content=\"350\" \/>\n\t<meta property=\"og:image:type\" content=\"image\/jpeg\" \/>\n<meta name=\"author\" content=\"root\" \/>\n<meta name=\"twitter:card\" content=\"summary_large_image\" \/>\n<meta name=\"twitter:label1\" content=\"Escrito por\" \/>\n\t<meta name=\"twitter:data1\" content=\"root\" \/>\n\t<meta name=\"twitter:label2\" content=\"Tiempo de lectura\" \/>\n\t<meta name=\"twitter:data2\" content=\"1 minuto\" \/>\n<script type=\"application\/ld+json\" class=\"yoast-schema-graph\">{\"@context\":\"https:\\\/\\\/schema.org\",\"@graph\":[{\"@type\":\"Article\",\"@id\":\"https:\\\/\\\/www.esplac.cat\\\/jornades-ifm-peacemakers-of-tomorrow\\\/#article\",\"isPartOf\":{\"@id\":\"https:\\\/\\\/www.esplac.cat\\\/jornades-ifm-peacemakers-of-tomorrow\\\/\"},\"author\":{\"name\":\"root\",\"@id\":\"https:\\\/\\\/www.esplac.cat\\\/#\\\/schema\\\/person\\\/8d7ee340c02b239b152b9ff2c3d40766\"},\"headline\":\"L&#8217;esplai\u00a0Santaka i l&#8217;esplai La Fera participen de les jornades de\u00a0L&#8217;IFM \u00abPEACEMAKERS\u00a0OF TOMORROW\u00bb\",\"datePublished\":\"2019-04-17T08:26:33+00:00\",\"dateModified\":\"2020-10-15T16:23:26+00:00\",\"mainEntityOfPage\":{\"@id\":\"https:\\\/\\\/www.esplac.cat\\\/jornades-ifm-peacemakers-of-tomorrow\\\/\"},\"wordCount\":171,\"publisher\":{\"@id\":\"https:\\\/\\\/www.esplac.cat\\\/#organization\"},\"image\":{\"@id\":\"https:\\\/\\\/www.esplac.cat\\\/jornades-ifm-peacemakers-of-tomorrow\\\/#primaryimage\"},\"thumbnailUrl\":\"https:\\\/\\\/www.esplac.cat\\\/wp-content\\\/uploads\\\/2019\\\/04\\\/ifmportad.jpg\",\"keywords\":[\"educaci\u00f3 popular\",\"esplais\",\"europa\",\"IFM-SEI\",\"internacional\",\"pau\",\"transformaci\u00f3 social\"],\"articleSection\":[\"Activitats esplais\",\"Esplac al m\u00f3n\",\"Sense categoria\"],\"inLanguage\":\"es\"},{\"@type\":\"WebPage\",\"@id\":\"https:\\\/\\\/www.esplac.cat\\\/jornades-ifm-peacemakers-of-tomorrow\\\/\",\"url\":\"https:\\\/\\\/www.esplac.cat\\\/jornades-ifm-peacemakers-of-tomorrow\\\/\",\"name\":\"L'esplai\u00a0Santaka i l'esplai La Fera participen de les jornades de\u00a0L'IFM \u00abPEACEMAKERS\u00a0OF TOMORROW\u00bb - Esplac\",\"isPartOf\":{\"@id\":\"https:\\\/\\\/www.esplac.cat\\\/#website\"},\"primaryImageOfPage\":{\"@id\":\"https:\\\/\\\/www.esplac.cat\\\/jornades-ifm-peacemakers-of-tomorrow\\\/#primaryimage\"},\"image\":{\"@id\":\"https:\\\/\\\/www.esplac.cat\\\/jornades-ifm-peacemakers-of-tomorrow\\\/#primaryimage\"},\"thumbnailUrl\":\"https:\\\/\\\/www.esplac.cat\\\/wp-content\\\/uploads\\\/2019\\\/04\\\/ifmportad.jpg\",\"datePublished\":\"2019-04-17T08:26:33+00:00\",\"dateModified\":\"2020-10-15T16:23:26+00:00\",\"breadcrumb\":{\"@id\":\"https:\\\/\\\/www.esplac.cat\\\/jornades-ifm-peacemakers-of-tomorrow\\\/#breadcrumb\"},\"inLanguage\":\"es\",\"potentialAction\":[{\"@type\":\"ReadAction\",\"target\":[\"https:\\\/\\\/www.esplac.cat\\\/jornades-ifm-peacemakers-of-tomorrow\\\/\"]}]},{\"@type\":\"ImageObject\",\"inLanguage\":\"es\",\"@id\":\"https:\\\/\\\/www.esplac.cat\\\/jornades-ifm-peacemakers-of-tomorrow\\\/#primaryimage\",\"url\":\"https:\\\/\\\/www.esplac.cat\\\/wp-content\\\/uploads\\\/2019\\\/04\\\/ifmportad.jpg\",\"contentUrl\":\"https:\\\/\\\/www.esplac.cat\\\/wp-content\\\/uploads\\\/2019\\\/04\\\/ifmportad.jpg\",\"width\":847,\"height\":350},{\"@type\":\"BreadcrumbList\",\"@id\":\"https:\\\/\\\/www.esplac.cat\\\/jornades-ifm-peacemakers-of-tomorrow\\\/#breadcrumb\",\"itemListElement\":[{\"@type\":\"ListItem\",\"position\":1,\"name\":\"Inici\",\"item\":\"https:\\\/\\\/www.esplac.cat\\\/es\\\/\"},{\"@type\":\"ListItem\",\"position\":2,\"name\":\"L&#8217;esplai\u00a0Santaka i l&#8217;esplai La Fera participen de les jornades de\u00a0L&#8217;IFM \u00abPEACEMAKERS\u00a0OF TOMORROW\u00bb\"}]},{\"@type\":\"WebSite\",\"@id\":\"https:\\\/\\\/www.esplac.cat\\\/#website\",\"url\":\"https:\\\/\\\/www.esplac.cat\\\/\",\"name\":\"Esplac\",\"description\":\"Esplais Catalans\",\"publisher\":{\"@id\":\"https:\\\/\\\/www.esplac.cat\\\/#organization\"},\"potentialAction\":[{\"@type\":\"SearchAction\",\"target\":{\"@type\":\"EntryPoint\",\"urlTemplate\":\"https:\\\/\\\/www.esplac.cat\\\/?s={search_term_string}\"},\"query-input\":{\"@type\":\"PropertyValueSpecification\",\"valueRequired\":true,\"valueName\":\"search_term_string\"}}],\"inLanguage\":\"es\"},{\"@type\":\"Organization\",\"@id\":\"https:\\\/\\\/www.esplac.cat\\\/#organization\",\"name\":\"Esplac\",\"url\":\"https:\\\/\\\/www.esplac.cat\\\/\",\"logo\":{\"@type\":\"ImageObject\",\"inLanguage\":\"es\",\"@id\":\"https:\\\/\\\/www.esplac.cat\\\/#\\\/schema\\\/logo\\\/image\\\/\",\"url\":\"https:\\\/\\\/www.esplac.cat\\\/wp-content\\\/uploads\\\/2019\\\/08\\\/logox2.png\",\"contentUrl\":\"https:\\\/\\\/www.esplac.cat\\\/wp-content\\\/uploads\\\/2019\\\/08\\\/logox2.png\",\"width\":600,\"height\":295,\"caption\":\"Esplac\"},\"image\":{\"@id\":\"https:\\\/\\\/www.esplac.cat\\\/#\\\/schema\\\/logo\\\/image\\\/\"}},{\"@type\":\"Person\",\"@id\":\"https:\\\/\\\/www.esplac.cat\\\/#\\\/schema\\\/person\\\/8d7ee340c02b239b152b9ff2c3d40766\",\"name\":\"root\",\"image\":{\"@type\":\"ImageObject\",\"inLanguage\":\"es\",\"@id\":\"https:\\\/\\\/secure.gravatar.com\\\/avatar\\\/9356757d53af8c5db257f894fbbd9ee7446c25af07cd2e7844bd1cf43acef754?s=96&d=mm&r=g\",\"url\":\"https:\\\/\\\/secure.gravatar.com\\\/avatar\\\/9356757d53af8c5db257f894fbbd9ee7446c25af07cd2e7844bd1cf43acef754?s=96&d=mm&r=g\",\"contentUrl\":\"https:\\\/\\\/secure.gravatar.com\\\/avatar\\\/9356757d53af8c5db257f894fbbd9ee7446c25af07cd2e7844bd1cf43acef754?s=96&d=mm&r=g\",\"caption\":\"root\"}}]}<\/script>\n<!-- \/ Yoast SEO plugin. -->","yoast_head_json":{"title":"L'esplai\u00a0Santaka i l'esplai La Fera participen de les jornades de\u00a0L'IFM \u00abPEACEMAKERS\u00a0OF TOMORROW\u00bb - Esplac","robots":{"index":"index","follow":"follow","max-snippet":"max-snippet:-1","max-image-preview":"max-image-preview:large","max-video-preview":"max-video-preview:-1"},"canonical":"https:\/\/www.esplac.cat\/jornades-ifm-peacemakers-of-tomorrow\/","og_locale":"es_ES","og_type":"article","og_title":"L'esplai\u00a0Santaka i l'esplai La Fera participen de les jornades de\u00a0L'IFM \u00abPEACEMAKERS\u00a0OF TOMORROW\u00bb - Esplac","og_description":"Els dos esplais (un de cada Vall\u00e8s) van organitzar el [&hellip;]","og_url":"https:\/\/www.esplac.cat\/jornades-ifm-peacemakers-of-tomorrow\/","og_site_name":"Esplac","article_published_time":"2019-04-17T08:26:33+00:00","article_modified_time":"2020-10-15T16:23:26+00:00","og_image":[{"width":847,"height":350,"url":"https:\/\/www.esplac.cat\/wp-content\/uploads\/2019\/04\/ifmportad.jpg","type":"image\/jpeg"}],"author":"root","twitter_card":"summary_large_image","twitter_misc":{"Escrito por":"root","Tiempo de lectura":"1 minuto"},"schema":{"@context":"https:\/\/schema.org","@graph":[{"@type":"Article","@id":"https:\/\/www.esplac.cat\/jornades-ifm-peacemakers-of-tomorrow\/#article","isPartOf":{"@id":"https:\/\/www.esplac.cat\/jornades-ifm-peacemakers-of-tomorrow\/"},"author":{"name":"root","@id":"https:\/\/www.esplac.cat\/#\/schema\/person\/8d7ee340c02b239b152b9ff2c3d40766"},"headline":"L&#8217;esplai\u00a0Santaka i l&#8217;esplai La Fera participen de les jornades de\u00a0L&#8217;IFM \u00abPEACEMAKERS\u00a0OF TOMORROW\u00bb","datePublished":"2019-04-17T08:26:33+00:00","dateModified":"2020-10-15T16:23:26+00:00","mainEntityOfPage":{"@id":"https:\/\/www.esplac.cat\/jornades-ifm-peacemakers-of-tomorrow\/"},"wordCount":171,"publisher":{"@id":"https:\/\/www.esplac.cat\/#organization"},"image":{"@id":"https:\/\/www.esplac.cat\/jornades-ifm-peacemakers-of-tomorrow\/#primaryimage"},"thumbnailUrl":"https:\/\/www.esplac.cat\/wp-content\/uploads\/2019\/04\/ifmportad.jpg","keywords":["educaci\u00f3 popular","esplais","europa","IFM-SEI","internacional","pau","transformaci\u00f3 social"],"articleSection":["Activitats esplais","Esplac al m\u00f3n","Sense categoria"],"inLanguage":"es"},{"@type":"WebPage","@id":"https:\/\/www.esplac.cat\/jornades-ifm-peacemakers-of-tomorrow\/","url":"https:\/\/www.esplac.cat\/jornades-ifm-peacemakers-of-tomorrow\/","name":"L'esplai\u00a0Santaka i l'esplai La Fera participen de les jornades de\u00a0L'IFM \u00abPEACEMAKERS\u00a0OF TOMORROW\u00bb - Esplac","isPartOf":{"@id":"https:\/\/www.esplac.cat\/#website"},"primaryImageOfPage":{"@id":"https:\/\/www.esplac.cat\/jornades-ifm-peacemakers-of-tomorrow\/#primaryimage"},"image":{"@id":"https:\/\/www.esplac.cat\/jornades-ifm-peacemakers-of-tomorrow\/#primaryimage"},"thumbnailUrl":"https:\/\/www.esplac.cat\/wp-content\/uploads\/2019\/04\/ifmportad.jpg","datePublished":"2019-04-17T08:26:33+00:00","dateModified":"2020-10-15T16:23:26+00:00","breadcrumb":{"@id":"https:\/\/www.esplac.cat\/jornades-ifm-peacemakers-of-tomorrow\/#breadcrumb"},"inLanguage":"es","potentialAction":[{"@type":"ReadAction","target":["https:\/\/www.esplac.cat\/jornades-ifm-peacemakers-of-tomorrow\/"]}]},{"@type":"ImageObject","inLanguage":"es","@id":"https:\/\/www.esplac.cat\/jornades-ifm-peacemakers-of-tomorrow\/#primaryimage","url":"https:\/\/www.esplac.cat\/wp-content\/uploads\/2019\/04\/ifmportad.jpg","contentUrl":"https:\/\/www.esplac.cat\/wp-content\/uploads\/2019\/04\/ifmportad.jpg","width":847,"height":350},{"@type":"BreadcrumbList","@id":"https:\/\/www.esplac.cat\/jornades-ifm-peacemakers-of-tomorrow\/#breadcrumb","itemListElement":[{"@type":"ListItem","position":1,"name":"Inici","item":"https:\/\/www.esplac.cat\/es\/"},{"@type":"ListItem","position":2,"name":"L&#8217;esplai\u00a0Santaka i l&#8217;esplai La Fera participen de les jornades de\u00a0L&#8217;IFM \u00abPEACEMAKERS\u00a0OF TOMORROW\u00bb"}]},{"@type":"WebSite","@id":"https:\/\/www.esplac.cat\/#website","url":"https:\/\/www.esplac.cat\/","name":"Esplac","description":"Esplais Catalans","publisher":{"@id":"https:\/\/www.esplac.cat\/#organization"},"potentialAction":[{"@type":"SearchAction","target":{"@type":"EntryPoint","urlTemplate":"https:\/\/www.esplac.cat\/?s={search_term_string}"},"query-input":{"@type":"PropertyValueSpecification","valueRequired":true,"valueName":"search_term_string"}}],"inLanguage":"es"},{"@type":"Organization","@id":"https:\/\/www.esplac.cat\/#organization","name":"Esplac","url":"https:\/\/www.esplac.cat\/","logo":{"@type":"ImageObject","inLanguage":"es","@id":"https:\/\/www.esplac.cat\/#\/schema\/logo\/image\/","url":"https:\/\/www.esplac.cat\/wp-content\/uploads\/2019\/08\/logox2.png","contentUrl":"https:\/\/www.esplac.cat\/wp-content\/uploads\/2019\/08\/logox2.png","width":600,"height":295,"caption":"Esplac"},"image":{"@id":"https:\/\/www.esplac.cat\/#\/schema\/logo\/image\/"}},{"@type":"Person","@id":"https:\/\/www.esplac.cat\/#\/schema\/person\/8d7ee340c02b239b152b9ff2c3d40766","name":"root","image":{"@type":"ImageObject","inLanguage":"es","@id":"https:\/\/secure.gravatar.com\/avatar\/9356757d53af8c5db257f894fbbd9ee7446c25af07cd2e7844bd1cf43acef754?s=96&d=mm&r=g","url":"https:\/\/secure.gravatar.com\/avatar\/9356757d53af8c5db257f894fbbd9ee7446c25af07cd2e7844bd1cf43acef754?s=96&d=mm&r=g","contentUrl":"https:\/\/secure.gravatar.com\/avatar\/9356757d53af8c5db257f894fbbd9ee7446c25af07cd2e7844bd1cf43acef754?s=96&d=mm&r=g","caption":"root"}}]}},"_links":{"self":[{"href":"https:\/\/www.esplac.cat\/es\/wp-json\/wp\/v2\/posts\/23735","targetHints":{"allow":["GET"]}}],"collection":[{"href":"https:\/\/www.esplac.cat\/es\/wp-json\/wp\/v2\/posts"}],"about":[{"href":"https:\/\/www.esplac.cat\/es\/wp-json\/wp\/v2\/types\/post"}],"author":[{"embeddable":true,"href":"https:\/\/www.esplac.cat\/es\/wp-json\/wp\/v2\/users\/1"}],"replies":[{"embeddable":true,"href":"https:\/\/www.esplac.cat\/es\/wp-json\/wp\/v2\/comments?post=23735"}],"version-history":[{"count":0,"href":"https:\/\/www.esplac.cat\/es\/wp-json\/wp\/v2\/posts\/23735\/revisions"}],"wp:featuredmedia":[{"embeddable":true,"href":"https:\/\/www.esplac.cat\/es\/wp-json\/wp\/v2\/media\/23736"}],"wp:attachment":[{"href":"https:\/\/www.esplac.cat\/es\/wp-json\/wp\/v2\/media?parent=23735"}],"wp:term":[{"taxonomy":"category","embeddable":true,"href":"https:\/\/www.esplac.cat\/es\/wp-json\/wp\/v2\/categories?post=23735"},{"taxonomy":"post_tag","embeddable":true,"href":"https:\/\/www.esplac.cat\/es\/wp-json\/wp\/v2\/tags?post=23735"}],"curies":[{"name":"wp","href":"https:\/\/api.w.org\/{rel}","templated":true}]}}