{"id":23749,"date":"2019-04-15T08:38:37","date_gmt":"2019-04-15T06:38:37","guid":{"rendered":"http:\/\/esplac.cat\/?p=22098"},"modified":"2020-10-15T17:23:27","modified_gmt":"2020-10-15T16:23:27","slug":"obrim-una-placa-de-tecnica-informatica","status":"publish","type":"post","link":"https:\/\/www.esplac.cat\/es\/obrim-una-placa-de-tecnica-informatica\/","title":{"rendered":"Obrim una pla\u00e7a de t\u00e8cnic\/a inform\u00e0tic\/a"},"content":{"rendered":"<h4 style=\"text-align: justify;\">A Esplais Catalans busquem t\u00e8cnic\/a inform\u00e0tic\/a. El termini de presentaci\u00f3 de curr\u00edculms finalitzar\u00e0 el\u00a028 d&#8217;abril de 2019.<\/h4>\n<p style=\"text-align: justify;\">A Esplac\u00a0hem obert un termini per a la presentaci\u00f3 de curr\u00edculums amb l\u2019objectiu de obrir una pla\u00e7a de t\u00e8cnic\/a inform\u00e0tic\/a. El termini finalitza el dia 28 d\u2019abril de 2019 . Els curr\u00edculums i les cartes de motivaci\u00f3 les heu de fer arribar a<strong> esplac@esplac.cat<\/strong> amb la refer\u00e8ncia \u00ab<em>InformaticaST\u00bb<\/em> a l&#8217;assumpte del mail.<\/p>\n<p style=\"text-align: justify;\"><strong>Funcions:<\/strong><\/p>\n<ul style=\"text-align: justify;\">\n<li>Elaboraci\u00f3, execuci\u00f3 i avaluaci\u00f3 del pla de treball de les aplicacions inform\u00e0tiques que s&#8217;usen a Esplac donant suport a la tasca de la coordinadora inform\u00e0tica.<\/li>\n<li>Dur a terme canvis i millores a les eines inform\u00e0tiques pr\u00f2pies de treball de l&#8217;entitat: Intranets i webs.<\/li>\n<li>Coordinaci\u00f3 amb els equips de treball i dirigents de l\u2019entitat per a les funcions assignades i d&#8217;altres que puguin sorgir.<\/li>\n<\/ul>\n<p style=\"text-align: justify;\"><strong>Es demana:<\/strong><\/p>\n<ul style=\"text-align: justify;\">\n<li style=\"text-align: justify;\">Titulaci\u00f3 acabada o en curs de Grau en Enginyeria Inform\u00e0tica o Cicle Formatiu de Grau Superior (CFGS) de Desenvolupament d&#8217;Aplicacions Web (DAW) o Desenvolupament d\u2019Aplicacions Multiplataforma (DAM) o coneixements equivalents demostrables.<\/li>\n<li>Coneixement b\u00e0sic de bases de dades.<\/li>\n<li>Coneixement o experi\u00e8ncia en desenvolupament d&#8217;aplicacions web.<\/li>\n<li>Compet\u00e8ncia escrita: capacitat de redacci\u00f3 i capacitat de s\u00edntesi.<\/li>\n<li>Capacitat d&#8217;organitzaci\u00f3, gesti\u00f3 del temps i compliments de terminis, treball en equip, autonomia personal, flexibilitat i adaptabilitat.<\/li>\n<li>Assist\u00e8ncia a reunions o activitats d\u2019especial inter\u00e8s fora de l\u2019horari laboral, vocaci\u00f3 de servei als esplais i comprom\u00eds amb els valors d&#8217;Esplais Catalans.<\/li>\n<li>\u00a0Tenir menys de 30 anys.<\/li>\n<\/ul>\n<p style=\"text-align: justify;\"><strong>Es valorar\u00e0:<\/strong><\/p>\n<ul style=\"text-align: justify;\">\n<li>Experi\u00e8ncia en les funcions descrites i facilitat per con\u00e8ixer noves eines de treball.<\/li>\n<li>Experi\u00e8ncia amb l&#8217;stack MEAN i concretament amb Angular+2.<\/li>\n<li>Experi\u00e8ncia en especificaci\u00f3 i disseny de bases de dades.<\/li>\n<li>Coneixement de disseny web.<\/li>\n<li>Coneixement o experi\u00e8ncia en linux, terminal bash, gesti\u00f3 de sistemes, cron i pm2.<\/li>\n<li>Experi\u00e8ncia amb sistema de versions, especialment Git i l&#8217;entorn GitLab.<\/li>\n<li>Experi\u00e8ncia en comunitats de desenvolupament de codi obert i en projectes de promoci\u00f3 de la sobirania tecnol\u00f2gica.<\/li>\n<li>Coneixement i experi\u00e8ncia en l&#8217;\u00e0mbit de l&#8217;associacionisme educatiu i els esplais.<\/li>\n<li>Coneixement en temes espec\u00edfics relacionats amb el projecte educatiu d\u2019Esplais Catalans.<\/li>\n<\/ul>\n<p style=\"text-align: justify;\"><strong>Condicions laborals:<\/strong><\/p>\n<ul style=\"text-align: justify;\">\n<li>Contracte de 20 hores setmanals. Sou segons l&#8217;escala salarial de l&#8217;entitat (10.532,30 \u20ac bruts anuals).<\/li>\n<li>2 mesos de prova i incorporaci\u00f3 immediata.<\/li>\n<li>Lloc de treball habitual: Barcelona.<\/li>\n<\/ul>\n<p style=\"text-align: justify;\"><a href=\"http:\/\/esplac.cat\/wp-content\/uploads\/2019\/04\/convocatoria_SUPORT_INFOR_Abril2019.pdf\" target=\"_blank\" rel=\"noopener noreferrer\">Aqu\u00ed<\/a> us deixem\u00a0els detalls de l&#8217;oferta laboral en un arxiu pdf.<\/p>\n","protected":false},"excerpt":{"rendered":"<p>A Esplais Catalans busquem t\u00e8cnic\/a inform\u00e0tic\/a. El termini de presentaci\u00f3 [&hellip;]<\/p>\n","protected":false},"author":1,"featured_media":23590,"comment_status":"closed","ping_status":"open","sticky":false,"template":"","format":"standard","meta":{"om_disable_all_campaigns":false,"_monsterinsights_skip_tracking":false,"_monsterinsights_sitenote_active":false,"_monsterinsights_sitenote_note":"","_monsterinsights_sitenote_category":0,"_uf_show_specific_survey":0,"_uf_disable_surveys":false,"footnotes":""},"categories":[1116,1],"tags":[440,562],"class_list":["post-23749","post","type-post","status-publish","format-standard","has-post-thumbnail","hentry","category-secretaria-esplac","category-sense-categoria","tag-informatica","tag-oferta-laboral"],"yoast_head":"<!-- This site is optimized with the Yoast SEO plugin v27.4 - https:\/\/yoast.com\/product\/yoast-seo-wordpress\/ -->\n<title>Obrim una pla\u00e7a de t\u00e8cnic\/a inform\u00e0tic\/a - Esplac<\/title>\n<meta name=\"robots\" content=\"index, follow, max-snippet:-1, max-image-preview:large, max-video-preview:-1\" \/>\n<link rel=\"canonical\" href=\"https:\/\/www.esplac.cat\/es\/obrim-una-placa-de-tecnica-informatica\/\" \/>\n<meta property=\"og:locale\" content=\"es_ES\" \/>\n<meta property=\"og:type\" content=\"article\" \/>\n<meta property=\"og:title\" content=\"Obrim una pla\u00e7a de t\u00e8cnic\/a inform\u00e0tic\/a - Esplac\" \/>\n<meta property=\"og:description\" content=\"A Esplais Catalans busquem t\u00e8cnic\/a inform\u00e0tic\/a. El termini de presentaci\u00f3 [&hellip;]\" \/>\n<meta property=\"og:url\" content=\"https:\/\/www.esplac.cat\/es\/obrim-una-placa-de-tecnica-informatica\/\" \/>\n<meta property=\"og:site_name\" content=\"Esplac\" \/>\n<meta property=\"article:published_time\" content=\"2019-04-15T06:38:37+00:00\" \/>\n<meta property=\"article:modified_time\" content=\"2020-10-15T16:23:27+00:00\" \/>\n<meta property=\"og:image\" content=\"https:\/\/www.esplac.cat\/wp-content\/uploads\/2018\/05\/Noti_Web_Valles_AGO-2.jpg\" \/>\n\t<meta property=\"og:image:width\" content=\"847\" \/>\n\t<meta property=\"og:image:height\" content=\"350\" \/>\n\t<meta property=\"og:image:type\" content=\"image\/jpeg\" \/>\n<meta name=\"author\" content=\"root\" \/>\n<meta name=\"twitter:card\" content=\"summary_large_image\" \/>\n<meta name=\"twitter:label1\" content=\"Escrito por\" \/>\n\t<meta name=\"twitter:data1\" content=\"root\" \/>\n\t<meta name=\"twitter:label2\" content=\"Tiempo de lectura\" \/>\n\t<meta name=\"twitter:data2\" content=\"2 minutos\" \/>\n<script type=\"application\/ld+json\" class=\"yoast-schema-graph\">{\"@context\":\"https:\\\/\\\/schema.org\",\"@graph\":[{\"@type\":\"Article\",\"@id\":\"https:\\\/\\\/www.esplac.cat\\\/es\\\/obrim-una-placa-de-tecnica-informatica\\\/#article\",\"isPartOf\":{\"@id\":\"https:\\\/\\\/www.esplac.cat\\\/es\\\/obrim-una-placa-de-tecnica-informatica\\\/\"},\"author\":{\"name\":\"root\",\"@id\":\"https:\\\/\\\/www.esplac.cat\\\/#\\\/schema\\\/person\\\/8d7ee340c02b239b152b9ff2c3d40766\"},\"headline\":\"Obrim una pla\u00e7a de t\u00e8cnic\\\/a inform\u00e0tic\\\/a\",\"datePublished\":\"2019-04-15T06:38:37+00:00\",\"dateModified\":\"2020-10-15T16:23:27+00:00\",\"mainEntityOfPage\":{\"@id\":\"https:\\\/\\\/www.esplac.cat\\\/es\\\/obrim-una-placa-de-tecnica-informatica\\\/\"},\"wordCount\":435,\"publisher\":{\"@id\":\"https:\\\/\\\/www.esplac.cat\\\/#organization\"},\"image\":{\"@id\":\"https:\\\/\\\/www.esplac.cat\\\/es\\\/obrim-una-placa-de-tecnica-informatica\\\/#primaryimage\"},\"thumbnailUrl\":\"https:\\\/\\\/www.esplac.cat\\\/wp-content\\\/uploads\\\/2018\\\/05\\\/Noti_Web_Valles_AGO-2.jpg\",\"keywords\":[\"informatica\",\"oferta laboral\"],\"articleSection\":[\"Secretaria T\u00e8cnica\",\"Sense categoria\"],\"inLanguage\":\"es\"},{\"@type\":\"WebPage\",\"@id\":\"https:\\\/\\\/www.esplac.cat\\\/es\\\/obrim-una-placa-de-tecnica-informatica\\\/\",\"url\":\"https:\\\/\\\/www.esplac.cat\\\/es\\\/obrim-una-placa-de-tecnica-informatica\\\/\",\"name\":\"Obrim una pla\u00e7a de t\u00e8cnic\\\/a inform\u00e0tic\\\/a - Esplac\",\"isPartOf\":{\"@id\":\"https:\\\/\\\/www.esplac.cat\\\/#website\"},\"primaryImageOfPage\":{\"@id\":\"https:\\\/\\\/www.esplac.cat\\\/es\\\/obrim-una-placa-de-tecnica-informatica\\\/#primaryimage\"},\"image\":{\"@id\":\"https:\\\/\\\/www.esplac.cat\\\/es\\\/obrim-una-placa-de-tecnica-informatica\\\/#primaryimage\"},\"thumbnailUrl\":\"https:\\\/\\\/www.esplac.cat\\\/wp-content\\\/uploads\\\/2018\\\/05\\\/Noti_Web_Valles_AGO-2.jpg\",\"datePublished\":\"2019-04-15T06:38:37+00:00\",\"dateModified\":\"2020-10-15T16:23:27+00:00\",\"breadcrumb\":{\"@id\":\"https:\\\/\\\/www.esplac.cat\\\/es\\\/obrim-una-placa-de-tecnica-informatica\\\/#breadcrumb\"},\"inLanguage\":\"es\",\"potentialAction\":[{\"@type\":\"ReadAction\",\"target\":[\"https:\\\/\\\/www.esplac.cat\\\/es\\\/obrim-una-placa-de-tecnica-informatica\\\/\"]}]},{\"@type\":\"ImageObject\",\"inLanguage\":\"es\",\"@id\":\"https:\\\/\\\/www.esplac.cat\\\/es\\\/obrim-una-placa-de-tecnica-informatica\\\/#primaryimage\",\"url\":\"https:\\\/\\\/www.esplac.cat\\\/wp-content\\\/uploads\\\/2018\\\/05\\\/Noti_Web_Valles_AGO-2.jpg\",\"contentUrl\":\"https:\\\/\\\/www.esplac.cat\\\/wp-content\\\/uploads\\\/2018\\\/05\\\/Noti_Web_Valles_AGO-2.jpg\",\"width\":847,\"height\":350},{\"@type\":\"BreadcrumbList\",\"@id\":\"https:\\\/\\\/www.esplac.cat\\\/es\\\/obrim-una-placa-de-tecnica-informatica\\\/#breadcrumb\",\"itemListElement\":[{\"@type\":\"ListItem\",\"position\":1,\"name\":\"Inici\",\"item\":\"https:\\\/\\\/www.esplac.cat\\\/es\\\/\"},{\"@type\":\"ListItem\",\"position\":2,\"name\":\"Obrim una pla\u00e7a de t\u00e8cnic\\\/a inform\u00e0tic\\\/a\"}]},{\"@type\":\"WebSite\",\"@id\":\"https:\\\/\\\/www.esplac.cat\\\/#website\",\"url\":\"https:\\\/\\\/www.esplac.cat\\\/\",\"name\":\"Esplac\",\"description\":\"Esplais Catalans\",\"publisher\":{\"@id\":\"https:\\\/\\\/www.esplac.cat\\\/#organization\"},\"potentialAction\":[{\"@type\":\"SearchAction\",\"target\":{\"@type\":\"EntryPoint\",\"urlTemplate\":\"https:\\\/\\\/www.esplac.cat\\\/?s={search_term_string}\"},\"query-input\":{\"@type\":\"PropertyValueSpecification\",\"valueRequired\":true,\"valueName\":\"search_term_string\"}}],\"inLanguage\":\"es\"},{\"@type\":\"Organization\",\"@id\":\"https:\\\/\\\/www.esplac.cat\\\/#organization\",\"name\":\"Esplac\",\"url\":\"https:\\\/\\\/www.esplac.cat\\\/\",\"logo\":{\"@type\":\"ImageObject\",\"inLanguage\":\"es\",\"@id\":\"https:\\\/\\\/www.esplac.cat\\\/#\\\/schema\\\/logo\\\/image\\\/\",\"url\":\"https:\\\/\\\/www.esplac.cat\\\/wp-content\\\/uploads\\\/2019\\\/08\\\/logox2.png\",\"contentUrl\":\"https:\\\/\\\/www.esplac.cat\\\/wp-content\\\/uploads\\\/2019\\\/08\\\/logox2.png\",\"width\":600,\"height\":295,\"caption\":\"Esplac\"},\"image\":{\"@id\":\"https:\\\/\\\/www.esplac.cat\\\/#\\\/schema\\\/logo\\\/image\\\/\"}},{\"@type\":\"Person\",\"@id\":\"https:\\\/\\\/www.esplac.cat\\\/#\\\/schema\\\/person\\\/8d7ee340c02b239b152b9ff2c3d40766\",\"name\":\"root\",\"image\":{\"@type\":\"ImageObject\",\"inLanguage\":\"es\",\"@id\":\"https:\\\/\\\/secure.gravatar.com\\\/avatar\\\/9356757d53af8c5db257f894fbbd9ee7446c25af07cd2e7844bd1cf43acef754?s=96&d=mm&r=g\",\"url\":\"https:\\\/\\\/secure.gravatar.com\\\/avatar\\\/9356757d53af8c5db257f894fbbd9ee7446c25af07cd2e7844bd1cf43acef754?s=96&d=mm&r=g\",\"contentUrl\":\"https:\\\/\\\/secure.gravatar.com\\\/avatar\\\/9356757d53af8c5db257f894fbbd9ee7446c25af07cd2e7844bd1cf43acef754?s=96&d=mm&r=g\",\"caption\":\"root\"}}]}<\/script>\n<!-- \/ Yoast SEO plugin. -->","yoast_head_json":{"title":"Obrim una pla\u00e7a de t\u00e8cnic\/a inform\u00e0tic\/a - Esplac","robots":{"index":"index","follow":"follow","max-snippet":"max-snippet:-1","max-image-preview":"max-image-preview:large","max-video-preview":"max-video-preview:-1"},"canonical":"https:\/\/www.esplac.cat\/es\/obrim-una-placa-de-tecnica-informatica\/","og_locale":"es_ES","og_type":"article","og_title":"Obrim una pla\u00e7a de t\u00e8cnic\/a inform\u00e0tic\/a - Esplac","og_description":"A Esplais Catalans busquem t\u00e8cnic\/a inform\u00e0tic\/a. El termini de presentaci\u00f3 [&hellip;]","og_url":"https:\/\/www.esplac.cat\/es\/obrim-una-placa-de-tecnica-informatica\/","og_site_name":"Esplac","article_published_time":"2019-04-15T06:38:37+00:00","article_modified_time":"2020-10-15T16:23:27+00:00","og_image":[{"width":847,"height":350,"url":"https:\/\/www.esplac.cat\/wp-content\/uploads\/2018\/05\/Noti_Web_Valles_AGO-2.jpg","type":"image\/jpeg"}],"author":"root","twitter_card":"summary_large_image","twitter_misc":{"Escrito por":"root","Tiempo de lectura":"2 minutos"},"schema":{"@context":"https:\/\/schema.org","@graph":[{"@type":"Article","@id":"https:\/\/www.esplac.cat\/es\/obrim-una-placa-de-tecnica-informatica\/#article","isPartOf":{"@id":"https:\/\/www.esplac.cat\/es\/obrim-una-placa-de-tecnica-informatica\/"},"author":{"name":"root","@id":"https:\/\/www.esplac.cat\/#\/schema\/person\/8d7ee340c02b239b152b9ff2c3d40766"},"headline":"Obrim una pla\u00e7a de t\u00e8cnic\/a inform\u00e0tic\/a","datePublished":"2019-04-15T06:38:37+00:00","dateModified":"2020-10-15T16:23:27+00:00","mainEntityOfPage":{"@id":"https:\/\/www.esplac.cat\/es\/obrim-una-placa-de-tecnica-informatica\/"},"wordCount":435,"publisher":{"@id":"https:\/\/www.esplac.cat\/#organization"},"image":{"@id":"https:\/\/www.esplac.cat\/es\/obrim-una-placa-de-tecnica-informatica\/#primaryimage"},"thumbnailUrl":"https:\/\/www.esplac.cat\/wp-content\/uploads\/2018\/05\/Noti_Web_Valles_AGO-2.jpg","keywords":["informatica","oferta laboral"],"articleSection":["Secretaria T\u00e8cnica","Sense categoria"],"inLanguage":"es"},{"@type":"WebPage","@id":"https:\/\/www.esplac.cat\/es\/obrim-una-placa-de-tecnica-informatica\/","url":"https:\/\/www.esplac.cat\/es\/obrim-una-placa-de-tecnica-informatica\/","name":"Obrim una pla\u00e7a de t\u00e8cnic\/a inform\u00e0tic\/a - Esplac","isPartOf":{"@id":"https:\/\/www.esplac.cat\/#website"},"primaryImageOfPage":{"@id":"https:\/\/www.esplac.cat\/es\/obrim-una-placa-de-tecnica-informatica\/#primaryimage"},"image":{"@id":"https:\/\/www.esplac.cat\/es\/obrim-una-placa-de-tecnica-informatica\/#primaryimage"},"thumbnailUrl":"https:\/\/www.esplac.cat\/wp-content\/uploads\/2018\/05\/Noti_Web_Valles_AGO-2.jpg","datePublished":"2019-04-15T06:38:37+00:00","dateModified":"2020-10-15T16:23:27+00:00","breadcrumb":{"@id":"https:\/\/www.esplac.cat\/es\/obrim-una-placa-de-tecnica-informatica\/#breadcrumb"},"inLanguage":"es","potentialAction":[{"@type":"ReadAction","target":["https:\/\/www.esplac.cat\/es\/obrim-una-placa-de-tecnica-informatica\/"]}]},{"@type":"ImageObject","inLanguage":"es","@id":"https:\/\/www.esplac.cat\/es\/obrim-una-placa-de-tecnica-informatica\/#primaryimage","url":"https:\/\/www.esplac.cat\/wp-content\/uploads\/2018\/05\/Noti_Web_Valles_AGO-2.jpg","contentUrl":"https:\/\/www.esplac.cat\/wp-content\/uploads\/2018\/05\/Noti_Web_Valles_AGO-2.jpg","width":847,"height":350},{"@type":"BreadcrumbList","@id":"https:\/\/www.esplac.cat\/es\/obrim-una-placa-de-tecnica-informatica\/#breadcrumb","itemListElement":[{"@type":"ListItem","position":1,"name":"Inici","item":"https:\/\/www.esplac.cat\/es\/"},{"@type":"ListItem","position":2,"name":"Obrim una pla\u00e7a de t\u00e8cnic\/a inform\u00e0tic\/a"}]},{"@type":"WebSite","@id":"https:\/\/www.esplac.cat\/#website","url":"https:\/\/www.esplac.cat\/","name":"Esplac","description":"Esplais Catalans","publisher":{"@id":"https:\/\/www.esplac.cat\/#organization"},"potentialAction":[{"@type":"SearchAction","target":{"@type":"EntryPoint","urlTemplate":"https:\/\/www.esplac.cat\/?s={search_term_string}"},"query-input":{"@type":"PropertyValueSpecification","valueRequired":true,"valueName":"search_term_string"}}],"inLanguage":"es"},{"@type":"Organization","@id":"https:\/\/www.esplac.cat\/#organization","name":"Esplac","url":"https:\/\/www.esplac.cat\/","logo":{"@type":"ImageObject","inLanguage":"es","@id":"https:\/\/www.esplac.cat\/#\/schema\/logo\/image\/","url":"https:\/\/www.esplac.cat\/wp-content\/uploads\/2019\/08\/logox2.png","contentUrl":"https:\/\/www.esplac.cat\/wp-content\/uploads\/2019\/08\/logox2.png","width":600,"height":295,"caption":"Esplac"},"image":{"@id":"https:\/\/www.esplac.cat\/#\/schema\/logo\/image\/"}},{"@type":"Person","@id":"https:\/\/www.esplac.cat\/#\/schema\/person\/8d7ee340c02b239b152b9ff2c3d40766","name":"root","image":{"@type":"ImageObject","inLanguage":"es","@id":"https:\/\/secure.gravatar.com\/avatar\/9356757d53af8c5db257f894fbbd9ee7446c25af07cd2e7844bd1cf43acef754?s=96&d=mm&r=g","url":"https:\/\/secure.gravatar.com\/avatar\/9356757d53af8c5db257f894fbbd9ee7446c25af07cd2e7844bd1cf43acef754?s=96&d=mm&r=g","contentUrl":"https:\/\/secure.gravatar.com\/avatar\/9356757d53af8c5db257f894fbbd9ee7446c25af07cd2e7844bd1cf43acef754?s=96&d=mm&r=g","caption":"root"}}]}},"_links":{"self":[{"href":"https:\/\/www.esplac.cat\/es\/wp-json\/wp\/v2\/posts\/23749","targetHints":{"allow":["GET"]}}],"collection":[{"href":"https:\/\/www.esplac.cat\/es\/wp-json\/wp\/v2\/posts"}],"about":[{"href":"https:\/\/www.esplac.cat\/es\/wp-json\/wp\/v2\/types\/post"}],"author":[{"embeddable":true,"href":"https:\/\/www.esplac.cat\/es\/wp-json\/wp\/v2\/users\/1"}],"replies":[{"embeddable":true,"href":"https:\/\/www.esplac.cat\/es\/wp-json\/wp\/v2\/comments?post=23749"}],"version-history":[{"count":0,"href":"https:\/\/www.esplac.cat\/es\/wp-json\/wp\/v2\/posts\/23749\/revisions"}],"wp:featuredmedia":[{"embeddable":true,"href":"https:\/\/www.esplac.cat\/es\/wp-json\/wp\/v2\/media\/23590"}],"wp:attachment":[{"href":"https:\/\/www.esplac.cat\/es\/wp-json\/wp\/v2\/media?parent=23749"}],"wp:term":[{"taxonomy":"category","embeddable":true,"href":"https:\/\/www.esplac.cat\/es\/wp-json\/wp\/v2\/categories?post=23749"},{"taxonomy":"post_tag","embeddable":true,"href":"https:\/\/www.esplac.cat\/es\/wp-json\/wp\/v2\/tags?post=23749"}],"curies":[{"name":"wp","href":"https:\/\/api.w.org\/{rel}","templated":true}]}}