{"id":23750,"date":"2019-04-11T09:38:35","date_gmt":"2019-04-11T07:38:35","guid":{"rendered":"http:\/\/esplac.cat\/?p=22090"},"modified":"2020-10-15T17:23:27","modified_gmt":"2020-10-15T16:23:27","slug":"vols-anar-al-canada-amb-altres-joves-forma-part-del-nou-projecte-internacional-desplac","status":"publish","type":"post","link":"https:\/\/www.esplac.cat\/es\/vols-anar-al-canada-amb-altres-joves-forma-part-del-nou-projecte-internacional-desplac\/","title":{"rendered":"Vols anar al Canad\u00e0 amb altres joves? Forma part del nou projecte internacional d&#8217;Esplac!"},"content":{"rendered":"<h4>Esplac participar\u00e0 en una nova activitat internacional juntament amb 4 entitats m\u00e9s. El projecte s&#8217;anonema \u00abTranslantic Youth Dialogues\u00bb i l&#8217;organitza l&#8217;entitat IFM-SEI juntament amb OXFAM i dues entitats del Canad\u00e0.<\/h4>\n<p>\u00abTranslantic Youth Dialogues\u00bb es tracta d&#8217;un projecte internacional de dos anys (gener 2019- gener 2021) i ser\u00e0 la primera vegada que Esplac participar\u00e0 en un projecte a escala transatl\u00e0ntica (Canad\u00e0-UE).<\/p>\n<p>El projecte t\u00e9 per objectiu donar una oportunitat a les persones joves de la UE i del Canad\u00e0 de cooperar conjuntament en temes com la <strong>igualtat de g\u00e8nere<\/strong>, el <strong>canvi clim\u00e0tic<\/strong> i la<strong> lluita contra l&#8217;extremisme violent<\/strong>.<\/p>\n<p><strong>Activitats del projecte:<\/strong><\/p>\n<ul>\n<li>Estada durant\u00a0<strong>4 dies al\u00a0Canad\u00e0\u00a0(Montreal)<\/strong> amb m\u00e9s de 130 joves.<\/li>\n<li>Organitzaci\u00f3 de 2 seminaris locals per treballar tots els temes: juliol-setembre de 2019 i<br \/>\nmar\u00e7-juny 2020 organitzats per l\u2019equip d\u2019Esplac.<\/li>\n<li>Accions locals de sensibilitzaci\u00f3 juny-octubre 2020<\/li>\n<\/ul>\n<p>Per participar-hi, des d&#8217;Esplac es formar\u00e0 un grup de 7 persones participants i 2 persones l\u00edders, que coordinaran el grup i el seguiment del projecte.<\/p>\n<p><strong>Busquem l\u2019equip de 7 persones i els requisits s\u00f3n:<\/strong><\/p>\n<ul>\n<li>Tenir entre 18-30 anys<\/li>\n<li>Parlar fluidament l&#8217;angl\u00e8s<\/li>\n<li>Persona que es pugui comprometre amb el projecte durant la seva duraci\u00f3 (Gener 2019- Gener 2019). El comprom\u00eds en aquest projecte \u00e9s essencial ja que t\u00e9 una llarga durada i \u00e9s imprescindible la continuaci\u00f3 del grup per assolir els objectius i aconseguir realment un impacte a escala transatl\u00e0ntica.<\/li>\n<li>Possibilitat i disponibilitat de viatjar al Canad\u00e0 (novembre 2019). La participaci\u00f3 en aquesta activitat \u00e9s obligat\u00f2ria.<\/li>\n<li>Persona amb un inter\u00e8s i preferiblement amb uns coneixements sobre igualtat de g\u00e8nere, canvi clim\u00e0tic i la lluita contra l&#8217;extremisme.<\/li>\n<li>Persona que es comprometi a participar\/organitzar juntament amb el grup final a les dues activitats locals que planteja el projecte (busca m\u00e9s informaci\u00f3 sobre les activitats abaix de la p\u00e0gina).<\/li>\n<li>Persona que pugui realitzar Skypes i reunions en l\u00ednia per la preparaci\u00f3 de materials, redacci\u00f3 de mem\u00f2ries, recull de conclusions, etc.<\/li>\n<li>Es donar\u00e0 prefer\u00e8ncia a participar a totes aquelles persones joves que es troben en situaci\u00f3 de vulnerabilitat.<br \/>\n*El projecte est\u00e0 finan\u00e7at amb subvencions i aportacions de les mateixes entitats participants, de manera que no hi ha un cost per a les persones participants ni l\u00edders*<\/li>\n<\/ul>\n<p><strong>Quins s\u00f3n els seg\u00fcents passos?<\/strong><\/p>\n<ul>\n<li>Llegeix m\u00e9s informaci\u00f3 sobre el projecte: activitats locals, agenda, resultats, etc. <a href=\"http:\/\/esplac.cat\/wp-content\/uploads\/2019\/04\/Youth-Transatlantic-Dialogues-IN-A-NUTSHELL.pdf\" target=\"_blank\" rel=\"noopener noreferrer\">aqu\u00ed.<\/a><\/li>\n<li>Si est\u00e0s interessada en ser persona participant, respon <strong><a href=\"https:\/\/forms.gle\/GHjjiWARuQ4qcwuZ7\" target=\"_blank\" rel=\"noopener noreferrer\">aquest formulari.<\/a><\/strong><\/li>\n<li>Si tens dubtes, contacta amb internacional@esplac.cat<\/li>\n<li>Selecci\u00f3: si hi ha m\u00e9s candidatures que places, es far\u00e0 la selecci\u00f3 tenint en compte els criteris de participaci\u00f3 en activitats internacionals, aix\u00ed com el grau de compliment dels requisits de la persona l\u00edder (punts anteriors).<\/li>\n<\/ul>\n<p>ESPEREM NOT\u00cdCIES VOSTRES I QUE US ANIMEU A PARTICIPAR-HI!!<\/p>\n","protected":false},"excerpt":{"rendered":"<p>Esplac participar\u00e0 en una nova activitat internacional juntament amb 4 [&hellip;]<\/p>\n","protected":false},"author":1,"featured_media":23751,"comment_status":"closed","ping_status":"open","sticky":false,"template":"","format":"standard","meta":{"om_disable_all_campaigns":false,"_monsterinsights_skip_tracking":false,"_monsterinsights_sitenote_active":false,"_monsterinsights_sitenote_note":"","_monsterinsights_sitenote_category":0,"_uf_show_specific_survey":0,"_uf_disable_surveys":false,"footnotes":""},"categories":[1112,1],"tags":[1058,54,59,555,166,1059,134],"class_list":["post-23750","post","type-post","status-publish","format-standard","has-post-thumbnail","hentry","category-esplac-al-mon","category-sense-categoria","tag-canada","tag-formacio","tag-ifm-sei","tag-internacional","tag-joves","tag-oxfam","tag-transformacio-social"],"yoast_head":"<!-- This site is optimized with the Yoast SEO plugin v27.5 - https:\/\/yoast.com\/product\/yoast-seo-wordpress\/ -->\n<title>Vols anar al Canad\u00e0 amb altres joves? Forma part del nou projecte internacional d&#039;Esplac! - Esplac<\/title>\n<meta name=\"robots\" content=\"index, follow, max-snippet:-1, max-image-preview:large, max-video-preview:-1\" \/>\n<link rel=\"canonical\" href=\"https:\/\/www.esplac.cat\/es\/vols-anar-al-canada-amb-altres-joves-forma-part-del-nou-projecte-internacional-desplac\/\" \/>\n<meta property=\"og:locale\" content=\"es_ES\" \/>\n<meta property=\"og:type\" content=\"article\" \/>\n<meta property=\"og:title\" content=\"Vols anar al Canad\u00e0 amb altres joves? Forma part del nou projecte internacional d&#039;Esplac! - Esplac\" \/>\n<meta property=\"og:description\" content=\"Esplac participar\u00e0 en una nova activitat internacional juntament amb 4 [&hellip;]\" \/>\n<meta property=\"og:url\" content=\"https:\/\/www.esplac.cat\/es\/vols-anar-al-canada-amb-altres-joves-forma-part-del-nou-projecte-internacional-desplac\/\" \/>\n<meta property=\"og:site_name\" content=\"Esplac\" \/>\n<meta property=\"article:published_time\" content=\"2019-04-11T07:38:35+00:00\" \/>\n<meta property=\"article:modified_time\" content=\"2020-10-15T16:23:27+00:00\" \/>\n<meta property=\"og:image\" content=\"https:\/\/www.esplac.cat\/wp-content\/uploads\/2019\/04\/Untitled-1.jpg\" \/>\n\t<meta property=\"og:image:width\" content=\"847\" \/>\n\t<meta property=\"og:image:height\" content=\"350\" \/>\n\t<meta property=\"og:image:type\" content=\"image\/jpeg\" \/>\n<meta name=\"author\" content=\"root\" \/>\n<meta name=\"twitter:card\" content=\"summary_large_image\" \/>\n<meta name=\"twitter:label1\" content=\"Escrito por\" \/>\n\t<meta name=\"twitter:data1\" content=\"root\" \/>\n\t<meta name=\"twitter:label2\" content=\"Tiempo de lectura\" \/>\n\t<meta name=\"twitter:data2\" content=\"2 minutos\" \/>\n<script type=\"application\/ld+json\" class=\"yoast-schema-graph\">{\"@context\":\"https:\\\/\\\/schema.org\",\"@graph\":[{\"@type\":\"Article\",\"@id\":\"https:\\\/\\\/www.esplac.cat\\\/es\\\/vols-anar-al-canada-amb-altres-joves-forma-part-del-nou-projecte-internacional-desplac\\\/#article\",\"isPartOf\":{\"@id\":\"https:\\\/\\\/www.esplac.cat\\\/es\\\/vols-anar-al-canada-amb-altres-joves-forma-part-del-nou-projecte-internacional-desplac\\\/\"},\"author\":{\"name\":\"root\",\"@id\":\"https:\\\/\\\/www.esplac.cat\\\/#\\\/schema\\\/person\\\/8d7ee340c02b239b152b9ff2c3d40766\"},\"headline\":\"Vols anar al Canad\u00e0 amb altres joves? Forma part del nou projecte internacional d&#8217;Esplac!\",\"datePublished\":\"2019-04-11T07:38:35+00:00\",\"dateModified\":\"2020-10-15T16:23:27+00:00\",\"mainEntityOfPage\":{\"@id\":\"https:\\\/\\\/www.esplac.cat\\\/es\\\/vols-anar-al-canada-amb-altres-joves-forma-part-del-nou-projecte-internacional-desplac\\\/\"},\"wordCount\":483,\"publisher\":{\"@id\":\"https:\\\/\\\/www.esplac.cat\\\/#organization\"},\"image\":{\"@id\":\"https:\\\/\\\/www.esplac.cat\\\/es\\\/vols-anar-al-canada-amb-altres-joves-forma-part-del-nou-projecte-internacional-desplac\\\/#primaryimage\"},\"thumbnailUrl\":\"https:\\\/\\\/www.esplac.cat\\\/wp-content\\\/uploads\\\/2019\\\/04\\\/Untitled-1.jpg\",\"keywords\":[\"Canad\u00e0\",\"formaci\u00f3\",\"IFM-SEI\",\"internacional\",\"joves\",\"OXFAM\",\"transformaci\u00f3 social\"],\"articleSection\":[\"Esplac al m\u00f3n\",\"Sense categoria\"],\"inLanguage\":\"es\"},{\"@type\":\"WebPage\",\"@id\":\"https:\\\/\\\/www.esplac.cat\\\/es\\\/vols-anar-al-canada-amb-altres-joves-forma-part-del-nou-projecte-internacional-desplac\\\/\",\"url\":\"https:\\\/\\\/www.esplac.cat\\\/es\\\/vols-anar-al-canada-amb-altres-joves-forma-part-del-nou-projecte-internacional-desplac\\\/\",\"name\":\"Vols anar al Canad\u00e0 amb altres joves? Forma part del nou projecte internacional d'Esplac! - Esplac\",\"isPartOf\":{\"@id\":\"https:\\\/\\\/www.esplac.cat\\\/#website\"},\"primaryImageOfPage\":{\"@id\":\"https:\\\/\\\/www.esplac.cat\\\/es\\\/vols-anar-al-canada-amb-altres-joves-forma-part-del-nou-projecte-internacional-desplac\\\/#primaryimage\"},\"image\":{\"@id\":\"https:\\\/\\\/www.esplac.cat\\\/es\\\/vols-anar-al-canada-amb-altres-joves-forma-part-del-nou-projecte-internacional-desplac\\\/#primaryimage\"},\"thumbnailUrl\":\"https:\\\/\\\/www.esplac.cat\\\/wp-content\\\/uploads\\\/2019\\\/04\\\/Untitled-1.jpg\",\"datePublished\":\"2019-04-11T07:38:35+00:00\",\"dateModified\":\"2020-10-15T16:23:27+00:00\",\"breadcrumb\":{\"@id\":\"https:\\\/\\\/www.esplac.cat\\\/es\\\/vols-anar-al-canada-amb-altres-joves-forma-part-del-nou-projecte-internacional-desplac\\\/#breadcrumb\"},\"inLanguage\":\"es\",\"potentialAction\":[{\"@type\":\"ReadAction\",\"target\":[\"https:\\\/\\\/www.esplac.cat\\\/es\\\/vols-anar-al-canada-amb-altres-joves-forma-part-del-nou-projecte-internacional-desplac\\\/\"]}]},{\"@type\":\"ImageObject\",\"inLanguage\":\"es\",\"@id\":\"https:\\\/\\\/www.esplac.cat\\\/es\\\/vols-anar-al-canada-amb-altres-joves-forma-part-del-nou-projecte-internacional-desplac\\\/#primaryimage\",\"url\":\"https:\\\/\\\/www.esplac.cat\\\/wp-content\\\/uploads\\\/2019\\\/04\\\/Untitled-1.jpg\",\"contentUrl\":\"https:\\\/\\\/www.esplac.cat\\\/wp-content\\\/uploads\\\/2019\\\/04\\\/Untitled-1.jpg\",\"width\":847,\"height\":350},{\"@type\":\"BreadcrumbList\",\"@id\":\"https:\\\/\\\/www.esplac.cat\\\/es\\\/vols-anar-al-canada-amb-altres-joves-forma-part-del-nou-projecte-internacional-desplac\\\/#breadcrumb\",\"itemListElement\":[{\"@type\":\"ListItem\",\"position\":1,\"name\":\"Inici\",\"item\":\"https:\\\/\\\/www.esplac.cat\\\/es\\\/\"},{\"@type\":\"ListItem\",\"position\":2,\"name\":\"Vols anar al Canad\u00e0 amb altres joves? Forma part del nou projecte internacional d&#8217;Esplac!\"}]},{\"@type\":\"WebSite\",\"@id\":\"https:\\\/\\\/www.esplac.cat\\\/#website\",\"url\":\"https:\\\/\\\/www.esplac.cat\\\/\",\"name\":\"Esplac\",\"description\":\"Esplais Catalans\",\"publisher\":{\"@id\":\"https:\\\/\\\/www.esplac.cat\\\/#organization\"},\"potentialAction\":[{\"@type\":\"SearchAction\",\"target\":{\"@type\":\"EntryPoint\",\"urlTemplate\":\"https:\\\/\\\/www.esplac.cat\\\/?s={search_term_string}\"},\"query-input\":{\"@type\":\"PropertyValueSpecification\",\"valueRequired\":true,\"valueName\":\"search_term_string\"}}],\"inLanguage\":\"es\"},{\"@type\":\"Organization\",\"@id\":\"https:\\\/\\\/www.esplac.cat\\\/#organization\",\"name\":\"Esplac\",\"url\":\"https:\\\/\\\/www.esplac.cat\\\/\",\"logo\":{\"@type\":\"ImageObject\",\"inLanguage\":\"es\",\"@id\":\"https:\\\/\\\/www.esplac.cat\\\/#\\\/schema\\\/logo\\\/image\\\/\",\"url\":\"https:\\\/\\\/www.esplac.cat\\\/wp-content\\\/uploads\\\/2019\\\/08\\\/logox2.png\",\"contentUrl\":\"https:\\\/\\\/www.esplac.cat\\\/wp-content\\\/uploads\\\/2019\\\/08\\\/logox2.png\",\"width\":600,\"height\":295,\"caption\":\"Esplac\"},\"image\":{\"@id\":\"https:\\\/\\\/www.esplac.cat\\\/#\\\/schema\\\/logo\\\/image\\\/\"}},{\"@type\":\"Person\",\"@id\":\"https:\\\/\\\/www.esplac.cat\\\/#\\\/schema\\\/person\\\/8d7ee340c02b239b152b9ff2c3d40766\",\"name\":\"root\",\"image\":{\"@type\":\"ImageObject\",\"inLanguage\":\"es\",\"@id\":\"https:\\\/\\\/secure.gravatar.com\\\/avatar\\\/9356757d53af8c5db257f894fbbd9ee7446c25af07cd2e7844bd1cf43acef754?s=96&d=mm&r=g\",\"url\":\"https:\\\/\\\/secure.gravatar.com\\\/avatar\\\/9356757d53af8c5db257f894fbbd9ee7446c25af07cd2e7844bd1cf43acef754?s=96&d=mm&r=g\",\"contentUrl\":\"https:\\\/\\\/secure.gravatar.com\\\/avatar\\\/9356757d53af8c5db257f894fbbd9ee7446c25af07cd2e7844bd1cf43acef754?s=96&d=mm&r=g\",\"caption\":\"root\"}}]}<\/script>\n<!-- \/ Yoast SEO plugin. -->","yoast_head_json":{"title":"Vols anar al Canad\u00e0 amb altres joves? Forma part del nou projecte internacional d'Esplac! - Esplac","robots":{"index":"index","follow":"follow","max-snippet":"max-snippet:-1","max-image-preview":"max-image-preview:large","max-video-preview":"max-video-preview:-1"},"canonical":"https:\/\/www.esplac.cat\/es\/vols-anar-al-canada-amb-altres-joves-forma-part-del-nou-projecte-internacional-desplac\/","og_locale":"es_ES","og_type":"article","og_title":"Vols anar al Canad\u00e0 amb altres joves? Forma part del nou projecte internacional d'Esplac! - Esplac","og_description":"Esplac participar\u00e0 en una nova activitat internacional juntament amb 4 [&hellip;]","og_url":"https:\/\/www.esplac.cat\/es\/vols-anar-al-canada-amb-altres-joves-forma-part-del-nou-projecte-internacional-desplac\/","og_site_name":"Esplac","article_published_time":"2019-04-11T07:38:35+00:00","article_modified_time":"2020-10-15T16:23:27+00:00","og_image":[{"width":847,"height":350,"url":"https:\/\/www.esplac.cat\/wp-content\/uploads\/2019\/04\/Untitled-1.jpg","type":"image\/jpeg"}],"author":"root","twitter_card":"summary_large_image","twitter_misc":{"Escrito por":"root","Tiempo de lectura":"2 minutos"},"schema":{"@context":"https:\/\/schema.org","@graph":[{"@type":"Article","@id":"https:\/\/www.esplac.cat\/es\/vols-anar-al-canada-amb-altres-joves-forma-part-del-nou-projecte-internacional-desplac\/#article","isPartOf":{"@id":"https:\/\/www.esplac.cat\/es\/vols-anar-al-canada-amb-altres-joves-forma-part-del-nou-projecte-internacional-desplac\/"},"author":{"name":"root","@id":"https:\/\/www.esplac.cat\/#\/schema\/person\/8d7ee340c02b239b152b9ff2c3d40766"},"headline":"Vols anar al Canad\u00e0 amb altres joves? Forma part del nou projecte internacional d&#8217;Esplac!","datePublished":"2019-04-11T07:38:35+00:00","dateModified":"2020-10-15T16:23:27+00:00","mainEntityOfPage":{"@id":"https:\/\/www.esplac.cat\/es\/vols-anar-al-canada-amb-altres-joves-forma-part-del-nou-projecte-internacional-desplac\/"},"wordCount":483,"publisher":{"@id":"https:\/\/www.esplac.cat\/#organization"},"image":{"@id":"https:\/\/www.esplac.cat\/es\/vols-anar-al-canada-amb-altres-joves-forma-part-del-nou-projecte-internacional-desplac\/#primaryimage"},"thumbnailUrl":"https:\/\/www.esplac.cat\/wp-content\/uploads\/2019\/04\/Untitled-1.jpg","keywords":["Canad\u00e0","formaci\u00f3","IFM-SEI","internacional","joves","OXFAM","transformaci\u00f3 social"],"articleSection":["Esplac al m\u00f3n","Sense categoria"],"inLanguage":"es"},{"@type":"WebPage","@id":"https:\/\/www.esplac.cat\/es\/vols-anar-al-canada-amb-altres-joves-forma-part-del-nou-projecte-internacional-desplac\/","url":"https:\/\/www.esplac.cat\/es\/vols-anar-al-canada-amb-altres-joves-forma-part-del-nou-projecte-internacional-desplac\/","name":"Vols anar al Canad\u00e0 amb altres joves? Forma part del nou projecte internacional d'Esplac! - Esplac","isPartOf":{"@id":"https:\/\/www.esplac.cat\/#website"},"primaryImageOfPage":{"@id":"https:\/\/www.esplac.cat\/es\/vols-anar-al-canada-amb-altres-joves-forma-part-del-nou-projecte-internacional-desplac\/#primaryimage"},"image":{"@id":"https:\/\/www.esplac.cat\/es\/vols-anar-al-canada-amb-altres-joves-forma-part-del-nou-projecte-internacional-desplac\/#primaryimage"},"thumbnailUrl":"https:\/\/www.esplac.cat\/wp-content\/uploads\/2019\/04\/Untitled-1.jpg","datePublished":"2019-04-11T07:38:35+00:00","dateModified":"2020-10-15T16:23:27+00:00","breadcrumb":{"@id":"https:\/\/www.esplac.cat\/es\/vols-anar-al-canada-amb-altres-joves-forma-part-del-nou-projecte-internacional-desplac\/#breadcrumb"},"inLanguage":"es","potentialAction":[{"@type":"ReadAction","target":["https:\/\/www.esplac.cat\/es\/vols-anar-al-canada-amb-altres-joves-forma-part-del-nou-projecte-internacional-desplac\/"]}]},{"@type":"ImageObject","inLanguage":"es","@id":"https:\/\/www.esplac.cat\/es\/vols-anar-al-canada-amb-altres-joves-forma-part-del-nou-projecte-internacional-desplac\/#primaryimage","url":"https:\/\/www.esplac.cat\/wp-content\/uploads\/2019\/04\/Untitled-1.jpg","contentUrl":"https:\/\/www.esplac.cat\/wp-content\/uploads\/2019\/04\/Untitled-1.jpg","width":847,"height":350},{"@type":"BreadcrumbList","@id":"https:\/\/www.esplac.cat\/es\/vols-anar-al-canada-amb-altres-joves-forma-part-del-nou-projecte-internacional-desplac\/#breadcrumb","itemListElement":[{"@type":"ListItem","position":1,"name":"Inici","item":"https:\/\/www.esplac.cat\/es\/"},{"@type":"ListItem","position":2,"name":"Vols anar al Canad\u00e0 amb altres joves? Forma part del nou projecte internacional d&#8217;Esplac!"}]},{"@type":"WebSite","@id":"https:\/\/www.esplac.cat\/#website","url":"https:\/\/www.esplac.cat\/","name":"Esplac","description":"Esplais Catalans","publisher":{"@id":"https:\/\/www.esplac.cat\/#organization"},"potentialAction":[{"@type":"SearchAction","target":{"@type":"EntryPoint","urlTemplate":"https:\/\/www.esplac.cat\/?s={search_term_string}"},"query-input":{"@type":"PropertyValueSpecification","valueRequired":true,"valueName":"search_term_string"}}],"inLanguage":"es"},{"@type":"Organization","@id":"https:\/\/www.esplac.cat\/#organization","name":"Esplac","url":"https:\/\/www.esplac.cat\/","logo":{"@type":"ImageObject","inLanguage":"es","@id":"https:\/\/www.esplac.cat\/#\/schema\/logo\/image\/","url":"https:\/\/www.esplac.cat\/wp-content\/uploads\/2019\/08\/logox2.png","contentUrl":"https:\/\/www.esplac.cat\/wp-content\/uploads\/2019\/08\/logox2.png","width":600,"height":295,"caption":"Esplac"},"image":{"@id":"https:\/\/www.esplac.cat\/#\/schema\/logo\/image\/"}},{"@type":"Person","@id":"https:\/\/www.esplac.cat\/#\/schema\/person\/8d7ee340c02b239b152b9ff2c3d40766","name":"root","image":{"@type":"ImageObject","inLanguage":"es","@id":"https:\/\/secure.gravatar.com\/avatar\/9356757d53af8c5db257f894fbbd9ee7446c25af07cd2e7844bd1cf43acef754?s=96&d=mm&r=g","url":"https:\/\/secure.gravatar.com\/avatar\/9356757d53af8c5db257f894fbbd9ee7446c25af07cd2e7844bd1cf43acef754?s=96&d=mm&r=g","contentUrl":"https:\/\/secure.gravatar.com\/avatar\/9356757d53af8c5db257f894fbbd9ee7446c25af07cd2e7844bd1cf43acef754?s=96&d=mm&r=g","caption":"root"}}]}},"_links":{"self":[{"href":"https:\/\/www.esplac.cat\/es\/wp-json\/wp\/v2\/posts\/23750","targetHints":{"allow":["GET"]}}],"collection":[{"href":"https:\/\/www.esplac.cat\/es\/wp-json\/wp\/v2\/posts"}],"about":[{"href":"https:\/\/www.esplac.cat\/es\/wp-json\/wp\/v2\/types\/post"}],"author":[{"embeddable":true,"href":"https:\/\/www.esplac.cat\/es\/wp-json\/wp\/v2\/users\/1"}],"replies":[{"embeddable":true,"href":"https:\/\/www.esplac.cat\/es\/wp-json\/wp\/v2\/comments?post=23750"}],"version-history":[{"count":0,"href":"https:\/\/www.esplac.cat\/es\/wp-json\/wp\/v2\/posts\/23750\/revisions"}],"wp:featuredmedia":[{"embeddable":true,"href":"https:\/\/www.esplac.cat\/es\/wp-json\/wp\/v2\/media\/23751"}],"wp:attachment":[{"href":"https:\/\/www.esplac.cat\/es\/wp-json\/wp\/v2\/media?parent=23750"}],"wp:term":[{"taxonomy":"category","embeddable":true,"href":"https:\/\/www.esplac.cat\/es\/wp-json\/wp\/v2\/categories?post=23750"},{"taxonomy":"post_tag","embeddable":true,"href":"https:\/\/www.esplac.cat\/es\/wp-json\/wp\/v2\/tags?post=23750"}],"curies":[{"name":"wp","href":"https:\/\/api.w.org\/{rel}","templated":true}]}}