{"id":23756,"date":"2019-04-02T11:05:41","date_gmt":"2019-04-02T09:05:41","guid":{"rendered":"http:\/\/esplac.cat\/?p=22041"},"modified":"2020-10-15T17:23:28","modified_gmt":"2020-10-15T16:23:28","slug":"les-monis-desplac-reivindiquem-a-la-monifestat-quin-es-el-mon-que-volem","status":"publish","type":"post","link":"https:\/\/www.esplac.cat\/es\/les-monis-desplac-reivindiquem-a-la-monifestat-quin-es-el-mon-que-volem\/","title":{"rendered":"Les monis d&#8217;Esplac reivindiquem a la Monifesta&#8217;t quin \u00e9s el m\u00f3n que volem!"},"content":{"rendered":"<h4 style=\"text-align: justify;\">M\u00e9s de 700\u00a0monitores i monitors\u00a0d&#8217;Esplais Catalans hem celebrat la Monifesta&#8217;t 2019\u00a0a El Vendrell,\u00a0sota el lema \u201c<b>Perseguim utopies, constru\u00efm el m\u00f3n que volem<\/b>\u201d.<\/h4>\n<p style=\"text-align: justify;\">Esplais Catalans hem celebrat aquest cap de setmana la Monifesta\u2019t 2019, enguany amb l&#8217;accent en la<strong> transformaci\u00f3 social<\/strong>. Formacions, tallers i activitats de cohesi\u00f3 al llarg de tot el cap de setmana han finalitzat amb la celebraci\u00f3 d\u2019un gran acte reivindicatiu a la Pla\u00e7a de la Sardana.<\/p>\n<p style=\"text-align: justify;\"><strong>M\u00e9s de 40 tallers simultanis a tota la ciutat<\/strong><\/p>\n<p style=\"text-align: justify;\">Hem tingut l\u2019oportunitat d&#8217;assistir, durant el cap de setmana, a totes aquelles formacions, taules rodones i tallers que ens generaven inter\u00e8s. 30 formadors i formadores s&#8217;han embarcat en aquesta aventura, en la qual han compartit els seus coneixements sobre tem\u00e0tiques tan diverses com el <strong>feminisme<\/strong>, l&#8217;<strong>art<\/strong>, l&#8217;<strong>economia social<\/strong> o la <strong>just\u00edcia global<\/strong>, entre d&#8217;altres.<\/p>\n<p style=\"text-align: justify;\"><strong>La Rambla del Vendrell es converteix en una biblioteca humana oberta a la ciutadania<\/strong><\/p>\n<p style=\"text-align: justify;\">L&#8217;activitat m\u00e9s trencadora d&#8217;aquesta edici\u00f3 ha estat la \u00ab<strong>biblioteca humana<\/strong>\u00ab: una eina que tenia la finalitat de permetre <strong>con\u00e8ixer experi\u00e8ncies vitals i realitats que\u00a0ens s\u00f3n llunyanes en el nostre dia a dia<\/strong>. En un ambient dist\u00e8s, i prenent un aperitiu a la fresca, hem pogut tenir una conversa amb refugiats i refugiades de la seva mateixa edat, tamb\u00e9 persones que lluiten contra l&#8217;alcoholisme, persones amb sexualitats no normatives o viatgers que han fet la volta al m\u00f3n.<\/p>\n<p style=\"text-align: justify;\"><strong>Les organitzacions transformadores fan xarxa<\/strong><\/p>\n<p style=\"text-align: justify;\">Gaireb\u00e9 una vintena d&#8217;organitzacions han volgut acompanyar-nos en aquest cap de setmana: <strong>SOS Racisme<\/strong>, l<strong>&#8216;Observatori contra l&#8217;homof\u00f2bia<\/strong>, <strong>Stop Mare Mortum<\/strong>, el <strong>Consell Nacional de la Joventut de Catalunya<\/strong>, <strong>Proactiva Open Arms<\/strong>, en s\u00f3n nom\u00e9s alguns exemples. Les entitats han ofert formacions, din\u00e0miques i punts d&#8217;informaci\u00f3, amb la finalitat de donar-se a con\u00e8ixer i d&#8217;aprofitar aquesta oportunitat \u00fanica de fer-se presents en un entorn juvenil.<\/p>\n<p style=\"text-align: justify;\"><strong>Un moment per a la reivindicaci\u00f3<\/strong><\/p>\n<p style=\"text-align: justify;\">La trobada ha culminat amb un gran <strong>acte reivindicatiu<\/strong> el diumenge al mat\u00ed. Amb la lectura del manifest, hem reivindicat quina \u00e9s la societat que volem:\u00a0\u00a0\u00abm\u00e9s sostenible, m\u00e9s justa, m\u00e9s participativa, m\u00e9s conscient, m\u00e9s diversa, m\u00e9s creativa, m\u00e9s lliure i sense fronteres\u00bb. Tamb\u00e9, deixant clar com ho farem en el dia a dia, per aconseguir aquest m\u00f3n que perseguim: \u00abcooperant, fomentant l\u2019esperit cr\u00edtic, acollint, eliminant fronteres i fent autocr\u00edtica\u00bb.<\/p>\n<p style=\"text-align: justify;\"><strong>Carmen Alonso-Villaverde<\/strong>,\u00a0membre de l&#8217;Equip de Coordinaci\u00f3,\u00a0ha destacat que la trobada \u201cha comptat amb la participaci\u00f3 d\u2019una xifra r\u00e8cord d\u2019assistents\u201d, i que aquest cap de setmana \u201chem volgut reivindicar la tasca decisiva que tenim les monitores i monitors volunt\u00e0ries d&#8217;esplai en la transformaci\u00f3 social\u00bb. D&#8217;igual manera, tamb\u00e9 ha volgut fer expl\u00edcit el seu agra\u00efment a la poblaci\u00f3 del Vendrell \u00abper acollir-nos tan b\u00e9 i per cedir-nos els seus espais\u00bb.<\/p>\n<p style=\"text-align: justify;\">A l&#8217;esdeveniment hi han assistit <strong>Chakir El Homrani<\/strong>, Conseller de Treball, Afers Socials i Fam\u00edlies del Govern de la Generalitat de Catalunya i <strong>Norma Pujol<\/strong>, Directora General de Joventut.<\/p>\n<p style=\"text-align: justify;\"><strong>Deixem aqu\u00ed divereses informacions d&#8217;inter\u00e8s:<\/strong><\/p>\n<ul style=\"text-align: justify;\">\n<li style=\"text-align: justify;\"><a href=\"http:\/\/www.rtvelvendrell.cat\/mes-de-700-monitores-i-monitors-desplai-reivindiquen-al-vendrell-un-mon-mes-sostenible-lliure-i-participatiu\/\" target=\"_blank\" rel=\"noopener noreferrer\">Reportatge de RTV\u00a0El Vendrell<\/a><\/li>\n<li style=\"text-align: justify;\"><a href=\"https:\/\/www.playbuzz.com\/item\/d58fce39-e7c9-43c9-858c-d85552c1a368\" target=\"_blank\" rel=\"noopener noreferrer\">Joc \u00abQuina moni ets?\u00bb<\/a><\/li>\n<li style=\"text-align: justify;\">Aqu\u00ed tens les nostres xarxes socials per veure com ha transcorregut la trobada:\n<ul>\n<li style=\"text-align: justify;\"><a href=\"https:\/\/www.instagram.com\/esplaiscatalans\/\" target=\"_blank\" rel=\"noopener noreferrer\">Instagram<\/a><\/li>\n<li style=\"text-align: justify;\"><a href=\"https:\/\/twitter.com\/esplaiscatalans\" target=\"_blank\" rel=\"noopener noreferrer\">Twitter<\/a><\/li>\n<li style=\"text-align: justify;\"><a href=\"https:\/\/www.facebook.com\/esplaiscatalans\/\" target=\"_blank\" rel=\"noopener noreferrer\">Facebook<\/a><\/li>\n<\/ul>\n<\/li>\n<\/ul>\n<p>&nbsp;<\/p>\n<p>Si teniu fotografies o feu entrades als blogs dels vostres esplais explicant la trobada, no dubteu en compartir-ho amb els hashtags <strong>#Monifestat19<\/strong> i <strong>#PerseguimUtopies <\/strong>!<\/p>\n<p><a href=\"http:\/\/esplac.cat\/wp-content\/uploads\/2019\/04\/WhatsApp-Image-2019-03-30-at-13.12.01.jpeg\"><img decoding=\"async\" class=\"wp-image-22049 aligncenter\" src=\"http:\/\/esplac.cat\/wp-content\/uploads\/2019\/04\/WhatsApp-Image-2019-03-30-at-13.12.01.jpeg\" alt=\"\" width=\"286\" height=\"509\" \/><\/a><\/p>\n<p>&nbsp;<\/p>\n<p><a href=\"http:\/\/esplac.cat\/wp-content\/uploads\/2019\/04\/WhatsApp-Image-2019-03-30-at-18.52.18.jpeg\"><img decoding=\"async\" class=\"wp-image-22048 aligncenter\" src=\"http:\/\/esplac.cat\/wp-content\/uploads\/2019\/04\/WhatsApp-Image-2019-03-30-at-18.52.18.jpeg\" alt=\"\" width=\"587\" height=\"329\" \/><\/a><\/p>\n<p>&nbsp;<\/p>\n<p><a href=\"http:\/\/esplac.cat\/wp-content\/uploads\/2019\/04\/WhatsApp-Image-2019-03-30-at-18.52.18-1.jpeg\"><img decoding=\"async\" class=\"wp-image-22047 aligncenter\" src=\"http:\/\/esplac.cat\/wp-content\/uploads\/2019\/04\/WhatsApp-Image-2019-03-30-at-18.52.18-1.jpeg\" alt=\"\" width=\"594\" height=\"395\" \/><\/a><\/p>\n<p>&nbsp;<\/p>\n<p>&nbsp;<\/p>\n","protected":false},"excerpt":{"rendered":"<p>M\u00e9s de 700\u00a0monitores i monitors\u00a0d&#8217;Esplais Catalans hem celebrat la Monifesta&#8217;t [&hellip;]<\/p>\n","protected":false},"author":1,"featured_media":23757,"comment_status":"closed","ping_status":"open","sticky":false,"template":"","format":"standard","meta":{"om_disable_all_campaigns":false,"_monsterinsights_skip_tracking":false,"_monsterinsights_sitenote_active":false,"_monsterinsights_sitenote_note":"","_monsterinsights_sitenote_category":0,"_uf_show_specific_survey":0,"_uf_disable_surveys":false,"footnotes":""},"categories":[1111,1115,1],"tags":[1002,1011,337,185,211,212,134,653,560],"class_list":["post-23756","post","type-post","status-publish","format-standard","has-post-thumbnail","hentry","category-activitats-esplac","category-monifestat","category-sense-categoria","tag-educacio-popular","tag-el-vendrell","tag-esplais","tag-monifestat","tag-monitores","tag-monitors","tag-transformacio-social","tag-trobada","tag-xarxa"],"yoast_head":"<!-- This site is optimized with the Yoast SEO plugin v27.4 - https:\/\/yoast.com\/product\/yoast-seo-wordpress\/ -->\n<title>Les monis d&#039;Esplac reivindiquem a la Monifesta&#039;t quin \u00e9s el m\u00f3n que volem! - Esplac<\/title>\n<meta name=\"robots\" content=\"index, follow, max-snippet:-1, max-image-preview:large, max-video-preview:-1\" \/>\n<link rel=\"canonical\" href=\"https:\/\/www.esplac.cat\/es\/les-monis-desplac-reivindiquem-a-la-monifestat-quin-es-el-mon-que-volem\/\" \/>\n<meta property=\"og:locale\" content=\"es_ES\" \/>\n<meta property=\"og:type\" content=\"article\" \/>\n<meta property=\"og:title\" content=\"Les monis d&#039;Esplac reivindiquem a la Monifesta&#039;t quin \u00e9s el m\u00f3n que volem! - Esplac\" \/>\n<meta property=\"og:description\" content=\"M\u00e9s de 700\u00a0monitores i monitors\u00a0d&#8217;Esplais Catalans hem celebrat la Monifesta&#8217;t [&hellip;]\" \/>\n<meta property=\"og:url\" content=\"https:\/\/www.esplac.cat\/es\/les-monis-desplac-reivindiquem-a-la-monifestat-quin-es-el-mon-que-volem\/\" \/>\n<meta property=\"og:site_name\" content=\"Esplac\" \/>\n<meta property=\"article:published_time\" content=\"2019-04-02T09:05:41+00:00\" \/>\n<meta property=\"article:modified_time\" content=\"2020-10-15T16:23:28+00:00\" \/>\n<meta property=\"og:image\" content=\"https:\/\/www.esplac.cat\/wp-content\/uploads\/2019\/04\/portadamonif.jpg\" \/>\n\t<meta property=\"og:image:width\" content=\"847\" \/>\n\t<meta property=\"og:image:height\" content=\"350\" \/>\n\t<meta property=\"og:image:type\" content=\"image\/jpeg\" \/>\n<meta name=\"author\" content=\"root\" \/>\n<meta name=\"twitter:card\" content=\"summary_large_image\" \/>\n<meta name=\"twitter:label1\" content=\"Escrito por\" \/>\n\t<meta name=\"twitter:data1\" content=\"root\" \/>\n\t<meta name=\"twitter:label2\" content=\"Tiempo de lectura\" \/>\n\t<meta name=\"twitter:data2\" content=\"3 minutos\" \/>\n<script type=\"application\/ld+json\" class=\"yoast-schema-graph\">{\"@context\":\"https:\\\/\\\/schema.org\",\"@graph\":[{\"@type\":\"Article\",\"@id\":\"https:\\\/\\\/www.esplac.cat\\\/es\\\/les-monis-desplac-reivindiquem-a-la-monifestat-quin-es-el-mon-que-volem\\\/#article\",\"isPartOf\":{\"@id\":\"https:\\\/\\\/www.esplac.cat\\\/es\\\/les-monis-desplac-reivindiquem-a-la-monifestat-quin-es-el-mon-que-volem\\\/\"},\"author\":{\"name\":\"root\",\"@id\":\"https:\\\/\\\/www.esplac.cat\\\/#\\\/schema\\\/person\\\/8d7ee340c02b239b152b9ff2c3d40766\"},\"headline\":\"Les monis d&#8217;Esplac reivindiquem a la Monifesta&#8217;t quin \u00e9s el m\u00f3n que volem!\",\"datePublished\":\"2019-04-02T09:05:41+00:00\",\"dateModified\":\"2020-10-15T16:23:28+00:00\",\"mainEntityOfPage\":{\"@id\":\"https:\\\/\\\/www.esplac.cat\\\/es\\\/les-monis-desplac-reivindiquem-a-la-monifestat-quin-es-el-mon-que-volem\\\/\"},\"wordCount\":604,\"publisher\":{\"@id\":\"https:\\\/\\\/www.esplac.cat\\\/#organization\"},\"image\":{\"@id\":\"https:\\\/\\\/www.esplac.cat\\\/es\\\/les-monis-desplac-reivindiquem-a-la-monifestat-quin-es-el-mon-que-volem\\\/#primaryimage\"},\"thumbnailUrl\":\"https:\\\/\\\/www.esplac.cat\\\/wp-content\\\/uploads\\\/2019\\\/04\\\/portadamonif.jpg\",\"keywords\":[\"educaci\u00f3 popular\",\"El Vendrell\",\"esplais\",\"monifesta't\",\"monitores\",\"monitors\",\"transformaci\u00f3 social\",\"trobada\",\"xarxa\"],\"articleSection\":[\"Activitats esplac\",\"Monifesta't\",\"Sense categoria\"],\"inLanguage\":\"es\"},{\"@type\":\"WebPage\",\"@id\":\"https:\\\/\\\/www.esplac.cat\\\/es\\\/les-monis-desplac-reivindiquem-a-la-monifestat-quin-es-el-mon-que-volem\\\/\",\"url\":\"https:\\\/\\\/www.esplac.cat\\\/es\\\/les-monis-desplac-reivindiquem-a-la-monifestat-quin-es-el-mon-que-volem\\\/\",\"name\":\"Les monis d'Esplac reivindiquem a la Monifesta't quin \u00e9s el m\u00f3n que volem! - Esplac\",\"isPartOf\":{\"@id\":\"https:\\\/\\\/www.esplac.cat\\\/#website\"},\"primaryImageOfPage\":{\"@id\":\"https:\\\/\\\/www.esplac.cat\\\/es\\\/les-monis-desplac-reivindiquem-a-la-monifestat-quin-es-el-mon-que-volem\\\/#primaryimage\"},\"image\":{\"@id\":\"https:\\\/\\\/www.esplac.cat\\\/es\\\/les-monis-desplac-reivindiquem-a-la-monifestat-quin-es-el-mon-que-volem\\\/#primaryimage\"},\"thumbnailUrl\":\"https:\\\/\\\/www.esplac.cat\\\/wp-content\\\/uploads\\\/2019\\\/04\\\/portadamonif.jpg\",\"datePublished\":\"2019-04-02T09:05:41+00:00\",\"dateModified\":\"2020-10-15T16:23:28+00:00\",\"breadcrumb\":{\"@id\":\"https:\\\/\\\/www.esplac.cat\\\/es\\\/les-monis-desplac-reivindiquem-a-la-monifestat-quin-es-el-mon-que-volem\\\/#breadcrumb\"},\"inLanguage\":\"es\",\"potentialAction\":[{\"@type\":\"ReadAction\",\"target\":[\"https:\\\/\\\/www.esplac.cat\\\/es\\\/les-monis-desplac-reivindiquem-a-la-monifestat-quin-es-el-mon-que-volem\\\/\"]}]},{\"@type\":\"ImageObject\",\"inLanguage\":\"es\",\"@id\":\"https:\\\/\\\/www.esplac.cat\\\/es\\\/les-monis-desplac-reivindiquem-a-la-monifestat-quin-es-el-mon-que-volem\\\/#primaryimage\",\"url\":\"https:\\\/\\\/www.esplac.cat\\\/wp-content\\\/uploads\\\/2019\\\/04\\\/portadamonif.jpg\",\"contentUrl\":\"https:\\\/\\\/www.esplac.cat\\\/wp-content\\\/uploads\\\/2019\\\/04\\\/portadamonif.jpg\",\"width\":847,\"height\":350},{\"@type\":\"BreadcrumbList\",\"@id\":\"https:\\\/\\\/www.esplac.cat\\\/es\\\/les-monis-desplac-reivindiquem-a-la-monifestat-quin-es-el-mon-que-volem\\\/#breadcrumb\",\"itemListElement\":[{\"@type\":\"ListItem\",\"position\":1,\"name\":\"Inici\",\"item\":\"https:\\\/\\\/www.esplac.cat\\\/es\\\/\"},{\"@type\":\"ListItem\",\"position\":2,\"name\":\"Les monis d&#8217;Esplac reivindiquem a la Monifesta&#8217;t quin \u00e9s el m\u00f3n que volem!\"}]},{\"@type\":\"WebSite\",\"@id\":\"https:\\\/\\\/www.esplac.cat\\\/#website\",\"url\":\"https:\\\/\\\/www.esplac.cat\\\/\",\"name\":\"Esplac\",\"description\":\"Esplais Catalans\",\"publisher\":{\"@id\":\"https:\\\/\\\/www.esplac.cat\\\/#organization\"},\"potentialAction\":[{\"@type\":\"SearchAction\",\"target\":{\"@type\":\"EntryPoint\",\"urlTemplate\":\"https:\\\/\\\/www.esplac.cat\\\/?s={search_term_string}\"},\"query-input\":{\"@type\":\"PropertyValueSpecification\",\"valueRequired\":true,\"valueName\":\"search_term_string\"}}],\"inLanguage\":\"es\"},{\"@type\":\"Organization\",\"@id\":\"https:\\\/\\\/www.esplac.cat\\\/#organization\",\"name\":\"Esplac\",\"url\":\"https:\\\/\\\/www.esplac.cat\\\/\",\"logo\":{\"@type\":\"ImageObject\",\"inLanguage\":\"es\",\"@id\":\"https:\\\/\\\/www.esplac.cat\\\/#\\\/schema\\\/logo\\\/image\\\/\",\"url\":\"https:\\\/\\\/www.esplac.cat\\\/wp-content\\\/uploads\\\/2019\\\/08\\\/logox2.png\",\"contentUrl\":\"https:\\\/\\\/www.esplac.cat\\\/wp-content\\\/uploads\\\/2019\\\/08\\\/logox2.png\",\"width\":600,\"height\":295,\"caption\":\"Esplac\"},\"image\":{\"@id\":\"https:\\\/\\\/www.esplac.cat\\\/#\\\/schema\\\/logo\\\/image\\\/\"}},{\"@type\":\"Person\",\"@id\":\"https:\\\/\\\/www.esplac.cat\\\/#\\\/schema\\\/person\\\/8d7ee340c02b239b152b9ff2c3d40766\",\"name\":\"root\",\"image\":{\"@type\":\"ImageObject\",\"inLanguage\":\"es\",\"@id\":\"https:\\\/\\\/secure.gravatar.com\\\/avatar\\\/9356757d53af8c5db257f894fbbd9ee7446c25af07cd2e7844bd1cf43acef754?s=96&d=mm&r=g\",\"url\":\"https:\\\/\\\/secure.gravatar.com\\\/avatar\\\/9356757d53af8c5db257f894fbbd9ee7446c25af07cd2e7844bd1cf43acef754?s=96&d=mm&r=g\",\"contentUrl\":\"https:\\\/\\\/secure.gravatar.com\\\/avatar\\\/9356757d53af8c5db257f894fbbd9ee7446c25af07cd2e7844bd1cf43acef754?s=96&d=mm&r=g\",\"caption\":\"root\"}}]}<\/script>\n<!-- \/ Yoast SEO plugin. -->","yoast_head_json":{"title":"Les monis d'Esplac reivindiquem a la Monifesta't quin \u00e9s el m\u00f3n que volem! - Esplac","robots":{"index":"index","follow":"follow","max-snippet":"max-snippet:-1","max-image-preview":"max-image-preview:large","max-video-preview":"max-video-preview:-1"},"canonical":"https:\/\/www.esplac.cat\/es\/les-monis-desplac-reivindiquem-a-la-monifestat-quin-es-el-mon-que-volem\/","og_locale":"es_ES","og_type":"article","og_title":"Les monis d'Esplac reivindiquem a la Monifesta't quin \u00e9s el m\u00f3n que volem! - Esplac","og_description":"M\u00e9s de 700\u00a0monitores i monitors\u00a0d&#8217;Esplais Catalans hem celebrat la Monifesta&#8217;t [&hellip;]","og_url":"https:\/\/www.esplac.cat\/es\/les-monis-desplac-reivindiquem-a-la-monifestat-quin-es-el-mon-que-volem\/","og_site_name":"Esplac","article_published_time":"2019-04-02T09:05:41+00:00","article_modified_time":"2020-10-15T16:23:28+00:00","og_image":[{"width":847,"height":350,"url":"https:\/\/www.esplac.cat\/wp-content\/uploads\/2019\/04\/portadamonif.jpg","type":"image\/jpeg"}],"author":"root","twitter_card":"summary_large_image","twitter_misc":{"Escrito por":"root","Tiempo de lectura":"3 minutos"},"schema":{"@context":"https:\/\/schema.org","@graph":[{"@type":"Article","@id":"https:\/\/www.esplac.cat\/es\/les-monis-desplac-reivindiquem-a-la-monifestat-quin-es-el-mon-que-volem\/#article","isPartOf":{"@id":"https:\/\/www.esplac.cat\/es\/les-monis-desplac-reivindiquem-a-la-monifestat-quin-es-el-mon-que-volem\/"},"author":{"name":"root","@id":"https:\/\/www.esplac.cat\/#\/schema\/person\/8d7ee340c02b239b152b9ff2c3d40766"},"headline":"Les monis d&#8217;Esplac reivindiquem a la Monifesta&#8217;t quin \u00e9s el m\u00f3n que volem!","datePublished":"2019-04-02T09:05:41+00:00","dateModified":"2020-10-15T16:23:28+00:00","mainEntityOfPage":{"@id":"https:\/\/www.esplac.cat\/es\/les-monis-desplac-reivindiquem-a-la-monifestat-quin-es-el-mon-que-volem\/"},"wordCount":604,"publisher":{"@id":"https:\/\/www.esplac.cat\/#organization"},"image":{"@id":"https:\/\/www.esplac.cat\/es\/les-monis-desplac-reivindiquem-a-la-monifestat-quin-es-el-mon-que-volem\/#primaryimage"},"thumbnailUrl":"https:\/\/www.esplac.cat\/wp-content\/uploads\/2019\/04\/portadamonif.jpg","keywords":["educaci\u00f3 popular","El Vendrell","esplais","monifesta't","monitores","monitors","transformaci\u00f3 social","trobada","xarxa"],"articleSection":["Activitats esplac","Monifesta't","Sense categoria"],"inLanguage":"es"},{"@type":"WebPage","@id":"https:\/\/www.esplac.cat\/es\/les-monis-desplac-reivindiquem-a-la-monifestat-quin-es-el-mon-que-volem\/","url":"https:\/\/www.esplac.cat\/es\/les-monis-desplac-reivindiquem-a-la-monifestat-quin-es-el-mon-que-volem\/","name":"Les monis d'Esplac reivindiquem a la Monifesta't quin \u00e9s el m\u00f3n que volem! - Esplac","isPartOf":{"@id":"https:\/\/www.esplac.cat\/#website"},"primaryImageOfPage":{"@id":"https:\/\/www.esplac.cat\/es\/les-monis-desplac-reivindiquem-a-la-monifestat-quin-es-el-mon-que-volem\/#primaryimage"},"image":{"@id":"https:\/\/www.esplac.cat\/es\/les-monis-desplac-reivindiquem-a-la-monifestat-quin-es-el-mon-que-volem\/#primaryimage"},"thumbnailUrl":"https:\/\/www.esplac.cat\/wp-content\/uploads\/2019\/04\/portadamonif.jpg","datePublished":"2019-04-02T09:05:41+00:00","dateModified":"2020-10-15T16:23:28+00:00","breadcrumb":{"@id":"https:\/\/www.esplac.cat\/es\/les-monis-desplac-reivindiquem-a-la-monifestat-quin-es-el-mon-que-volem\/#breadcrumb"},"inLanguage":"es","potentialAction":[{"@type":"ReadAction","target":["https:\/\/www.esplac.cat\/es\/les-monis-desplac-reivindiquem-a-la-monifestat-quin-es-el-mon-que-volem\/"]}]},{"@type":"ImageObject","inLanguage":"es","@id":"https:\/\/www.esplac.cat\/es\/les-monis-desplac-reivindiquem-a-la-monifestat-quin-es-el-mon-que-volem\/#primaryimage","url":"https:\/\/www.esplac.cat\/wp-content\/uploads\/2019\/04\/portadamonif.jpg","contentUrl":"https:\/\/www.esplac.cat\/wp-content\/uploads\/2019\/04\/portadamonif.jpg","width":847,"height":350},{"@type":"BreadcrumbList","@id":"https:\/\/www.esplac.cat\/es\/les-monis-desplac-reivindiquem-a-la-monifestat-quin-es-el-mon-que-volem\/#breadcrumb","itemListElement":[{"@type":"ListItem","position":1,"name":"Inici","item":"https:\/\/www.esplac.cat\/es\/"},{"@type":"ListItem","position":2,"name":"Les monis d&#8217;Esplac reivindiquem a la Monifesta&#8217;t quin \u00e9s el m\u00f3n que volem!"}]},{"@type":"WebSite","@id":"https:\/\/www.esplac.cat\/#website","url":"https:\/\/www.esplac.cat\/","name":"Esplac","description":"Esplais Catalans","publisher":{"@id":"https:\/\/www.esplac.cat\/#organization"},"potentialAction":[{"@type":"SearchAction","target":{"@type":"EntryPoint","urlTemplate":"https:\/\/www.esplac.cat\/?s={search_term_string}"},"query-input":{"@type":"PropertyValueSpecification","valueRequired":true,"valueName":"search_term_string"}}],"inLanguage":"es"},{"@type":"Organization","@id":"https:\/\/www.esplac.cat\/#organization","name":"Esplac","url":"https:\/\/www.esplac.cat\/","logo":{"@type":"ImageObject","inLanguage":"es","@id":"https:\/\/www.esplac.cat\/#\/schema\/logo\/image\/","url":"https:\/\/www.esplac.cat\/wp-content\/uploads\/2019\/08\/logox2.png","contentUrl":"https:\/\/www.esplac.cat\/wp-content\/uploads\/2019\/08\/logox2.png","width":600,"height":295,"caption":"Esplac"},"image":{"@id":"https:\/\/www.esplac.cat\/#\/schema\/logo\/image\/"}},{"@type":"Person","@id":"https:\/\/www.esplac.cat\/#\/schema\/person\/8d7ee340c02b239b152b9ff2c3d40766","name":"root","image":{"@type":"ImageObject","inLanguage":"es","@id":"https:\/\/secure.gravatar.com\/avatar\/9356757d53af8c5db257f894fbbd9ee7446c25af07cd2e7844bd1cf43acef754?s=96&d=mm&r=g","url":"https:\/\/secure.gravatar.com\/avatar\/9356757d53af8c5db257f894fbbd9ee7446c25af07cd2e7844bd1cf43acef754?s=96&d=mm&r=g","contentUrl":"https:\/\/secure.gravatar.com\/avatar\/9356757d53af8c5db257f894fbbd9ee7446c25af07cd2e7844bd1cf43acef754?s=96&d=mm&r=g","caption":"root"}}]}},"_links":{"self":[{"href":"https:\/\/www.esplac.cat\/es\/wp-json\/wp\/v2\/posts\/23756","targetHints":{"allow":["GET"]}}],"collection":[{"href":"https:\/\/www.esplac.cat\/es\/wp-json\/wp\/v2\/posts"}],"about":[{"href":"https:\/\/www.esplac.cat\/es\/wp-json\/wp\/v2\/types\/post"}],"author":[{"embeddable":true,"href":"https:\/\/www.esplac.cat\/es\/wp-json\/wp\/v2\/users\/1"}],"replies":[{"embeddable":true,"href":"https:\/\/www.esplac.cat\/es\/wp-json\/wp\/v2\/comments?post=23756"}],"version-history":[{"count":0,"href":"https:\/\/www.esplac.cat\/es\/wp-json\/wp\/v2\/posts\/23756\/revisions"}],"wp:featuredmedia":[{"embeddable":true,"href":"https:\/\/www.esplac.cat\/es\/wp-json\/wp\/v2\/media\/23757"}],"wp:attachment":[{"href":"https:\/\/www.esplac.cat\/es\/wp-json\/wp\/v2\/media?parent=23756"}],"wp:term":[{"taxonomy":"category","embeddable":true,"href":"https:\/\/www.esplac.cat\/es\/wp-json\/wp\/v2\/categories?post=23756"},{"taxonomy":"post_tag","embeddable":true,"href":"https:\/\/www.esplac.cat\/es\/wp-json\/wp\/v2\/tags?post=23756"}],"curies":[{"name":"wp","href":"https:\/\/api.w.org\/{rel}","templated":true}]}}