{"id":23774,"date":"2019-03-21T09:25:39","date_gmt":"2019-03-21T07:25:39","guid":{"rendered":"http:\/\/esplac.cat\/?p=21992"},"modified":"2020-10-15T17:23:30","modified_gmt":"2020-10-15T16:23:30","slug":"presentem-en-roda-de-premsa-la-monifestat-2019-al-vendrell","status":"publish","type":"post","link":"https:\/\/www.esplac.cat\/es\/presentem-en-roda-de-premsa-la-monifestat-2019-al-vendrell\/","title":{"rendered":"Presentem en roda de premsa la Monifesta&#8217;t 2019 al Vendrell"},"content":{"rendered":"<h4 style=\"text-align: justify;\">Ahir, dimecres 20 de mar\u00e7, va tenir lloc la roda de premsa de presentaci\u00f3 de la Monifesta&#8217;t 2019 al Vendrell.<\/h4>\n<p style=\"text-align: justify;\">Comen\u00e7a el compte enrere per la Monifesta&#8217;t 2019 i a poc m\u00e9s d&#8217;una setmana de la trobada, ahir va tenir lloc la roda de premsa de presentaci\u00f3. Vam comptar amb la participaci\u00f3 de Kenneth Mart\u00ednez, regidor d&#8217;Inf\u00e0ncia i Joventut del Vendrell, juntament amb Irene Nadal i Dani Costa de l&#8217;Equip de Coordinaci\u00f3 d&#8217;Esplac.<\/p>\n<p style=\"text-align: justify;\">Irene Nadal i Dani Costa han volgut remarcar l&#8217;oportunitat que suposa una trobada d&#8217;aquestes caracter\u00edstiques per donar a con\u00e8ixer la tasca educativa volunt\u00e0ria que duen a terme les monitores i monitors dels esplais, que \u00e9s indispensable en la societat catalana. A m\u00e9s,\u00a0han remarcat la xifra r\u00e8cord de participaci\u00f3 en aquesta edici\u00f3 (m\u00e9s de 700 joves!), i la implicaci\u00f3 de l&#8217;esplai Zig-Zag\u00a0com a esplai amfitri\u00f3.<\/p>\n<p style=\"text-align: justify;\">D&#8217;altra banda,\u00a0Mart\u00ednez ha destacat el comprom\u00eds de l&#8217;administraci\u00f3 local amb l&#8217;associacionisme educatiu, i ha fet una crida a la participaci\u00f3 de tota la ciutadania en aquest esdeveniment del dia 29, 30 i 31 de Mar\u00e7 al Vendrell.<\/p>\n<p style=\"text-align: justify;\">Us esperem a totes i tots al Vendrell el 29, 30 i 31 de mar\u00e7! Perseguim utiopies, constru\u00efm el m\u00f3n que volem!<\/p>\n<p style=\"text-align: justify;\"><a href=\"http:\/\/esplac.cat\/wp-content\/uploads\/2019\/03\/rodapremsamoni192.jpg\"><img decoding=\"async\" class=\" wp-image-21999 aligncenter\" src=\"http:\/\/esplac.cat\/wp-content\/uploads\/2019\/03\/rodapremsamoni192.jpg\" alt=\"\" width=\"601\" height=\"451\" \/><\/a><\/p>\n","protected":false},"excerpt":{"rendered":"<p>Ahir, dimecres 20 de mar\u00e7, va tenir lloc la roda [&hellip;]<\/p>\n","protected":false},"author":1,"featured_media":23776,"comment_status":"closed","ping_status":"open","sticky":false,"template":"","format":"standard","meta":{"om_disable_all_campaigns":false,"_monsterinsights_skip_tracking":false,"_monsterinsights_sitenote_active":false,"_monsterinsights_sitenote_note":"","_monsterinsights_sitenote_category":0,"_uf_show_specific_survey":0,"_uf_disable_surveys":false,"footnotes":""},"categories":[1111,1167,1115,1],"tags":[],"class_list":["post-23774","post","type-post","status-publish","format-standard","has-post-thumbnail","hentry","category-activitats-esplac","category-infancia","category-monifestat","category-sense-categoria"],"yoast_head":"<!-- This site is optimized with the Yoast SEO plugin v27.4 - https:\/\/yoast.com\/product\/yoast-seo-wordpress\/ -->\n<title>Presentem en roda de premsa la Monifesta&#039;t 2019 al Vendrell - Esplac<\/title>\n<meta name=\"robots\" content=\"index, follow, max-snippet:-1, max-image-preview:large, max-video-preview:-1\" \/>\n<link rel=\"canonical\" href=\"https:\/\/www.esplac.cat\/es\/presentem-en-roda-de-premsa-la-monifestat-2019-al-vendrell\/\" \/>\n<meta property=\"og:locale\" content=\"es_ES\" \/>\n<meta property=\"og:type\" content=\"article\" \/>\n<meta property=\"og:title\" content=\"Presentem en roda de premsa la Monifesta&#039;t 2019 al Vendrell - Esplac\" \/>\n<meta property=\"og:description\" content=\"Ahir, dimecres 20 de mar\u00e7, va tenir lloc la roda [&hellip;]\" \/>\n<meta property=\"og:url\" content=\"https:\/\/www.esplac.cat\/es\/presentem-en-roda-de-premsa-la-monifestat-2019-al-vendrell\/\" \/>\n<meta property=\"og:site_name\" content=\"Esplac\" \/>\n<meta property=\"article:published_time\" content=\"2019-03-21T07:25:39+00:00\" \/>\n<meta property=\"article:modified_time\" content=\"2020-10-15T16:23:30+00:00\" \/>\n<meta property=\"og:image\" content=\"https:\/\/www.esplac.cat\/wp-content\/uploads\/2019\/03\/portadarodapremsamonif19-1.jpg\" \/>\n\t<meta property=\"og:image:width\" content=\"847\" \/>\n\t<meta property=\"og:image:height\" content=\"350\" \/>\n\t<meta property=\"og:image:type\" content=\"image\/jpeg\" \/>\n<meta name=\"author\" content=\"root\" \/>\n<meta name=\"twitter:card\" content=\"summary_large_image\" \/>\n<meta name=\"twitter:label1\" content=\"Escrito por\" \/>\n\t<meta name=\"twitter:data1\" content=\"root\" \/>\n\t<meta name=\"twitter:label2\" content=\"Tiempo de lectura\" \/>\n\t<meta name=\"twitter:data2\" content=\"1 minuto\" \/>\n<script type=\"application\/ld+json\" class=\"yoast-schema-graph\">{\"@context\":\"https:\\\/\\\/schema.org\",\"@graph\":[{\"@type\":\"Article\",\"@id\":\"https:\\\/\\\/www.esplac.cat\\\/es\\\/presentem-en-roda-de-premsa-la-monifestat-2019-al-vendrell\\\/#article\",\"isPartOf\":{\"@id\":\"https:\\\/\\\/www.esplac.cat\\\/es\\\/presentem-en-roda-de-premsa-la-monifestat-2019-al-vendrell\\\/\"},\"author\":{\"name\":\"root\",\"@id\":\"https:\\\/\\\/www.esplac.cat\\\/#\\\/schema\\\/person\\\/8d7ee340c02b239b152b9ff2c3d40766\"},\"headline\":\"Presentem en roda de premsa la Monifesta&#8217;t 2019 al Vendrell\",\"datePublished\":\"2019-03-21T07:25:39+00:00\",\"dateModified\":\"2020-10-15T16:23:30+00:00\",\"mainEntityOfPage\":{\"@id\":\"https:\\\/\\\/www.esplac.cat\\\/es\\\/presentem-en-roda-de-premsa-la-monifestat-2019-al-vendrell\\\/\"},\"wordCount\":225,\"publisher\":{\"@id\":\"https:\\\/\\\/www.esplac.cat\\\/#organization\"},\"image\":{\"@id\":\"https:\\\/\\\/www.esplac.cat\\\/es\\\/presentem-en-roda-de-premsa-la-monifestat-2019-al-vendrell\\\/#primaryimage\"},\"thumbnailUrl\":\"https:\\\/\\\/www.esplac.cat\\\/wp-content\\\/uploads\\\/2019\\\/03\\\/portadarodapremsamonif19-1.jpg\",\"articleSection\":[\"Activitats esplac\",\"Inf\u00e0ncia i Esplaiada\",\"Monifesta't\",\"Sense categoria\"],\"inLanguage\":\"es\"},{\"@type\":\"WebPage\",\"@id\":\"https:\\\/\\\/www.esplac.cat\\\/es\\\/presentem-en-roda-de-premsa-la-monifestat-2019-al-vendrell\\\/\",\"url\":\"https:\\\/\\\/www.esplac.cat\\\/es\\\/presentem-en-roda-de-premsa-la-monifestat-2019-al-vendrell\\\/\",\"name\":\"Presentem en roda de premsa la Monifesta't 2019 al Vendrell - Esplac\",\"isPartOf\":{\"@id\":\"https:\\\/\\\/www.esplac.cat\\\/#website\"},\"primaryImageOfPage\":{\"@id\":\"https:\\\/\\\/www.esplac.cat\\\/es\\\/presentem-en-roda-de-premsa-la-monifestat-2019-al-vendrell\\\/#primaryimage\"},\"image\":{\"@id\":\"https:\\\/\\\/www.esplac.cat\\\/es\\\/presentem-en-roda-de-premsa-la-monifestat-2019-al-vendrell\\\/#primaryimage\"},\"thumbnailUrl\":\"https:\\\/\\\/www.esplac.cat\\\/wp-content\\\/uploads\\\/2019\\\/03\\\/portadarodapremsamonif19-1.jpg\",\"datePublished\":\"2019-03-21T07:25:39+00:00\",\"dateModified\":\"2020-10-15T16:23:30+00:00\",\"breadcrumb\":{\"@id\":\"https:\\\/\\\/www.esplac.cat\\\/es\\\/presentem-en-roda-de-premsa-la-monifestat-2019-al-vendrell\\\/#breadcrumb\"},\"inLanguage\":\"es\",\"potentialAction\":[{\"@type\":\"ReadAction\",\"target\":[\"https:\\\/\\\/www.esplac.cat\\\/es\\\/presentem-en-roda-de-premsa-la-monifestat-2019-al-vendrell\\\/\"]}]},{\"@type\":\"ImageObject\",\"inLanguage\":\"es\",\"@id\":\"https:\\\/\\\/www.esplac.cat\\\/es\\\/presentem-en-roda-de-premsa-la-monifestat-2019-al-vendrell\\\/#primaryimage\",\"url\":\"https:\\\/\\\/www.esplac.cat\\\/wp-content\\\/uploads\\\/2019\\\/03\\\/portadarodapremsamonif19-1.jpg\",\"contentUrl\":\"https:\\\/\\\/www.esplac.cat\\\/wp-content\\\/uploads\\\/2019\\\/03\\\/portadarodapremsamonif19-1.jpg\",\"width\":847,\"height\":350},{\"@type\":\"BreadcrumbList\",\"@id\":\"https:\\\/\\\/www.esplac.cat\\\/es\\\/presentem-en-roda-de-premsa-la-monifestat-2019-al-vendrell\\\/#breadcrumb\",\"itemListElement\":[{\"@type\":\"ListItem\",\"position\":1,\"name\":\"Inici\",\"item\":\"https:\\\/\\\/www.esplac.cat\\\/es\\\/\"},{\"@type\":\"ListItem\",\"position\":2,\"name\":\"Presentem en roda de premsa la Monifesta&#8217;t 2019 al Vendrell\"}]},{\"@type\":\"WebSite\",\"@id\":\"https:\\\/\\\/www.esplac.cat\\\/#website\",\"url\":\"https:\\\/\\\/www.esplac.cat\\\/\",\"name\":\"Esplac\",\"description\":\"Esplais Catalans\",\"publisher\":{\"@id\":\"https:\\\/\\\/www.esplac.cat\\\/#organization\"},\"potentialAction\":[{\"@type\":\"SearchAction\",\"target\":{\"@type\":\"EntryPoint\",\"urlTemplate\":\"https:\\\/\\\/www.esplac.cat\\\/?s={search_term_string}\"},\"query-input\":{\"@type\":\"PropertyValueSpecification\",\"valueRequired\":true,\"valueName\":\"search_term_string\"}}],\"inLanguage\":\"es\"},{\"@type\":\"Organization\",\"@id\":\"https:\\\/\\\/www.esplac.cat\\\/#organization\",\"name\":\"Esplac\",\"url\":\"https:\\\/\\\/www.esplac.cat\\\/\",\"logo\":{\"@type\":\"ImageObject\",\"inLanguage\":\"es\",\"@id\":\"https:\\\/\\\/www.esplac.cat\\\/#\\\/schema\\\/logo\\\/image\\\/\",\"url\":\"https:\\\/\\\/www.esplac.cat\\\/wp-content\\\/uploads\\\/2019\\\/08\\\/logox2.png\",\"contentUrl\":\"https:\\\/\\\/www.esplac.cat\\\/wp-content\\\/uploads\\\/2019\\\/08\\\/logox2.png\",\"width\":600,\"height\":295,\"caption\":\"Esplac\"},\"image\":{\"@id\":\"https:\\\/\\\/www.esplac.cat\\\/#\\\/schema\\\/logo\\\/image\\\/\"}},{\"@type\":\"Person\",\"@id\":\"https:\\\/\\\/www.esplac.cat\\\/#\\\/schema\\\/person\\\/8d7ee340c02b239b152b9ff2c3d40766\",\"name\":\"root\",\"image\":{\"@type\":\"ImageObject\",\"inLanguage\":\"es\",\"@id\":\"https:\\\/\\\/secure.gravatar.com\\\/avatar\\\/9356757d53af8c5db257f894fbbd9ee7446c25af07cd2e7844bd1cf43acef754?s=96&d=mm&r=g\",\"url\":\"https:\\\/\\\/secure.gravatar.com\\\/avatar\\\/9356757d53af8c5db257f894fbbd9ee7446c25af07cd2e7844bd1cf43acef754?s=96&d=mm&r=g\",\"contentUrl\":\"https:\\\/\\\/secure.gravatar.com\\\/avatar\\\/9356757d53af8c5db257f894fbbd9ee7446c25af07cd2e7844bd1cf43acef754?s=96&d=mm&r=g\",\"caption\":\"root\"}}]}<\/script>\n<!-- \/ Yoast SEO plugin. -->","yoast_head_json":{"title":"Presentem en roda de premsa la Monifesta't 2019 al Vendrell - Esplac","robots":{"index":"index","follow":"follow","max-snippet":"max-snippet:-1","max-image-preview":"max-image-preview:large","max-video-preview":"max-video-preview:-1"},"canonical":"https:\/\/www.esplac.cat\/es\/presentem-en-roda-de-premsa-la-monifestat-2019-al-vendrell\/","og_locale":"es_ES","og_type":"article","og_title":"Presentem en roda de premsa la Monifesta't 2019 al Vendrell - Esplac","og_description":"Ahir, dimecres 20 de mar\u00e7, va tenir lloc la roda [&hellip;]","og_url":"https:\/\/www.esplac.cat\/es\/presentem-en-roda-de-premsa-la-monifestat-2019-al-vendrell\/","og_site_name":"Esplac","article_published_time":"2019-03-21T07:25:39+00:00","article_modified_time":"2020-10-15T16:23:30+00:00","og_image":[{"width":847,"height":350,"url":"https:\/\/www.esplac.cat\/wp-content\/uploads\/2019\/03\/portadarodapremsamonif19-1.jpg","type":"image\/jpeg"}],"author":"root","twitter_card":"summary_large_image","twitter_misc":{"Escrito por":"root","Tiempo de lectura":"1 minuto"},"schema":{"@context":"https:\/\/schema.org","@graph":[{"@type":"Article","@id":"https:\/\/www.esplac.cat\/es\/presentem-en-roda-de-premsa-la-monifestat-2019-al-vendrell\/#article","isPartOf":{"@id":"https:\/\/www.esplac.cat\/es\/presentem-en-roda-de-premsa-la-monifestat-2019-al-vendrell\/"},"author":{"name":"root","@id":"https:\/\/www.esplac.cat\/#\/schema\/person\/8d7ee340c02b239b152b9ff2c3d40766"},"headline":"Presentem en roda de premsa la Monifesta&#8217;t 2019 al Vendrell","datePublished":"2019-03-21T07:25:39+00:00","dateModified":"2020-10-15T16:23:30+00:00","mainEntityOfPage":{"@id":"https:\/\/www.esplac.cat\/es\/presentem-en-roda-de-premsa-la-monifestat-2019-al-vendrell\/"},"wordCount":225,"publisher":{"@id":"https:\/\/www.esplac.cat\/#organization"},"image":{"@id":"https:\/\/www.esplac.cat\/es\/presentem-en-roda-de-premsa-la-monifestat-2019-al-vendrell\/#primaryimage"},"thumbnailUrl":"https:\/\/www.esplac.cat\/wp-content\/uploads\/2019\/03\/portadarodapremsamonif19-1.jpg","articleSection":["Activitats esplac","Inf\u00e0ncia i Esplaiada","Monifesta't","Sense categoria"],"inLanguage":"es"},{"@type":"WebPage","@id":"https:\/\/www.esplac.cat\/es\/presentem-en-roda-de-premsa-la-monifestat-2019-al-vendrell\/","url":"https:\/\/www.esplac.cat\/es\/presentem-en-roda-de-premsa-la-monifestat-2019-al-vendrell\/","name":"Presentem en roda de premsa la Monifesta't 2019 al Vendrell - Esplac","isPartOf":{"@id":"https:\/\/www.esplac.cat\/#website"},"primaryImageOfPage":{"@id":"https:\/\/www.esplac.cat\/es\/presentem-en-roda-de-premsa-la-monifestat-2019-al-vendrell\/#primaryimage"},"image":{"@id":"https:\/\/www.esplac.cat\/es\/presentem-en-roda-de-premsa-la-monifestat-2019-al-vendrell\/#primaryimage"},"thumbnailUrl":"https:\/\/www.esplac.cat\/wp-content\/uploads\/2019\/03\/portadarodapremsamonif19-1.jpg","datePublished":"2019-03-21T07:25:39+00:00","dateModified":"2020-10-15T16:23:30+00:00","breadcrumb":{"@id":"https:\/\/www.esplac.cat\/es\/presentem-en-roda-de-premsa-la-monifestat-2019-al-vendrell\/#breadcrumb"},"inLanguage":"es","potentialAction":[{"@type":"ReadAction","target":["https:\/\/www.esplac.cat\/es\/presentem-en-roda-de-premsa-la-monifestat-2019-al-vendrell\/"]}]},{"@type":"ImageObject","inLanguage":"es","@id":"https:\/\/www.esplac.cat\/es\/presentem-en-roda-de-premsa-la-monifestat-2019-al-vendrell\/#primaryimage","url":"https:\/\/www.esplac.cat\/wp-content\/uploads\/2019\/03\/portadarodapremsamonif19-1.jpg","contentUrl":"https:\/\/www.esplac.cat\/wp-content\/uploads\/2019\/03\/portadarodapremsamonif19-1.jpg","width":847,"height":350},{"@type":"BreadcrumbList","@id":"https:\/\/www.esplac.cat\/es\/presentem-en-roda-de-premsa-la-monifestat-2019-al-vendrell\/#breadcrumb","itemListElement":[{"@type":"ListItem","position":1,"name":"Inici","item":"https:\/\/www.esplac.cat\/es\/"},{"@type":"ListItem","position":2,"name":"Presentem en roda de premsa la Monifesta&#8217;t 2019 al Vendrell"}]},{"@type":"WebSite","@id":"https:\/\/www.esplac.cat\/#website","url":"https:\/\/www.esplac.cat\/","name":"Esplac","description":"Esplais Catalans","publisher":{"@id":"https:\/\/www.esplac.cat\/#organization"},"potentialAction":[{"@type":"SearchAction","target":{"@type":"EntryPoint","urlTemplate":"https:\/\/www.esplac.cat\/?s={search_term_string}"},"query-input":{"@type":"PropertyValueSpecification","valueRequired":true,"valueName":"search_term_string"}}],"inLanguage":"es"},{"@type":"Organization","@id":"https:\/\/www.esplac.cat\/#organization","name":"Esplac","url":"https:\/\/www.esplac.cat\/","logo":{"@type":"ImageObject","inLanguage":"es","@id":"https:\/\/www.esplac.cat\/#\/schema\/logo\/image\/","url":"https:\/\/www.esplac.cat\/wp-content\/uploads\/2019\/08\/logox2.png","contentUrl":"https:\/\/www.esplac.cat\/wp-content\/uploads\/2019\/08\/logox2.png","width":600,"height":295,"caption":"Esplac"},"image":{"@id":"https:\/\/www.esplac.cat\/#\/schema\/logo\/image\/"}},{"@type":"Person","@id":"https:\/\/www.esplac.cat\/#\/schema\/person\/8d7ee340c02b239b152b9ff2c3d40766","name":"root","image":{"@type":"ImageObject","inLanguage":"es","@id":"https:\/\/secure.gravatar.com\/avatar\/9356757d53af8c5db257f894fbbd9ee7446c25af07cd2e7844bd1cf43acef754?s=96&d=mm&r=g","url":"https:\/\/secure.gravatar.com\/avatar\/9356757d53af8c5db257f894fbbd9ee7446c25af07cd2e7844bd1cf43acef754?s=96&d=mm&r=g","contentUrl":"https:\/\/secure.gravatar.com\/avatar\/9356757d53af8c5db257f894fbbd9ee7446c25af07cd2e7844bd1cf43acef754?s=96&d=mm&r=g","caption":"root"}}]}},"_links":{"self":[{"href":"https:\/\/www.esplac.cat\/es\/wp-json\/wp\/v2\/posts\/23774","targetHints":{"allow":["GET"]}}],"collection":[{"href":"https:\/\/www.esplac.cat\/es\/wp-json\/wp\/v2\/posts"}],"about":[{"href":"https:\/\/www.esplac.cat\/es\/wp-json\/wp\/v2\/types\/post"}],"author":[{"embeddable":true,"href":"https:\/\/www.esplac.cat\/es\/wp-json\/wp\/v2\/users\/1"}],"replies":[{"embeddable":true,"href":"https:\/\/www.esplac.cat\/es\/wp-json\/wp\/v2\/comments?post=23774"}],"version-history":[{"count":0,"href":"https:\/\/www.esplac.cat\/es\/wp-json\/wp\/v2\/posts\/23774\/revisions"}],"wp:featuredmedia":[{"embeddable":true,"href":"https:\/\/www.esplac.cat\/es\/wp-json\/wp\/v2\/media\/23776"}],"wp:attachment":[{"href":"https:\/\/www.esplac.cat\/es\/wp-json\/wp\/v2\/media?parent=23774"}],"wp:term":[{"taxonomy":"category","embeddable":true,"href":"https:\/\/www.esplac.cat\/es\/wp-json\/wp\/v2\/categories?post=23774"},{"taxonomy":"post_tag","embeddable":true,"href":"https:\/\/www.esplac.cat\/es\/wp-json\/wp\/v2\/tags?post=23774"}],"curies":[{"name":"wp","href":"https:\/\/api.w.org\/{rel}","templated":true}]}}