{"id":23788,"date":"2019-03-11T10:23:47","date_gmt":"2019-03-11T08:23:47","guid":{"rendered":"http:\/\/esplac.cat\/?p=21940"},"modified":"2020-10-15T17:23:32","modified_gmt":"2020-10-15T16:23:32","slug":"mes-de-100-participants-a-la-trobada-del-sector-girona","status":"publish","type":"post","link":"https:\/\/www.esplac.cat\/es\/mes-de-100-participants-a-la-trobada-del-sector-girona\/","title":{"rendered":"M\u00e9s de 100 participants a la Trobada del Sector Girona!"},"content":{"rendered":"<h4 style=\"text-align: justify;\">El cap de setmana del 2-3 de mar\u00e7 el Sector Girona va fer la la trobada d&#8217;infants i joves del curs.<\/h4>\n<p style=\"text-align: justify;\">Al mat\u00ed quan vam arribar a Vidreres vam fer algunes danses per despertar-nos i tot seguit per grups d&#8217;edat vam fer diferents jocs de coneixen\u00e7a. Despr\u00e9s de dinar vam tenir temps lliure per poder descansar i recarregar piles pel que ens esperava. A la tarda vam fer una gimcana totes juntes per tot el poble. Ens va servir per poder con\u00e8ixer m\u00e9s el poblet on ens trob\u00e0vem (habitants, noms dels gegants, nom de l&#8217;escola&#8230;). A la nit despr\u00e9s de sopar ens vam tornar a posar per grups; als m\u00e9s petits els hi vam explicar algun conte i van anar a dormir perqu\u00e8 estaven molt cansats, els mitjans van fer un joc de por i els m\u00e9s grans van fer diferents petits jocs i din\u00e0miques.<\/p>\n<p style=\"text-align: justify;\">Diumenge al mat\u00ed ens vam despertar ben d&#8217;hora per esmorzar, deixar-ho tot ben net i fer una activitat que ens va servir per acomiadar-nos i marxar amb un somriure a la cara!<\/p>\n<p style=\"text-align: justify;\">Una trobada que de ben segur recordarem durant molt de temps! Perqu\u00e8 a mi&#8230; Girona m&#8217;enamora!<\/p>\n<p style=\"text-align: justify;\"><a href=\"http:\/\/esplac.cat\/wp-content\/uploads\/2019\/03\/IMG-20190303-WA0013.jpg\"><img decoding=\"async\" class=\"wp-image-21943 aligncenter\" src=\"http:\/\/esplac.cat\/wp-content\/uploads\/2019\/03\/IMG-20190303-WA0013.jpg\" alt=\"\" width=\"746\" height=\"531\" \/><\/a><\/p>\n","protected":false},"excerpt":{"rendered":"<p>El cap de setmana del 2-3 de mar\u00e7 el Sector [&hellip;]<\/p>\n","protected":false},"author":1,"featured_media":23790,"comment_status":"closed","ping_status":"open","sticky":false,"template":"","format":"standard","meta":{"om_disable_all_campaigns":false,"_monsterinsights_skip_tracking":false,"_monsterinsights_sitenote_active":false,"_monsterinsights_sitenote_note":"","_monsterinsights_sitenote_category":0,"_uf_show_specific_survey":0,"_uf_disable_surveys":false,"footnotes":""},"categories":[1110,1130,1],"tags":[1031,1002,1003,432,344,166,134,653,1055],"class_list":["post-23788","post","type-post","status-publish","format-standard","has-post-thumbnail","hentry","category-activitats-sectors","category-sector-girona","category-sense-categoria","tag-activitats","tag-educacio-popular","tag-esplai","tag-girona","tag-infants","tag-joves","tag-transformacio-social","tag-trobada","tag-vidreres"],"yoast_head":"<!-- This site is optimized with the Yoast SEO plugin v27.4 - https:\/\/yoast.com\/product\/yoast-seo-wordpress\/ -->\n<title>M\u00e9s de 100 participants a la Trobada del Sector Girona! - Esplac<\/title>\n<meta name=\"robots\" content=\"index, follow, max-snippet:-1, max-image-preview:large, max-video-preview:-1\" \/>\n<link rel=\"canonical\" href=\"https:\/\/www.esplac.cat\/mes-de-100-participants-a-la-trobada-del-sector-girona\/\" \/>\n<meta property=\"og:locale\" content=\"es_ES\" \/>\n<meta property=\"og:type\" content=\"article\" \/>\n<meta property=\"og:title\" content=\"M\u00e9s de 100 participants a la Trobada del Sector Girona! - Esplac\" \/>\n<meta property=\"og:description\" content=\"El cap de setmana del 2-3 de mar\u00e7 el Sector [&hellip;]\" \/>\n<meta property=\"og:url\" content=\"https:\/\/www.esplac.cat\/mes-de-100-participants-a-la-trobada-del-sector-girona\/\" \/>\n<meta property=\"og:site_name\" content=\"Esplac\" \/>\n<meta property=\"article:published_time\" content=\"2019-03-11T08:23:47+00:00\" \/>\n<meta property=\"article:modified_time\" content=\"2020-10-15T16:23:32+00:00\" \/>\n<meta property=\"og:image\" content=\"https:\/\/www.esplac.cat\/wp-content\/uploads\/2019\/03\/gironaportada.png\" \/>\n\t<meta property=\"og:image:width\" content=\"847\" \/>\n\t<meta property=\"og:image:height\" content=\"350\" \/>\n\t<meta property=\"og:image:type\" content=\"image\/png\" \/>\n<meta name=\"author\" content=\"root\" \/>\n<meta name=\"twitter:card\" content=\"summary_large_image\" \/>\n<meta name=\"twitter:label1\" content=\"Escrito por\" \/>\n\t<meta name=\"twitter:data1\" content=\"root\" \/>\n\t<meta name=\"twitter:label2\" content=\"Tiempo de lectura\" \/>\n\t<meta name=\"twitter:data2\" content=\"1 minuto\" \/>\n<script type=\"application\/ld+json\" class=\"yoast-schema-graph\">{\"@context\":\"https:\\\/\\\/schema.org\",\"@graph\":[{\"@type\":\"Article\",\"@id\":\"https:\\\/\\\/www.esplac.cat\\\/mes-de-100-participants-a-la-trobada-del-sector-girona\\\/#article\",\"isPartOf\":{\"@id\":\"https:\\\/\\\/www.esplac.cat\\\/mes-de-100-participants-a-la-trobada-del-sector-girona\\\/\"},\"author\":{\"name\":\"root\",\"@id\":\"https:\\\/\\\/www.esplac.cat\\\/#\\\/schema\\\/person\\\/8d7ee340c02b239b152b9ff2c3d40766\"},\"headline\":\"M\u00e9s de 100 participants a la Trobada del Sector Girona!\",\"datePublished\":\"2019-03-11T08:23:47+00:00\",\"dateModified\":\"2020-10-15T16:23:32+00:00\",\"mainEntityOfPage\":{\"@id\":\"https:\\\/\\\/www.esplac.cat\\\/mes-de-100-participants-a-la-trobada-del-sector-girona\\\/\"},\"wordCount\":217,\"publisher\":{\"@id\":\"https:\\\/\\\/www.esplac.cat\\\/#organization\"},\"image\":{\"@id\":\"https:\\\/\\\/www.esplac.cat\\\/mes-de-100-participants-a-la-trobada-del-sector-girona\\\/#primaryimage\"},\"thumbnailUrl\":\"https:\\\/\\\/www.esplac.cat\\\/wp-content\\\/uploads\\\/2019\\\/03\\\/gironaportada.png\",\"keywords\":[\"activitats\",\"educaci\u00f3 popular\",\"esplai\",\"Girona\",\"infants\",\"joves\",\"transformaci\u00f3 social\",\"trobada\",\"Vidreres\"],\"articleSection\":[\"Activitats sectors\",\"Sector Girona\",\"Sense categoria\"],\"inLanguage\":\"es\"},{\"@type\":\"WebPage\",\"@id\":\"https:\\\/\\\/www.esplac.cat\\\/mes-de-100-participants-a-la-trobada-del-sector-girona\\\/\",\"url\":\"https:\\\/\\\/www.esplac.cat\\\/mes-de-100-participants-a-la-trobada-del-sector-girona\\\/\",\"name\":\"M\u00e9s de 100 participants a la Trobada del Sector Girona! - Esplac\",\"isPartOf\":{\"@id\":\"https:\\\/\\\/www.esplac.cat\\\/#website\"},\"primaryImageOfPage\":{\"@id\":\"https:\\\/\\\/www.esplac.cat\\\/mes-de-100-participants-a-la-trobada-del-sector-girona\\\/#primaryimage\"},\"image\":{\"@id\":\"https:\\\/\\\/www.esplac.cat\\\/mes-de-100-participants-a-la-trobada-del-sector-girona\\\/#primaryimage\"},\"thumbnailUrl\":\"https:\\\/\\\/www.esplac.cat\\\/wp-content\\\/uploads\\\/2019\\\/03\\\/gironaportada.png\",\"datePublished\":\"2019-03-11T08:23:47+00:00\",\"dateModified\":\"2020-10-15T16:23:32+00:00\",\"breadcrumb\":{\"@id\":\"https:\\\/\\\/www.esplac.cat\\\/mes-de-100-participants-a-la-trobada-del-sector-girona\\\/#breadcrumb\"},\"inLanguage\":\"es\",\"potentialAction\":[{\"@type\":\"ReadAction\",\"target\":[\"https:\\\/\\\/www.esplac.cat\\\/mes-de-100-participants-a-la-trobada-del-sector-girona\\\/\"]}]},{\"@type\":\"ImageObject\",\"inLanguage\":\"es\",\"@id\":\"https:\\\/\\\/www.esplac.cat\\\/mes-de-100-participants-a-la-trobada-del-sector-girona\\\/#primaryimage\",\"url\":\"https:\\\/\\\/www.esplac.cat\\\/wp-content\\\/uploads\\\/2019\\\/03\\\/gironaportada.png\",\"contentUrl\":\"https:\\\/\\\/www.esplac.cat\\\/wp-content\\\/uploads\\\/2019\\\/03\\\/gironaportada.png\",\"width\":847,\"height\":350},{\"@type\":\"BreadcrumbList\",\"@id\":\"https:\\\/\\\/www.esplac.cat\\\/mes-de-100-participants-a-la-trobada-del-sector-girona\\\/#breadcrumb\",\"itemListElement\":[{\"@type\":\"ListItem\",\"position\":1,\"name\":\"Inici\",\"item\":\"https:\\\/\\\/www.esplac.cat\\\/es\\\/\"},{\"@type\":\"ListItem\",\"position\":2,\"name\":\"M\u00e9s de 100 participants a la Trobada del Sector Girona!\"}]},{\"@type\":\"WebSite\",\"@id\":\"https:\\\/\\\/www.esplac.cat\\\/#website\",\"url\":\"https:\\\/\\\/www.esplac.cat\\\/\",\"name\":\"Esplac\",\"description\":\"Esplais Catalans\",\"publisher\":{\"@id\":\"https:\\\/\\\/www.esplac.cat\\\/#organization\"},\"potentialAction\":[{\"@type\":\"SearchAction\",\"target\":{\"@type\":\"EntryPoint\",\"urlTemplate\":\"https:\\\/\\\/www.esplac.cat\\\/?s={search_term_string}\"},\"query-input\":{\"@type\":\"PropertyValueSpecification\",\"valueRequired\":true,\"valueName\":\"search_term_string\"}}],\"inLanguage\":\"es\"},{\"@type\":\"Organization\",\"@id\":\"https:\\\/\\\/www.esplac.cat\\\/#organization\",\"name\":\"Esplac\",\"url\":\"https:\\\/\\\/www.esplac.cat\\\/\",\"logo\":{\"@type\":\"ImageObject\",\"inLanguage\":\"es\",\"@id\":\"https:\\\/\\\/www.esplac.cat\\\/#\\\/schema\\\/logo\\\/image\\\/\",\"url\":\"https:\\\/\\\/www.esplac.cat\\\/wp-content\\\/uploads\\\/2019\\\/08\\\/logox2.png\",\"contentUrl\":\"https:\\\/\\\/www.esplac.cat\\\/wp-content\\\/uploads\\\/2019\\\/08\\\/logox2.png\",\"width\":600,\"height\":295,\"caption\":\"Esplac\"},\"image\":{\"@id\":\"https:\\\/\\\/www.esplac.cat\\\/#\\\/schema\\\/logo\\\/image\\\/\"}},{\"@type\":\"Person\",\"@id\":\"https:\\\/\\\/www.esplac.cat\\\/#\\\/schema\\\/person\\\/8d7ee340c02b239b152b9ff2c3d40766\",\"name\":\"root\",\"image\":{\"@type\":\"ImageObject\",\"inLanguage\":\"es\",\"@id\":\"https:\\\/\\\/secure.gravatar.com\\\/avatar\\\/9356757d53af8c5db257f894fbbd9ee7446c25af07cd2e7844bd1cf43acef754?s=96&d=mm&r=g\",\"url\":\"https:\\\/\\\/secure.gravatar.com\\\/avatar\\\/9356757d53af8c5db257f894fbbd9ee7446c25af07cd2e7844bd1cf43acef754?s=96&d=mm&r=g\",\"contentUrl\":\"https:\\\/\\\/secure.gravatar.com\\\/avatar\\\/9356757d53af8c5db257f894fbbd9ee7446c25af07cd2e7844bd1cf43acef754?s=96&d=mm&r=g\",\"caption\":\"root\"}}]}<\/script>\n<!-- \/ Yoast SEO plugin. -->","yoast_head_json":{"title":"M\u00e9s de 100 participants a la Trobada del Sector Girona! - Esplac","robots":{"index":"index","follow":"follow","max-snippet":"max-snippet:-1","max-image-preview":"max-image-preview:large","max-video-preview":"max-video-preview:-1"},"canonical":"https:\/\/www.esplac.cat\/mes-de-100-participants-a-la-trobada-del-sector-girona\/","og_locale":"es_ES","og_type":"article","og_title":"M\u00e9s de 100 participants a la Trobada del Sector Girona! - Esplac","og_description":"El cap de setmana del 2-3 de mar\u00e7 el Sector [&hellip;]","og_url":"https:\/\/www.esplac.cat\/mes-de-100-participants-a-la-trobada-del-sector-girona\/","og_site_name":"Esplac","article_published_time":"2019-03-11T08:23:47+00:00","article_modified_time":"2020-10-15T16:23:32+00:00","og_image":[{"width":847,"height":350,"url":"https:\/\/www.esplac.cat\/wp-content\/uploads\/2019\/03\/gironaportada.png","type":"image\/png"}],"author":"root","twitter_card":"summary_large_image","twitter_misc":{"Escrito por":"root","Tiempo de lectura":"1 minuto"},"schema":{"@context":"https:\/\/schema.org","@graph":[{"@type":"Article","@id":"https:\/\/www.esplac.cat\/mes-de-100-participants-a-la-trobada-del-sector-girona\/#article","isPartOf":{"@id":"https:\/\/www.esplac.cat\/mes-de-100-participants-a-la-trobada-del-sector-girona\/"},"author":{"name":"root","@id":"https:\/\/www.esplac.cat\/#\/schema\/person\/8d7ee340c02b239b152b9ff2c3d40766"},"headline":"M\u00e9s de 100 participants a la Trobada del Sector Girona!","datePublished":"2019-03-11T08:23:47+00:00","dateModified":"2020-10-15T16:23:32+00:00","mainEntityOfPage":{"@id":"https:\/\/www.esplac.cat\/mes-de-100-participants-a-la-trobada-del-sector-girona\/"},"wordCount":217,"publisher":{"@id":"https:\/\/www.esplac.cat\/#organization"},"image":{"@id":"https:\/\/www.esplac.cat\/mes-de-100-participants-a-la-trobada-del-sector-girona\/#primaryimage"},"thumbnailUrl":"https:\/\/www.esplac.cat\/wp-content\/uploads\/2019\/03\/gironaportada.png","keywords":["activitats","educaci\u00f3 popular","esplai","Girona","infants","joves","transformaci\u00f3 social","trobada","Vidreres"],"articleSection":["Activitats sectors","Sector Girona","Sense categoria"],"inLanguage":"es"},{"@type":"WebPage","@id":"https:\/\/www.esplac.cat\/mes-de-100-participants-a-la-trobada-del-sector-girona\/","url":"https:\/\/www.esplac.cat\/mes-de-100-participants-a-la-trobada-del-sector-girona\/","name":"M\u00e9s de 100 participants a la Trobada del Sector Girona! - Esplac","isPartOf":{"@id":"https:\/\/www.esplac.cat\/#website"},"primaryImageOfPage":{"@id":"https:\/\/www.esplac.cat\/mes-de-100-participants-a-la-trobada-del-sector-girona\/#primaryimage"},"image":{"@id":"https:\/\/www.esplac.cat\/mes-de-100-participants-a-la-trobada-del-sector-girona\/#primaryimage"},"thumbnailUrl":"https:\/\/www.esplac.cat\/wp-content\/uploads\/2019\/03\/gironaportada.png","datePublished":"2019-03-11T08:23:47+00:00","dateModified":"2020-10-15T16:23:32+00:00","breadcrumb":{"@id":"https:\/\/www.esplac.cat\/mes-de-100-participants-a-la-trobada-del-sector-girona\/#breadcrumb"},"inLanguage":"es","potentialAction":[{"@type":"ReadAction","target":["https:\/\/www.esplac.cat\/mes-de-100-participants-a-la-trobada-del-sector-girona\/"]}]},{"@type":"ImageObject","inLanguage":"es","@id":"https:\/\/www.esplac.cat\/mes-de-100-participants-a-la-trobada-del-sector-girona\/#primaryimage","url":"https:\/\/www.esplac.cat\/wp-content\/uploads\/2019\/03\/gironaportada.png","contentUrl":"https:\/\/www.esplac.cat\/wp-content\/uploads\/2019\/03\/gironaportada.png","width":847,"height":350},{"@type":"BreadcrumbList","@id":"https:\/\/www.esplac.cat\/mes-de-100-participants-a-la-trobada-del-sector-girona\/#breadcrumb","itemListElement":[{"@type":"ListItem","position":1,"name":"Inici","item":"https:\/\/www.esplac.cat\/es\/"},{"@type":"ListItem","position":2,"name":"M\u00e9s de 100 participants a la Trobada del Sector Girona!"}]},{"@type":"WebSite","@id":"https:\/\/www.esplac.cat\/#website","url":"https:\/\/www.esplac.cat\/","name":"Esplac","description":"Esplais Catalans","publisher":{"@id":"https:\/\/www.esplac.cat\/#organization"},"potentialAction":[{"@type":"SearchAction","target":{"@type":"EntryPoint","urlTemplate":"https:\/\/www.esplac.cat\/?s={search_term_string}"},"query-input":{"@type":"PropertyValueSpecification","valueRequired":true,"valueName":"search_term_string"}}],"inLanguage":"es"},{"@type":"Organization","@id":"https:\/\/www.esplac.cat\/#organization","name":"Esplac","url":"https:\/\/www.esplac.cat\/","logo":{"@type":"ImageObject","inLanguage":"es","@id":"https:\/\/www.esplac.cat\/#\/schema\/logo\/image\/","url":"https:\/\/www.esplac.cat\/wp-content\/uploads\/2019\/08\/logox2.png","contentUrl":"https:\/\/www.esplac.cat\/wp-content\/uploads\/2019\/08\/logox2.png","width":600,"height":295,"caption":"Esplac"},"image":{"@id":"https:\/\/www.esplac.cat\/#\/schema\/logo\/image\/"}},{"@type":"Person","@id":"https:\/\/www.esplac.cat\/#\/schema\/person\/8d7ee340c02b239b152b9ff2c3d40766","name":"root","image":{"@type":"ImageObject","inLanguage":"es","@id":"https:\/\/secure.gravatar.com\/avatar\/9356757d53af8c5db257f894fbbd9ee7446c25af07cd2e7844bd1cf43acef754?s=96&d=mm&r=g","url":"https:\/\/secure.gravatar.com\/avatar\/9356757d53af8c5db257f894fbbd9ee7446c25af07cd2e7844bd1cf43acef754?s=96&d=mm&r=g","contentUrl":"https:\/\/secure.gravatar.com\/avatar\/9356757d53af8c5db257f894fbbd9ee7446c25af07cd2e7844bd1cf43acef754?s=96&d=mm&r=g","caption":"root"}}]}},"_links":{"self":[{"href":"https:\/\/www.esplac.cat\/es\/wp-json\/wp\/v2\/posts\/23788","targetHints":{"allow":["GET"]}}],"collection":[{"href":"https:\/\/www.esplac.cat\/es\/wp-json\/wp\/v2\/posts"}],"about":[{"href":"https:\/\/www.esplac.cat\/es\/wp-json\/wp\/v2\/types\/post"}],"author":[{"embeddable":true,"href":"https:\/\/www.esplac.cat\/es\/wp-json\/wp\/v2\/users\/1"}],"replies":[{"embeddable":true,"href":"https:\/\/www.esplac.cat\/es\/wp-json\/wp\/v2\/comments?post=23788"}],"version-history":[{"count":0,"href":"https:\/\/www.esplac.cat\/es\/wp-json\/wp\/v2\/posts\/23788\/revisions"}],"wp:featuredmedia":[{"embeddable":true,"href":"https:\/\/www.esplac.cat\/es\/wp-json\/wp\/v2\/media\/23790"}],"wp:attachment":[{"href":"https:\/\/www.esplac.cat\/es\/wp-json\/wp\/v2\/media?parent=23788"}],"wp:term":[{"taxonomy":"category","embeddable":true,"href":"https:\/\/www.esplac.cat\/es\/wp-json\/wp\/v2\/categories?post=23788"},{"taxonomy":"post_tag","embeddable":true,"href":"https:\/\/www.esplac.cat\/es\/wp-json\/wp\/v2\/tags?post=23788"}],"curies":[{"name":"wp","href":"https:\/\/api.w.org\/{rel}","templated":true}]}}