{"id":23843,"date":"2019-02-19T09:00:19","date_gmt":"2019-02-19T07:00:19","guid":{"rendered":"http:\/\/esplac.cat\/?p=21795"},"modified":"2020-10-15T17:23:35","modified_gmt":"2020-10-15T16:23:35","slug":"obrim-placa-coordinadora-projectes-sectors-barcelones-nord-valles-occidental","status":"publish","type":"post","link":"https:\/\/www.esplac.cat\/es\/obrim-placa-coordinadora-projectes-sectors-barcelones-nord-valles-occidental\/","title":{"rendered":"Obrim una pla\u00e7a de coordinador\/a de projectes per als sectors Barcelon\u00e8s Nord i Vall\u00e8s Occidental"},"content":{"rendered":"<h4 style=\"text-align: justify;\"><span style=\"color: #000000;\">A Esplais Catalans busquem coordinador\/a de projectes\u00a0per als Sectors Barcelon\u00e8s Nord i Vall\u00e8s Occidental. El termini de presentaci\u00f3 de curr\u00edculms finalitzar\u00e0 el 3 de mar\u00e7\u00a0de 2019.<\/span><\/h4>\n<p style=\"text-align: justify;\"><span style=\"color: #000000;\">A\u00a0Esplac hem obert un termini de presentaci\u00f3 de curr\u00edculums amb l\u2019objectiu de cobrir la pla\u00e7a de coordinador\/a de projectes per als Sectors\u00a0Barcelon\u00e8s Nord i Vall\u00e8s Occidental.\u00a0El termini finalitzar\u00e0 el\u00a0dia <strong>3 de mar\u00e7\u00a0<\/strong>de 2019.\u00a0Les persones interessades han de fer arribar el curr\u00edculum i una carta de motivaci\u00f3 a l\u2019adre\u00e7a electr\u00f2nica\u00a0<strong>esplac@esplac.cat<\/strong>\u00a0amb la refer\u00e8ncia \u00abST_VLLOCC_BCNN\u00bb a\u00a0l\u2019assumpte del missatge.<\/span><\/p>\n<p style=\"text-align: justify;\"><span style=\"color: #000000;\"><strong>Funcions:<br \/>\n<\/strong>\u2022 Coordinar i desenvolupar el suport associatiu i pedag\u00f2gic als esplais.<\/span><br \/>\n<span style=\"color: #000000;\"> \u2022 Assistir a les reunions de Sector i a les de l&#8217;Equip General de Sector que s&#8217;escaiguin.<\/span><br \/>\n<span style=\"color: #000000;\"> \u2022 Suport al funcionament, activitats i projectes definits en el Pla de treball dels sectors geogr\u00e0fics.<\/span><br \/>\n<span style=\"color: #000000;\"> \u2022 Redacci\u00f3, seguiment i avaluaci\u00f3 dels projectes definits en el Pla de treball d&#8217;Esplais Catalans.<\/span><br \/>\n<span style=\"color: #000000;\"> \u2022 Coordinaci\u00f3 amb la Secretaria T\u00e8cnica per a les funcions assignades i d&#8217;altres que puguin sorgir com part de l&#8217;equip.<\/span><\/p>\n<p style=\"text-align: justify;\"><span style=\"color: #000000;\"><strong>Es demana:<\/strong><\/span><br \/>\n<span style=\"color: #000000;\"> \u2022 Titulaci\u00f3 universit\u00e0ria en el camp de l\u2019educaci\u00f3 i\/o social, o en proc\u00e9s d&#8217;obtenir-la.<\/span><br \/>\n<span style=\"color: #000000;\"> \u2022 T\u00edtol de Director\/a d\u2019entitats de lleure infantil i juvenil.<\/span><br \/>\n<span style=\"color: #000000;\"> \u2022 Tenir menys de 30 anys.<\/span><br \/>\n<span style=\"color: #000000;\"> \u2022 Nivell alt de catal\u00e0 i compet\u00e8ncia escrita.<\/span><br \/>\n<span style=\"color: #000000;\"> \u2022 Coneixements en l&#8217;elaboraci\u00f3 de projectes, mem\u00f2ries i altra documentaci\u00f3.<\/span><br \/>\n<span style=\"color: #000000;\"> \u2022 Coneixements i experi\u00e8ncia en l&#8217;\u00e0mbit de l&#8217;associacionisme educatiu i els esplais.<\/span><br \/>\n<span style=\"color: #000000;\"> \u2022 Coneixements: LibreOffice, gesti\u00f3 de correu i Internet.<\/span><br \/>\n<span style=\"color: #000000;\"> \u2022 Capacitat d&#8217;organitzaci\u00f3 i gesti\u00f3 del temps.<\/span><br \/>\n<span style=\"color: #000000;\"> \u2022 Capacitat de treball en equip i autonomia personal.<\/span><br \/>\n<span style=\"color: #000000;\"> \u2022 Capacitat de flexibilitat i adaptabilitat.<\/span><br \/>\n<span style=\"color: #000000;\"> \u2022 Assist\u00e8ncia a reunions o activitats d\u2019especial inter\u00e8s fora de l\u2019horari laboral.<\/span><br \/>\n<span style=\"color: #000000;\"> \u2022 Vocaci\u00f3 de servei als esplais i comprom\u00eds amb els valors d&#8217;Esplais Catalans.<\/span><br \/>\n<span style=\"color: #000000;\"> \u2022 Carnet de conduir i vehicle propi.<\/span><\/p>\n<p style=\"text-align: justify;\"><span style=\"color: #000000;\"><strong>Es valorar\u00e0:<br \/>\n<\/strong>\u2022 Experi\u00e8ncia com a responsable d\u2019esplai.<\/span><br \/>\n<span style=\"color: #000000;\"> \u2022 Experi\u00e8ncia en les funcions descrites.<\/span><br \/>\n<span style=\"color: #000000;\"> \u2022 Coneixement d\u2019idiomes.<\/span><br \/>\n<span style=\"color: #000000;\"> \u2022 Coneixement en temes espec\u00edfics relacionats amb el projecte educatiu d&#8217;Esplais Catalans.<\/span><\/p>\n<p style=\"text-align: justify;\"><span style=\"color: #000000;\"><strong>Condicions laborals:<\/strong><\/span><br \/>\n<span style=\"color: #000000;\"> \u2022 Contracte de 20 h setmanals. Sou segons l\u2019escala salarial de l\u2019entitat (11.508,06 \u20ac bruts anuals).<\/span><br \/>\n<span style=\"color: #000000;\"> \u2022 Incorporaci\u00f3:\u00a0mar\u00e7 de 2019.<\/span><br \/>\n<span style=\"color: #000000;\"> \u2022 Lloc de treball habitual: Barcelona, Badalona i Terrassa.<\/span><\/p>\n<p style=\"text-align: justify;\"><span style=\"color: #000000;\"><span style=\"color: #ff950e;\"><b><a style=\"color: #ff950e;\" href=\"http:\/\/esplac.cat\/wp-content\/uploads\/2019\/02\/convocatoria_sector_VLLOCC_BCNN.pdf\" target=\"_blank\" rel=\"noopener noreferrer\">Aqu\u00ed<\/a>\u00a0<\/b><\/span>us deixem els detalls de l\u2019oferta en un arxiu pdf.<\/span><\/p>\n","protected":false},"excerpt":{"rendered":"<p>A Esplais Catalans busquem coordinador\/a de projectes\u00a0per als Sectors Barcelon\u00e8s [&hellip;]<\/p>\n","protected":false},"author":1,"featured_media":23844,"comment_status":"closed","ping_status":"open","sticky":false,"template":"","format":"standard","meta":{"om_disable_all_campaigns":false,"_monsterinsights_skip_tracking":false,"_monsterinsights_sitenote_active":false,"_monsterinsights_sitenote_note":"","_monsterinsights_sitenote_category":0,"_uf_show_specific_survey":0,"_uf_disable_surveys":false,"footnotes":""},"categories":[1132,1118,1],"tags":[306,441,146,989],"class_list":["post-23843","post","type-post","status-publish","format-standard","has-post-thumbnail","hentry","category-baix-besos","category-sector-valles-occidental-activitats-sectors","category-sense-categoria","tag-feina","tag-laboral","tag-sector-barcelones-nord","tag-sector-valles-occidental"],"yoast_head":"<!-- This site is optimized with the Yoast SEO plugin v27.4 - https:\/\/yoast.com\/product\/yoast-seo-wordpress\/ -->\n<title>Obrim una pla\u00e7a de coordinador\/a de projectes per als sectors Barcelon\u00e8s Nord i Vall\u00e8s Occidental - Esplac<\/title>\n<meta name=\"robots\" content=\"index, follow, max-snippet:-1, max-image-preview:large, max-video-preview:-1\" \/>\n<link rel=\"canonical\" href=\"https:\/\/www.esplac.cat\/obrim-placa-coordinadora-projectes-sectors-barcelones-nord-valles-occidental\/\" \/>\n<meta property=\"og:locale\" content=\"es_ES\" \/>\n<meta property=\"og:type\" content=\"article\" \/>\n<meta property=\"og:title\" content=\"Obrim una pla\u00e7a de coordinador\/a de projectes per als sectors Barcelon\u00e8s Nord i Vall\u00e8s Occidental - Esplac\" \/>\n<meta property=\"og:description\" content=\"A Esplais Catalans busquem coordinador\/a de projectes\u00a0per als Sectors Barcelon\u00e8s [&hellip;]\" \/>\n<meta property=\"og:url\" content=\"https:\/\/www.esplac.cat\/obrim-placa-coordinadora-projectes-sectors-barcelones-nord-valles-occidental\/\" \/>\n<meta property=\"og:site_name\" content=\"Esplac\" \/>\n<meta property=\"article:published_time\" content=\"2019-02-19T07:00:19+00:00\" \/>\n<meta property=\"article:modified_time\" content=\"2020-10-15T16:23:35+00:00\" \/>\n<meta property=\"og:image\" content=\"https:\/\/www.esplac.cat\/wp-content\/uploads\/2017\/06\/Noti_Web_Valles_AGO-2-2.jpg\" \/>\n\t<meta property=\"og:image:width\" content=\"847\" \/>\n\t<meta property=\"og:image:height\" content=\"350\" \/>\n\t<meta property=\"og:image:type\" content=\"image\/jpeg\" \/>\n<meta name=\"author\" content=\"root\" \/>\n<meta name=\"twitter:card\" content=\"summary_large_image\" \/>\n<meta name=\"twitter:label1\" content=\"Escrito por\" \/>\n\t<meta name=\"twitter:data1\" content=\"root\" \/>\n\t<meta name=\"twitter:label2\" content=\"Tiempo de lectura\" \/>\n\t<meta name=\"twitter:data2\" content=\"2 minutos\" \/>\n<script type=\"application\/ld+json\" class=\"yoast-schema-graph\">{\"@context\":\"https:\\\/\\\/schema.org\",\"@graph\":[{\"@type\":\"Article\",\"@id\":\"https:\\\/\\\/www.esplac.cat\\\/obrim-placa-coordinadora-projectes-sectors-barcelones-nord-valles-occidental\\\/#article\",\"isPartOf\":{\"@id\":\"https:\\\/\\\/www.esplac.cat\\\/obrim-placa-coordinadora-projectes-sectors-barcelones-nord-valles-occidental\\\/\"},\"author\":{\"name\":\"root\",\"@id\":\"https:\\\/\\\/www.esplac.cat\\\/#\\\/schema\\\/person\\\/8d7ee340c02b239b152b9ff2c3d40766\"},\"headline\":\"Obrim una pla\u00e7a de coordinador\\\/a de projectes per als sectors Barcelon\u00e8s Nord i Vall\u00e8s Occidental\",\"datePublished\":\"2019-02-19T07:00:19+00:00\",\"dateModified\":\"2020-10-15T16:23:35+00:00\",\"mainEntityOfPage\":{\"@id\":\"https:\\\/\\\/www.esplac.cat\\\/obrim-placa-coordinadora-projectes-sectors-barcelones-nord-valles-occidental\\\/\"},\"wordCount\":411,\"publisher\":{\"@id\":\"https:\\\/\\\/www.esplac.cat\\\/#organization\"},\"image\":{\"@id\":\"https:\\\/\\\/www.esplac.cat\\\/obrim-placa-coordinadora-projectes-sectors-barcelones-nord-valles-occidental\\\/#primaryimage\"},\"thumbnailUrl\":\"https:\\\/\\\/www.esplac.cat\\\/wp-content\\\/uploads\\\/2017\\\/06\\\/Noti_Web_Valles_AGO-2-2.jpg\",\"keywords\":[\"feina\",\"laboral\",\"sector Barcelon\u00e8s Nord\",\"Sector Vall\u00e8s Occidental\"],\"articleSection\":[\"Sector Baix Bes\u00f2s\",\"Sector Vall\u00e8s Occidental\",\"Sense categoria\"],\"inLanguage\":\"es\"},{\"@type\":\"WebPage\",\"@id\":\"https:\\\/\\\/www.esplac.cat\\\/obrim-placa-coordinadora-projectes-sectors-barcelones-nord-valles-occidental\\\/\",\"url\":\"https:\\\/\\\/www.esplac.cat\\\/obrim-placa-coordinadora-projectes-sectors-barcelones-nord-valles-occidental\\\/\",\"name\":\"Obrim una pla\u00e7a de coordinador\\\/a de projectes per als sectors Barcelon\u00e8s Nord i Vall\u00e8s Occidental - Esplac\",\"isPartOf\":{\"@id\":\"https:\\\/\\\/www.esplac.cat\\\/#website\"},\"primaryImageOfPage\":{\"@id\":\"https:\\\/\\\/www.esplac.cat\\\/obrim-placa-coordinadora-projectes-sectors-barcelones-nord-valles-occidental\\\/#primaryimage\"},\"image\":{\"@id\":\"https:\\\/\\\/www.esplac.cat\\\/obrim-placa-coordinadora-projectes-sectors-barcelones-nord-valles-occidental\\\/#primaryimage\"},\"thumbnailUrl\":\"https:\\\/\\\/www.esplac.cat\\\/wp-content\\\/uploads\\\/2017\\\/06\\\/Noti_Web_Valles_AGO-2-2.jpg\",\"datePublished\":\"2019-02-19T07:00:19+00:00\",\"dateModified\":\"2020-10-15T16:23:35+00:00\",\"breadcrumb\":{\"@id\":\"https:\\\/\\\/www.esplac.cat\\\/obrim-placa-coordinadora-projectes-sectors-barcelones-nord-valles-occidental\\\/#breadcrumb\"},\"inLanguage\":\"es\",\"potentialAction\":[{\"@type\":\"ReadAction\",\"target\":[\"https:\\\/\\\/www.esplac.cat\\\/obrim-placa-coordinadora-projectes-sectors-barcelones-nord-valles-occidental\\\/\"]}]},{\"@type\":\"ImageObject\",\"inLanguage\":\"es\",\"@id\":\"https:\\\/\\\/www.esplac.cat\\\/obrim-placa-coordinadora-projectes-sectors-barcelones-nord-valles-occidental\\\/#primaryimage\",\"url\":\"https:\\\/\\\/www.esplac.cat\\\/wp-content\\\/uploads\\\/2017\\\/06\\\/Noti_Web_Valles_AGO-2-2.jpg\",\"contentUrl\":\"https:\\\/\\\/www.esplac.cat\\\/wp-content\\\/uploads\\\/2017\\\/06\\\/Noti_Web_Valles_AGO-2-2.jpg\",\"width\":847,\"height\":350},{\"@type\":\"BreadcrumbList\",\"@id\":\"https:\\\/\\\/www.esplac.cat\\\/obrim-placa-coordinadora-projectes-sectors-barcelones-nord-valles-occidental\\\/#breadcrumb\",\"itemListElement\":[{\"@type\":\"ListItem\",\"position\":1,\"name\":\"Inici\",\"item\":\"https:\\\/\\\/www.esplac.cat\\\/es\\\/\"},{\"@type\":\"ListItem\",\"position\":2,\"name\":\"Obrim una pla\u00e7a de coordinador\\\/a de projectes per als sectors Barcelon\u00e8s Nord i Vall\u00e8s Occidental\"}]},{\"@type\":\"WebSite\",\"@id\":\"https:\\\/\\\/www.esplac.cat\\\/#website\",\"url\":\"https:\\\/\\\/www.esplac.cat\\\/\",\"name\":\"Esplac\",\"description\":\"Esplais Catalans\",\"publisher\":{\"@id\":\"https:\\\/\\\/www.esplac.cat\\\/#organization\"},\"potentialAction\":[{\"@type\":\"SearchAction\",\"target\":{\"@type\":\"EntryPoint\",\"urlTemplate\":\"https:\\\/\\\/www.esplac.cat\\\/?s={search_term_string}\"},\"query-input\":{\"@type\":\"PropertyValueSpecification\",\"valueRequired\":true,\"valueName\":\"search_term_string\"}}],\"inLanguage\":\"es\"},{\"@type\":\"Organization\",\"@id\":\"https:\\\/\\\/www.esplac.cat\\\/#organization\",\"name\":\"Esplac\",\"url\":\"https:\\\/\\\/www.esplac.cat\\\/\",\"logo\":{\"@type\":\"ImageObject\",\"inLanguage\":\"es\",\"@id\":\"https:\\\/\\\/www.esplac.cat\\\/#\\\/schema\\\/logo\\\/image\\\/\",\"url\":\"https:\\\/\\\/www.esplac.cat\\\/wp-content\\\/uploads\\\/2019\\\/08\\\/logox2.png\",\"contentUrl\":\"https:\\\/\\\/www.esplac.cat\\\/wp-content\\\/uploads\\\/2019\\\/08\\\/logox2.png\",\"width\":600,\"height\":295,\"caption\":\"Esplac\"},\"image\":{\"@id\":\"https:\\\/\\\/www.esplac.cat\\\/#\\\/schema\\\/logo\\\/image\\\/\"}},{\"@type\":\"Person\",\"@id\":\"https:\\\/\\\/www.esplac.cat\\\/#\\\/schema\\\/person\\\/8d7ee340c02b239b152b9ff2c3d40766\",\"name\":\"root\",\"image\":{\"@type\":\"ImageObject\",\"inLanguage\":\"es\",\"@id\":\"https:\\\/\\\/secure.gravatar.com\\\/avatar\\\/9356757d53af8c5db257f894fbbd9ee7446c25af07cd2e7844bd1cf43acef754?s=96&d=mm&r=g\",\"url\":\"https:\\\/\\\/secure.gravatar.com\\\/avatar\\\/9356757d53af8c5db257f894fbbd9ee7446c25af07cd2e7844bd1cf43acef754?s=96&d=mm&r=g\",\"contentUrl\":\"https:\\\/\\\/secure.gravatar.com\\\/avatar\\\/9356757d53af8c5db257f894fbbd9ee7446c25af07cd2e7844bd1cf43acef754?s=96&d=mm&r=g\",\"caption\":\"root\"}}]}<\/script>\n<!-- \/ Yoast SEO plugin. -->","yoast_head_json":{"title":"Obrim una pla\u00e7a de coordinador\/a de projectes per als sectors Barcelon\u00e8s Nord i Vall\u00e8s Occidental - Esplac","robots":{"index":"index","follow":"follow","max-snippet":"max-snippet:-1","max-image-preview":"max-image-preview:large","max-video-preview":"max-video-preview:-1"},"canonical":"https:\/\/www.esplac.cat\/obrim-placa-coordinadora-projectes-sectors-barcelones-nord-valles-occidental\/","og_locale":"es_ES","og_type":"article","og_title":"Obrim una pla\u00e7a de coordinador\/a de projectes per als sectors Barcelon\u00e8s Nord i Vall\u00e8s Occidental - Esplac","og_description":"A Esplais Catalans busquem coordinador\/a de projectes\u00a0per als Sectors Barcelon\u00e8s [&hellip;]","og_url":"https:\/\/www.esplac.cat\/obrim-placa-coordinadora-projectes-sectors-barcelones-nord-valles-occidental\/","og_site_name":"Esplac","article_published_time":"2019-02-19T07:00:19+00:00","article_modified_time":"2020-10-15T16:23:35+00:00","og_image":[{"width":847,"height":350,"url":"https:\/\/www.esplac.cat\/wp-content\/uploads\/2017\/06\/Noti_Web_Valles_AGO-2-2.jpg","type":"image\/jpeg"}],"author":"root","twitter_card":"summary_large_image","twitter_misc":{"Escrito por":"root","Tiempo de lectura":"2 minutos"},"schema":{"@context":"https:\/\/schema.org","@graph":[{"@type":"Article","@id":"https:\/\/www.esplac.cat\/obrim-placa-coordinadora-projectes-sectors-barcelones-nord-valles-occidental\/#article","isPartOf":{"@id":"https:\/\/www.esplac.cat\/obrim-placa-coordinadora-projectes-sectors-barcelones-nord-valles-occidental\/"},"author":{"name":"root","@id":"https:\/\/www.esplac.cat\/#\/schema\/person\/8d7ee340c02b239b152b9ff2c3d40766"},"headline":"Obrim una pla\u00e7a de coordinador\/a de projectes per als sectors Barcelon\u00e8s Nord i Vall\u00e8s Occidental","datePublished":"2019-02-19T07:00:19+00:00","dateModified":"2020-10-15T16:23:35+00:00","mainEntityOfPage":{"@id":"https:\/\/www.esplac.cat\/obrim-placa-coordinadora-projectes-sectors-barcelones-nord-valles-occidental\/"},"wordCount":411,"publisher":{"@id":"https:\/\/www.esplac.cat\/#organization"},"image":{"@id":"https:\/\/www.esplac.cat\/obrim-placa-coordinadora-projectes-sectors-barcelones-nord-valles-occidental\/#primaryimage"},"thumbnailUrl":"https:\/\/www.esplac.cat\/wp-content\/uploads\/2017\/06\/Noti_Web_Valles_AGO-2-2.jpg","keywords":["feina","laboral","sector Barcelon\u00e8s Nord","Sector Vall\u00e8s Occidental"],"articleSection":["Sector Baix Bes\u00f2s","Sector Vall\u00e8s Occidental","Sense categoria"],"inLanguage":"es"},{"@type":"WebPage","@id":"https:\/\/www.esplac.cat\/obrim-placa-coordinadora-projectes-sectors-barcelones-nord-valles-occidental\/","url":"https:\/\/www.esplac.cat\/obrim-placa-coordinadora-projectes-sectors-barcelones-nord-valles-occidental\/","name":"Obrim una pla\u00e7a de coordinador\/a de projectes per als sectors Barcelon\u00e8s Nord i Vall\u00e8s Occidental - Esplac","isPartOf":{"@id":"https:\/\/www.esplac.cat\/#website"},"primaryImageOfPage":{"@id":"https:\/\/www.esplac.cat\/obrim-placa-coordinadora-projectes-sectors-barcelones-nord-valles-occidental\/#primaryimage"},"image":{"@id":"https:\/\/www.esplac.cat\/obrim-placa-coordinadora-projectes-sectors-barcelones-nord-valles-occidental\/#primaryimage"},"thumbnailUrl":"https:\/\/www.esplac.cat\/wp-content\/uploads\/2017\/06\/Noti_Web_Valles_AGO-2-2.jpg","datePublished":"2019-02-19T07:00:19+00:00","dateModified":"2020-10-15T16:23:35+00:00","breadcrumb":{"@id":"https:\/\/www.esplac.cat\/obrim-placa-coordinadora-projectes-sectors-barcelones-nord-valles-occidental\/#breadcrumb"},"inLanguage":"es","potentialAction":[{"@type":"ReadAction","target":["https:\/\/www.esplac.cat\/obrim-placa-coordinadora-projectes-sectors-barcelones-nord-valles-occidental\/"]}]},{"@type":"ImageObject","inLanguage":"es","@id":"https:\/\/www.esplac.cat\/obrim-placa-coordinadora-projectes-sectors-barcelones-nord-valles-occidental\/#primaryimage","url":"https:\/\/www.esplac.cat\/wp-content\/uploads\/2017\/06\/Noti_Web_Valles_AGO-2-2.jpg","contentUrl":"https:\/\/www.esplac.cat\/wp-content\/uploads\/2017\/06\/Noti_Web_Valles_AGO-2-2.jpg","width":847,"height":350},{"@type":"BreadcrumbList","@id":"https:\/\/www.esplac.cat\/obrim-placa-coordinadora-projectes-sectors-barcelones-nord-valles-occidental\/#breadcrumb","itemListElement":[{"@type":"ListItem","position":1,"name":"Inici","item":"https:\/\/www.esplac.cat\/es\/"},{"@type":"ListItem","position":2,"name":"Obrim una pla\u00e7a de coordinador\/a de projectes per als sectors Barcelon\u00e8s Nord i Vall\u00e8s Occidental"}]},{"@type":"WebSite","@id":"https:\/\/www.esplac.cat\/#website","url":"https:\/\/www.esplac.cat\/","name":"Esplac","description":"Esplais Catalans","publisher":{"@id":"https:\/\/www.esplac.cat\/#organization"},"potentialAction":[{"@type":"SearchAction","target":{"@type":"EntryPoint","urlTemplate":"https:\/\/www.esplac.cat\/?s={search_term_string}"},"query-input":{"@type":"PropertyValueSpecification","valueRequired":true,"valueName":"search_term_string"}}],"inLanguage":"es"},{"@type":"Organization","@id":"https:\/\/www.esplac.cat\/#organization","name":"Esplac","url":"https:\/\/www.esplac.cat\/","logo":{"@type":"ImageObject","inLanguage":"es","@id":"https:\/\/www.esplac.cat\/#\/schema\/logo\/image\/","url":"https:\/\/www.esplac.cat\/wp-content\/uploads\/2019\/08\/logox2.png","contentUrl":"https:\/\/www.esplac.cat\/wp-content\/uploads\/2019\/08\/logox2.png","width":600,"height":295,"caption":"Esplac"},"image":{"@id":"https:\/\/www.esplac.cat\/#\/schema\/logo\/image\/"}},{"@type":"Person","@id":"https:\/\/www.esplac.cat\/#\/schema\/person\/8d7ee340c02b239b152b9ff2c3d40766","name":"root","image":{"@type":"ImageObject","inLanguage":"es","@id":"https:\/\/secure.gravatar.com\/avatar\/9356757d53af8c5db257f894fbbd9ee7446c25af07cd2e7844bd1cf43acef754?s=96&d=mm&r=g","url":"https:\/\/secure.gravatar.com\/avatar\/9356757d53af8c5db257f894fbbd9ee7446c25af07cd2e7844bd1cf43acef754?s=96&d=mm&r=g","contentUrl":"https:\/\/secure.gravatar.com\/avatar\/9356757d53af8c5db257f894fbbd9ee7446c25af07cd2e7844bd1cf43acef754?s=96&d=mm&r=g","caption":"root"}}]}},"_links":{"self":[{"href":"https:\/\/www.esplac.cat\/es\/wp-json\/wp\/v2\/posts\/23843","targetHints":{"allow":["GET"]}}],"collection":[{"href":"https:\/\/www.esplac.cat\/es\/wp-json\/wp\/v2\/posts"}],"about":[{"href":"https:\/\/www.esplac.cat\/es\/wp-json\/wp\/v2\/types\/post"}],"author":[{"embeddable":true,"href":"https:\/\/www.esplac.cat\/es\/wp-json\/wp\/v2\/users\/1"}],"replies":[{"embeddable":true,"href":"https:\/\/www.esplac.cat\/es\/wp-json\/wp\/v2\/comments?post=23843"}],"version-history":[{"count":0,"href":"https:\/\/www.esplac.cat\/es\/wp-json\/wp\/v2\/posts\/23843\/revisions"}],"wp:featuredmedia":[{"embeddable":true,"href":"https:\/\/www.esplac.cat\/es\/wp-json\/wp\/v2\/media\/23844"}],"wp:attachment":[{"href":"https:\/\/www.esplac.cat\/es\/wp-json\/wp\/v2\/media?parent=23843"}],"wp:term":[{"taxonomy":"category","embeddable":true,"href":"https:\/\/www.esplac.cat\/es\/wp-json\/wp\/v2\/categories?post=23843"},{"taxonomy":"post_tag","embeddable":true,"href":"https:\/\/www.esplac.cat\/es\/wp-json\/wp\/v2\/tags?post=23843"}],"curies":[{"name":"wp","href":"https:\/\/api.w.org\/{rel}","templated":true}]}}