{"id":23852,"date":"2019-02-13T09:36:58","date_gmt":"2019-02-13T07:36:58","guid":{"rendered":"http:\/\/esplac.cat\/?p=21804"},"modified":"2020-10-15T17:23:36","modified_gmt":"2020-10-15T16:23:36","slug":"trobada-infants-maresme-un-exit","status":"publish","type":"post","link":"https:\/\/www.esplac.cat\/es\/trobada-infants-maresme-un-exit\/","title":{"rendered":"La Trobada d\u2019Infants del Maresme, un \u00e8xit!"},"content":{"rendered":"<h4 style=\"text-align: justify;\">Aquest passat 9 de Febrer, uns 200 infants i monis\u00a0provinents dels esplais del Maresme van fer la ja gran esperada Trobada d\u2019Infants al Parc Xinesta de Vilassar de Mar.<\/h4>\n<p style=\"text-align: justify;\">Despr\u00e9s d\u2019uns intensos mesos de preparaci\u00f3 per fi va arribar la trobada que tots els infants estaven esperant. A les 10 del mat\u00ed cares plenes d\u2019il\u00b7lusi\u00f3 i alegria omplien el <strong>Parc Xinesta de Vilassar de Mar<\/strong> i ben aviat ja es van posar a l\u2019acci\u00f3. Un mat\u00ed ple d\u2019activitats i proves els va donar la benvinguda i va permetre que els diferents esplais es coneguessin i divertissin tot junts. Per\u00f2 a la tarda es van endur una desagradable sorpresa; van saber que el parc estava en perill de destrucci\u00f3: una empres\u00e0ria tenia pensat construir-hi una gran f\u00e0brica contaminant en contra de la voluntat d\u2019infants del la vila. Per\u00f2 no es van resignar davant d\u2019aquesta injusticia, fent valer els seus drets amb una performance\u00a0plena de colors van evitar que el parc desaparegu\u00e9s. I per celebrar-ho, res millor que un bon berenar amb coques\u00a0acabades de sortir\u00a0del forn de Vilassar.<\/p>\n<p style=\"text-align: justify;\">Aix\u00ed doncs, un curs m\u00e9s, <strong>els infants del maresme han tingut l\u2019oportunitat de con\u00e8ixer-se i passar-ho d\u2019all\u00f2 m\u00e9s b\u00e9<\/strong>, i fer que el Maresme sigui una mica m\u00e9s lliure i tropical!<\/p>\n","protected":false},"excerpt":{"rendered":"<p>Aquest passat 9 de Febrer, uns 200 infants i monis\u00a0provinents [&hellip;]<\/p>\n","protected":false},"author":1,"featured_media":23853,"comment_status":"closed","ping_status":"open","sticky":false,"template":"","format":"standard","meta":{"om_disable_all_campaigns":false,"_monsterinsights_skip_tracking":false,"_monsterinsights_sitenote_active":false,"_monsterinsights_sitenote_note":"","_monsterinsights_sitenote_category":0,"_uf_show_specific_survey":0,"_uf_disable_surveys":false,"footnotes":""},"categories":[1113,1],"tags":[1031,1003,344,55,211,212,24,1041],"class_list":["post-23852","post","type-post","status-publish","format-standard","has-post-thumbnail","hentry","category-sector-maresme","category-sense-categoria","tag-activitats","tag-esplai","tag-infants","tag-maresme","tag-monitores","tag-monitors","tag-trobada-dinfants","tag-vilassar-de-mar"],"yoast_head":"<!-- This site is optimized with the Yoast SEO plugin v27.5 - https:\/\/yoast.com\/product\/yoast-seo-wordpress\/ -->\n<title>La Trobada d\u2019Infants del Maresme, un \u00e8xit! - Esplac<\/title>\n<meta name=\"robots\" content=\"index, follow, max-snippet:-1, max-image-preview:large, max-video-preview:-1\" \/>\n<link rel=\"canonical\" href=\"https:\/\/www.esplac.cat\/trobada-infants-maresme-un-exit\/\" \/>\n<meta property=\"og:locale\" content=\"es_ES\" \/>\n<meta property=\"og:type\" content=\"article\" \/>\n<meta property=\"og:title\" content=\"La Trobada d\u2019Infants del Maresme, un \u00e8xit! - Esplac\" \/>\n<meta property=\"og:description\" content=\"Aquest passat 9 de Febrer, uns 200 infants i monis\u00a0provinents [&hellip;]\" \/>\n<meta property=\"og:url\" content=\"https:\/\/www.esplac.cat\/trobada-infants-maresme-un-exit\/\" \/>\n<meta property=\"og:site_name\" content=\"Esplac\" \/>\n<meta property=\"article:published_time\" content=\"2019-02-13T07:36:58+00:00\" \/>\n<meta property=\"article:modified_time\" content=\"2020-10-15T16:23:36+00:00\" \/>\n<meta property=\"og:image\" content=\"https:\/\/www.esplac.cat\/wp-content\/uploads\/2019\/02\/portadamaresme.jpg\" \/>\n\t<meta property=\"og:image:width\" content=\"847\" \/>\n\t<meta property=\"og:image:height\" content=\"350\" \/>\n\t<meta property=\"og:image:type\" content=\"image\/jpeg\" \/>\n<meta name=\"author\" content=\"root\" \/>\n<meta name=\"twitter:card\" content=\"summary_large_image\" \/>\n<meta name=\"twitter:label1\" content=\"Escrito por\" \/>\n\t<meta name=\"twitter:data1\" content=\"root\" \/>\n\t<meta name=\"twitter:label2\" content=\"Tiempo de lectura\" \/>\n\t<meta name=\"twitter:data2\" content=\"1 minuto\" \/>\n<script type=\"application\/ld+json\" class=\"yoast-schema-graph\">{\"@context\":\"https:\\\/\\\/schema.org\",\"@graph\":[{\"@type\":\"Article\",\"@id\":\"https:\\\/\\\/www.esplac.cat\\\/trobada-infants-maresme-un-exit\\\/#article\",\"isPartOf\":{\"@id\":\"https:\\\/\\\/www.esplac.cat\\\/trobada-infants-maresme-un-exit\\\/\"},\"author\":{\"name\":\"root\",\"@id\":\"https:\\\/\\\/www.esplac.cat\\\/#\\\/schema\\\/person\\\/8d7ee340c02b239b152b9ff2c3d40766\"},\"headline\":\"La Trobada d\u2019Infants del Maresme, un \u00e8xit!\",\"datePublished\":\"2019-02-13T07:36:58+00:00\",\"dateModified\":\"2020-10-15T16:23:36+00:00\",\"mainEntityOfPage\":{\"@id\":\"https:\\\/\\\/www.esplac.cat\\\/trobada-infants-maresme-un-exit\\\/\"},\"wordCount\":234,\"publisher\":{\"@id\":\"https:\\\/\\\/www.esplac.cat\\\/#organization\"},\"image\":{\"@id\":\"https:\\\/\\\/www.esplac.cat\\\/trobada-infants-maresme-un-exit\\\/#primaryimage\"},\"thumbnailUrl\":\"https:\\\/\\\/www.esplac.cat\\\/wp-content\\\/uploads\\\/2019\\\/02\\\/portadamaresme.jpg\",\"keywords\":[\"activitats\",\"esplai\",\"infants\",\"maresme\",\"monitores\",\"monitors\",\"trobada d'infants\",\"Vilassar de Mar\"],\"articleSection\":[\"Sector Maresme\",\"Sense categoria\"],\"inLanguage\":\"es\"},{\"@type\":\"WebPage\",\"@id\":\"https:\\\/\\\/www.esplac.cat\\\/trobada-infants-maresme-un-exit\\\/\",\"url\":\"https:\\\/\\\/www.esplac.cat\\\/trobada-infants-maresme-un-exit\\\/\",\"name\":\"La Trobada d\u2019Infants del Maresme, un \u00e8xit! - Esplac\",\"isPartOf\":{\"@id\":\"https:\\\/\\\/www.esplac.cat\\\/#website\"},\"primaryImageOfPage\":{\"@id\":\"https:\\\/\\\/www.esplac.cat\\\/trobada-infants-maresme-un-exit\\\/#primaryimage\"},\"image\":{\"@id\":\"https:\\\/\\\/www.esplac.cat\\\/trobada-infants-maresme-un-exit\\\/#primaryimage\"},\"thumbnailUrl\":\"https:\\\/\\\/www.esplac.cat\\\/wp-content\\\/uploads\\\/2019\\\/02\\\/portadamaresme.jpg\",\"datePublished\":\"2019-02-13T07:36:58+00:00\",\"dateModified\":\"2020-10-15T16:23:36+00:00\",\"breadcrumb\":{\"@id\":\"https:\\\/\\\/www.esplac.cat\\\/trobada-infants-maresme-un-exit\\\/#breadcrumb\"},\"inLanguage\":\"es\",\"potentialAction\":[{\"@type\":\"ReadAction\",\"target\":[\"https:\\\/\\\/www.esplac.cat\\\/trobada-infants-maresme-un-exit\\\/\"]}]},{\"@type\":\"ImageObject\",\"inLanguage\":\"es\",\"@id\":\"https:\\\/\\\/www.esplac.cat\\\/trobada-infants-maresme-un-exit\\\/#primaryimage\",\"url\":\"https:\\\/\\\/www.esplac.cat\\\/wp-content\\\/uploads\\\/2019\\\/02\\\/portadamaresme.jpg\",\"contentUrl\":\"https:\\\/\\\/www.esplac.cat\\\/wp-content\\\/uploads\\\/2019\\\/02\\\/portadamaresme.jpg\",\"width\":847,\"height\":350},{\"@type\":\"BreadcrumbList\",\"@id\":\"https:\\\/\\\/www.esplac.cat\\\/trobada-infants-maresme-un-exit\\\/#breadcrumb\",\"itemListElement\":[{\"@type\":\"ListItem\",\"position\":1,\"name\":\"Inici\",\"item\":\"https:\\\/\\\/www.esplac.cat\\\/es\\\/\"},{\"@type\":\"ListItem\",\"position\":2,\"name\":\"La Trobada d\u2019Infants del Maresme, un \u00e8xit!\"}]},{\"@type\":\"WebSite\",\"@id\":\"https:\\\/\\\/www.esplac.cat\\\/#website\",\"url\":\"https:\\\/\\\/www.esplac.cat\\\/\",\"name\":\"Esplac\",\"description\":\"Esplais Catalans\",\"publisher\":{\"@id\":\"https:\\\/\\\/www.esplac.cat\\\/#organization\"},\"potentialAction\":[{\"@type\":\"SearchAction\",\"target\":{\"@type\":\"EntryPoint\",\"urlTemplate\":\"https:\\\/\\\/www.esplac.cat\\\/?s={search_term_string}\"},\"query-input\":{\"@type\":\"PropertyValueSpecification\",\"valueRequired\":true,\"valueName\":\"search_term_string\"}}],\"inLanguage\":\"es\"},{\"@type\":\"Organization\",\"@id\":\"https:\\\/\\\/www.esplac.cat\\\/#organization\",\"name\":\"Esplac\",\"url\":\"https:\\\/\\\/www.esplac.cat\\\/\",\"logo\":{\"@type\":\"ImageObject\",\"inLanguage\":\"es\",\"@id\":\"https:\\\/\\\/www.esplac.cat\\\/#\\\/schema\\\/logo\\\/image\\\/\",\"url\":\"https:\\\/\\\/www.esplac.cat\\\/wp-content\\\/uploads\\\/2019\\\/08\\\/logox2.png\",\"contentUrl\":\"https:\\\/\\\/www.esplac.cat\\\/wp-content\\\/uploads\\\/2019\\\/08\\\/logox2.png\",\"width\":600,\"height\":295,\"caption\":\"Esplac\"},\"image\":{\"@id\":\"https:\\\/\\\/www.esplac.cat\\\/#\\\/schema\\\/logo\\\/image\\\/\"}},{\"@type\":\"Person\",\"@id\":\"https:\\\/\\\/www.esplac.cat\\\/#\\\/schema\\\/person\\\/8d7ee340c02b239b152b9ff2c3d40766\",\"name\":\"root\",\"image\":{\"@type\":\"ImageObject\",\"inLanguage\":\"es\",\"@id\":\"https:\\\/\\\/secure.gravatar.com\\\/avatar\\\/9356757d53af8c5db257f894fbbd9ee7446c25af07cd2e7844bd1cf43acef754?s=96&d=mm&r=g\",\"url\":\"https:\\\/\\\/secure.gravatar.com\\\/avatar\\\/9356757d53af8c5db257f894fbbd9ee7446c25af07cd2e7844bd1cf43acef754?s=96&d=mm&r=g\",\"contentUrl\":\"https:\\\/\\\/secure.gravatar.com\\\/avatar\\\/9356757d53af8c5db257f894fbbd9ee7446c25af07cd2e7844bd1cf43acef754?s=96&d=mm&r=g\",\"caption\":\"root\"}}]}<\/script>\n<!-- \/ Yoast SEO plugin. -->","yoast_head_json":{"title":"La Trobada d\u2019Infants del Maresme, un \u00e8xit! - Esplac","robots":{"index":"index","follow":"follow","max-snippet":"max-snippet:-1","max-image-preview":"max-image-preview:large","max-video-preview":"max-video-preview:-1"},"canonical":"https:\/\/www.esplac.cat\/trobada-infants-maresme-un-exit\/","og_locale":"es_ES","og_type":"article","og_title":"La Trobada d\u2019Infants del Maresme, un \u00e8xit! - Esplac","og_description":"Aquest passat 9 de Febrer, uns 200 infants i monis\u00a0provinents [&hellip;]","og_url":"https:\/\/www.esplac.cat\/trobada-infants-maresme-un-exit\/","og_site_name":"Esplac","article_published_time":"2019-02-13T07:36:58+00:00","article_modified_time":"2020-10-15T16:23:36+00:00","og_image":[{"width":847,"height":350,"url":"https:\/\/www.esplac.cat\/wp-content\/uploads\/2019\/02\/portadamaresme.jpg","type":"image\/jpeg"}],"author":"root","twitter_card":"summary_large_image","twitter_misc":{"Escrito por":"root","Tiempo de lectura":"1 minuto"},"schema":{"@context":"https:\/\/schema.org","@graph":[{"@type":"Article","@id":"https:\/\/www.esplac.cat\/trobada-infants-maresme-un-exit\/#article","isPartOf":{"@id":"https:\/\/www.esplac.cat\/trobada-infants-maresme-un-exit\/"},"author":{"name":"root","@id":"https:\/\/www.esplac.cat\/#\/schema\/person\/8d7ee340c02b239b152b9ff2c3d40766"},"headline":"La Trobada d\u2019Infants del Maresme, un \u00e8xit!","datePublished":"2019-02-13T07:36:58+00:00","dateModified":"2020-10-15T16:23:36+00:00","mainEntityOfPage":{"@id":"https:\/\/www.esplac.cat\/trobada-infants-maresme-un-exit\/"},"wordCount":234,"publisher":{"@id":"https:\/\/www.esplac.cat\/#organization"},"image":{"@id":"https:\/\/www.esplac.cat\/trobada-infants-maresme-un-exit\/#primaryimage"},"thumbnailUrl":"https:\/\/www.esplac.cat\/wp-content\/uploads\/2019\/02\/portadamaresme.jpg","keywords":["activitats","esplai","infants","maresme","monitores","monitors","trobada d'infants","Vilassar de Mar"],"articleSection":["Sector Maresme","Sense categoria"],"inLanguage":"es"},{"@type":"WebPage","@id":"https:\/\/www.esplac.cat\/trobada-infants-maresme-un-exit\/","url":"https:\/\/www.esplac.cat\/trobada-infants-maresme-un-exit\/","name":"La Trobada d\u2019Infants del Maresme, un \u00e8xit! - Esplac","isPartOf":{"@id":"https:\/\/www.esplac.cat\/#website"},"primaryImageOfPage":{"@id":"https:\/\/www.esplac.cat\/trobada-infants-maresme-un-exit\/#primaryimage"},"image":{"@id":"https:\/\/www.esplac.cat\/trobada-infants-maresme-un-exit\/#primaryimage"},"thumbnailUrl":"https:\/\/www.esplac.cat\/wp-content\/uploads\/2019\/02\/portadamaresme.jpg","datePublished":"2019-02-13T07:36:58+00:00","dateModified":"2020-10-15T16:23:36+00:00","breadcrumb":{"@id":"https:\/\/www.esplac.cat\/trobada-infants-maresme-un-exit\/#breadcrumb"},"inLanguage":"es","potentialAction":[{"@type":"ReadAction","target":["https:\/\/www.esplac.cat\/trobada-infants-maresme-un-exit\/"]}]},{"@type":"ImageObject","inLanguage":"es","@id":"https:\/\/www.esplac.cat\/trobada-infants-maresme-un-exit\/#primaryimage","url":"https:\/\/www.esplac.cat\/wp-content\/uploads\/2019\/02\/portadamaresme.jpg","contentUrl":"https:\/\/www.esplac.cat\/wp-content\/uploads\/2019\/02\/portadamaresme.jpg","width":847,"height":350},{"@type":"BreadcrumbList","@id":"https:\/\/www.esplac.cat\/trobada-infants-maresme-un-exit\/#breadcrumb","itemListElement":[{"@type":"ListItem","position":1,"name":"Inici","item":"https:\/\/www.esplac.cat\/es\/"},{"@type":"ListItem","position":2,"name":"La Trobada d\u2019Infants del Maresme, un \u00e8xit!"}]},{"@type":"WebSite","@id":"https:\/\/www.esplac.cat\/#website","url":"https:\/\/www.esplac.cat\/","name":"Esplac","description":"Esplais Catalans","publisher":{"@id":"https:\/\/www.esplac.cat\/#organization"},"potentialAction":[{"@type":"SearchAction","target":{"@type":"EntryPoint","urlTemplate":"https:\/\/www.esplac.cat\/?s={search_term_string}"},"query-input":{"@type":"PropertyValueSpecification","valueRequired":true,"valueName":"search_term_string"}}],"inLanguage":"es"},{"@type":"Organization","@id":"https:\/\/www.esplac.cat\/#organization","name":"Esplac","url":"https:\/\/www.esplac.cat\/","logo":{"@type":"ImageObject","inLanguage":"es","@id":"https:\/\/www.esplac.cat\/#\/schema\/logo\/image\/","url":"https:\/\/www.esplac.cat\/wp-content\/uploads\/2019\/08\/logox2.png","contentUrl":"https:\/\/www.esplac.cat\/wp-content\/uploads\/2019\/08\/logox2.png","width":600,"height":295,"caption":"Esplac"},"image":{"@id":"https:\/\/www.esplac.cat\/#\/schema\/logo\/image\/"}},{"@type":"Person","@id":"https:\/\/www.esplac.cat\/#\/schema\/person\/8d7ee340c02b239b152b9ff2c3d40766","name":"root","image":{"@type":"ImageObject","inLanguage":"es","@id":"https:\/\/secure.gravatar.com\/avatar\/9356757d53af8c5db257f894fbbd9ee7446c25af07cd2e7844bd1cf43acef754?s=96&d=mm&r=g","url":"https:\/\/secure.gravatar.com\/avatar\/9356757d53af8c5db257f894fbbd9ee7446c25af07cd2e7844bd1cf43acef754?s=96&d=mm&r=g","contentUrl":"https:\/\/secure.gravatar.com\/avatar\/9356757d53af8c5db257f894fbbd9ee7446c25af07cd2e7844bd1cf43acef754?s=96&d=mm&r=g","caption":"root"}}]}},"_links":{"self":[{"href":"https:\/\/www.esplac.cat\/es\/wp-json\/wp\/v2\/posts\/23852","targetHints":{"allow":["GET"]}}],"collection":[{"href":"https:\/\/www.esplac.cat\/es\/wp-json\/wp\/v2\/posts"}],"about":[{"href":"https:\/\/www.esplac.cat\/es\/wp-json\/wp\/v2\/types\/post"}],"author":[{"embeddable":true,"href":"https:\/\/www.esplac.cat\/es\/wp-json\/wp\/v2\/users\/1"}],"replies":[{"embeddable":true,"href":"https:\/\/www.esplac.cat\/es\/wp-json\/wp\/v2\/comments?post=23852"}],"version-history":[{"count":0,"href":"https:\/\/www.esplac.cat\/es\/wp-json\/wp\/v2\/posts\/23852\/revisions"}],"wp:featuredmedia":[{"embeddable":true,"href":"https:\/\/www.esplac.cat\/es\/wp-json\/wp\/v2\/media\/23853"}],"wp:attachment":[{"href":"https:\/\/www.esplac.cat\/es\/wp-json\/wp\/v2\/media?parent=23852"}],"wp:term":[{"taxonomy":"category","embeddable":true,"href":"https:\/\/www.esplac.cat\/es\/wp-json\/wp\/v2\/categories?post=23852"},{"taxonomy":"post_tag","embeddable":true,"href":"https:\/\/www.esplac.cat\/es\/wp-json\/wp\/v2\/tags?post=23852"}],"curies":[{"name":"wp","href":"https:\/\/api.w.org\/{rel}","templated":true}]}}