{"id":23854,"date":"2019-02-11T11:44:32","date_gmt":"2019-02-11T09:44:32","guid":{"rendered":"http:\/\/esplac.cat\/?p=21785"},"modified":"2020-10-15T17:23:37","modified_gmt":"2020-10-15T16:23:37","slug":"comencen-primeres-taules-rodones-motiu-80e-aniversari-esplai-gmm","status":"publish","type":"post","link":"https:\/\/www.esplac.cat\/es\/comencen-primeres-taules-rodones-motiu-80e-aniversari-esplai-gmm\/","title":{"rendered":"Comencen les primeres taules rodones amb motiu del 80\u00e8 aniversari de l&#8217;esplai GMM!"},"content":{"rendered":"<h4 style=\"text-align: justify;\">Aquest 2019, l&#8217;esplai GMM fem 80 any i en el marc d&#8217;activitats programades per aquesta celebraci\u00f3, dissabte passat es van celebrar les primeres taules rodones.<\/h4>\n<p style=\"text-align: justify;\">La intenci\u00f3 d&#8217;aquestes taules rodones era crear un espai on reunir-nos, monitores i fam\u00edlies per parlar i debatre les inquietuds que tenim envers educaci\u00f3 dels infants i joves que tenim. Creiem que era una bona iniciativa, ja que tant les fam\u00edlies com nosaltres treballem per l&#8217;educaci\u00f3 dels mateixos infants i era xulo compartir experi\u00e8ncies i maneres de fer.<\/p>\n<p style=\"text-align: justify;\">Les primeres taules vam tractar sobre <strong>la gesti\u00f3 del conflicte <\/strong>i van venir unes 15 fam\u00edlies. Es van dividir en grups petits per debatre com encarar\u00edem algunes q\u00fcestions i despr\u00e9s es va posar en com\u00fa i es van debatre dubtes sobre com gestionem el conflicte i com gestionar de la millor manera possible diferents situacions. No vam arribar a conclusions acurades, era m\u00e9s aviat un espai per posar sobre la taula inquietuds respecte al tema. Vam crear un espai de comunicaci\u00f3 i horitzontalitat amb les fam\u00edlies molt bonic.<\/p>\n<p style=\"text-align: justify;\">La pr\u00f2xima taula rodona \u00e9s el 4 de maig!<\/p>\n<p>&nbsp;<\/p>\n","protected":false},"excerpt":{"rendered":"<p>Aquest 2019, l&#8217;esplai GMM fem 80 any i en el [&hellip;]<\/p>\n","protected":false},"author":1,"featured_media":23855,"comment_status":"closed","ping_status":"open","sticky":false,"template":"","format":"standard","meta":{"om_disable_all_campaigns":false,"_monsterinsights_skip_tracking":false,"_monsterinsights_sitenote_active":false,"_monsterinsights_sitenote_note":"","_monsterinsights_sitenote_category":0,"_uf_show_specific_survey":0,"_uf_disable_surveys":false,"footnotes":""},"categories":[1128,1],"tags":[],"class_list":["post-23854","post","type-post","status-publish","format-standard","has-post-thumbnail","hentry","category-sector-barcelona","category-sense-categoria"],"yoast_head":"<!-- This site is optimized with the Yoast SEO plugin v27.5 - https:\/\/yoast.com\/product\/yoast-seo-wordpress\/ -->\n<title>Comencen les primeres taules rodones amb motiu del 80\u00e8 aniversari de l&#039;esplai GMM! - Esplac<\/title>\n<meta name=\"robots\" content=\"index, follow, max-snippet:-1, max-image-preview:large, max-video-preview:-1\" \/>\n<link rel=\"canonical\" href=\"https:\/\/www.esplac.cat\/es\/comencen-primeres-taules-rodones-motiu-80e-aniversari-esplai-gmm\/\" \/>\n<meta property=\"og:locale\" content=\"es_ES\" \/>\n<meta property=\"og:type\" content=\"article\" \/>\n<meta property=\"og:title\" content=\"Comencen les primeres taules rodones amb motiu del 80\u00e8 aniversari de l&#039;esplai GMM! - Esplac\" \/>\n<meta property=\"og:description\" content=\"Aquest 2019, l&#8217;esplai GMM fem 80 any i en el [&hellip;]\" \/>\n<meta property=\"og:url\" content=\"https:\/\/www.esplac.cat\/es\/comencen-primeres-taules-rodones-motiu-80e-aniversari-esplai-gmm\/\" \/>\n<meta property=\"og:site_name\" content=\"Esplac\" \/>\n<meta property=\"article:published_time\" content=\"2019-02-11T09:44:32+00:00\" \/>\n<meta property=\"article:modified_time\" content=\"2020-10-15T16:23:37+00:00\" \/>\n<meta property=\"og:image\" content=\"https:\/\/www.esplac.cat\/wp-content\/uploads\/2019\/02\/portadagmm.jpg\" \/>\n\t<meta property=\"og:image:width\" content=\"847\" \/>\n\t<meta property=\"og:image:height\" content=\"350\" \/>\n\t<meta property=\"og:image:type\" content=\"image\/jpeg\" \/>\n<meta name=\"author\" content=\"root\" \/>\n<meta name=\"twitter:card\" content=\"summary_large_image\" \/>\n<meta name=\"twitter:label1\" content=\"Escrito por\" \/>\n\t<meta name=\"twitter:data1\" content=\"root\" \/>\n\t<meta name=\"twitter:label2\" content=\"Tiempo de lectura\" \/>\n\t<meta name=\"twitter:data2\" content=\"1 minuto\" \/>\n<script type=\"application\/ld+json\" class=\"yoast-schema-graph\">{\"@context\":\"https:\\\/\\\/schema.org\",\"@graph\":[{\"@type\":\"Article\",\"@id\":\"https:\\\/\\\/www.esplac.cat\\\/es\\\/comencen-primeres-taules-rodones-motiu-80e-aniversari-esplai-gmm\\\/#article\",\"isPartOf\":{\"@id\":\"https:\\\/\\\/www.esplac.cat\\\/es\\\/comencen-primeres-taules-rodones-motiu-80e-aniversari-esplai-gmm\\\/\"},\"author\":{\"name\":\"root\",\"@id\":\"https:\\\/\\\/www.esplac.cat\\\/#\\\/schema\\\/person\\\/8d7ee340c02b239b152b9ff2c3d40766\"},\"headline\":\"Comencen les primeres taules rodones amb motiu del 80\u00e8 aniversari de l&#8217;esplai GMM!\",\"datePublished\":\"2019-02-11T09:44:32+00:00\",\"dateModified\":\"2020-10-15T16:23:37+00:00\",\"mainEntityOfPage\":{\"@id\":\"https:\\\/\\\/www.esplac.cat\\\/es\\\/comencen-primeres-taules-rodones-motiu-80e-aniversari-esplai-gmm\\\/\"},\"wordCount\":204,\"publisher\":{\"@id\":\"https:\\\/\\\/www.esplac.cat\\\/#organization\"},\"image\":{\"@id\":\"https:\\\/\\\/www.esplac.cat\\\/es\\\/comencen-primeres-taules-rodones-motiu-80e-aniversari-esplai-gmm\\\/#primaryimage\"},\"thumbnailUrl\":\"https:\\\/\\\/www.esplac.cat\\\/wp-content\\\/uploads\\\/2019\\\/02\\\/portadagmm.jpg\",\"articleSection\":[\"Sector Barcelona\",\"Sense categoria\"],\"inLanguage\":\"es\"},{\"@type\":\"WebPage\",\"@id\":\"https:\\\/\\\/www.esplac.cat\\\/es\\\/comencen-primeres-taules-rodones-motiu-80e-aniversari-esplai-gmm\\\/\",\"url\":\"https:\\\/\\\/www.esplac.cat\\\/es\\\/comencen-primeres-taules-rodones-motiu-80e-aniversari-esplai-gmm\\\/\",\"name\":\"Comencen les primeres taules rodones amb motiu del 80\u00e8 aniversari de l'esplai GMM! - Esplac\",\"isPartOf\":{\"@id\":\"https:\\\/\\\/www.esplac.cat\\\/#website\"},\"primaryImageOfPage\":{\"@id\":\"https:\\\/\\\/www.esplac.cat\\\/es\\\/comencen-primeres-taules-rodones-motiu-80e-aniversari-esplai-gmm\\\/#primaryimage\"},\"image\":{\"@id\":\"https:\\\/\\\/www.esplac.cat\\\/es\\\/comencen-primeres-taules-rodones-motiu-80e-aniversari-esplai-gmm\\\/#primaryimage\"},\"thumbnailUrl\":\"https:\\\/\\\/www.esplac.cat\\\/wp-content\\\/uploads\\\/2019\\\/02\\\/portadagmm.jpg\",\"datePublished\":\"2019-02-11T09:44:32+00:00\",\"dateModified\":\"2020-10-15T16:23:37+00:00\",\"breadcrumb\":{\"@id\":\"https:\\\/\\\/www.esplac.cat\\\/es\\\/comencen-primeres-taules-rodones-motiu-80e-aniversari-esplai-gmm\\\/#breadcrumb\"},\"inLanguage\":\"es\",\"potentialAction\":[{\"@type\":\"ReadAction\",\"target\":[\"https:\\\/\\\/www.esplac.cat\\\/es\\\/comencen-primeres-taules-rodones-motiu-80e-aniversari-esplai-gmm\\\/\"]}]},{\"@type\":\"ImageObject\",\"inLanguage\":\"es\",\"@id\":\"https:\\\/\\\/www.esplac.cat\\\/es\\\/comencen-primeres-taules-rodones-motiu-80e-aniversari-esplai-gmm\\\/#primaryimage\",\"url\":\"https:\\\/\\\/www.esplac.cat\\\/wp-content\\\/uploads\\\/2019\\\/02\\\/portadagmm.jpg\",\"contentUrl\":\"https:\\\/\\\/www.esplac.cat\\\/wp-content\\\/uploads\\\/2019\\\/02\\\/portadagmm.jpg\",\"width\":847,\"height\":350},{\"@type\":\"BreadcrumbList\",\"@id\":\"https:\\\/\\\/www.esplac.cat\\\/es\\\/comencen-primeres-taules-rodones-motiu-80e-aniversari-esplai-gmm\\\/#breadcrumb\",\"itemListElement\":[{\"@type\":\"ListItem\",\"position\":1,\"name\":\"Inici\",\"item\":\"https:\\\/\\\/www.esplac.cat\\\/es\\\/\"},{\"@type\":\"ListItem\",\"position\":2,\"name\":\"Comencen les primeres taules rodones amb motiu del 80\u00e8 aniversari de l&#8217;esplai GMM!\"}]},{\"@type\":\"WebSite\",\"@id\":\"https:\\\/\\\/www.esplac.cat\\\/#website\",\"url\":\"https:\\\/\\\/www.esplac.cat\\\/\",\"name\":\"Esplac\",\"description\":\"Esplais Catalans\",\"publisher\":{\"@id\":\"https:\\\/\\\/www.esplac.cat\\\/#organization\"},\"potentialAction\":[{\"@type\":\"SearchAction\",\"target\":{\"@type\":\"EntryPoint\",\"urlTemplate\":\"https:\\\/\\\/www.esplac.cat\\\/?s={search_term_string}\"},\"query-input\":{\"@type\":\"PropertyValueSpecification\",\"valueRequired\":true,\"valueName\":\"search_term_string\"}}],\"inLanguage\":\"es\"},{\"@type\":\"Organization\",\"@id\":\"https:\\\/\\\/www.esplac.cat\\\/#organization\",\"name\":\"Esplac\",\"url\":\"https:\\\/\\\/www.esplac.cat\\\/\",\"logo\":{\"@type\":\"ImageObject\",\"inLanguage\":\"es\",\"@id\":\"https:\\\/\\\/www.esplac.cat\\\/#\\\/schema\\\/logo\\\/image\\\/\",\"url\":\"https:\\\/\\\/www.esplac.cat\\\/wp-content\\\/uploads\\\/2019\\\/08\\\/logox2.png\",\"contentUrl\":\"https:\\\/\\\/www.esplac.cat\\\/wp-content\\\/uploads\\\/2019\\\/08\\\/logox2.png\",\"width\":600,\"height\":295,\"caption\":\"Esplac\"},\"image\":{\"@id\":\"https:\\\/\\\/www.esplac.cat\\\/#\\\/schema\\\/logo\\\/image\\\/\"}},{\"@type\":\"Person\",\"@id\":\"https:\\\/\\\/www.esplac.cat\\\/#\\\/schema\\\/person\\\/8d7ee340c02b239b152b9ff2c3d40766\",\"name\":\"root\",\"image\":{\"@type\":\"ImageObject\",\"inLanguage\":\"es\",\"@id\":\"https:\\\/\\\/secure.gravatar.com\\\/avatar\\\/9356757d53af8c5db257f894fbbd9ee7446c25af07cd2e7844bd1cf43acef754?s=96&d=mm&r=g\",\"url\":\"https:\\\/\\\/secure.gravatar.com\\\/avatar\\\/9356757d53af8c5db257f894fbbd9ee7446c25af07cd2e7844bd1cf43acef754?s=96&d=mm&r=g\",\"contentUrl\":\"https:\\\/\\\/secure.gravatar.com\\\/avatar\\\/9356757d53af8c5db257f894fbbd9ee7446c25af07cd2e7844bd1cf43acef754?s=96&d=mm&r=g\",\"caption\":\"root\"}}]}<\/script>\n<!-- \/ Yoast SEO plugin. -->","yoast_head_json":{"title":"Comencen les primeres taules rodones amb motiu del 80\u00e8 aniversari de l'esplai GMM! - Esplac","robots":{"index":"index","follow":"follow","max-snippet":"max-snippet:-1","max-image-preview":"max-image-preview:large","max-video-preview":"max-video-preview:-1"},"canonical":"https:\/\/www.esplac.cat\/es\/comencen-primeres-taules-rodones-motiu-80e-aniversari-esplai-gmm\/","og_locale":"es_ES","og_type":"article","og_title":"Comencen les primeres taules rodones amb motiu del 80\u00e8 aniversari de l'esplai GMM! - Esplac","og_description":"Aquest 2019, l&#8217;esplai GMM fem 80 any i en el [&hellip;]","og_url":"https:\/\/www.esplac.cat\/es\/comencen-primeres-taules-rodones-motiu-80e-aniversari-esplai-gmm\/","og_site_name":"Esplac","article_published_time":"2019-02-11T09:44:32+00:00","article_modified_time":"2020-10-15T16:23:37+00:00","og_image":[{"width":847,"height":350,"url":"https:\/\/www.esplac.cat\/wp-content\/uploads\/2019\/02\/portadagmm.jpg","type":"image\/jpeg"}],"author":"root","twitter_card":"summary_large_image","twitter_misc":{"Escrito por":"root","Tiempo de lectura":"1 minuto"},"schema":{"@context":"https:\/\/schema.org","@graph":[{"@type":"Article","@id":"https:\/\/www.esplac.cat\/es\/comencen-primeres-taules-rodones-motiu-80e-aniversari-esplai-gmm\/#article","isPartOf":{"@id":"https:\/\/www.esplac.cat\/es\/comencen-primeres-taules-rodones-motiu-80e-aniversari-esplai-gmm\/"},"author":{"name":"root","@id":"https:\/\/www.esplac.cat\/#\/schema\/person\/8d7ee340c02b239b152b9ff2c3d40766"},"headline":"Comencen les primeres taules rodones amb motiu del 80\u00e8 aniversari de l&#8217;esplai GMM!","datePublished":"2019-02-11T09:44:32+00:00","dateModified":"2020-10-15T16:23:37+00:00","mainEntityOfPage":{"@id":"https:\/\/www.esplac.cat\/es\/comencen-primeres-taules-rodones-motiu-80e-aniversari-esplai-gmm\/"},"wordCount":204,"publisher":{"@id":"https:\/\/www.esplac.cat\/#organization"},"image":{"@id":"https:\/\/www.esplac.cat\/es\/comencen-primeres-taules-rodones-motiu-80e-aniversari-esplai-gmm\/#primaryimage"},"thumbnailUrl":"https:\/\/www.esplac.cat\/wp-content\/uploads\/2019\/02\/portadagmm.jpg","articleSection":["Sector Barcelona","Sense categoria"],"inLanguage":"es"},{"@type":"WebPage","@id":"https:\/\/www.esplac.cat\/es\/comencen-primeres-taules-rodones-motiu-80e-aniversari-esplai-gmm\/","url":"https:\/\/www.esplac.cat\/es\/comencen-primeres-taules-rodones-motiu-80e-aniversari-esplai-gmm\/","name":"Comencen les primeres taules rodones amb motiu del 80\u00e8 aniversari de l'esplai GMM! - Esplac","isPartOf":{"@id":"https:\/\/www.esplac.cat\/#website"},"primaryImageOfPage":{"@id":"https:\/\/www.esplac.cat\/es\/comencen-primeres-taules-rodones-motiu-80e-aniversari-esplai-gmm\/#primaryimage"},"image":{"@id":"https:\/\/www.esplac.cat\/es\/comencen-primeres-taules-rodones-motiu-80e-aniversari-esplai-gmm\/#primaryimage"},"thumbnailUrl":"https:\/\/www.esplac.cat\/wp-content\/uploads\/2019\/02\/portadagmm.jpg","datePublished":"2019-02-11T09:44:32+00:00","dateModified":"2020-10-15T16:23:37+00:00","breadcrumb":{"@id":"https:\/\/www.esplac.cat\/es\/comencen-primeres-taules-rodones-motiu-80e-aniversari-esplai-gmm\/#breadcrumb"},"inLanguage":"es","potentialAction":[{"@type":"ReadAction","target":["https:\/\/www.esplac.cat\/es\/comencen-primeres-taules-rodones-motiu-80e-aniversari-esplai-gmm\/"]}]},{"@type":"ImageObject","inLanguage":"es","@id":"https:\/\/www.esplac.cat\/es\/comencen-primeres-taules-rodones-motiu-80e-aniversari-esplai-gmm\/#primaryimage","url":"https:\/\/www.esplac.cat\/wp-content\/uploads\/2019\/02\/portadagmm.jpg","contentUrl":"https:\/\/www.esplac.cat\/wp-content\/uploads\/2019\/02\/portadagmm.jpg","width":847,"height":350},{"@type":"BreadcrumbList","@id":"https:\/\/www.esplac.cat\/es\/comencen-primeres-taules-rodones-motiu-80e-aniversari-esplai-gmm\/#breadcrumb","itemListElement":[{"@type":"ListItem","position":1,"name":"Inici","item":"https:\/\/www.esplac.cat\/es\/"},{"@type":"ListItem","position":2,"name":"Comencen les primeres taules rodones amb motiu del 80\u00e8 aniversari de l&#8217;esplai GMM!"}]},{"@type":"WebSite","@id":"https:\/\/www.esplac.cat\/#website","url":"https:\/\/www.esplac.cat\/","name":"Esplac","description":"Esplais Catalans","publisher":{"@id":"https:\/\/www.esplac.cat\/#organization"},"potentialAction":[{"@type":"SearchAction","target":{"@type":"EntryPoint","urlTemplate":"https:\/\/www.esplac.cat\/?s={search_term_string}"},"query-input":{"@type":"PropertyValueSpecification","valueRequired":true,"valueName":"search_term_string"}}],"inLanguage":"es"},{"@type":"Organization","@id":"https:\/\/www.esplac.cat\/#organization","name":"Esplac","url":"https:\/\/www.esplac.cat\/","logo":{"@type":"ImageObject","inLanguage":"es","@id":"https:\/\/www.esplac.cat\/#\/schema\/logo\/image\/","url":"https:\/\/www.esplac.cat\/wp-content\/uploads\/2019\/08\/logox2.png","contentUrl":"https:\/\/www.esplac.cat\/wp-content\/uploads\/2019\/08\/logox2.png","width":600,"height":295,"caption":"Esplac"},"image":{"@id":"https:\/\/www.esplac.cat\/#\/schema\/logo\/image\/"}},{"@type":"Person","@id":"https:\/\/www.esplac.cat\/#\/schema\/person\/8d7ee340c02b239b152b9ff2c3d40766","name":"root","image":{"@type":"ImageObject","inLanguage":"es","@id":"https:\/\/secure.gravatar.com\/avatar\/9356757d53af8c5db257f894fbbd9ee7446c25af07cd2e7844bd1cf43acef754?s=96&d=mm&r=g","url":"https:\/\/secure.gravatar.com\/avatar\/9356757d53af8c5db257f894fbbd9ee7446c25af07cd2e7844bd1cf43acef754?s=96&d=mm&r=g","contentUrl":"https:\/\/secure.gravatar.com\/avatar\/9356757d53af8c5db257f894fbbd9ee7446c25af07cd2e7844bd1cf43acef754?s=96&d=mm&r=g","caption":"root"}}]}},"_links":{"self":[{"href":"https:\/\/www.esplac.cat\/es\/wp-json\/wp\/v2\/posts\/23854","targetHints":{"allow":["GET"]}}],"collection":[{"href":"https:\/\/www.esplac.cat\/es\/wp-json\/wp\/v2\/posts"}],"about":[{"href":"https:\/\/www.esplac.cat\/es\/wp-json\/wp\/v2\/types\/post"}],"author":[{"embeddable":true,"href":"https:\/\/www.esplac.cat\/es\/wp-json\/wp\/v2\/users\/1"}],"replies":[{"embeddable":true,"href":"https:\/\/www.esplac.cat\/es\/wp-json\/wp\/v2\/comments?post=23854"}],"version-history":[{"count":0,"href":"https:\/\/www.esplac.cat\/es\/wp-json\/wp\/v2\/posts\/23854\/revisions"}],"wp:featuredmedia":[{"embeddable":true,"href":"https:\/\/www.esplac.cat\/es\/wp-json\/wp\/v2\/media\/23855"}],"wp:attachment":[{"href":"https:\/\/www.esplac.cat\/es\/wp-json\/wp\/v2\/media?parent=23854"}],"wp:term":[{"taxonomy":"category","embeddable":true,"href":"https:\/\/www.esplac.cat\/es\/wp-json\/wp\/v2\/categories?post=23854"},{"taxonomy":"post_tag","embeddable":true,"href":"https:\/\/www.esplac.cat\/es\/wp-json\/wp\/v2\/tags?post=23854"}],"curies":[{"name":"wp","href":"https:\/\/api.w.org\/{rel}","templated":true}]}}