{"id":23856,"date":"2019-02-06T15:56:08","date_gmt":"2019-02-06T13:56:08","guid":{"rendered":"http:\/\/esplac.cat\/?p=21763"},"modified":"2020-10-15T17:23:37","modified_gmt":"2020-10-15T16:23:37","slug":"taula-rodona-del-som-esplai-2019","status":"publish","type":"post","link":"https:\/\/www.esplac.cat\/es\/taula-rodona-del-som-esplai-2019\/","title":{"rendered":"Taula rodona del Som Esplai 2019"},"content":{"rendered":"<h4 style=\"text-align: justify;\">El passat divendres 1 de febrer, la nau 69 de Can Batll\u00f3 va acollir la taula rodona que organitza anualment la revista Som Esplai d&#8217;Esplac amb un\u00a0total d&#8217;una quarantena de participants.<\/h4>\n<p style=\"text-align: justify;\">\n<p style=\"text-align: justify;\">El tema d\u2019aquest any va ser <em><strong>M\u00fasica i contes a l\u2019esplai: sembrem ideologia? <\/strong><\/em>Aquest espai de debat el van organitzar les persones que formen part del grup de treball que gestiona la revista del Som Esplai, amb la participicaci\u00f3 de\u00a0<strong>J\u00falia Prun\u00e9s<\/strong>, escriptora de literatura infantil, <strong>No\u00e8 Rivas<\/strong>, m\u00fasic i pedagog i <strong>Airald Mallafr\u00e9<\/strong>, monitor de l\u2019Esplai l\u2019Agrupa,\u00a0com a\u00a0ponents d\u2019aquesta darrera edici\u00f3. Des de la seva experi\u00e8ncia dins del m\u00f3n de l\u2019educaci\u00f3, sobretot dins l\u2019associacionisme educatiu, van poder compartir les seves viv\u00e8ncies i oferir el seu punt de vista sobre les preguntes que van formular\u00a0les i els assistents durant l&#8217;acte.<\/p>\n<p style=\"text-align: justify;\">J\u00falia Prun\u00e9s va inaugurar l\u2019acte llegint un conte que havia escrit. Tot seguit i, al llarg de les dues hores que va durar l\u2019esdeveniment, es van debatre temes relacionats amb la difusi\u00f3 dels valors a l\u2019esplai, la participaci\u00f3 dels infants i joves als can\u00e7oners i l\u2019adaptaci\u00f3 de les can\u00e7ons tradicionals als nous temps, entre d\u2019altres.<\/p>\n<p style=\"text-align: justify;\">En acabar la taula rodona es va dur a terme una din\u00e0mica on les persones assistents es dividien en grups i escrivien un titular en forma de piulada. En moltes d\u2019aquestes reflexions es va destacar que era necess\u00e0ria la participaci\u00f3 de totes i tots en la construcci\u00f3 dels valors de l\u2019esplai, per\u00f2 cal que aquesta participaci\u00f3 sigui real, sin\u00f3 nom\u00e9s es creen castells de fum.<\/p>\n<p><a href=\"http:\/\/esplac.cat\/wp-content\/uploads\/2019\/02\/Oficial_ResumTweets.jpg\"><img decoding=\"async\" class=\"aligncenter size-large wp-image-21764\" src=\"http:\/\/esplac.cat\/wp-content\/uploads\/2019\/02\/Oficial_ResumTweets-1024x576.jpg\" alt=\"\" width=\"770\" height=\"433\" \/><\/a><\/p>\n<p style=\"text-align: justify;\">A la fi de l\u2019acte, No\u00e8 Rivas va compartir amb nosaltres una can\u00e7\u00f3 d\u2019origen maor\u00ed que requeria l\u2019ajut de tothom. Una can\u00e7\u00f3 que agrupava totes les nostres veus, on la melodia \u00e9rem nosaltres i la percussi\u00f3 el nostre cos.<\/p>\n<p style=\"text-align: justify;\">I qu\u00e8 ens deparar\u00e0 el pr\u00f2xim any? Ja ho anireu descobrint. Mentrestant, perqu\u00e8 l\u2019espera se us faci m\u00e9s amena us compartim les fotografies de l\u2019acte <a href=\"https:\/\/www.facebook.com\/pg\/esplaiscatalans\/photos\/?tab=album&amp;album_id=2140041766018710\" target=\"_blank\" rel=\"noopener noreferrer\">aqu\u00ed<\/a>!<\/p>\n","protected":false},"excerpt":{"rendered":"<p>El passat divendres 1 de febrer, la nau 69 de [&hellip;]<\/p>\n","protected":false},"author":3,"featured_media":23857,"comment_status":"closed","ping_status":"open","sticky":false,"template":"","format":"standard","meta":{"om_disable_all_campaigns":false,"_monsterinsights_skip_tracking":false,"_monsterinsights_sitenote_active":false,"_monsterinsights_sitenote_note":"","_monsterinsights_sitenote_category":0,"_uf_show_specific_survey":0,"_uf_disable_surveys":false,"footnotes":""},"categories":[1126,1],"tags":[],"class_list":["post-23856","post","type-post","status-publish","format-standard","has-post-thumbnail","hentry","category-lapiqueta","category-sense-categoria"],"yoast_head":"<!-- This site is optimized with the Yoast SEO plugin v27.5 - https:\/\/yoast.com\/product\/yoast-seo-wordpress\/ -->\n<title>Taula rodona del Som Esplai 2019 - Esplac<\/title>\n<meta name=\"robots\" content=\"index, follow, max-snippet:-1, max-image-preview:large, max-video-preview:-1\" \/>\n<link rel=\"canonical\" href=\"https:\/\/www.esplac.cat\/taula-rodona-del-som-esplai-2019\/\" \/>\n<meta property=\"og:locale\" content=\"es_ES\" \/>\n<meta property=\"og:type\" content=\"article\" \/>\n<meta property=\"og:title\" content=\"Taula rodona del Som Esplai 2019 - Esplac\" \/>\n<meta property=\"og:description\" content=\"El passat divendres 1 de febrer, la nau 69 de [&hellip;]\" \/>\n<meta property=\"og:url\" content=\"https:\/\/www.esplac.cat\/taula-rodona-del-som-esplai-2019\/\" \/>\n<meta property=\"og:site_name\" content=\"Esplac\" \/>\n<meta property=\"article:published_time\" content=\"2019-02-06T13:56:08+00:00\" \/>\n<meta property=\"article:modified_time\" content=\"2020-10-15T16:23:37+00:00\" \/>\n<meta property=\"og:image\" content=\"https:\/\/www.esplac.cat\/wp-content\/uploads\/2019\/02\/PortadaSomEsplai_Esplac.jpg\" \/>\n\t<meta property=\"og:image:width\" content=\"847\" \/>\n\t<meta property=\"og:image:height\" content=\"350\" \/>\n\t<meta property=\"og:image:type\" content=\"image\/jpeg\" \/>\n<meta name=\"author\" content=\"Comunicaci\u00f3 Esplac\" \/>\n<meta name=\"twitter:card\" content=\"summary_large_image\" \/>\n<meta name=\"twitter:label1\" content=\"Escrito por\" \/>\n\t<meta name=\"twitter:data1\" content=\"Comunicaci\u00f3 Esplac\" \/>\n\t<meta name=\"twitter:label2\" content=\"Tiempo de lectura\" \/>\n\t<meta name=\"twitter:data2\" content=\"2 minutos\" \/>\n<script type=\"application\/ld+json\" class=\"yoast-schema-graph\">{\"@context\":\"https:\\\/\\\/schema.org\",\"@graph\":[{\"@type\":\"Article\",\"@id\":\"https:\\\/\\\/www.esplac.cat\\\/taula-rodona-del-som-esplai-2019\\\/#article\",\"isPartOf\":{\"@id\":\"https:\\\/\\\/www.esplac.cat\\\/taula-rodona-del-som-esplai-2019\\\/\"},\"author\":{\"name\":\"Comunicaci\u00f3 Esplac\",\"@id\":\"https:\\\/\\\/www.esplac.cat\\\/#\\\/schema\\\/person\\\/908383cf240be18b68f8855d0583faca\"},\"headline\":\"Taula rodona del Som Esplai 2019\",\"datePublished\":\"2019-02-06T13:56:08+00:00\",\"dateModified\":\"2020-10-15T16:23:37+00:00\",\"mainEntityOfPage\":{\"@id\":\"https:\\\/\\\/www.esplac.cat\\\/taula-rodona-del-som-esplai-2019\\\/\"},\"wordCount\":361,\"publisher\":{\"@id\":\"https:\\\/\\\/www.esplac.cat\\\/#organization\"},\"image\":{\"@id\":\"https:\\\/\\\/www.esplac.cat\\\/taula-rodona-del-som-esplai-2019\\\/#primaryimage\"},\"thumbnailUrl\":\"https:\\\/\\\/www.esplac.cat\\\/wp-content\\\/uploads\\\/2019\\\/02\\\/PortadaSomEsplai_Esplac.jpg\",\"articleSection\":[\"La Piqueta\",\"Sense categoria\"],\"inLanguage\":\"es\"},{\"@type\":\"WebPage\",\"@id\":\"https:\\\/\\\/www.esplac.cat\\\/taula-rodona-del-som-esplai-2019\\\/\",\"url\":\"https:\\\/\\\/www.esplac.cat\\\/taula-rodona-del-som-esplai-2019\\\/\",\"name\":\"Taula rodona del Som Esplai 2019 - Esplac\",\"isPartOf\":{\"@id\":\"https:\\\/\\\/www.esplac.cat\\\/#website\"},\"primaryImageOfPage\":{\"@id\":\"https:\\\/\\\/www.esplac.cat\\\/taula-rodona-del-som-esplai-2019\\\/#primaryimage\"},\"image\":{\"@id\":\"https:\\\/\\\/www.esplac.cat\\\/taula-rodona-del-som-esplai-2019\\\/#primaryimage\"},\"thumbnailUrl\":\"https:\\\/\\\/www.esplac.cat\\\/wp-content\\\/uploads\\\/2019\\\/02\\\/PortadaSomEsplai_Esplac.jpg\",\"datePublished\":\"2019-02-06T13:56:08+00:00\",\"dateModified\":\"2020-10-15T16:23:37+00:00\",\"breadcrumb\":{\"@id\":\"https:\\\/\\\/www.esplac.cat\\\/taula-rodona-del-som-esplai-2019\\\/#breadcrumb\"},\"inLanguage\":\"es\",\"potentialAction\":[{\"@type\":\"ReadAction\",\"target\":[\"https:\\\/\\\/www.esplac.cat\\\/taula-rodona-del-som-esplai-2019\\\/\"]}]},{\"@type\":\"ImageObject\",\"inLanguage\":\"es\",\"@id\":\"https:\\\/\\\/www.esplac.cat\\\/taula-rodona-del-som-esplai-2019\\\/#primaryimage\",\"url\":\"https:\\\/\\\/www.esplac.cat\\\/wp-content\\\/uploads\\\/2019\\\/02\\\/PortadaSomEsplai_Esplac.jpg\",\"contentUrl\":\"https:\\\/\\\/www.esplac.cat\\\/wp-content\\\/uploads\\\/2019\\\/02\\\/PortadaSomEsplai_Esplac.jpg\",\"width\":847,\"height\":350},{\"@type\":\"BreadcrumbList\",\"@id\":\"https:\\\/\\\/www.esplac.cat\\\/taula-rodona-del-som-esplai-2019\\\/#breadcrumb\",\"itemListElement\":[{\"@type\":\"ListItem\",\"position\":1,\"name\":\"Inici\",\"item\":\"https:\\\/\\\/www.esplac.cat\\\/es\\\/\"},{\"@type\":\"ListItem\",\"position\":2,\"name\":\"Taula rodona del Som Esplai 2019\"}]},{\"@type\":\"WebSite\",\"@id\":\"https:\\\/\\\/www.esplac.cat\\\/#website\",\"url\":\"https:\\\/\\\/www.esplac.cat\\\/\",\"name\":\"Esplac\",\"description\":\"Esplais Catalans\",\"publisher\":{\"@id\":\"https:\\\/\\\/www.esplac.cat\\\/#organization\"},\"potentialAction\":[{\"@type\":\"SearchAction\",\"target\":{\"@type\":\"EntryPoint\",\"urlTemplate\":\"https:\\\/\\\/www.esplac.cat\\\/?s={search_term_string}\"},\"query-input\":{\"@type\":\"PropertyValueSpecification\",\"valueRequired\":true,\"valueName\":\"search_term_string\"}}],\"inLanguage\":\"es\"},{\"@type\":\"Organization\",\"@id\":\"https:\\\/\\\/www.esplac.cat\\\/#organization\",\"name\":\"Esplac\",\"url\":\"https:\\\/\\\/www.esplac.cat\\\/\",\"logo\":{\"@type\":\"ImageObject\",\"inLanguage\":\"es\",\"@id\":\"https:\\\/\\\/www.esplac.cat\\\/#\\\/schema\\\/logo\\\/image\\\/\",\"url\":\"https:\\\/\\\/www.esplac.cat\\\/wp-content\\\/uploads\\\/2019\\\/08\\\/logox2.png\",\"contentUrl\":\"https:\\\/\\\/www.esplac.cat\\\/wp-content\\\/uploads\\\/2019\\\/08\\\/logox2.png\",\"width\":600,\"height\":295,\"caption\":\"Esplac\"},\"image\":{\"@id\":\"https:\\\/\\\/www.esplac.cat\\\/#\\\/schema\\\/logo\\\/image\\\/\"}},{\"@type\":\"Person\",\"@id\":\"https:\\\/\\\/www.esplac.cat\\\/#\\\/schema\\\/person\\\/908383cf240be18b68f8855d0583faca\",\"name\":\"Comunicaci\u00f3 Esplac\",\"image\":{\"@type\":\"ImageObject\",\"inLanguage\":\"es\",\"@id\":\"https:\\\/\\\/secure.gravatar.com\\\/avatar\\\/7a4cf8feb412a76ea4a740ca02d95b06b2907b5a6c648c2dd0a1082a093c3141?s=96&d=mm&r=g\",\"url\":\"https:\\\/\\\/secure.gravatar.com\\\/avatar\\\/7a4cf8feb412a76ea4a740ca02d95b06b2907b5a6c648c2dd0a1082a093c3141?s=96&d=mm&r=g\",\"contentUrl\":\"https:\\\/\\\/secure.gravatar.com\\\/avatar\\\/7a4cf8feb412a76ea4a740ca02d95b06b2907b5a6c648c2dd0a1082a093c3141?s=96&d=mm&r=g\",\"caption\":\"Comunicaci\u00f3 Esplac\"}}]}<\/script>\n<!-- \/ Yoast SEO plugin. -->","yoast_head_json":{"title":"Taula rodona del Som Esplai 2019 - Esplac","robots":{"index":"index","follow":"follow","max-snippet":"max-snippet:-1","max-image-preview":"max-image-preview:large","max-video-preview":"max-video-preview:-1"},"canonical":"https:\/\/www.esplac.cat\/taula-rodona-del-som-esplai-2019\/","og_locale":"es_ES","og_type":"article","og_title":"Taula rodona del Som Esplai 2019 - Esplac","og_description":"El passat divendres 1 de febrer, la nau 69 de [&hellip;]","og_url":"https:\/\/www.esplac.cat\/taula-rodona-del-som-esplai-2019\/","og_site_name":"Esplac","article_published_time":"2019-02-06T13:56:08+00:00","article_modified_time":"2020-10-15T16:23:37+00:00","og_image":[{"width":847,"height":350,"url":"https:\/\/www.esplac.cat\/wp-content\/uploads\/2019\/02\/PortadaSomEsplai_Esplac.jpg","type":"image\/jpeg"}],"author":"Comunicaci\u00f3 Esplac","twitter_card":"summary_large_image","twitter_misc":{"Escrito por":"Comunicaci\u00f3 Esplac","Tiempo de lectura":"2 minutos"},"schema":{"@context":"https:\/\/schema.org","@graph":[{"@type":"Article","@id":"https:\/\/www.esplac.cat\/taula-rodona-del-som-esplai-2019\/#article","isPartOf":{"@id":"https:\/\/www.esplac.cat\/taula-rodona-del-som-esplai-2019\/"},"author":{"name":"Comunicaci\u00f3 Esplac","@id":"https:\/\/www.esplac.cat\/#\/schema\/person\/908383cf240be18b68f8855d0583faca"},"headline":"Taula rodona del Som Esplai 2019","datePublished":"2019-02-06T13:56:08+00:00","dateModified":"2020-10-15T16:23:37+00:00","mainEntityOfPage":{"@id":"https:\/\/www.esplac.cat\/taula-rodona-del-som-esplai-2019\/"},"wordCount":361,"publisher":{"@id":"https:\/\/www.esplac.cat\/#organization"},"image":{"@id":"https:\/\/www.esplac.cat\/taula-rodona-del-som-esplai-2019\/#primaryimage"},"thumbnailUrl":"https:\/\/www.esplac.cat\/wp-content\/uploads\/2019\/02\/PortadaSomEsplai_Esplac.jpg","articleSection":["La Piqueta","Sense categoria"],"inLanguage":"es"},{"@type":"WebPage","@id":"https:\/\/www.esplac.cat\/taula-rodona-del-som-esplai-2019\/","url":"https:\/\/www.esplac.cat\/taula-rodona-del-som-esplai-2019\/","name":"Taula rodona del Som Esplai 2019 - Esplac","isPartOf":{"@id":"https:\/\/www.esplac.cat\/#website"},"primaryImageOfPage":{"@id":"https:\/\/www.esplac.cat\/taula-rodona-del-som-esplai-2019\/#primaryimage"},"image":{"@id":"https:\/\/www.esplac.cat\/taula-rodona-del-som-esplai-2019\/#primaryimage"},"thumbnailUrl":"https:\/\/www.esplac.cat\/wp-content\/uploads\/2019\/02\/PortadaSomEsplai_Esplac.jpg","datePublished":"2019-02-06T13:56:08+00:00","dateModified":"2020-10-15T16:23:37+00:00","breadcrumb":{"@id":"https:\/\/www.esplac.cat\/taula-rodona-del-som-esplai-2019\/#breadcrumb"},"inLanguage":"es","potentialAction":[{"@type":"ReadAction","target":["https:\/\/www.esplac.cat\/taula-rodona-del-som-esplai-2019\/"]}]},{"@type":"ImageObject","inLanguage":"es","@id":"https:\/\/www.esplac.cat\/taula-rodona-del-som-esplai-2019\/#primaryimage","url":"https:\/\/www.esplac.cat\/wp-content\/uploads\/2019\/02\/PortadaSomEsplai_Esplac.jpg","contentUrl":"https:\/\/www.esplac.cat\/wp-content\/uploads\/2019\/02\/PortadaSomEsplai_Esplac.jpg","width":847,"height":350},{"@type":"BreadcrumbList","@id":"https:\/\/www.esplac.cat\/taula-rodona-del-som-esplai-2019\/#breadcrumb","itemListElement":[{"@type":"ListItem","position":1,"name":"Inici","item":"https:\/\/www.esplac.cat\/es\/"},{"@type":"ListItem","position":2,"name":"Taula rodona del Som Esplai 2019"}]},{"@type":"WebSite","@id":"https:\/\/www.esplac.cat\/#website","url":"https:\/\/www.esplac.cat\/","name":"Esplac","description":"Esplais Catalans","publisher":{"@id":"https:\/\/www.esplac.cat\/#organization"},"potentialAction":[{"@type":"SearchAction","target":{"@type":"EntryPoint","urlTemplate":"https:\/\/www.esplac.cat\/?s={search_term_string}"},"query-input":{"@type":"PropertyValueSpecification","valueRequired":true,"valueName":"search_term_string"}}],"inLanguage":"es"},{"@type":"Organization","@id":"https:\/\/www.esplac.cat\/#organization","name":"Esplac","url":"https:\/\/www.esplac.cat\/","logo":{"@type":"ImageObject","inLanguage":"es","@id":"https:\/\/www.esplac.cat\/#\/schema\/logo\/image\/","url":"https:\/\/www.esplac.cat\/wp-content\/uploads\/2019\/08\/logox2.png","contentUrl":"https:\/\/www.esplac.cat\/wp-content\/uploads\/2019\/08\/logox2.png","width":600,"height":295,"caption":"Esplac"},"image":{"@id":"https:\/\/www.esplac.cat\/#\/schema\/logo\/image\/"}},{"@type":"Person","@id":"https:\/\/www.esplac.cat\/#\/schema\/person\/908383cf240be18b68f8855d0583faca","name":"Comunicaci\u00f3 Esplac","image":{"@type":"ImageObject","inLanguage":"es","@id":"https:\/\/secure.gravatar.com\/avatar\/7a4cf8feb412a76ea4a740ca02d95b06b2907b5a6c648c2dd0a1082a093c3141?s=96&d=mm&r=g","url":"https:\/\/secure.gravatar.com\/avatar\/7a4cf8feb412a76ea4a740ca02d95b06b2907b5a6c648c2dd0a1082a093c3141?s=96&d=mm&r=g","contentUrl":"https:\/\/secure.gravatar.com\/avatar\/7a4cf8feb412a76ea4a740ca02d95b06b2907b5a6c648c2dd0a1082a093c3141?s=96&d=mm&r=g","caption":"Comunicaci\u00f3 Esplac"}}]}},"_links":{"self":[{"href":"https:\/\/www.esplac.cat\/es\/wp-json\/wp\/v2\/posts\/23856","targetHints":{"allow":["GET"]}}],"collection":[{"href":"https:\/\/www.esplac.cat\/es\/wp-json\/wp\/v2\/posts"}],"about":[{"href":"https:\/\/www.esplac.cat\/es\/wp-json\/wp\/v2\/types\/post"}],"author":[{"embeddable":true,"href":"https:\/\/www.esplac.cat\/es\/wp-json\/wp\/v2\/users\/3"}],"replies":[{"embeddable":true,"href":"https:\/\/www.esplac.cat\/es\/wp-json\/wp\/v2\/comments?post=23856"}],"version-history":[{"count":0,"href":"https:\/\/www.esplac.cat\/es\/wp-json\/wp\/v2\/posts\/23856\/revisions"}],"wp:featuredmedia":[{"embeddable":true,"href":"https:\/\/www.esplac.cat\/es\/wp-json\/wp\/v2\/media\/23857"}],"wp:attachment":[{"href":"https:\/\/www.esplac.cat\/es\/wp-json\/wp\/v2\/media?parent=23856"}],"wp:term":[{"taxonomy":"category","embeddable":true,"href":"https:\/\/www.esplac.cat\/es\/wp-json\/wp\/v2\/categories?post=23856"},{"taxonomy":"post_tag","embeddable":true,"href":"https:\/\/www.esplac.cat\/es\/wp-json\/wp\/v2\/tags?post=23856"}],"curies":[{"name":"wp","href":"https:\/\/api.w.org\/{rel}","templated":true}]}}