{"id":23861,"date":"2019-02-04T12:04:28","date_gmt":"2019-02-04T10:04:28","guid":{"rendered":"http:\/\/esplac.cat\/?p=21699"},"modified":"2020-10-15T17:23:37","modified_gmt":"2020-10-15T16:23:37","slug":"preinscripcions-obertes-campament-internacional-estiu-2019-austria","status":"publish","type":"post","link":"https:\/\/www.esplac.cat\/es\/preinscripcions-obertes-campament-internacional-estiu-2019-austria\/","title":{"rendered":"Preinscripcions obertes per anar al Campament Internacional d&#8217;Estiu 2019 a \u00c0ustria!"},"content":{"rendered":"<h4>Obertes les preinscripcions per anar al Campament Internacional d&#8217;Estiu 2019 que es far\u00e0 a Doebrich, \u00c0ustria! Teniu temps\u00a0per fer la preinscripci\u00f3 fins\u00a0divendres 8 de febrer.<\/h4>\n<p><strong>Qu\u00e8 \u00e9s?<\/strong> Un Campament Internacional d&#8217;estiu.<\/p>\n<p><strong>Quan?<\/strong> Del 20 al 31 de juliol del 2019<\/p>\n<p><strong>On?<\/strong> Doebrich, al sud d&#8217;\u00c0ustria.<\/p>\n<p><strong>Qui organitza?<\/strong> Rote Falken Austria<\/p>\n<p><strong>Cost?<\/strong> 230 euros per menors de 16 anys. 252 euros per majors de 16 anys (tot incl\u00f2s, excepte viatge).<\/p>\n<p><strong>Qu\u00e8 es far\u00e0?<\/strong> 11 dies plens d&#8217;activitats i jocs, oportunitats de fer noves amistats internacionals, activitats de celebraci\u00f3 dels drets dels infants&#8230;<\/p>\n<p>ENS INTERESSA PER\u00d2 ENCARA NO SABEM SI PODREM\/VOLDREM ANAR-HI&#8230;<strong> Qu\u00e8 fem?<\/strong><\/p>\n<p>Preinscriure-us<\/p>\n<p><strong>Com?<\/strong><\/p>\n<p>1- Descarregueu-vos aquest full de preinscripci\u00f3 i ompliu-lo.<\/p>\n<p>2- Envieu-lo firmat a rote.falken@kinderfreunde.at i a internacional@esplac.cat abans del dia 8 de Febrer 2019.<\/p>\n<p><strong>LA PREINSCRIPCI\u00d3 NO \u00c9S VINCULANT. NO IMPLICA QUE HI ANIREU.<\/strong> Nom\u00e9s us enviaran m\u00e9s informaci\u00f3 i <strong>TINDREU LA POSSIBILITAT D&#8217;ANAR-HI<\/strong> si al final us interessa.<\/p>\n<p><strong>Dubtes?<\/strong> Contacteu amb internacional@esplac.cat<\/p>\n<p><a href=\"http:\/\/ifm-sei.org\/en\/2018\/09\/summer-camp-austria\/\" target=\"_blank\" rel=\"noopener noreferrer\">Aqu\u00ed<\/a>\u00a0podeu trobar la not\u00edcia oficial.<\/p>\n<p>&nbsp;<\/p>\n<p>Camp Internacional d&#8217;estiu de l&#8217;any passat:<\/p>\n<div class=\"video-shortcode\"><iframe class=\"fusion-hidden\" data-privacy-type=\"youtube\" src=\"\" title=\"International Summer Camp 2017\" width=\"1200\" height=\"675\" data-privacy-src=\"https:\/\/www.youtube.com\/embed\/XSsCM7ec3Oo?feature=oembed\" frameborder=\"0\" allow=\"accelerometer; autoplay; encrypted-media; gyroscope; picture-in-picture\" allowfullscreen><\/iframe><div class=\"fusion-privacy-placeholder\" style=\"width:1200px; height:675px;\" data-privacy-type=\"youtube\"><div class=\"fusion-privacy-placeholder-content\"><div class=\"fusion-privacy-label\">For privacy reasons YouTube needs your permission to be loaded. For more details, please see our <a class=\"privacy-policy-link\" href=\"https:\/\/www.esplac.cat\/avis-legal\/\" rel=\"privacy-policy\">Av\u00eds Legal<\/a>.<\/div><a href=\"\" data-privacy-type=\"youtube\" class=\"fusion-button button-default fusion-button-default-size button fusion-privacy-consent\">I Accept<\/a><\/div><\/div><\/div>\n<p>&nbsp;<\/p>\n","protected":false},"excerpt":{"rendered":"<p>Obertes les preinscripcions per anar al Campament Internacional d&#8217;Estiu 2019 [&hellip;]<\/p>\n","protected":false},"author":1,"featured_media":23862,"comment_status":"closed","ping_status":"open","sticky":false,"template":"","format":"standard","meta":{"om_disable_all_campaigns":false,"_monsterinsights_skip_tracking":false,"_monsterinsights_sitenote_active":false,"_monsterinsights_sitenote_note":"","_monsterinsights_sitenote_category":0,"_uf_show_specific_survey":0,"_uf_disable_surveys":false,"footnotes":""},"categories":[1112,1],"tags":[692,53,1002,1037,1003,102,555,134,158],"class_list":["post-23861","post","type-post","status-publish","format-standard","has-post-thumbnail","hentry","category-esplac-al-mon","category-sense-categoria","tag-austria","tag-campaments","tag-educacio-popular","tag-esplacalmon","tag-esplai","tag-estiu","tag-internacional","tag-transformacio-social","tag-voluntariat"],"yoast_head":"<!-- This site is optimized with the Yoast SEO plugin v27.5 - https:\/\/yoast.com\/product\/yoast-seo-wordpress\/ -->\n<title>Preinscripcions obertes per anar al Campament Internacional d&#039;Estiu 2019 a \u00c0ustria! - Esplac<\/title>\n<meta name=\"robots\" content=\"index, follow, max-snippet:-1, max-image-preview:large, max-video-preview:-1\" \/>\n<link rel=\"canonical\" href=\"https:\/\/www.esplac.cat\/preinscripcions-obertes-campament-internacional-estiu-2019-austria\/\" \/>\n<meta property=\"og:locale\" content=\"es_ES\" \/>\n<meta property=\"og:type\" content=\"article\" \/>\n<meta property=\"og:title\" content=\"Preinscripcions obertes per anar al Campament Internacional d&#039;Estiu 2019 a \u00c0ustria! - Esplac\" \/>\n<meta property=\"og:description\" content=\"Obertes les preinscripcions per anar al Campament Internacional d&#8217;Estiu 2019 [&hellip;]\" \/>\n<meta property=\"og:url\" content=\"https:\/\/www.esplac.cat\/preinscripcions-obertes-campament-internacional-estiu-2019-austria\/\" \/>\n<meta property=\"og:site_name\" content=\"Esplac\" \/>\n<meta property=\"article:published_time\" content=\"2019-02-04T10:04:28+00:00\" \/>\n<meta property=\"article:modified_time\" content=\"2020-10-15T16:23:37+00:00\" \/>\n<meta property=\"og:image\" content=\"https:\/\/www.esplac.cat\/wp-content\/uploads\/2019\/02\/protadaint-1.jpg\" \/>\n\t<meta property=\"og:image:width\" content=\"847\" \/>\n\t<meta property=\"og:image:height\" content=\"350\" \/>\n\t<meta property=\"og:image:type\" content=\"image\/jpeg\" \/>\n<meta name=\"author\" content=\"root\" \/>\n<meta name=\"twitter:card\" content=\"summary_large_image\" \/>\n<meta name=\"twitter:label1\" content=\"Escrito por\" \/>\n\t<meta name=\"twitter:data1\" content=\"root\" \/>\n\t<meta name=\"twitter:label2\" content=\"Tiempo de lectura\" \/>\n\t<meta name=\"twitter:data2\" content=\"1 minuto\" \/>\n<script type=\"application\/ld+json\" class=\"yoast-schema-graph\">{\"@context\":\"https:\\\/\\\/schema.org\",\"@graph\":[{\"@type\":\"Article\",\"@id\":\"https:\\\/\\\/www.esplac.cat\\\/preinscripcions-obertes-campament-internacional-estiu-2019-austria\\\/#article\",\"isPartOf\":{\"@id\":\"https:\\\/\\\/www.esplac.cat\\\/preinscripcions-obertes-campament-internacional-estiu-2019-austria\\\/\"},\"author\":{\"name\":\"root\",\"@id\":\"https:\\\/\\\/www.esplac.cat\\\/#\\\/schema\\\/person\\\/8d7ee340c02b239b152b9ff2c3d40766\"},\"headline\":\"Preinscripcions obertes per anar al Campament Internacional d&#8217;Estiu 2019 a \u00c0ustria!\",\"datePublished\":\"2019-02-04T10:04:28+00:00\",\"dateModified\":\"2020-10-15T16:23:37+00:00\",\"mainEntityOfPage\":{\"@id\":\"https:\\\/\\\/www.esplac.cat\\\/preinscripcions-obertes-campament-internacional-estiu-2019-austria\\\/\"},\"wordCount\":253,\"publisher\":{\"@id\":\"https:\\\/\\\/www.esplac.cat\\\/#organization\"},\"image\":{\"@id\":\"https:\\\/\\\/www.esplac.cat\\\/preinscripcions-obertes-campament-internacional-estiu-2019-austria\\\/#primaryimage\"},\"thumbnailUrl\":\"https:\\\/\\\/www.esplac.cat\\\/wp-content\\\/uploads\\\/2019\\\/02\\\/protadaint-1.jpg\",\"keywords\":[\"\u00c0ustria\",\"campaments\",\"educaci\u00f3 popular\",\"EsplacAlM\u00f3n\",\"esplai\",\"estiu\",\"internacional\",\"transformaci\u00f3 social\",\"voluntariat\"],\"articleSection\":[\"Esplac al m\u00f3n\",\"Sense categoria\"],\"inLanguage\":\"es\"},{\"@type\":\"WebPage\",\"@id\":\"https:\\\/\\\/www.esplac.cat\\\/preinscripcions-obertes-campament-internacional-estiu-2019-austria\\\/\",\"url\":\"https:\\\/\\\/www.esplac.cat\\\/preinscripcions-obertes-campament-internacional-estiu-2019-austria\\\/\",\"name\":\"Preinscripcions obertes per anar al Campament Internacional d'Estiu 2019 a \u00c0ustria! - Esplac\",\"isPartOf\":{\"@id\":\"https:\\\/\\\/www.esplac.cat\\\/#website\"},\"primaryImageOfPage\":{\"@id\":\"https:\\\/\\\/www.esplac.cat\\\/preinscripcions-obertes-campament-internacional-estiu-2019-austria\\\/#primaryimage\"},\"image\":{\"@id\":\"https:\\\/\\\/www.esplac.cat\\\/preinscripcions-obertes-campament-internacional-estiu-2019-austria\\\/#primaryimage\"},\"thumbnailUrl\":\"https:\\\/\\\/www.esplac.cat\\\/wp-content\\\/uploads\\\/2019\\\/02\\\/protadaint-1.jpg\",\"datePublished\":\"2019-02-04T10:04:28+00:00\",\"dateModified\":\"2020-10-15T16:23:37+00:00\",\"breadcrumb\":{\"@id\":\"https:\\\/\\\/www.esplac.cat\\\/preinscripcions-obertes-campament-internacional-estiu-2019-austria\\\/#breadcrumb\"},\"inLanguage\":\"es\",\"potentialAction\":[{\"@type\":\"ReadAction\",\"target\":[\"https:\\\/\\\/www.esplac.cat\\\/preinscripcions-obertes-campament-internacional-estiu-2019-austria\\\/\"]}]},{\"@type\":\"ImageObject\",\"inLanguage\":\"es\",\"@id\":\"https:\\\/\\\/www.esplac.cat\\\/preinscripcions-obertes-campament-internacional-estiu-2019-austria\\\/#primaryimage\",\"url\":\"https:\\\/\\\/www.esplac.cat\\\/wp-content\\\/uploads\\\/2019\\\/02\\\/protadaint-1.jpg\",\"contentUrl\":\"https:\\\/\\\/www.esplac.cat\\\/wp-content\\\/uploads\\\/2019\\\/02\\\/protadaint-1.jpg\",\"width\":847,\"height\":350},{\"@type\":\"BreadcrumbList\",\"@id\":\"https:\\\/\\\/www.esplac.cat\\\/preinscripcions-obertes-campament-internacional-estiu-2019-austria\\\/#breadcrumb\",\"itemListElement\":[{\"@type\":\"ListItem\",\"position\":1,\"name\":\"Inici\",\"item\":\"https:\\\/\\\/www.esplac.cat\\\/es\\\/\"},{\"@type\":\"ListItem\",\"position\":2,\"name\":\"Preinscripcions obertes per anar al Campament Internacional d&#8217;Estiu 2019 a \u00c0ustria!\"}]},{\"@type\":\"WebSite\",\"@id\":\"https:\\\/\\\/www.esplac.cat\\\/#website\",\"url\":\"https:\\\/\\\/www.esplac.cat\\\/\",\"name\":\"Esplac\",\"description\":\"Esplais Catalans\",\"publisher\":{\"@id\":\"https:\\\/\\\/www.esplac.cat\\\/#organization\"},\"potentialAction\":[{\"@type\":\"SearchAction\",\"target\":{\"@type\":\"EntryPoint\",\"urlTemplate\":\"https:\\\/\\\/www.esplac.cat\\\/?s={search_term_string}\"},\"query-input\":{\"@type\":\"PropertyValueSpecification\",\"valueRequired\":true,\"valueName\":\"search_term_string\"}}],\"inLanguage\":\"es\"},{\"@type\":\"Organization\",\"@id\":\"https:\\\/\\\/www.esplac.cat\\\/#organization\",\"name\":\"Esplac\",\"url\":\"https:\\\/\\\/www.esplac.cat\\\/\",\"logo\":{\"@type\":\"ImageObject\",\"inLanguage\":\"es\",\"@id\":\"https:\\\/\\\/www.esplac.cat\\\/#\\\/schema\\\/logo\\\/image\\\/\",\"url\":\"https:\\\/\\\/www.esplac.cat\\\/wp-content\\\/uploads\\\/2019\\\/08\\\/logox2.png\",\"contentUrl\":\"https:\\\/\\\/www.esplac.cat\\\/wp-content\\\/uploads\\\/2019\\\/08\\\/logox2.png\",\"width\":600,\"height\":295,\"caption\":\"Esplac\"},\"image\":{\"@id\":\"https:\\\/\\\/www.esplac.cat\\\/#\\\/schema\\\/logo\\\/image\\\/\"}},{\"@type\":\"Person\",\"@id\":\"https:\\\/\\\/www.esplac.cat\\\/#\\\/schema\\\/person\\\/8d7ee340c02b239b152b9ff2c3d40766\",\"name\":\"root\",\"image\":{\"@type\":\"ImageObject\",\"inLanguage\":\"es\",\"@id\":\"https:\\\/\\\/secure.gravatar.com\\\/avatar\\\/9356757d53af8c5db257f894fbbd9ee7446c25af07cd2e7844bd1cf43acef754?s=96&d=mm&r=g\",\"url\":\"https:\\\/\\\/secure.gravatar.com\\\/avatar\\\/9356757d53af8c5db257f894fbbd9ee7446c25af07cd2e7844bd1cf43acef754?s=96&d=mm&r=g\",\"contentUrl\":\"https:\\\/\\\/secure.gravatar.com\\\/avatar\\\/9356757d53af8c5db257f894fbbd9ee7446c25af07cd2e7844bd1cf43acef754?s=96&d=mm&r=g\",\"caption\":\"root\"}}]}<\/script>\n<!-- \/ Yoast SEO plugin. -->","yoast_head_json":{"title":"Preinscripcions obertes per anar al Campament Internacional d'Estiu 2019 a \u00c0ustria! - Esplac","robots":{"index":"index","follow":"follow","max-snippet":"max-snippet:-1","max-image-preview":"max-image-preview:large","max-video-preview":"max-video-preview:-1"},"canonical":"https:\/\/www.esplac.cat\/preinscripcions-obertes-campament-internacional-estiu-2019-austria\/","og_locale":"es_ES","og_type":"article","og_title":"Preinscripcions obertes per anar al Campament Internacional d'Estiu 2019 a \u00c0ustria! - Esplac","og_description":"Obertes les preinscripcions per anar al Campament Internacional d&#8217;Estiu 2019 [&hellip;]","og_url":"https:\/\/www.esplac.cat\/preinscripcions-obertes-campament-internacional-estiu-2019-austria\/","og_site_name":"Esplac","article_published_time":"2019-02-04T10:04:28+00:00","article_modified_time":"2020-10-15T16:23:37+00:00","og_image":[{"width":847,"height":350,"url":"https:\/\/www.esplac.cat\/wp-content\/uploads\/2019\/02\/protadaint-1.jpg","type":"image\/jpeg"}],"author":"root","twitter_card":"summary_large_image","twitter_misc":{"Escrito por":"root","Tiempo de lectura":"1 minuto"},"schema":{"@context":"https:\/\/schema.org","@graph":[{"@type":"Article","@id":"https:\/\/www.esplac.cat\/preinscripcions-obertes-campament-internacional-estiu-2019-austria\/#article","isPartOf":{"@id":"https:\/\/www.esplac.cat\/preinscripcions-obertes-campament-internacional-estiu-2019-austria\/"},"author":{"name":"root","@id":"https:\/\/www.esplac.cat\/#\/schema\/person\/8d7ee340c02b239b152b9ff2c3d40766"},"headline":"Preinscripcions obertes per anar al Campament Internacional d&#8217;Estiu 2019 a \u00c0ustria!","datePublished":"2019-02-04T10:04:28+00:00","dateModified":"2020-10-15T16:23:37+00:00","mainEntityOfPage":{"@id":"https:\/\/www.esplac.cat\/preinscripcions-obertes-campament-internacional-estiu-2019-austria\/"},"wordCount":253,"publisher":{"@id":"https:\/\/www.esplac.cat\/#organization"},"image":{"@id":"https:\/\/www.esplac.cat\/preinscripcions-obertes-campament-internacional-estiu-2019-austria\/#primaryimage"},"thumbnailUrl":"https:\/\/www.esplac.cat\/wp-content\/uploads\/2019\/02\/protadaint-1.jpg","keywords":["\u00c0ustria","campaments","educaci\u00f3 popular","EsplacAlM\u00f3n","esplai","estiu","internacional","transformaci\u00f3 social","voluntariat"],"articleSection":["Esplac al m\u00f3n","Sense categoria"],"inLanguage":"es"},{"@type":"WebPage","@id":"https:\/\/www.esplac.cat\/preinscripcions-obertes-campament-internacional-estiu-2019-austria\/","url":"https:\/\/www.esplac.cat\/preinscripcions-obertes-campament-internacional-estiu-2019-austria\/","name":"Preinscripcions obertes per anar al Campament Internacional d'Estiu 2019 a \u00c0ustria! - Esplac","isPartOf":{"@id":"https:\/\/www.esplac.cat\/#website"},"primaryImageOfPage":{"@id":"https:\/\/www.esplac.cat\/preinscripcions-obertes-campament-internacional-estiu-2019-austria\/#primaryimage"},"image":{"@id":"https:\/\/www.esplac.cat\/preinscripcions-obertes-campament-internacional-estiu-2019-austria\/#primaryimage"},"thumbnailUrl":"https:\/\/www.esplac.cat\/wp-content\/uploads\/2019\/02\/protadaint-1.jpg","datePublished":"2019-02-04T10:04:28+00:00","dateModified":"2020-10-15T16:23:37+00:00","breadcrumb":{"@id":"https:\/\/www.esplac.cat\/preinscripcions-obertes-campament-internacional-estiu-2019-austria\/#breadcrumb"},"inLanguage":"es","potentialAction":[{"@type":"ReadAction","target":["https:\/\/www.esplac.cat\/preinscripcions-obertes-campament-internacional-estiu-2019-austria\/"]}]},{"@type":"ImageObject","inLanguage":"es","@id":"https:\/\/www.esplac.cat\/preinscripcions-obertes-campament-internacional-estiu-2019-austria\/#primaryimage","url":"https:\/\/www.esplac.cat\/wp-content\/uploads\/2019\/02\/protadaint-1.jpg","contentUrl":"https:\/\/www.esplac.cat\/wp-content\/uploads\/2019\/02\/protadaint-1.jpg","width":847,"height":350},{"@type":"BreadcrumbList","@id":"https:\/\/www.esplac.cat\/preinscripcions-obertes-campament-internacional-estiu-2019-austria\/#breadcrumb","itemListElement":[{"@type":"ListItem","position":1,"name":"Inici","item":"https:\/\/www.esplac.cat\/es\/"},{"@type":"ListItem","position":2,"name":"Preinscripcions obertes per anar al Campament Internacional d&#8217;Estiu 2019 a \u00c0ustria!"}]},{"@type":"WebSite","@id":"https:\/\/www.esplac.cat\/#website","url":"https:\/\/www.esplac.cat\/","name":"Esplac","description":"Esplais Catalans","publisher":{"@id":"https:\/\/www.esplac.cat\/#organization"},"potentialAction":[{"@type":"SearchAction","target":{"@type":"EntryPoint","urlTemplate":"https:\/\/www.esplac.cat\/?s={search_term_string}"},"query-input":{"@type":"PropertyValueSpecification","valueRequired":true,"valueName":"search_term_string"}}],"inLanguage":"es"},{"@type":"Organization","@id":"https:\/\/www.esplac.cat\/#organization","name":"Esplac","url":"https:\/\/www.esplac.cat\/","logo":{"@type":"ImageObject","inLanguage":"es","@id":"https:\/\/www.esplac.cat\/#\/schema\/logo\/image\/","url":"https:\/\/www.esplac.cat\/wp-content\/uploads\/2019\/08\/logox2.png","contentUrl":"https:\/\/www.esplac.cat\/wp-content\/uploads\/2019\/08\/logox2.png","width":600,"height":295,"caption":"Esplac"},"image":{"@id":"https:\/\/www.esplac.cat\/#\/schema\/logo\/image\/"}},{"@type":"Person","@id":"https:\/\/www.esplac.cat\/#\/schema\/person\/8d7ee340c02b239b152b9ff2c3d40766","name":"root","image":{"@type":"ImageObject","inLanguage":"es","@id":"https:\/\/secure.gravatar.com\/avatar\/9356757d53af8c5db257f894fbbd9ee7446c25af07cd2e7844bd1cf43acef754?s=96&d=mm&r=g","url":"https:\/\/secure.gravatar.com\/avatar\/9356757d53af8c5db257f894fbbd9ee7446c25af07cd2e7844bd1cf43acef754?s=96&d=mm&r=g","contentUrl":"https:\/\/secure.gravatar.com\/avatar\/9356757d53af8c5db257f894fbbd9ee7446c25af07cd2e7844bd1cf43acef754?s=96&d=mm&r=g","caption":"root"}}]}},"_links":{"self":[{"href":"https:\/\/www.esplac.cat\/es\/wp-json\/wp\/v2\/posts\/23861","targetHints":{"allow":["GET"]}}],"collection":[{"href":"https:\/\/www.esplac.cat\/es\/wp-json\/wp\/v2\/posts"}],"about":[{"href":"https:\/\/www.esplac.cat\/es\/wp-json\/wp\/v2\/types\/post"}],"author":[{"embeddable":true,"href":"https:\/\/www.esplac.cat\/es\/wp-json\/wp\/v2\/users\/1"}],"replies":[{"embeddable":true,"href":"https:\/\/www.esplac.cat\/es\/wp-json\/wp\/v2\/comments?post=23861"}],"version-history":[{"count":0,"href":"https:\/\/www.esplac.cat\/es\/wp-json\/wp\/v2\/posts\/23861\/revisions"}],"wp:featuredmedia":[{"embeddable":true,"href":"https:\/\/www.esplac.cat\/es\/wp-json\/wp\/v2\/media\/23862"}],"wp:attachment":[{"href":"https:\/\/www.esplac.cat\/es\/wp-json\/wp\/v2\/media?parent=23861"}],"wp:term":[{"taxonomy":"category","embeddable":true,"href":"https:\/\/www.esplac.cat\/es\/wp-json\/wp\/v2\/categories?post=23861"},{"taxonomy":"post_tag","embeddable":true,"href":"https:\/\/www.esplac.cat\/es\/wp-json\/wp\/v2\/tags?post=23861"}],"curies":[{"name":"wp","href":"https:\/\/api.w.org\/{rel}","templated":true}]}}