{"id":23867,"date":"2019-01-23T16:05:29","date_gmt":"2019-01-23T14:05:29","guid":{"rendered":"http:\/\/esplac.cat\/?p=20242"},"modified":"2020-10-15T17:23:39","modified_gmt":"2020-10-15T16:23:39","slug":"equip-organitzacio-monifestat-2019","status":"publish","type":"post","link":"https:\/\/www.esplac.cat\/es\/equip-organitzacio-monifestat-2019\/","title":{"rendered":"Vols formar part de l&#8217;equip d&#8217;organitzaci\u00f3 de la Monifesta&#8217;t 2019?"},"content":{"rendered":"<h4 style=\"text-align: justify;\">Si vols viure la Monifesta\u2019t des de l\u2019organitzaci\u00f3, \u00e9s el moment! Volem crear un equip d\u2019organitzaci\u00f3 amb persones volunt\u00e0ries que ajudin en la dinamitzaci\u00f3 i la log\u00edstica de la trobada!<\/h4>\n<p style=\"text-align: justify;\">Cada cop queda menys per la Monifesta\u2019t 2019, que es celebrar\u00e0 els dies 29, 30 i 31 de mar\u00e7 al Vendrell. Ja s\u2019han posat en marxa els grups de treball d\u2019ambientaci\u00f3, el de l\u2019acte unitari i el d\u2019intercanvi entre els esplais, i ara toca el de l\u2019<strong>equip d\u2019organitzaci\u00f3!<\/strong> Ser\u00e0 un conjunt de persones encarregades de col\u00b7laborar en diversos \u00e0mbits: <strong>log\u00edstica, coordinar i acompanyar als participants, comunicaci\u00f3, etc.<\/strong><\/p>\n<p style=\"text-align: justify;\">La inscripci\u00f3 a l&#8217;equip d&#8217;organitzaci\u00f3 \u00e9s gratu\u00efta!<\/p>\n<p style=\"text-align: justify;\">Les persones volunt\u00e0ries de l\u2019equip d\u2019organitzaci\u00f3 no han de tenir necess\u00e0riament vinculaci\u00f3 amb Esplais Catalans, sin\u00f3 simplement compartir els valors de l\u2019associaci\u00f3, creure en l\u2019educaci\u00f3 popular com a espai de transformaci\u00f3 social o voler passar un gran cap de setmana ple d\u2019activitats i emocions!<\/p>\n<p style=\"text-align: justify;\">Si tens ganes de col\u00b7laborar en la preparaci\u00f3 de la trobada tamb\u00e9 et pots afegir a algun grup de treball escrivint un correu a <strong>projectes@esplac.cat.<\/strong><\/p>\n<p style=\"text-align: justify;\">Amb l\u2019ajuda de tothom, farem que la Monifesta\u2019t 2019 sigui memorable!<\/p>\n<p style=\"text-align: justify;\">Pots inscriure\u2019t a l\u2019equip d\u2019organitzaci\u00f3 a trav\u00e9s d\u2019aquest formulari:<\/p>\n<p style=\"text-align: justify;\">\n<p style=\"text-align: justify;\">\u00a0<\/p>\n","protected":false},"excerpt":{"rendered":"<p>Si vols viure la Monifesta\u2019t des de l\u2019organitzaci\u00f3, \u00e9s el [&hellip;]<\/p>\n","protected":false},"author":1,"featured_media":23868,"comment_status":"closed","ping_status":"open","sticky":false,"template":"","format":"standard","meta":{"om_disable_all_campaigns":false,"_monsterinsights_skip_tracking":false,"_monsterinsights_sitenote_active":false,"_monsterinsights_sitenote_note":"","_monsterinsights_sitenote_category":0,"_uf_show_specific_survey":0,"_uf_disable_surveys":false,"footnotes":""},"categories":[1115,1],"tags":[1002,1011,1003,185,248,653,1034,1035,1036],"class_list":["post-23867","post","type-post","status-publish","format-standard","has-post-thumbnail","hentry","category-monifestat","category-sense-categoria","tag-educacio-popular","tag-el-vendrell","tag-esplai","tag-monifestat","tag-organitzacio","tag-trobada","tag-valors","tag-voluntari","tag-voluntaria"],"yoast_head":"<!-- This site is optimized with the Yoast SEO plugin v27.4 - https:\/\/yoast.com\/product\/yoast-seo-wordpress\/ -->\n<title>Vols formar part de l&#039;equip d&#039;organitzaci\u00f3 de la Monifesta&#039;t 2019? - Esplac<\/title>\n<meta name=\"robots\" content=\"index, follow, max-snippet:-1, max-image-preview:large, max-video-preview:-1\" \/>\n<link rel=\"canonical\" href=\"https:\/\/www.esplac.cat\/es\/equip-organitzacio-monifestat-2019\/\" \/>\n<meta property=\"og:locale\" content=\"es_ES\" \/>\n<meta property=\"og:type\" content=\"article\" \/>\n<meta property=\"og:title\" content=\"Vols formar part de l&#039;equip d&#039;organitzaci\u00f3 de la Monifesta&#039;t 2019? - Esplac\" \/>\n<meta property=\"og:description\" content=\"Si vols viure la Monifesta\u2019t des de l\u2019organitzaci\u00f3, \u00e9s el [&hellip;]\" \/>\n<meta property=\"og:url\" content=\"https:\/\/www.esplac.cat\/es\/equip-organitzacio-monifestat-2019\/\" \/>\n<meta property=\"og:site_name\" content=\"Esplac\" \/>\n<meta property=\"article:published_time\" content=\"2019-01-23T14:05:29+00:00\" \/>\n<meta property=\"article:modified_time\" content=\"2020-10-15T16:23:39+00:00\" \/>\n<meta property=\"og:image\" content=\"https:\/\/www.esplac.cat\/wp-content\/uploads\/2018\/10\/banner_web.jpg\" \/>\n\t<meta property=\"og:image:width\" content=\"847\" \/>\n\t<meta property=\"og:image:height\" content=\"350\" \/>\n\t<meta property=\"og:image:type\" content=\"image\/jpeg\" \/>\n<meta name=\"author\" content=\"root\" \/>\n<meta name=\"twitter:card\" content=\"summary_large_image\" \/>\n<meta name=\"twitter:label1\" content=\"Escrito por\" \/>\n\t<meta name=\"twitter:data1\" content=\"root\" \/>\n\t<meta name=\"twitter:label2\" content=\"Tiempo de lectura\" \/>\n\t<meta name=\"twitter:data2\" content=\"1 minuto\" \/>\n<script type=\"application\/ld+json\" class=\"yoast-schema-graph\">{\"@context\":\"https:\\\/\\\/schema.org\",\"@graph\":[{\"@type\":\"Article\",\"@id\":\"https:\\\/\\\/www.esplac.cat\\\/es\\\/equip-organitzacio-monifestat-2019\\\/#article\",\"isPartOf\":{\"@id\":\"https:\\\/\\\/www.esplac.cat\\\/es\\\/equip-organitzacio-monifestat-2019\\\/\"},\"author\":{\"name\":\"root\",\"@id\":\"https:\\\/\\\/www.esplac.cat\\\/#\\\/schema\\\/person\\\/8d7ee340c02b239b152b9ff2c3d40766\"},\"headline\":\"Vols formar part de l&#8217;equip d&#8217;organitzaci\u00f3 de la Monifesta&#8217;t 2019?\",\"datePublished\":\"2019-01-23T14:05:29+00:00\",\"dateModified\":\"2020-10-15T16:23:39+00:00\",\"mainEntityOfPage\":{\"@id\":\"https:\\\/\\\/www.esplac.cat\\\/es\\\/equip-organitzacio-monifestat-2019\\\/\"},\"wordCount\":290,\"publisher\":{\"@id\":\"https:\\\/\\\/www.esplac.cat\\\/#organization\"},\"image\":{\"@id\":\"https:\\\/\\\/www.esplac.cat\\\/es\\\/equip-organitzacio-monifestat-2019\\\/#primaryimage\"},\"thumbnailUrl\":\"https:\\\/\\\/www.esplac.cat\\\/wp-content\\\/uploads\\\/2018\\\/10\\\/banner_web.jpg\",\"keywords\":[\"educaci\u00f3 popular\",\"El Vendrell\",\"esplai\",\"monifesta't\",\"organitzaci\u00f3\",\"trobada\",\"valors\",\"voluntari\",\"volunt\u00e0ria\"],\"articleSection\":[\"Monifesta't\",\"Sense categoria\"],\"inLanguage\":\"es\"},{\"@type\":\"WebPage\",\"@id\":\"https:\\\/\\\/www.esplac.cat\\\/es\\\/equip-organitzacio-monifestat-2019\\\/\",\"url\":\"https:\\\/\\\/www.esplac.cat\\\/es\\\/equip-organitzacio-monifestat-2019\\\/\",\"name\":\"Vols formar part de l'equip d'organitzaci\u00f3 de la Monifesta't 2019? - Esplac\",\"isPartOf\":{\"@id\":\"https:\\\/\\\/www.esplac.cat\\\/#website\"},\"primaryImageOfPage\":{\"@id\":\"https:\\\/\\\/www.esplac.cat\\\/es\\\/equip-organitzacio-monifestat-2019\\\/#primaryimage\"},\"image\":{\"@id\":\"https:\\\/\\\/www.esplac.cat\\\/es\\\/equip-organitzacio-monifestat-2019\\\/#primaryimage\"},\"thumbnailUrl\":\"https:\\\/\\\/www.esplac.cat\\\/wp-content\\\/uploads\\\/2018\\\/10\\\/banner_web.jpg\",\"datePublished\":\"2019-01-23T14:05:29+00:00\",\"dateModified\":\"2020-10-15T16:23:39+00:00\",\"breadcrumb\":{\"@id\":\"https:\\\/\\\/www.esplac.cat\\\/es\\\/equip-organitzacio-monifestat-2019\\\/#breadcrumb\"},\"inLanguage\":\"es\",\"potentialAction\":[{\"@type\":\"ReadAction\",\"target\":[\"https:\\\/\\\/www.esplac.cat\\\/es\\\/equip-organitzacio-monifestat-2019\\\/\"]}]},{\"@type\":\"ImageObject\",\"inLanguage\":\"es\",\"@id\":\"https:\\\/\\\/www.esplac.cat\\\/es\\\/equip-organitzacio-monifestat-2019\\\/#primaryimage\",\"url\":\"https:\\\/\\\/www.esplac.cat\\\/wp-content\\\/uploads\\\/2018\\\/10\\\/banner_web.jpg\",\"contentUrl\":\"https:\\\/\\\/www.esplac.cat\\\/wp-content\\\/uploads\\\/2018\\\/10\\\/banner_web.jpg\",\"width\":847,\"height\":350},{\"@type\":\"BreadcrumbList\",\"@id\":\"https:\\\/\\\/www.esplac.cat\\\/es\\\/equip-organitzacio-monifestat-2019\\\/#breadcrumb\",\"itemListElement\":[{\"@type\":\"ListItem\",\"position\":1,\"name\":\"Inici\",\"item\":\"https:\\\/\\\/www.esplac.cat\\\/es\\\/\"},{\"@type\":\"ListItem\",\"position\":2,\"name\":\"Vols formar part de l&#8217;equip d&#8217;organitzaci\u00f3 de la Monifesta&#8217;t 2019?\"}]},{\"@type\":\"WebSite\",\"@id\":\"https:\\\/\\\/www.esplac.cat\\\/#website\",\"url\":\"https:\\\/\\\/www.esplac.cat\\\/\",\"name\":\"Esplac\",\"description\":\"Esplais Catalans\",\"publisher\":{\"@id\":\"https:\\\/\\\/www.esplac.cat\\\/#organization\"},\"potentialAction\":[{\"@type\":\"SearchAction\",\"target\":{\"@type\":\"EntryPoint\",\"urlTemplate\":\"https:\\\/\\\/www.esplac.cat\\\/?s={search_term_string}\"},\"query-input\":{\"@type\":\"PropertyValueSpecification\",\"valueRequired\":true,\"valueName\":\"search_term_string\"}}],\"inLanguage\":\"es\"},{\"@type\":\"Organization\",\"@id\":\"https:\\\/\\\/www.esplac.cat\\\/#organization\",\"name\":\"Esplac\",\"url\":\"https:\\\/\\\/www.esplac.cat\\\/\",\"logo\":{\"@type\":\"ImageObject\",\"inLanguage\":\"es\",\"@id\":\"https:\\\/\\\/www.esplac.cat\\\/#\\\/schema\\\/logo\\\/image\\\/\",\"url\":\"https:\\\/\\\/www.esplac.cat\\\/wp-content\\\/uploads\\\/2019\\\/08\\\/logox2.png\",\"contentUrl\":\"https:\\\/\\\/www.esplac.cat\\\/wp-content\\\/uploads\\\/2019\\\/08\\\/logox2.png\",\"width\":600,\"height\":295,\"caption\":\"Esplac\"},\"image\":{\"@id\":\"https:\\\/\\\/www.esplac.cat\\\/#\\\/schema\\\/logo\\\/image\\\/\"}},{\"@type\":\"Person\",\"@id\":\"https:\\\/\\\/www.esplac.cat\\\/#\\\/schema\\\/person\\\/8d7ee340c02b239b152b9ff2c3d40766\",\"name\":\"root\",\"image\":{\"@type\":\"ImageObject\",\"inLanguage\":\"es\",\"@id\":\"https:\\\/\\\/secure.gravatar.com\\\/avatar\\\/9356757d53af8c5db257f894fbbd9ee7446c25af07cd2e7844bd1cf43acef754?s=96&d=mm&r=g\",\"url\":\"https:\\\/\\\/secure.gravatar.com\\\/avatar\\\/9356757d53af8c5db257f894fbbd9ee7446c25af07cd2e7844bd1cf43acef754?s=96&d=mm&r=g\",\"contentUrl\":\"https:\\\/\\\/secure.gravatar.com\\\/avatar\\\/9356757d53af8c5db257f894fbbd9ee7446c25af07cd2e7844bd1cf43acef754?s=96&d=mm&r=g\",\"caption\":\"root\"}}]}<\/script>\n<!-- \/ Yoast SEO plugin. -->","yoast_head_json":{"title":"Vols formar part de l'equip d'organitzaci\u00f3 de la Monifesta't 2019? - Esplac","robots":{"index":"index","follow":"follow","max-snippet":"max-snippet:-1","max-image-preview":"max-image-preview:large","max-video-preview":"max-video-preview:-1"},"canonical":"https:\/\/www.esplac.cat\/es\/equip-organitzacio-monifestat-2019\/","og_locale":"es_ES","og_type":"article","og_title":"Vols formar part de l'equip d'organitzaci\u00f3 de la Monifesta't 2019? - Esplac","og_description":"Si vols viure la Monifesta\u2019t des de l\u2019organitzaci\u00f3, \u00e9s el [&hellip;]","og_url":"https:\/\/www.esplac.cat\/es\/equip-organitzacio-monifestat-2019\/","og_site_name":"Esplac","article_published_time":"2019-01-23T14:05:29+00:00","article_modified_time":"2020-10-15T16:23:39+00:00","og_image":[{"width":847,"height":350,"url":"https:\/\/www.esplac.cat\/wp-content\/uploads\/2018\/10\/banner_web.jpg","type":"image\/jpeg"}],"author":"root","twitter_card":"summary_large_image","twitter_misc":{"Escrito por":"root","Tiempo de lectura":"1 minuto"},"schema":{"@context":"https:\/\/schema.org","@graph":[{"@type":"Article","@id":"https:\/\/www.esplac.cat\/es\/equip-organitzacio-monifestat-2019\/#article","isPartOf":{"@id":"https:\/\/www.esplac.cat\/es\/equip-organitzacio-monifestat-2019\/"},"author":{"name":"root","@id":"https:\/\/www.esplac.cat\/#\/schema\/person\/8d7ee340c02b239b152b9ff2c3d40766"},"headline":"Vols formar part de l&#8217;equip d&#8217;organitzaci\u00f3 de la Monifesta&#8217;t 2019?","datePublished":"2019-01-23T14:05:29+00:00","dateModified":"2020-10-15T16:23:39+00:00","mainEntityOfPage":{"@id":"https:\/\/www.esplac.cat\/es\/equip-organitzacio-monifestat-2019\/"},"wordCount":290,"publisher":{"@id":"https:\/\/www.esplac.cat\/#organization"},"image":{"@id":"https:\/\/www.esplac.cat\/es\/equip-organitzacio-monifestat-2019\/#primaryimage"},"thumbnailUrl":"https:\/\/www.esplac.cat\/wp-content\/uploads\/2018\/10\/banner_web.jpg","keywords":["educaci\u00f3 popular","El Vendrell","esplai","monifesta't","organitzaci\u00f3","trobada","valors","voluntari","volunt\u00e0ria"],"articleSection":["Monifesta't","Sense categoria"],"inLanguage":"es"},{"@type":"WebPage","@id":"https:\/\/www.esplac.cat\/es\/equip-organitzacio-monifestat-2019\/","url":"https:\/\/www.esplac.cat\/es\/equip-organitzacio-monifestat-2019\/","name":"Vols formar part de l'equip d'organitzaci\u00f3 de la Monifesta't 2019? - Esplac","isPartOf":{"@id":"https:\/\/www.esplac.cat\/#website"},"primaryImageOfPage":{"@id":"https:\/\/www.esplac.cat\/es\/equip-organitzacio-monifestat-2019\/#primaryimage"},"image":{"@id":"https:\/\/www.esplac.cat\/es\/equip-organitzacio-monifestat-2019\/#primaryimage"},"thumbnailUrl":"https:\/\/www.esplac.cat\/wp-content\/uploads\/2018\/10\/banner_web.jpg","datePublished":"2019-01-23T14:05:29+00:00","dateModified":"2020-10-15T16:23:39+00:00","breadcrumb":{"@id":"https:\/\/www.esplac.cat\/es\/equip-organitzacio-monifestat-2019\/#breadcrumb"},"inLanguage":"es","potentialAction":[{"@type":"ReadAction","target":["https:\/\/www.esplac.cat\/es\/equip-organitzacio-monifestat-2019\/"]}]},{"@type":"ImageObject","inLanguage":"es","@id":"https:\/\/www.esplac.cat\/es\/equip-organitzacio-monifestat-2019\/#primaryimage","url":"https:\/\/www.esplac.cat\/wp-content\/uploads\/2018\/10\/banner_web.jpg","contentUrl":"https:\/\/www.esplac.cat\/wp-content\/uploads\/2018\/10\/banner_web.jpg","width":847,"height":350},{"@type":"BreadcrumbList","@id":"https:\/\/www.esplac.cat\/es\/equip-organitzacio-monifestat-2019\/#breadcrumb","itemListElement":[{"@type":"ListItem","position":1,"name":"Inici","item":"https:\/\/www.esplac.cat\/es\/"},{"@type":"ListItem","position":2,"name":"Vols formar part de l&#8217;equip d&#8217;organitzaci\u00f3 de la Monifesta&#8217;t 2019?"}]},{"@type":"WebSite","@id":"https:\/\/www.esplac.cat\/#website","url":"https:\/\/www.esplac.cat\/","name":"Esplac","description":"Esplais Catalans","publisher":{"@id":"https:\/\/www.esplac.cat\/#organization"},"potentialAction":[{"@type":"SearchAction","target":{"@type":"EntryPoint","urlTemplate":"https:\/\/www.esplac.cat\/?s={search_term_string}"},"query-input":{"@type":"PropertyValueSpecification","valueRequired":true,"valueName":"search_term_string"}}],"inLanguage":"es"},{"@type":"Organization","@id":"https:\/\/www.esplac.cat\/#organization","name":"Esplac","url":"https:\/\/www.esplac.cat\/","logo":{"@type":"ImageObject","inLanguage":"es","@id":"https:\/\/www.esplac.cat\/#\/schema\/logo\/image\/","url":"https:\/\/www.esplac.cat\/wp-content\/uploads\/2019\/08\/logox2.png","contentUrl":"https:\/\/www.esplac.cat\/wp-content\/uploads\/2019\/08\/logox2.png","width":600,"height":295,"caption":"Esplac"},"image":{"@id":"https:\/\/www.esplac.cat\/#\/schema\/logo\/image\/"}},{"@type":"Person","@id":"https:\/\/www.esplac.cat\/#\/schema\/person\/8d7ee340c02b239b152b9ff2c3d40766","name":"root","image":{"@type":"ImageObject","inLanguage":"es","@id":"https:\/\/secure.gravatar.com\/avatar\/9356757d53af8c5db257f894fbbd9ee7446c25af07cd2e7844bd1cf43acef754?s=96&d=mm&r=g","url":"https:\/\/secure.gravatar.com\/avatar\/9356757d53af8c5db257f894fbbd9ee7446c25af07cd2e7844bd1cf43acef754?s=96&d=mm&r=g","contentUrl":"https:\/\/secure.gravatar.com\/avatar\/9356757d53af8c5db257f894fbbd9ee7446c25af07cd2e7844bd1cf43acef754?s=96&d=mm&r=g","caption":"root"}}]}},"_links":{"self":[{"href":"https:\/\/www.esplac.cat\/es\/wp-json\/wp\/v2\/posts\/23867","targetHints":{"allow":["GET"]}}],"collection":[{"href":"https:\/\/www.esplac.cat\/es\/wp-json\/wp\/v2\/posts"}],"about":[{"href":"https:\/\/www.esplac.cat\/es\/wp-json\/wp\/v2\/types\/post"}],"author":[{"embeddable":true,"href":"https:\/\/www.esplac.cat\/es\/wp-json\/wp\/v2\/users\/1"}],"replies":[{"embeddable":true,"href":"https:\/\/www.esplac.cat\/es\/wp-json\/wp\/v2\/comments?post=23867"}],"version-history":[{"count":0,"href":"https:\/\/www.esplac.cat\/es\/wp-json\/wp\/v2\/posts\/23867\/revisions"}],"wp:featuredmedia":[{"embeddable":true,"href":"https:\/\/www.esplac.cat\/es\/wp-json\/wp\/v2\/media\/23868"}],"wp:attachment":[{"href":"https:\/\/www.esplac.cat\/es\/wp-json\/wp\/v2\/media?parent=23867"}],"wp:term":[{"taxonomy":"category","embeddable":true,"href":"https:\/\/www.esplac.cat\/es\/wp-json\/wp\/v2\/categories?post=23867"},{"taxonomy":"post_tag","embeddable":true,"href":"https:\/\/www.esplac.cat\/es\/wp-json\/wp\/v2\/tags?post=23867"}],"curies":[{"name":"wp","href":"https:\/\/api.w.org\/{rel}","templated":true}]}}