{"id":23869,"date":"2019-01-16T08:55:05","date_gmt":"2019-01-16T06:55:05","guid":{"rendered":"http:\/\/esplac.cat\/?p=21189"},"modified":"2020-10-15T17:23:39","modified_gmt":"2020-10-15T16:23:39","slug":"italia-masculinitats-perspectiva-feminista","status":"publish","type":"post","link":"https:\/\/www.esplac.cat\/es\/italia-masculinitats-perspectiva-feminista\/","title":{"rendered":"Vols anar a It\u00e0lia a aprendre sobre masculinitats des d\u2019una perspectiva feminista?"},"content":{"rendered":"<h4 style=\"text-align: justify;\">Del 24\u00a0al 31 de Mar\u00e7, a Mil\u00e0 (It\u00e0lia), hi haur\u00e0\u00a0una formaci\u00f3 internacional de 30 joves, dels 18 als 30 anys, sobre masculinitats des d&#8217;una perspectiva feminista, \u00abI ACT: EXPLORING MASCULINITIES\u00bb. L&#8217;\u00faltim dia per apuntar-se \u00e9s el 27 de Gener!<\/h4>\n<p style=\"text-align: justify;\">Quin \u00e9s el paper dels homes en la prevenci\u00f3 de la viol\u00e8ncia de g\u00e8nere? Sabem com podem superar aquest tema? L\u2019IFM-SEI et d\u00f3na l\u2019oportunitat de participar en una formaci\u00f3 internacional (no cal que siguis expert per\u00f2 s\u00ed que estiguis interessat\/ada en el tema) sobre els diferents tipus de masculinitat i com involucrar als homes en un discurs des d\u2019una perspectiva feminista.<\/p>\n<p style=\"text-align: justify;\">De qu\u00e8 tracta? Els participants es reuniran durant set dies per a explorar els diferents tipus de masculinitats com la masculinitat t\u00f2xica, la masculinitat hegem\u00f2nica i la masculinitat femenina. Tindrem l&#8217;oportunitat de descobrir el tema de les masculinitats i la viol\u00e8ncia sexual des d&#8217;una perspectiva feminista i establir vincles amb els moviments feministes sobre el tema en la implementaci\u00f3 de projectes locals. A m\u00e9s, explorarem com involucrar als homes en el discurs sense ocupar l\u2019espai de les supervivents i com actuar en solidaritat. El seminari abordar\u00e0 l&#8217;an\u00e0lisi de la viol\u00e8ncia sexual basat en el poder. Examinarem les iniciatives actuals en les nostres organitzacions i oferirem un espai per pensar qu\u00e8 hem de fer i com desenvolupar els nostres propis projectes i accions.<\/p>\n<p style=\"text-align: justify;\"><strong>Quin \u00e9s el preu?<\/strong><br \/>\n80 \u20ac: Allotjament, menjar, programa i despeses de viatge.<br \/>\nEl projecte cobreix el 70% de les despeses de viatge. Els reemborsaments de viatge es realitzaran despr\u00e9s del projecte.<\/p>\n<p style=\"text-align: justify;\"><strong>Perfil persones participants:<\/strong><br \/>\n&#8211; Tenir entre <strong>18 i 30<\/strong> anys.<br \/>\n&#8211; Estar <strong>actiu en una organitzaci\u00f3 membre de IFM-SEI<\/strong> o treballar\/ser voluntari directament amb\u00a0infants i\/o joves com a ajudant, l\u00edder, treballadora juvenil, educadora&#8230;<br \/>\n&#8211; Tenir <strong>experi\u00e8ncia<\/strong> en el tema de les masculinitats i la prevenci\u00f3 de la viol\u00e8ncia sexual, la sexualitat o tenir el desig d&#8217;iniciar un projecte sobre un d&#8217;aquests temes.<br \/>\n&#8211; Tenir almenys un<strong> nivell intermedi d&#8217;angl\u00e8s.<\/strong><br \/>\n&#8211; Poder <strong>assistir a tot el seminari<\/strong>, participar en el seminari web introductori i la tasca preparat\u00f2ria abans del seminari<br \/>\n&#8211; Prendre la <strong>iniciativa en projectes localitzats despr\u00e9s del seminari<\/strong> i la difusi\u00f3 en l\u00ednia, la qual cosa plantejar\u00e0 els temes de masculinitats i el model de prevenci\u00f3 de la viol\u00e8ncia sexual.<br \/>\n&#8211; Tenir la <strong>motivaci\u00f3 per a retornar<\/strong> l&#8217;experi\u00e8ncia d&#8217;aprenentatge a les organitzacions i \/ o comunitats del tu pa\u00eds.<\/p>\n<p style=\"text-align: justify;\">Encoratgem especialment als homes joves a postular-se per a participar en aquest seminari. El contingent de dones de IFM-SEI se suspendr\u00e0 per a aquest seminari amb la finalitat d&#8217;oferir m\u00e9s espai per a aquest grup objectiu.<\/p>\n<p><strong>Vull saber-ne m\u00e9s:<\/strong>\u00a0Trobaras m\u00e9s informaci\u00f3 al <a href=\"http:\/\/ifm-sei.org\/en\/2019\/01\/iactmasculinities\/\" target=\"_blank\" rel=\"noopener noreferrer\">web de l&#8217;IFM<\/a>\u00a0o contacta amb <em>internacional@esplac.cat<\/em> i\/o <em>contact@ifm-sei.org.<\/em><\/p>\n<p><strong>M\u2019hi apunto:<\/strong> Abans del diumenge 27 de gener del 2019 (23:59 CET). Has d\u2019omplir aquest formulari:<\/p>\n","protected":false},"excerpt":{"rendered":"<p>Del 24\u00a0al 31 de Mar\u00e7, a Mil\u00e0 (It\u00e0lia), hi haur\u00e0\u00a0una [&hellip;]<\/p>\n","protected":false},"author":1,"featured_media":23870,"comment_status":"closed","ping_status":"open","sticky":false,"template":"","format":"standard","meta":{"om_disable_all_campaigns":false,"_monsterinsights_skip_tracking":false,"_monsterinsights_sitenote_active":false,"_monsterinsights_sitenote_note":"","_monsterinsights_sitenote_category":0,"_uf_show_specific_survey":0,"_uf_disable_surveys":false,"footnotes":""},"categories":[1112,1],"tags":[1002,1037,1003,391,54,59,555,274,1038,134],"class_list":["post-23869","post","type-post","status-publish","format-standard","has-post-thumbnail","hentry","category-esplac-al-mon","category-sense-categoria","tag-educacio-popular","tag-esplacalmon","tag-esplai","tag-feminisme","tag-formacio","tag-ifm-sei","tag-internacional","tag-italia","tag-masculinitats","tag-transformacio-social"],"yoast_head":"<!-- This site is optimized with the Yoast SEO plugin v27.5 - https:\/\/yoast.com\/product\/yoast-seo-wordpress\/ -->\n<title>Vols anar a It\u00e0lia a aprendre sobre masculinitats des d\u2019una perspectiva feminista? - Esplac<\/title>\n<meta name=\"robots\" content=\"index, follow, max-snippet:-1, max-image-preview:large, max-video-preview:-1\" \/>\n<link rel=\"canonical\" href=\"https:\/\/www.esplac.cat\/es\/italia-masculinitats-perspectiva-feminista\/\" \/>\n<meta property=\"og:locale\" content=\"es_ES\" \/>\n<meta property=\"og:type\" content=\"article\" \/>\n<meta property=\"og:title\" content=\"Vols anar a It\u00e0lia a aprendre sobre masculinitats des d\u2019una perspectiva feminista? - Esplac\" \/>\n<meta property=\"og:description\" content=\"Del 24\u00a0al 31 de Mar\u00e7, a Mil\u00e0 (It\u00e0lia), hi haur\u00e0\u00a0una [&hellip;]\" \/>\n<meta property=\"og:url\" content=\"https:\/\/www.esplac.cat\/es\/italia-masculinitats-perspectiva-feminista\/\" \/>\n<meta property=\"og:site_name\" content=\"Esplac\" \/>\n<meta property=\"article:published_time\" content=\"2019-01-16T06:55:05+00:00\" \/>\n<meta property=\"article:modified_time\" content=\"2020-10-15T16:23:39+00:00\" \/>\n<meta property=\"og:image\" content=\"https:\/\/www.esplac.cat\/wp-content\/uploads\/2018\/12\/portada.jpg\" \/>\n\t<meta property=\"og:image:width\" content=\"847\" \/>\n\t<meta property=\"og:image:height\" content=\"350\" \/>\n\t<meta property=\"og:image:type\" content=\"image\/jpeg\" \/>\n<meta name=\"author\" content=\"root\" \/>\n<meta name=\"twitter:card\" content=\"summary_large_image\" \/>\n<meta name=\"twitter:label1\" content=\"Escrito por\" \/>\n\t<meta name=\"twitter:data1\" content=\"root\" \/>\n\t<meta name=\"twitter:label2\" content=\"Tiempo de lectura\" \/>\n\t<meta name=\"twitter:data2\" content=\"3 minutos\" \/>\n<script type=\"application\/ld+json\" class=\"yoast-schema-graph\">{\"@context\":\"https:\\\/\\\/schema.org\",\"@graph\":[{\"@type\":\"Article\",\"@id\":\"https:\\\/\\\/www.esplac.cat\\\/es\\\/italia-masculinitats-perspectiva-feminista\\\/#article\",\"isPartOf\":{\"@id\":\"https:\\\/\\\/www.esplac.cat\\\/es\\\/italia-masculinitats-perspectiva-feminista\\\/\"},\"author\":{\"name\":\"root\",\"@id\":\"https:\\\/\\\/www.esplac.cat\\\/#\\\/schema\\\/person\\\/8d7ee340c02b239b152b9ff2c3d40766\"},\"headline\":\"Vols anar a It\u00e0lia a aprendre sobre masculinitats des d\u2019una perspectiva feminista?\",\"datePublished\":\"2019-01-16T06:55:05+00:00\",\"dateModified\":\"2020-10-15T16:23:39+00:00\",\"mainEntityOfPage\":{\"@id\":\"https:\\\/\\\/www.esplac.cat\\\/es\\\/italia-masculinitats-perspectiva-feminista\\\/\"},\"wordCount\":571,\"publisher\":{\"@id\":\"https:\\\/\\\/www.esplac.cat\\\/#organization\"},\"image\":{\"@id\":\"https:\\\/\\\/www.esplac.cat\\\/es\\\/italia-masculinitats-perspectiva-feminista\\\/#primaryimage\"},\"thumbnailUrl\":\"https:\\\/\\\/www.esplac.cat\\\/wp-content\\\/uploads\\\/2018\\\/12\\\/portada.jpg\",\"keywords\":[\"educaci\u00f3 popular\",\"EsplacAlM\u00f3n\",\"esplai\",\"feminisme\",\"formaci\u00f3\",\"IFM-SEI\",\"internacional\",\"It\u00e0lia\",\"Masculinitats\",\"transformaci\u00f3 social\"],\"articleSection\":[\"Esplac al m\u00f3n\",\"Sense categoria\"],\"inLanguage\":\"es\"},{\"@type\":\"WebPage\",\"@id\":\"https:\\\/\\\/www.esplac.cat\\\/es\\\/italia-masculinitats-perspectiva-feminista\\\/\",\"url\":\"https:\\\/\\\/www.esplac.cat\\\/es\\\/italia-masculinitats-perspectiva-feminista\\\/\",\"name\":\"Vols anar a It\u00e0lia a aprendre sobre masculinitats des d\u2019una perspectiva feminista? - Esplac\",\"isPartOf\":{\"@id\":\"https:\\\/\\\/www.esplac.cat\\\/#website\"},\"primaryImageOfPage\":{\"@id\":\"https:\\\/\\\/www.esplac.cat\\\/es\\\/italia-masculinitats-perspectiva-feminista\\\/#primaryimage\"},\"image\":{\"@id\":\"https:\\\/\\\/www.esplac.cat\\\/es\\\/italia-masculinitats-perspectiva-feminista\\\/#primaryimage\"},\"thumbnailUrl\":\"https:\\\/\\\/www.esplac.cat\\\/wp-content\\\/uploads\\\/2018\\\/12\\\/portada.jpg\",\"datePublished\":\"2019-01-16T06:55:05+00:00\",\"dateModified\":\"2020-10-15T16:23:39+00:00\",\"breadcrumb\":{\"@id\":\"https:\\\/\\\/www.esplac.cat\\\/es\\\/italia-masculinitats-perspectiva-feminista\\\/#breadcrumb\"},\"inLanguage\":\"es\",\"potentialAction\":[{\"@type\":\"ReadAction\",\"target\":[\"https:\\\/\\\/www.esplac.cat\\\/es\\\/italia-masculinitats-perspectiva-feminista\\\/\"]}]},{\"@type\":\"ImageObject\",\"inLanguage\":\"es\",\"@id\":\"https:\\\/\\\/www.esplac.cat\\\/es\\\/italia-masculinitats-perspectiva-feminista\\\/#primaryimage\",\"url\":\"https:\\\/\\\/www.esplac.cat\\\/wp-content\\\/uploads\\\/2018\\\/12\\\/portada.jpg\",\"contentUrl\":\"https:\\\/\\\/www.esplac.cat\\\/wp-content\\\/uploads\\\/2018\\\/12\\\/portada.jpg\",\"width\":847,\"height\":350},{\"@type\":\"BreadcrumbList\",\"@id\":\"https:\\\/\\\/www.esplac.cat\\\/es\\\/italia-masculinitats-perspectiva-feminista\\\/#breadcrumb\",\"itemListElement\":[{\"@type\":\"ListItem\",\"position\":1,\"name\":\"Inici\",\"item\":\"https:\\\/\\\/www.esplac.cat\\\/es\\\/\"},{\"@type\":\"ListItem\",\"position\":2,\"name\":\"Vols anar a It\u00e0lia a aprendre sobre masculinitats des d\u2019una perspectiva feminista?\"}]},{\"@type\":\"WebSite\",\"@id\":\"https:\\\/\\\/www.esplac.cat\\\/#website\",\"url\":\"https:\\\/\\\/www.esplac.cat\\\/\",\"name\":\"Esplac\",\"description\":\"Esplais Catalans\",\"publisher\":{\"@id\":\"https:\\\/\\\/www.esplac.cat\\\/#organization\"},\"potentialAction\":[{\"@type\":\"SearchAction\",\"target\":{\"@type\":\"EntryPoint\",\"urlTemplate\":\"https:\\\/\\\/www.esplac.cat\\\/?s={search_term_string}\"},\"query-input\":{\"@type\":\"PropertyValueSpecification\",\"valueRequired\":true,\"valueName\":\"search_term_string\"}}],\"inLanguage\":\"es\"},{\"@type\":\"Organization\",\"@id\":\"https:\\\/\\\/www.esplac.cat\\\/#organization\",\"name\":\"Esplac\",\"url\":\"https:\\\/\\\/www.esplac.cat\\\/\",\"logo\":{\"@type\":\"ImageObject\",\"inLanguage\":\"es\",\"@id\":\"https:\\\/\\\/www.esplac.cat\\\/#\\\/schema\\\/logo\\\/image\\\/\",\"url\":\"https:\\\/\\\/www.esplac.cat\\\/wp-content\\\/uploads\\\/2019\\\/08\\\/logox2.png\",\"contentUrl\":\"https:\\\/\\\/www.esplac.cat\\\/wp-content\\\/uploads\\\/2019\\\/08\\\/logox2.png\",\"width\":600,\"height\":295,\"caption\":\"Esplac\"},\"image\":{\"@id\":\"https:\\\/\\\/www.esplac.cat\\\/#\\\/schema\\\/logo\\\/image\\\/\"}},{\"@type\":\"Person\",\"@id\":\"https:\\\/\\\/www.esplac.cat\\\/#\\\/schema\\\/person\\\/8d7ee340c02b239b152b9ff2c3d40766\",\"name\":\"root\",\"image\":{\"@type\":\"ImageObject\",\"inLanguage\":\"es\",\"@id\":\"https:\\\/\\\/secure.gravatar.com\\\/avatar\\\/9356757d53af8c5db257f894fbbd9ee7446c25af07cd2e7844bd1cf43acef754?s=96&d=mm&r=g\",\"url\":\"https:\\\/\\\/secure.gravatar.com\\\/avatar\\\/9356757d53af8c5db257f894fbbd9ee7446c25af07cd2e7844bd1cf43acef754?s=96&d=mm&r=g\",\"contentUrl\":\"https:\\\/\\\/secure.gravatar.com\\\/avatar\\\/9356757d53af8c5db257f894fbbd9ee7446c25af07cd2e7844bd1cf43acef754?s=96&d=mm&r=g\",\"caption\":\"root\"}}]}<\/script>\n<!-- \/ Yoast SEO plugin. -->","yoast_head_json":{"title":"Vols anar a It\u00e0lia a aprendre sobre masculinitats des d\u2019una perspectiva feminista? - Esplac","robots":{"index":"index","follow":"follow","max-snippet":"max-snippet:-1","max-image-preview":"max-image-preview:large","max-video-preview":"max-video-preview:-1"},"canonical":"https:\/\/www.esplac.cat\/es\/italia-masculinitats-perspectiva-feminista\/","og_locale":"es_ES","og_type":"article","og_title":"Vols anar a It\u00e0lia a aprendre sobre masculinitats des d\u2019una perspectiva feminista? - Esplac","og_description":"Del 24\u00a0al 31 de Mar\u00e7, a Mil\u00e0 (It\u00e0lia), hi haur\u00e0\u00a0una [&hellip;]","og_url":"https:\/\/www.esplac.cat\/es\/italia-masculinitats-perspectiva-feminista\/","og_site_name":"Esplac","article_published_time":"2019-01-16T06:55:05+00:00","article_modified_time":"2020-10-15T16:23:39+00:00","og_image":[{"width":847,"height":350,"url":"https:\/\/www.esplac.cat\/wp-content\/uploads\/2018\/12\/portada.jpg","type":"image\/jpeg"}],"author":"root","twitter_card":"summary_large_image","twitter_misc":{"Escrito por":"root","Tiempo de lectura":"3 minutos"},"schema":{"@context":"https:\/\/schema.org","@graph":[{"@type":"Article","@id":"https:\/\/www.esplac.cat\/es\/italia-masculinitats-perspectiva-feminista\/#article","isPartOf":{"@id":"https:\/\/www.esplac.cat\/es\/italia-masculinitats-perspectiva-feminista\/"},"author":{"name":"root","@id":"https:\/\/www.esplac.cat\/#\/schema\/person\/8d7ee340c02b239b152b9ff2c3d40766"},"headline":"Vols anar a It\u00e0lia a aprendre sobre masculinitats des d\u2019una perspectiva feminista?","datePublished":"2019-01-16T06:55:05+00:00","dateModified":"2020-10-15T16:23:39+00:00","mainEntityOfPage":{"@id":"https:\/\/www.esplac.cat\/es\/italia-masculinitats-perspectiva-feminista\/"},"wordCount":571,"publisher":{"@id":"https:\/\/www.esplac.cat\/#organization"},"image":{"@id":"https:\/\/www.esplac.cat\/es\/italia-masculinitats-perspectiva-feminista\/#primaryimage"},"thumbnailUrl":"https:\/\/www.esplac.cat\/wp-content\/uploads\/2018\/12\/portada.jpg","keywords":["educaci\u00f3 popular","EsplacAlM\u00f3n","esplai","feminisme","formaci\u00f3","IFM-SEI","internacional","It\u00e0lia","Masculinitats","transformaci\u00f3 social"],"articleSection":["Esplac al m\u00f3n","Sense categoria"],"inLanguage":"es"},{"@type":"WebPage","@id":"https:\/\/www.esplac.cat\/es\/italia-masculinitats-perspectiva-feminista\/","url":"https:\/\/www.esplac.cat\/es\/italia-masculinitats-perspectiva-feminista\/","name":"Vols anar a It\u00e0lia a aprendre sobre masculinitats des d\u2019una perspectiva feminista? - Esplac","isPartOf":{"@id":"https:\/\/www.esplac.cat\/#website"},"primaryImageOfPage":{"@id":"https:\/\/www.esplac.cat\/es\/italia-masculinitats-perspectiva-feminista\/#primaryimage"},"image":{"@id":"https:\/\/www.esplac.cat\/es\/italia-masculinitats-perspectiva-feminista\/#primaryimage"},"thumbnailUrl":"https:\/\/www.esplac.cat\/wp-content\/uploads\/2018\/12\/portada.jpg","datePublished":"2019-01-16T06:55:05+00:00","dateModified":"2020-10-15T16:23:39+00:00","breadcrumb":{"@id":"https:\/\/www.esplac.cat\/es\/italia-masculinitats-perspectiva-feminista\/#breadcrumb"},"inLanguage":"es","potentialAction":[{"@type":"ReadAction","target":["https:\/\/www.esplac.cat\/es\/italia-masculinitats-perspectiva-feminista\/"]}]},{"@type":"ImageObject","inLanguage":"es","@id":"https:\/\/www.esplac.cat\/es\/italia-masculinitats-perspectiva-feminista\/#primaryimage","url":"https:\/\/www.esplac.cat\/wp-content\/uploads\/2018\/12\/portada.jpg","contentUrl":"https:\/\/www.esplac.cat\/wp-content\/uploads\/2018\/12\/portada.jpg","width":847,"height":350},{"@type":"BreadcrumbList","@id":"https:\/\/www.esplac.cat\/es\/italia-masculinitats-perspectiva-feminista\/#breadcrumb","itemListElement":[{"@type":"ListItem","position":1,"name":"Inici","item":"https:\/\/www.esplac.cat\/es\/"},{"@type":"ListItem","position":2,"name":"Vols anar a It\u00e0lia a aprendre sobre masculinitats des d\u2019una perspectiva feminista?"}]},{"@type":"WebSite","@id":"https:\/\/www.esplac.cat\/#website","url":"https:\/\/www.esplac.cat\/","name":"Esplac","description":"Esplais Catalans","publisher":{"@id":"https:\/\/www.esplac.cat\/#organization"},"potentialAction":[{"@type":"SearchAction","target":{"@type":"EntryPoint","urlTemplate":"https:\/\/www.esplac.cat\/?s={search_term_string}"},"query-input":{"@type":"PropertyValueSpecification","valueRequired":true,"valueName":"search_term_string"}}],"inLanguage":"es"},{"@type":"Organization","@id":"https:\/\/www.esplac.cat\/#organization","name":"Esplac","url":"https:\/\/www.esplac.cat\/","logo":{"@type":"ImageObject","inLanguage":"es","@id":"https:\/\/www.esplac.cat\/#\/schema\/logo\/image\/","url":"https:\/\/www.esplac.cat\/wp-content\/uploads\/2019\/08\/logox2.png","contentUrl":"https:\/\/www.esplac.cat\/wp-content\/uploads\/2019\/08\/logox2.png","width":600,"height":295,"caption":"Esplac"},"image":{"@id":"https:\/\/www.esplac.cat\/#\/schema\/logo\/image\/"}},{"@type":"Person","@id":"https:\/\/www.esplac.cat\/#\/schema\/person\/8d7ee340c02b239b152b9ff2c3d40766","name":"root","image":{"@type":"ImageObject","inLanguage":"es","@id":"https:\/\/secure.gravatar.com\/avatar\/9356757d53af8c5db257f894fbbd9ee7446c25af07cd2e7844bd1cf43acef754?s=96&d=mm&r=g","url":"https:\/\/secure.gravatar.com\/avatar\/9356757d53af8c5db257f894fbbd9ee7446c25af07cd2e7844bd1cf43acef754?s=96&d=mm&r=g","contentUrl":"https:\/\/secure.gravatar.com\/avatar\/9356757d53af8c5db257f894fbbd9ee7446c25af07cd2e7844bd1cf43acef754?s=96&d=mm&r=g","caption":"root"}}]}},"_links":{"self":[{"href":"https:\/\/www.esplac.cat\/es\/wp-json\/wp\/v2\/posts\/23869","targetHints":{"allow":["GET"]}}],"collection":[{"href":"https:\/\/www.esplac.cat\/es\/wp-json\/wp\/v2\/posts"}],"about":[{"href":"https:\/\/www.esplac.cat\/es\/wp-json\/wp\/v2\/types\/post"}],"author":[{"embeddable":true,"href":"https:\/\/www.esplac.cat\/es\/wp-json\/wp\/v2\/users\/1"}],"replies":[{"embeddable":true,"href":"https:\/\/www.esplac.cat\/es\/wp-json\/wp\/v2\/comments?post=23869"}],"version-history":[{"count":0,"href":"https:\/\/www.esplac.cat\/es\/wp-json\/wp\/v2\/posts\/23869\/revisions"}],"wp:featuredmedia":[{"embeddable":true,"href":"https:\/\/www.esplac.cat\/es\/wp-json\/wp\/v2\/media\/23870"}],"wp:attachment":[{"href":"https:\/\/www.esplac.cat\/es\/wp-json\/wp\/v2\/media?parent=23869"}],"wp:term":[{"taxonomy":"category","embeddable":true,"href":"https:\/\/www.esplac.cat\/es\/wp-json\/wp\/v2\/categories?post=23869"},{"taxonomy":"post_tag","embeddable":true,"href":"https:\/\/www.esplac.cat\/es\/wp-json\/wp\/v2\/tags?post=23869"}],"curies":[{"name":"wp","href":"https:\/\/api.w.org\/{rel}","templated":true}]}}