{"id":23871,"date":"2019-01-14T17:08:40","date_gmt":"2019-01-14T15:08:40","guid":{"rendered":"http:\/\/esplac.cat\/?p=21094"},"modified":"2020-10-15T17:23:39","modified_gmt":"2020-10-15T16:23:39","slug":"monifestat-2019-inscripcions-obertes","status":"publish","type":"post","link":"https:\/\/www.esplac.cat\/es\/monifestat-2019-inscripcions-obertes\/","title":{"rendered":"Monifesta&#8217;t 2019: inscripcions obertes!"},"content":{"rendered":"<h4 style=\"text-align: justify;\">Obertes\u00a0les inscripcions per la trobada de monitores i monitors d\u2019Esplais Catalans, que tindr\u00e0 lloc al Vendrell el 29, 30 i 31 de mar\u00e7, sota el lema \u201cPerseguim utopies, constru\u00efm el m\u00f3n que volem!\u201d<\/h4>\n<p style=\"text-align: justify;\">Ja et pots inscriure a la Monifesta&#8217;t 2019 <strong>a trav\u00e9s de <a href=\"https:\/\/era.esplac.cat\" target=\"_blank\" rel=\"noopener noreferrer\">l&#8217;Era<\/a>, <\/strong>la trobada de monitores i monitors d&#8217;Esplac que continua, any rere any, reivindicant la tasca transformadora de les monis, sent un espai de formaci\u00f3, activitats i experi\u00e8ncies compartides.<\/p>\n<p style=\"text-align: justify;\">Avui, comen\u00e7a el <strong>primer per\u00edode d&#8217;inscripcions amb descompte<\/strong> (et sortir\u00e0 m\u00e9s barat!), i has d&#8217;estar molt alerta i tenir ben clar a quines formacions i\u00a0tallers et voldr\u00e0s apuntar! <a href=\"http:\/\/esplac.cat\/wp-content\/uploads\/2019\/01\/Guia-inscripcio-monifestat.pdf\" target=\"_blank\" rel=\"noopener noreferrer\"><strong>Aqu\u00ed tens la guia d&#8217;inscripci\u00f3<\/strong><\/a> per tenir-ho tot ben clar i decidir all\u00f2 que voldr\u00e0s fer abans de fer la inscripci\u00f3, on et preguntarem quines activitats s\u00f3n les que t&#8217;interessen (com a m\u00ednim haur\u00e0s de fer-ne una i com a m\u00e0xim tres). A m\u00e9s, has de mirar b\u00e9 la guia per assegurar-te que ho tens tot enllestit\u00a0i que la inscripci\u00f3 sigui r\u00e0pida i f\u00e0cil!<\/p>\n<p style=\"text-align: justify;\"><strong>Qu\u00e8 hi podr\u00e0s trobar a la Monifesa&#8217;t 2019?:<\/strong><\/p>\n<ul style=\"text-align: justify;\">\n<li><strong>Activitats:<\/strong>\u00a0aquestes seran sense inscripci\u00f3 pr\u00e8via i podreu trobar des de jocs preparats per cada sector fins a una <strong>b<\/strong><strong>iblioteca humana. <\/strong>Aquesta biblioteca consisteix en\u00a0un\u00a0espai de trobada dist\u00e8s en format de bar, on pots anar a prendre alguna cosa amb persones que tenen experi\u00e8ncies vitals molt diferents i compartiran amb tu les seves viv\u00e8ncies de manera directa i propera. Podreu con\u00e8ixer persones que han viscut al carrer, que han viscut processos migratoris durs o realitats diverses, entre d&#8217;altres.<br \/>\n<span style=\"color: #ffffff;\">.<\/span><\/li>\n<li><strong>Paradetes: <\/strong>trobareu paradetes de diferents entitats on podreu demanar informaci\u00f3.<br \/>\n<span style=\"color: #ffffff;\">.<\/span><\/li>\n<li><strong>Tallers i formacions: <\/strong>Hi haur\u00e0 temes tan diversos com educaci\u00f3 sexual, educaci\u00f3 en l&#8217;autodefensa feminista, teles acrob\u00e0tiques, economia social i solid\u00e0ria, pintura corporal, i molt m\u00e9s! Cal inscripci\u00f3 pr\u00e8via (que t&#8217;ho demanaran a l&#8217;hora de fer la inscripci\u00f3!)<br \/>\n<span style=\"color: #ffffff;\">.<\/span><\/li>\n<li><strong>Intercanvi entre els esplais:<\/strong>\u00a0podreu donar a con\u00e8ixer les vostres pr\u00e0ctiques entre els esplais, compartir din\u00e0miques, crear un espai de debat on aconsellar i compartir solucions per determinades situacions, empoderar-se conjuntament, etc.<\/li>\n<\/ul>\n<p style=\"text-align: justify;\">Les places als tallers i formacions s\u00f3n limitades, si t&#8217;hi inscrius aviat, tindr\u00e0s m\u00e9s possibilitats d&#8217;anar a\u00a0all\u00f2 que\u00a0m\u00e9s t&#8217;interessi!<\/p>\n<p style=\"text-align: justify;\">Per m\u00e9s informaci\u00f3 pots consultar l&#8217;apartat de la Monifesta&#8217;t del web <a href=\"http:\/\/esplac.cat\/monifestat\" target=\"_blank\" rel=\"noopener noreferrer\">aqu\u00ed.<\/a><\/p>\n<p style=\"text-align: justify;\"><a href=\"http:\/\/esplac.cat\/wp-content\/uploads\/2019\/01\/A3_Monifestat_RGB-01.jpg\"><img decoding=\"async\" class=\" wp-image-21112 aligncenter\" src=\"http:\/\/esplac.cat\/wp-content\/uploads\/2019\/01\/A3_Monifestat_RGB-01.jpg\" alt=\"\" width=\"564\" height=\"798\" \/><\/a><\/p>\n","protected":false},"excerpt":{"rendered":"<p>Obertes\u00a0les inscripcions per la trobada de monitores i monitors d\u2019Esplais [&hellip;]<\/p>\n","protected":false},"author":1,"featured_media":23873,"comment_status":"closed","ping_status":"open","sticky":false,"template":"","format":"standard","meta":{"om_disable_all_campaigns":false,"_monsterinsights_skip_tracking":false,"_monsterinsights_sitenote_active":false,"_monsterinsights_sitenote_note":"","_monsterinsights_sitenote_category":0,"_uf_show_specific_survey":0,"_uf_disable_surveys":false,"footnotes":""},"categories":[1115,1],"tags":[1031,1002,1011,1003,443,225,185,211,212,134,653],"class_list":["post-23871","post","type-post","status-publish","format-standard","has-post-thumbnail","hentry","category-monifestat","category-sense-categoria","tag-activitats","tag-educacio-popular","tag-el-vendrell","tag-esplai","tag-formacions","tag-inscripcions","tag-monifestat","tag-monitores","tag-monitors","tag-transformacio-social","tag-trobada"],"yoast_head":"<!-- This site is optimized with the Yoast SEO plugin v27.4 - https:\/\/yoast.com\/product\/yoast-seo-wordpress\/ -->\n<title>Monifesta&#039;t 2019: inscripcions obertes! - Esplac<\/title>\n<meta name=\"robots\" content=\"index, follow, max-snippet:-1, max-image-preview:large, max-video-preview:-1\" \/>\n<link rel=\"canonical\" href=\"https:\/\/www.esplac.cat\/es\/monifestat-2019-inscripcions-obertes\/\" \/>\n<meta property=\"og:locale\" content=\"es_ES\" \/>\n<meta property=\"og:type\" content=\"article\" \/>\n<meta property=\"og:title\" content=\"Monifesta&#039;t 2019: inscripcions obertes! - Esplac\" \/>\n<meta property=\"og:description\" content=\"Obertes\u00a0les inscripcions per la trobada de monitores i monitors d\u2019Esplais [&hellip;]\" \/>\n<meta property=\"og:url\" content=\"https:\/\/www.esplac.cat\/es\/monifestat-2019-inscripcions-obertes\/\" \/>\n<meta property=\"og:site_name\" content=\"Esplac\" \/>\n<meta property=\"article:published_time\" content=\"2019-01-14T15:08:40+00:00\" \/>\n<meta property=\"article:modified_time\" content=\"2020-10-15T16:23:39+00:00\" \/>\n<meta property=\"og:image\" content=\"https:\/\/www.esplac.cat\/wp-content\/uploads\/2019\/01\/banner_web.jpg\" \/>\n\t<meta property=\"og:image:width\" content=\"847\" \/>\n\t<meta property=\"og:image:height\" content=\"350\" \/>\n\t<meta property=\"og:image:type\" content=\"image\/jpeg\" \/>\n<meta name=\"author\" content=\"root\" \/>\n<meta name=\"twitter:card\" content=\"summary_large_image\" \/>\n<meta name=\"twitter:label1\" content=\"Escrito por\" \/>\n\t<meta name=\"twitter:data1\" content=\"root\" \/>\n\t<meta name=\"twitter:label2\" content=\"Tiempo de lectura\" \/>\n\t<meta name=\"twitter:data2\" content=\"2 minutos\" \/>\n<script type=\"application\/ld+json\" class=\"yoast-schema-graph\">{\"@context\":\"https:\\\/\\\/schema.org\",\"@graph\":[{\"@type\":\"Article\",\"@id\":\"https:\\\/\\\/www.esplac.cat\\\/es\\\/monifestat-2019-inscripcions-obertes\\\/#article\",\"isPartOf\":{\"@id\":\"https:\\\/\\\/www.esplac.cat\\\/es\\\/monifestat-2019-inscripcions-obertes\\\/\"},\"author\":{\"name\":\"root\",\"@id\":\"https:\\\/\\\/www.esplac.cat\\\/#\\\/schema\\\/person\\\/8d7ee340c02b239b152b9ff2c3d40766\"},\"headline\":\"Monifesta&#8217;t 2019: inscripcions obertes!\",\"datePublished\":\"2019-01-14T15:08:40+00:00\",\"dateModified\":\"2020-10-15T16:23:39+00:00\",\"mainEntityOfPage\":{\"@id\":\"https:\\\/\\\/www.esplac.cat\\\/es\\\/monifestat-2019-inscripcions-obertes\\\/\"},\"wordCount\":421,\"publisher\":{\"@id\":\"https:\\\/\\\/www.esplac.cat\\\/#organization\"},\"image\":{\"@id\":\"https:\\\/\\\/www.esplac.cat\\\/es\\\/monifestat-2019-inscripcions-obertes\\\/#primaryimage\"},\"thumbnailUrl\":\"https:\\\/\\\/www.esplac.cat\\\/wp-content\\\/uploads\\\/2019\\\/01\\\/banner_web.jpg\",\"keywords\":[\"activitats\",\"educaci\u00f3 popular\",\"El Vendrell\",\"esplai\",\"formacions\",\"inscripcions\",\"monifesta't\",\"monitores\",\"monitors\",\"transformaci\u00f3 social\",\"trobada\"],\"articleSection\":[\"Monifesta't\",\"Sense categoria\"],\"inLanguage\":\"es\"},{\"@type\":\"WebPage\",\"@id\":\"https:\\\/\\\/www.esplac.cat\\\/es\\\/monifestat-2019-inscripcions-obertes\\\/\",\"url\":\"https:\\\/\\\/www.esplac.cat\\\/es\\\/monifestat-2019-inscripcions-obertes\\\/\",\"name\":\"Monifesta't 2019: inscripcions obertes! - Esplac\",\"isPartOf\":{\"@id\":\"https:\\\/\\\/www.esplac.cat\\\/#website\"},\"primaryImageOfPage\":{\"@id\":\"https:\\\/\\\/www.esplac.cat\\\/es\\\/monifestat-2019-inscripcions-obertes\\\/#primaryimage\"},\"image\":{\"@id\":\"https:\\\/\\\/www.esplac.cat\\\/es\\\/monifestat-2019-inscripcions-obertes\\\/#primaryimage\"},\"thumbnailUrl\":\"https:\\\/\\\/www.esplac.cat\\\/wp-content\\\/uploads\\\/2019\\\/01\\\/banner_web.jpg\",\"datePublished\":\"2019-01-14T15:08:40+00:00\",\"dateModified\":\"2020-10-15T16:23:39+00:00\",\"breadcrumb\":{\"@id\":\"https:\\\/\\\/www.esplac.cat\\\/es\\\/monifestat-2019-inscripcions-obertes\\\/#breadcrumb\"},\"inLanguage\":\"es\",\"potentialAction\":[{\"@type\":\"ReadAction\",\"target\":[\"https:\\\/\\\/www.esplac.cat\\\/es\\\/monifestat-2019-inscripcions-obertes\\\/\"]}]},{\"@type\":\"ImageObject\",\"inLanguage\":\"es\",\"@id\":\"https:\\\/\\\/www.esplac.cat\\\/es\\\/monifestat-2019-inscripcions-obertes\\\/#primaryimage\",\"url\":\"https:\\\/\\\/www.esplac.cat\\\/wp-content\\\/uploads\\\/2019\\\/01\\\/banner_web.jpg\",\"contentUrl\":\"https:\\\/\\\/www.esplac.cat\\\/wp-content\\\/uploads\\\/2019\\\/01\\\/banner_web.jpg\",\"width\":847,\"height\":350},{\"@type\":\"BreadcrumbList\",\"@id\":\"https:\\\/\\\/www.esplac.cat\\\/es\\\/monifestat-2019-inscripcions-obertes\\\/#breadcrumb\",\"itemListElement\":[{\"@type\":\"ListItem\",\"position\":1,\"name\":\"Inici\",\"item\":\"https:\\\/\\\/www.esplac.cat\\\/es\\\/\"},{\"@type\":\"ListItem\",\"position\":2,\"name\":\"Monifesta&#8217;t 2019: inscripcions obertes!\"}]},{\"@type\":\"WebSite\",\"@id\":\"https:\\\/\\\/www.esplac.cat\\\/#website\",\"url\":\"https:\\\/\\\/www.esplac.cat\\\/\",\"name\":\"Esplac\",\"description\":\"Esplais Catalans\",\"publisher\":{\"@id\":\"https:\\\/\\\/www.esplac.cat\\\/#organization\"},\"potentialAction\":[{\"@type\":\"SearchAction\",\"target\":{\"@type\":\"EntryPoint\",\"urlTemplate\":\"https:\\\/\\\/www.esplac.cat\\\/?s={search_term_string}\"},\"query-input\":{\"@type\":\"PropertyValueSpecification\",\"valueRequired\":true,\"valueName\":\"search_term_string\"}}],\"inLanguage\":\"es\"},{\"@type\":\"Organization\",\"@id\":\"https:\\\/\\\/www.esplac.cat\\\/#organization\",\"name\":\"Esplac\",\"url\":\"https:\\\/\\\/www.esplac.cat\\\/\",\"logo\":{\"@type\":\"ImageObject\",\"inLanguage\":\"es\",\"@id\":\"https:\\\/\\\/www.esplac.cat\\\/#\\\/schema\\\/logo\\\/image\\\/\",\"url\":\"https:\\\/\\\/www.esplac.cat\\\/wp-content\\\/uploads\\\/2019\\\/08\\\/logox2.png\",\"contentUrl\":\"https:\\\/\\\/www.esplac.cat\\\/wp-content\\\/uploads\\\/2019\\\/08\\\/logox2.png\",\"width\":600,\"height\":295,\"caption\":\"Esplac\"},\"image\":{\"@id\":\"https:\\\/\\\/www.esplac.cat\\\/#\\\/schema\\\/logo\\\/image\\\/\"}},{\"@type\":\"Person\",\"@id\":\"https:\\\/\\\/www.esplac.cat\\\/#\\\/schema\\\/person\\\/8d7ee340c02b239b152b9ff2c3d40766\",\"name\":\"root\",\"image\":{\"@type\":\"ImageObject\",\"inLanguage\":\"es\",\"@id\":\"https:\\\/\\\/secure.gravatar.com\\\/avatar\\\/9356757d53af8c5db257f894fbbd9ee7446c25af07cd2e7844bd1cf43acef754?s=96&d=mm&r=g\",\"url\":\"https:\\\/\\\/secure.gravatar.com\\\/avatar\\\/9356757d53af8c5db257f894fbbd9ee7446c25af07cd2e7844bd1cf43acef754?s=96&d=mm&r=g\",\"contentUrl\":\"https:\\\/\\\/secure.gravatar.com\\\/avatar\\\/9356757d53af8c5db257f894fbbd9ee7446c25af07cd2e7844bd1cf43acef754?s=96&d=mm&r=g\",\"caption\":\"root\"}}]}<\/script>\n<!-- \/ Yoast SEO plugin. -->","yoast_head_json":{"title":"Monifesta't 2019: inscripcions obertes! - Esplac","robots":{"index":"index","follow":"follow","max-snippet":"max-snippet:-1","max-image-preview":"max-image-preview:large","max-video-preview":"max-video-preview:-1"},"canonical":"https:\/\/www.esplac.cat\/es\/monifestat-2019-inscripcions-obertes\/","og_locale":"es_ES","og_type":"article","og_title":"Monifesta't 2019: inscripcions obertes! - Esplac","og_description":"Obertes\u00a0les inscripcions per la trobada de monitores i monitors d\u2019Esplais [&hellip;]","og_url":"https:\/\/www.esplac.cat\/es\/monifestat-2019-inscripcions-obertes\/","og_site_name":"Esplac","article_published_time":"2019-01-14T15:08:40+00:00","article_modified_time":"2020-10-15T16:23:39+00:00","og_image":[{"width":847,"height":350,"url":"https:\/\/www.esplac.cat\/wp-content\/uploads\/2019\/01\/banner_web.jpg","type":"image\/jpeg"}],"author":"root","twitter_card":"summary_large_image","twitter_misc":{"Escrito por":"root","Tiempo de lectura":"2 minutos"},"schema":{"@context":"https:\/\/schema.org","@graph":[{"@type":"Article","@id":"https:\/\/www.esplac.cat\/es\/monifestat-2019-inscripcions-obertes\/#article","isPartOf":{"@id":"https:\/\/www.esplac.cat\/es\/monifestat-2019-inscripcions-obertes\/"},"author":{"name":"root","@id":"https:\/\/www.esplac.cat\/#\/schema\/person\/8d7ee340c02b239b152b9ff2c3d40766"},"headline":"Monifesta&#8217;t 2019: inscripcions obertes!","datePublished":"2019-01-14T15:08:40+00:00","dateModified":"2020-10-15T16:23:39+00:00","mainEntityOfPage":{"@id":"https:\/\/www.esplac.cat\/es\/monifestat-2019-inscripcions-obertes\/"},"wordCount":421,"publisher":{"@id":"https:\/\/www.esplac.cat\/#organization"},"image":{"@id":"https:\/\/www.esplac.cat\/es\/monifestat-2019-inscripcions-obertes\/#primaryimage"},"thumbnailUrl":"https:\/\/www.esplac.cat\/wp-content\/uploads\/2019\/01\/banner_web.jpg","keywords":["activitats","educaci\u00f3 popular","El Vendrell","esplai","formacions","inscripcions","monifesta't","monitores","monitors","transformaci\u00f3 social","trobada"],"articleSection":["Monifesta't","Sense categoria"],"inLanguage":"es"},{"@type":"WebPage","@id":"https:\/\/www.esplac.cat\/es\/monifestat-2019-inscripcions-obertes\/","url":"https:\/\/www.esplac.cat\/es\/monifestat-2019-inscripcions-obertes\/","name":"Monifesta't 2019: inscripcions obertes! - Esplac","isPartOf":{"@id":"https:\/\/www.esplac.cat\/#website"},"primaryImageOfPage":{"@id":"https:\/\/www.esplac.cat\/es\/monifestat-2019-inscripcions-obertes\/#primaryimage"},"image":{"@id":"https:\/\/www.esplac.cat\/es\/monifestat-2019-inscripcions-obertes\/#primaryimage"},"thumbnailUrl":"https:\/\/www.esplac.cat\/wp-content\/uploads\/2019\/01\/banner_web.jpg","datePublished":"2019-01-14T15:08:40+00:00","dateModified":"2020-10-15T16:23:39+00:00","breadcrumb":{"@id":"https:\/\/www.esplac.cat\/es\/monifestat-2019-inscripcions-obertes\/#breadcrumb"},"inLanguage":"es","potentialAction":[{"@type":"ReadAction","target":["https:\/\/www.esplac.cat\/es\/monifestat-2019-inscripcions-obertes\/"]}]},{"@type":"ImageObject","inLanguage":"es","@id":"https:\/\/www.esplac.cat\/es\/monifestat-2019-inscripcions-obertes\/#primaryimage","url":"https:\/\/www.esplac.cat\/wp-content\/uploads\/2019\/01\/banner_web.jpg","contentUrl":"https:\/\/www.esplac.cat\/wp-content\/uploads\/2019\/01\/banner_web.jpg","width":847,"height":350},{"@type":"BreadcrumbList","@id":"https:\/\/www.esplac.cat\/es\/monifestat-2019-inscripcions-obertes\/#breadcrumb","itemListElement":[{"@type":"ListItem","position":1,"name":"Inici","item":"https:\/\/www.esplac.cat\/es\/"},{"@type":"ListItem","position":2,"name":"Monifesta&#8217;t 2019: inscripcions obertes!"}]},{"@type":"WebSite","@id":"https:\/\/www.esplac.cat\/#website","url":"https:\/\/www.esplac.cat\/","name":"Esplac","description":"Esplais Catalans","publisher":{"@id":"https:\/\/www.esplac.cat\/#organization"},"potentialAction":[{"@type":"SearchAction","target":{"@type":"EntryPoint","urlTemplate":"https:\/\/www.esplac.cat\/?s={search_term_string}"},"query-input":{"@type":"PropertyValueSpecification","valueRequired":true,"valueName":"search_term_string"}}],"inLanguage":"es"},{"@type":"Organization","@id":"https:\/\/www.esplac.cat\/#organization","name":"Esplac","url":"https:\/\/www.esplac.cat\/","logo":{"@type":"ImageObject","inLanguage":"es","@id":"https:\/\/www.esplac.cat\/#\/schema\/logo\/image\/","url":"https:\/\/www.esplac.cat\/wp-content\/uploads\/2019\/08\/logox2.png","contentUrl":"https:\/\/www.esplac.cat\/wp-content\/uploads\/2019\/08\/logox2.png","width":600,"height":295,"caption":"Esplac"},"image":{"@id":"https:\/\/www.esplac.cat\/#\/schema\/logo\/image\/"}},{"@type":"Person","@id":"https:\/\/www.esplac.cat\/#\/schema\/person\/8d7ee340c02b239b152b9ff2c3d40766","name":"root","image":{"@type":"ImageObject","inLanguage":"es","@id":"https:\/\/secure.gravatar.com\/avatar\/9356757d53af8c5db257f894fbbd9ee7446c25af07cd2e7844bd1cf43acef754?s=96&d=mm&r=g","url":"https:\/\/secure.gravatar.com\/avatar\/9356757d53af8c5db257f894fbbd9ee7446c25af07cd2e7844bd1cf43acef754?s=96&d=mm&r=g","contentUrl":"https:\/\/secure.gravatar.com\/avatar\/9356757d53af8c5db257f894fbbd9ee7446c25af07cd2e7844bd1cf43acef754?s=96&d=mm&r=g","caption":"root"}}]}},"_links":{"self":[{"href":"https:\/\/www.esplac.cat\/es\/wp-json\/wp\/v2\/posts\/23871","targetHints":{"allow":["GET"]}}],"collection":[{"href":"https:\/\/www.esplac.cat\/es\/wp-json\/wp\/v2\/posts"}],"about":[{"href":"https:\/\/www.esplac.cat\/es\/wp-json\/wp\/v2\/types\/post"}],"author":[{"embeddable":true,"href":"https:\/\/www.esplac.cat\/es\/wp-json\/wp\/v2\/users\/1"}],"replies":[{"embeddable":true,"href":"https:\/\/www.esplac.cat\/es\/wp-json\/wp\/v2\/comments?post=23871"}],"version-history":[{"count":0,"href":"https:\/\/www.esplac.cat\/es\/wp-json\/wp\/v2\/posts\/23871\/revisions"}],"wp:featuredmedia":[{"embeddable":true,"href":"https:\/\/www.esplac.cat\/es\/wp-json\/wp\/v2\/media\/23873"}],"wp:attachment":[{"href":"https:\/\/www.esplac.cat\/es\/wp-json\/wp\/v2\/media?parent=23871"}],"wp:term":[{"taxonomy":"category","embeddable":true,"href":"https:\/\/www.esplac.cat\/es\/wp-json\/wp\/v2\/categories?post=23871"},{"taxonomy":"post_tag","embeddable":true,"href":"https:\/\/www.esplac.cat\/es\/wp-json\/wp\/v2\/tags?post=23871"}],"curies":[{"name":"wp","href":"https:\/\/api.w.org\/{rel}","templated":true}]}}