{"id":23892,"date":"2018-11-27T10:37:00","date_gmt":"2018-11-27T08:37:00","guid":{"rendered":"http:\/\/esplac.cat\/?p=20204"},"modified":"2019-11-14T13:38:33","modified_gmt":"2019-11-14T11:38:33","slug":"37a-assemblea-general-ordinaria-desplais-catalans","status":"publish","type":"post","link":"https:\/\/www.esplac.cat\/es\/37a-assemblea-general-ordinaria-desplais-catalans\/","title":{"rendered":"La 37a Assemblea General Ordin\u00e0ria d&#8217;Esplais Catalans ha estat tot un \u00e8xit!"},"content":{"rendered":"<p style=\"text-align: justify;\"><strong>Esplais Catalans apostem per una inf\u00e0ncia apoderada, amb veu i capa\u00e7 de participar del seu entorn immediat, en la 37a Assemblea General Ordin\u00e0ria.<\/strong><\/p>\n<p style=\"text-align: justify;\">Aquest passat cap de setmana, es va celebrar la\u00a037a Assemblea General Ordin\u00e0ria, l\u2019\u00f2rgan de decisi\u00f3 m\u00e9s important\u00a0d&#8217;Esplac.\u00a0Enguany, l\u2019assemblea ha decidit nomenar a <strong>Caterina Pedregal com<\/strong> <strong>a nova presidenta<\/strong>, agafant el relleu de la Irene Torrecilla, qui ha presidit l\u2019associaci\u00f3 durant aquests \u00faltims tres anys. Tamb\u00e9 s\u2019ha aprovat l\u2019entrada de <strong>dues noves membres a l\u2019Equip de Coordinaci\u00f3: la Carmen Alonso-Villaverde i l&#8217;Al\u00edcia Flores<\/strong>, i d&#8217;una nova representat de la comissi\u00f3 Reduint Petjada, la <strong>Laia Ribas.<\/strong><\/p>\n<p style=\"text-align: justify;\">Durant el cap de setmana, l&#8217;assemblea ha pres diferents decisions per millorar l&#8217;engranatge de l&#8217;entitat:<\/p>\n<ul style=\"text-align: justify;\">\n<li style=\"text-align: justify;\">Es va aprovar l&#8217;entrada de <strong>tres nous esplais:<\/strong> l&#8217;esplai El Creixent, Club d&#8217;Esplai Vilassar de Dalt i l&#8217;esplai Els Draks!<\/li>\n<li style=\"text-align: justify;\">Es va decidir dissoldre el Sector Osona-Ripoll\u00e8s per constituir el nou <strong>Sector Ripoll\u00e8s-Osona-Moian\u00e8s<\/strong>.<\/li>\n<li style=\"text-align: justify;\">Els 6 projectes del<strong> pla de treball 2018-19<\/strong> van quedar aprovats: Inclusi\u00f3 i diversitat, Inf\u00e0ncia, L\u00ednies pedag\u00f2giques, Gesti\u00f3 de conflictes, Finan\u00e7ament, Protocol i Monifesta&#8217;t.<\/li>\n<li style=\"text-align: justify;\">\u00c9s va aprovar el <strong>pressupost<\/strong> d&#8217;Esplac de l&#8217;any 2019.<\/li>\n<li style=\"text-align: justify;\">Tamb\u00e9 es va ratificar la<strong> Carta de Gesti\u00f3 Responsable<\/strong> amb la qual els esplais es comprometen a fer una gesti\u00f3 responsable i transformadora dels recursos (tant pel que fa a la contractaci\u00f3 de prove\u00efdors, de transports o de finan\u00e7ament, entre d\u2019altres).<\/li>\n<li style=\"text-align: justify;\">Es va decidir aprovar tamb\u00e9 el<strong> Codi \u00c8tic de les dirigents i la comissi\u00f3 de compliment.<\/strong><\/li>\n<li>I per \u00faltim, \u00e9s van aprovar totes les <strong>resolucions<\/strong> presentades:\n<ul>\n<li>Esplais Catalans compromesos amb els drets fonamentals i les llibertats individuals i col\u00b7lectives<\/li>\n<li style=\"text-align: justify;\">Per una inf\u00e0ncia apoderada i transformadora<\/li>\n<li style=\"text-align: justify;\">G\u00e8neres i sexualitats diverses dissidents<\/li>\n<li style=\"text-align: justify;\">La nostra responsabilitat de just\u00edcia per Palestina<\/li>\n<li style=\"text-align: justify;\">Cooperaci\u00f3 internacionalisme<\/li>\n<\/ul>\n<\/li>\n<\/ul>\n<p style=\"text-align: justify;\">A m\u00e9s, cal destacar tamb\u00e9 que ha estat una assemblea amb perspectiva de g\u00e8nere: com a novetat, s\u2019ha dut a terme un recompte de les intervencions que han realitzat les i els assistents a l\u2019assemblea, amb la finalitat de comptabilitzar les intervencions en funci\u00f3 del g\u00e8nere i de l\u2019orientaci\u00f3 sexual de les persones presents. Dels seus resultats, se\u2019n far\u00e0 una an\u00e0lisi cr\u00edtica amb la voluntat de revisar les din\u00e0miques internes.<\/p>\n<p style=\"text-align: justify;\">En definitiva, l\u2019edici\u00f3 d\u2019aquest any ha destacat per la voluntat d\u2019allunyar-se de les pr\u00e0ctiques adultocentristes,\u00a0i la import\u00e0ncia de prendre\u00a0com a objectiu, per part de les\u00a0monitores i monitors, la defensa dels Drets dels Infants en el seu dia a dia als esplais.<\/p>\n<p style=\"text-align: justify;\"><a href=\"https:\/\/bit.ly\/2RdaRpz\" target=\"_blank\" rel=\"noopener noreferrer\">Aqu\u00ed<\/a> podreu trobar tots els<strong> v\u00eddeos<\/strong> que es van projectar durant l&#8217;assemblea.<\/p>\n<p><a href=\"https:\/\/spoti.fi\/2DN4PrY\" target=\"_blank\" rel=\"noopener noreferrer\">Aqu\u00ed <\/a>trobareu la llista d&#8217;Spotify amb la <strong>m\u00fasica<\/strong> que va amenitzar el cap de setmana:<\/p>\n<p>I, per \u00faltim, <a href=\"http:\/\/ipsite.org\/7fr6\" target=\"_blank\" rel=\"noopener noreferrer\">aqu\u00ed totes les <strong>fotografies<\/strong>.<\/a><\/p>\n<p>&nbsp;<\/p>\n","protected":false},"excerpt":{"rendered":"<p>Esplais Catalans apostem per una inf\u00e0ncia apoderada, amb veu i [&hellip;]<\/p>\n","protected":false},"author":1,"featured_media":23894,"comment_status":"closed","ping_status":"open","sticky":false,"template":"","format":"standard","meta":{"om_disable_all_campaigns":false,"_monsterinsights_skip_tracking":false,"_monsterinsights_sitenote_active":false,"_monsterinsights_sitenote_note":"","_monsterinsights_sitenote_category":0,"_uf_show_specific_survey":0,"_uf_disable_surveys":false,"footnotes":""},"categories":[1134,1160,1164,1166,1167,1162,1165,1],"tags":[335,772,1002,1003,856,1006,1027],"class_list":["post-23892","post","type-post","status-publish","format-standard","has-post-thumbnail","hentry","category-assemblea-general-ordinaria","category-comissio-gsdd","category-gestio-de-conflictes","category-inclusio-i-diversitat","category-infancia","category-linies-pedagogiques","category-millora-del-financament","category-sense-categoria","tag-ago","tag-assemblea-general-ordinaria","tag-educacio-popular","tag-esplai","tag-infancia","tag-lleure","tag-participar"],"yoast_head":"<!-- This site is optimized with the Yoast SEO plugin v27.4 - https:\/\/yoast.com\/product\/yoast-seo-wordpress\/ -->\n<title>La 37a Assemblea General Ordin\u00e0ria d&#039;Esplais Catalans ha estat tot un \u00e8xit! - Esplac<\/title>\n<meta name=\"robots\" content=\"index, follow, max-snippet:-1, max-image-preview:large, max-video-preview:-1\" \/>\n<link rel=\"canonical\" href=\"https:\/\/www.esplac.cat\/en\/37a-assemblea-general-ordinaria-desplais-catalans\/\" \/>\n<meta property=\"og:locale\" content=\"es_ES\" \/>\n<meta property=\"og:type\" content=\"article\" \/>\n<meta property=\"og:title\" content=\"La 37a Assemblea General Ordin\u00e0ria d&#039;Esplais Catalans ha estat tot un \u00e8xit! - Esplac\" \/>\n<meta property=\"og:description\" content=\"Esplais Catalans apostem per una inf\u00e0ncia apoderada, amb veu i [&hellip;]\" \/>\n<meta property=\"og:url\" content=\"https:\/\/www.esplac.cat\/en\/37a-assemblea-general-ordinaria-desplais-catalans\/\" \/>\n<meta property=\"og:site_name\" content=\"Esplac\" \/>\n<meta property=\"article:published_time\" content=\"2018-11-27T08:37:00+00:00\" \/>\n<meta property=\"article:modified_time\" content=\"2019-11-14T11:38:33+00:00\" \/>\n<meta property=\"og:image\" content=\"https:\/\/www.esplac.cat\/wp-content\/uploads\/2018\/11\/portada-ago.jpg\" \/>\n\t<meta property=\"og:image:width\" content=\"847\" \/>\n\t<meta property=\"og:image:height\" content=\"350\" \/>\n\t<meta property=\"og:image:type\" content=\"image\/jpeg\" \/>\n<meta name=\"author\" content=\"root\" \/>\n<meta name=\"twitter:card\" content=\"summary_large_image\" \/>\n<meta name=\"twitter:label1\" content=\"Escrito por\" \/>\n\t<meta name=\"twitter:data1\" content=\"root\" \/>\n\t<meta name=\"twitter:label2\" content=\"Tiempo de lectura\" \/>\n\t<meta name=\"twitter:data2\" content=\"2 minutos\" \/>\n<script type=\"application\/ld+json\" class=\"yoast-schema-graph\">{\"@context\":\"https:\\\/\\\/schema.org\",\"@graph\":[{\"@type\":\"Article\",\"@id\":\"https:\\\/\\\/www.esplac.cat\\\/en\\\/37a-assemblea-general-ordinaria-desplais-catalans\\\/#article\",\"isPartOf\":{\"@id\":\"https:\\\/\\\/www.esplac.cat\\\/en\\\/37a-assemblea-general-ordinaria-desplais-catalans\\\/\"},\"author\":{\"name\":\"root\",\"@id\":\"https:\\\/\\\/www.esplac.cat\\\/#\\\/schema\\\/person\\\/8d7ee340c02b239b152b9ff2c3d40766\"},\"headline\":\"La 37a Assemblea General Ordin\u00e0ria d&#8217;Esplais Catalans ha estat tot un \u00e8xit!\",\"datePublished\":\"2018-11-27T08:37:00+00:00\",\"dateModified\":\"2019-11-14T11:38:33+00:00\",\"mainEntityOfPage\":{\"@id\":\"https:\\\/\\\/www.esplac.cat\\\/en\\\/37a-assemblea-general-ordinaria-desplais-catalans\\\/\"},\"wordCount\":499,\"publisher\":{\"@id\":\"https:\\\/\\\/www.esplac.cat\\\/#organization\"},\"image\":{\"@id\":\"https:\\\/\\\/www.esplac.cat\\\/en\\\/37a-assemblea-general-ordinaria-desplais-catalans\\\/#primaryimage\"},\"thumbnailUrl\":\"https:\\\/\\\/www.esplac.cat\\\/wp-content\\\/uploads\\\/2018\\\/11\\\/portada-ago.jpg\",\"keywords\":[\"AGO\",\"Assemblea General Ordin\u00e0ria\",\"educaci\u00f3 popular\",\"esplai\",\"infancia\",\"lleure\",\"Participar\"],\"articleSection\":[\"Assemblea General Ordin\u00e0ria\",\"Comissi\u00f3 GSDD\",\"Gesti\u00f3 de conflictes\",\"Inclusi\u00f3 i diversitat\",\"Inf\u00e0ncia i Esplaiada\",\"L\u00ednies pedag\u00f2giques\",\"Millora del finan\u00e7ament\",\"Sense categoria\"],\"inLanguage\":\"es\"},{\"@type\":\"WebPage\",\"@id\":\"https:\\\/\\\/www.esplac.cat\\\/en\\\/37a-assemblea-general-ordinaria-desplais-catalans\\\/\",\"url\":\"https:\\\/\\\/www.esplac.cat\\\/en\\\/37a-assemblea-general-ordinaria-desplais-catalans\\\/\",\"name\":\"La 37a Assemblea General Ordin\u00e0ria d'Esplais Catalans ha estat tot un \u00e8xit! - Esplac\",\"isPartOf\":{\"@id\":\"https:\\\/\\\/www.esplac.cat\\\/#website\"},\"primaryImageOfPage\":{\"@id\":\"https:\\\/\\\/www.esplac.cat\\\/en\\\/37a-assemblea-general-ordinaria-desplais-catalans\\\/#primaryimage\"},\"image\":{\"@id\":\"https:\\\/\\\/www.esplac.cat\\\/en\\\/37a-assemblea-general-ordinaria-desplais-catalans\\\/#primaryimage\"},\"thumbnailUrl\":\"https:\\\/\\\/www.esplac.cat\\\/wp-content\\\/uploads\\\/2018\\\/11\\\/portada-ago.jpg\",\"datePublished\":\"2018-11-27T08:37:00+00:00\",\"dateModified\":\"2019-11-14T11:38:33+00:00\",\"breadcrumb\":{\"@id\":\"https:\\\/\\\/www.esplac.cat\\\/en\\\/37a-assemblea-general-ordinaria-desplais-catalans\\\/#breadcrumb\"},\"inLanguage\":\"es\",\"potentialAction\":[{\"@type\":\"ReadAction\",\"target\":[\"https:\\\/\\\/www.esplac.cat\\\/en\\\/37a-assemblea-general-ordinaria-desplais-catalans\\\/\"]}]},{\"@type\":\"ImageObject\",\"inLanguage\":\"es\",\"@id\":\"https:\\\/\\\/www.esplac.cat\\\/en\\\/37a-assemblea-general-ordinaria-desplais-catalans\\\/#primaryimage\",\"url\":\"https:\\\/\\\/www.esplac.cat\\\/wp-content\\\/uploads\\\/2018\\\/11\\\/portada-ago.jpg\",\"contentUrl\":\"https:\\\/\\\/www.esplac.cat\\\/wp-content\\\/uploads\\\/2018\\\/11\\\/portada-ago.jpg\",\"width\":847,\"height\":350},{\"@type\":\"BreadcrumbList\",\"@id\":\"https:\\\/\\\/www.esplac.cat\\\/en\\\/37a-assemblea-general-ordinaria-desplais-catalans\\\/#breadcrumb\",\"itemListElement\":[{\"@type\":\"ListItem\",\"position\":1,\"name\":\"Inici\",\"item\":\"https:\\\/\\\/www.esplac.cat\\\/es\\\/\"},{\"@type\":\"ListItem\",\"position\":2,\"name\":\"La 37a Assemblea General Ordin\u00e0ria d&#8217;Esplais Catalans ha estat tot un \u00e8xit!\"}]},{\"@type\":\"WebSite\",\"@id\":\"https:\\\/\\\/www.esplac.cat\\\/#website\",\"url\":\"https:\\\/\\\/www.esplac.cat\\\/\",\"name\":\"Esplac\",\"description\":\"Esplais Catalans\",\"publisher\":{\"@id\":\"https:\\\/\\\/www.esplac.cat\\\/#organization\"},\"potentialAction\":[{\"@type\":\"SearchAction\",\"target\":{\"@type\":\"EntryPoint\",\"urlTemplate\":\"https:\\\/\\\/www.esplac.cat\\\/?s={search_term_string}\"},\"query-input\":{\"@type\":\"PropertyValueSpecification\",\"valueRequired\":true,\"valueName\":\"search_term_string\"}}],\"inLanguage\":\"es\"},{\"@type\":\"Organization\",\"@id\":\"https:\\\/\\\/www.esplac.cat\\\/#organization\",\"name\":\"Esplac\",\"url\":\"https:\\\/\\\/www.esplac.cat\\\/\",\"logo\":{\"@type\":\"ImageObject\",\"inLanguage\":\"es\",\"@id\":\"https:\\\/\\\/www.esplac.cat\\\/#\\\/schema\\\/logo\\\/image\\\/\",\"url\":\"https:\\\/\\\/www.esplac.cat\\\/wp-content\\\/uploads\\\/2019\\\/08\\\/logox2.png\",\"contentUrl\":\"https:\\\/\\\/www.esplac.cat\\\/wp-content\\\/uploads\\\/2019\\\/08\\\/logox2.png\",\"width\":600,\"height\":295,\"caption\":\"Esplac\"},\"image\":{\"@id\":\"https:\\\/\\\/www.esplac.cat\\\/#\\\/schema\\\/logo\\\/image\\\/\"}},{\"@type\":\"Person\",\"@id\":\"https:\\\/\\\/www.esplac.cat\\\/#\\\/schema\\\/person\\\/8d7ee340c02b239b152b9ff2c3d40766\",\"name\":\"root\",\"image\":{\"@type\":\"ImageObject\",\"inLanguage\":\"es\",\"@id\":\"https:\\\/\\\/secure.gravatar.com\\\/avatar\\\/9356757d53af8c5db257f894fbbd9ee7446c25af07cd2e7844bd1cf43acef754?s=96&d=mm&r=g\",\"url\":\"https:\\\/\\\/secure.gravatar.com\\\/avatar\\\/9356757d53af8c5db257f894fbbd9ee7446c25af07cd2e7844bd1cf43acef754?s=96&d=mm&r=g\",\"contentUrl\":\"https:\\\/\\\/secure.gravatar.com\\\/avatar\\\/9356757d53af8c5db257f894fbbd9ee7446c25af07cd2e7844bd1cf43acef754?s=96&d=mm&r=g\",\"caption\":\"root\"}}]}<\/script>\n<!-- \/ Yoast SEO plugin. -->","yoast_head_json":{"title":"La 37a Assemblea General Ordin\u00e0ria d'Esplais Catalans ha estat tot un \u00e8xit! - Esplac","robots":{"index":"index","follow":"follow","max-snippet":"max-snippet:-1","max-image-preview":"max-image-preview:large","max-video-preview":"max-video-preview:-1"},"canonical":"https:\/\/www.esplac.cat\/en\/37a-assemblea-general-ordinaria-desplais-catalans\/","og_locale":"es_ES","og_type":"article","og_title":"La 37a Assemblea General Ordin\u00e0ria d'Esplais Catalans ha estat tot un \u00e8xit! - Esplac","og_description":"Esplais Catalans apostem per una inf\u00e0ncia apoderada, amb veu i [&hellip;]","og_url":"https:\/\/www.esplac.cat\/en\/37a-assemblea-general-ordinaria-desplais-catalans\/","og_site_name":"Esplac","article_published_time":"2018-11-27T08:37:00+00:00","article_modified_time":"2019-11-14T11:38:33+00:00","og_image":[{"width":847,"height":350,"url":"https:\/\/www.esplac.cat\/wp-content\/uploads\/2018\/11\/portada-ago.jpg","type":"image\/jpeg"}],"author":"root","twitter_card":"summary_large_image","twitter_misc":{"Escrito por":"root","Tiempo de lectura":"2 minutos"},"schema":{"@context":"https:\/\/schema.org","@graph":[{"@type":"Article","@id":"https:\/\/www.esplac.cat\/en\/37a-assemblea-general-ordinaria-desplais-catalans\/#article","isPartOf":{"@id":"https:\/\/www.esplac.cat\/en\/37a-assemblea-general-ordinaria-desplais-catalans\/"},"author":{"name":"root","@id":"https:\/\/www.esplac.cat\/#\/schema\/person\/8d7ee340c02b239b152b9ff2c3d40766"},"headline":"La 37a Assemblea General Ordin\u00e0ria d&#8217;Esplais Catalans ha estat tot un \u00e8xit!","datePublished":"2018-11-27T08:37:00+00:00","dateModified":"2019-11-14T11:38:33+00:00","mainEntityOfPage":{"@id":"https:\/\/www.esplac.cat\/en\/37a-assemblea-general-ordinaria-desplais-catalans\/"},"wordCount":499,"publisher":{"@id":"https:\/\/www.esplac.cat\/#organization"},"image":{"@id":"https:\/\/www.esplac.cat\/en\/37a-assemblea-general-ordinaria-desplais-catalans\/#primaryimage"},"thumbnailUrl":"https:\/\/www.esplac.cat\/wp-content\/uploads\/2018\/11\/portada-ago.jpg","keywords":["AGO","Assemblea General Ordin\u00e0ria","educaci\u00f3 popular","esplai","infancia","lleure","Participar"],"articleSection":["Assemblea General Ordin\u00e0ria","Comissi\u00f3 GSDD","Gesti\u00f3 de conflictes","Inclusi\u00f3 i diversitat","Inf\u00e0ncia i Esplaiada","L\u00ednies pedag\u00f2giques","Millora del finan\u00e7ament","Sense categoria"],"inLanguage":"es"},{"@type":"WebPage","@id":"https:\/\/www.esplac.cat\/en\/37a-assemblea-general-ordinaria-desplais-catalans\/","url":"https:\/\/www.esplac.cat\/en\/37a-assemblea-general-ordinaria-desplais-catalans\/","name":"La 37a Assemblea General Ordin\u00e0ria d'Esplais Catalans ha estat tot un \u00e8xit! - Esplac","isPartOf":{"@id":"https:\/\/www.esplac.cat\/#website"},"primaryImageOfPage":{"@id":"https:\/\/www.esplac.cat\/en\/37a-assemblea-general-ordinaria-desplais-catalans\/#primaryimage"},"image":{"@id":"https:\/\/www.esplac.cat\/en\/37a-assemblea-general-ordinaria-desplais-catalans\/#primaryimage"},"thumbnailUrl":"https:\/\/www.esplac.cat\/wp-content\/uploads\/2018\/11\/portada-ago.jpg","datePublished":"2018-11-27T08:37:00+00:00","dateModified":"2019-11-14T11:38:33+00:00","breadcrumb":{"@id":"https:\/\/www.esplac.cat\/en\/37a-assemblea-general-ordinaria-desplais-catalans\/#breadcrumb"},"inLanguage":"es","potentialAction":[{"@type":"ReadAction","target":["https:\/\/www.esplac.cat\/en\/37a-assemblea-general-ordinaria-desplais-catalans\/"]}]},{"@type":"ImageObject","inLanguage":"es","@id":"https:\/\/www.esplac.cat\/en\/37a-assemblea-general-ordinaria-desplais-catalans\/#primaryimage","url":"https:\/\/www.esplac.cat\/wp-content\/uploads\/2018\/11\/portada-ago.jpg","contentUrl":"https:\/\/www.esplac.cat\/wp-content\/uploads\/2018\/11\/portada-ago.jpg","width":847,"height":350},{"@type":"BreadcrumbList","@id":"https:\/\/www.esplac.cat\/en\/37a-assemblea-general-ordinaria-desplais-catalans\/#breadcrumb","itemListElement":[{"@type":"ListItem","position":1,"name":"Inici","item":"https:\/\/www.esplac.cat\/es\/"},{"@type":"ListItem","position":2,"name":"La 37a Assemblea General Ordin\u00e0ria d&#8217;Esplais Catalans ha estat tot un \u00e8xit!"}]},{"@type":"WebSite","@id":"https:\/\/www.esplac.cat\/#website","url":"https:\/\/www.esplac.cat\/","name":"Esplac","description":"Esplais Catalans","publisher":{"@id":"https:\/\/www.esplac.cat\/#organization"},"potentialAction":[{"@type":"SearchAction","target":{"@type":"EntryPoint","urlTemplate":"https:\/\/www.esplac.cat\/?s={search_term_string}"},"query-input":{"@type":"PropertyValueSpecification","valueRequired":true,"valueName":"search_term_string"}}],"inLanguage":"es"},{"@type":"Organization","@id":"https:\/\/www.esplac.cat\/#organization","name":"Esplac","url":"https:\/\/www.esplac.cat\/","logo":{"@type":"ImageObject","inLanguage":"es","@id":"https:\/\/www.esplac.cat\/#\/schema\/logo\/image\/","url":"https:\/\/www.esplac.cat\/wp-content\/uploads\/2019\/08\/logox2.png","contentUrl":"https:\/\/www.esplac.cat\/wp-content\/uploads\/2019\/08\/logox2.png","width":600,"height":295,"caption":"Esplac"},"image":{"@id":"https:\/\/www.esplac.cat\/#\/schema\/logo\/image\/"}},{"@type":"Person","@id":"https:\/\/www.esplac.cat\/#\/schema\/person\/8d7ee340c02b239b152b9ff2c3d40766","name":"root","image":{"@type":"ImageObject","inLanguage":"es","@id":"https:\/\/secure.gravatar.com\/avatar\/9356757d53af8c5db257f894fbbd9ee7446c25af07cd2e7844bd1cf43acef754?s=96&d=mm&r=g","url":"https:\/\/secure.gravatar.com\/avatar\/9356757d53af8c5db257f894fbbd9ee7446c25af07cd2e7844bd1cf43acef754?s=96&d=mm&r=g","contentUrl":"https:\/\/secure.gravatar.com\/avatar\/9356757d53af8c5db257f894fbbd9ee7446c25af07cd2e7844bd1cf43acef754?s=96&d=mm&r=g","caption":"root"}}]}},"_links":{"self":[{"href":"https:\/\/www.esplac.cat\/es\/wp-json\/wp\/v2\/posts\/23892","targetHints":{"allow":["GET"]}}],"collection":[{"href":"https:\/\/www.esplac.cat\/es\/wp-json\/wp\/v2\/posts"}],"about":[{"href":"https:\/\/www.esplac.cat\/es\/wp-json\/wp\/v2\/types\/post"}],"author":[{"embeddable":true,"href":"https:\/\/www.esplac.cat\/es\/wp-json\/wp\/v2\/users\/1"}],"replies":[{"embeddable":true,"href":"https:\/\/www.esplac.cat\/es\/wp-json\/wp\/v2\/comments?post=23892"}],"version-history":[{"count":0,"href":"https:\/\/www.esplac.cat\/es\/wp-json\/wp\/v2\/posts\/23892\/revisions"}],"wp:featuredmedia":[{"embeddable":true,"href":"https:\/\/www.esplac.cat\/es\/wp-json\/wp\/v2\/media\/23894"}],"wp:attachment":[{"href":"https:\/\/www.esplac.cat\/es\/wp-json\/wp\/v2\/media?parent=23892"}],"wp:term":[{"taxonomy":"category","embeddable":true,"href":"https:\/\/www.esplac.cat\/es\/wp-json\/wp\/v2\/categories?post=23892"},{"taxonomy":"post_tag","embeddable":true,"href":"https:\/\/www.esplac.cat\/es\/wp-json\/wp\/v2\/tags?post=23892"}],"curies":[{"name":"wp","href":"https:\/\/api.w.org\/{rel}","templated":true}]}}