{"id":23896,"date":"2018-11-26T11:00:43","date_gmt":"2018-11-26T09:00:43","guid":{"rendered":"http:\/\/esplac.cat\/?p=20153"},"modified":"2019-11-14T13:38:33","modified_gmt":"2019-11-14T11:38:33","slug":"obrim-inscripcions-escola-esplac-2019-sobre-adultocentrisme","status":"publish","type":"post","link":"https:\/\/www.esplac.cat\/es\/obrim-inscripcions-escola-esplac-2019-sobre-adultocentrisme\/","title":{"rendered":"Obrim les inscripcions a l&#8217;Escola d&#8217;Esplac 2019 sobre adultocentrisme"},"content":{"rendered":"<h4 style=\"text-align: justify;\">En aquesta sisena edici\u00f3 (16 i 17 de febrer del 2019) volem debatre sobre el poder i el rol adult en les relacions educatives, analitzar com es manifesta i de quina manera hi podem fer front.<\/h4>\n<p style=\"text-align: justify;\">Amb l\u2019edici\u00f3 del 2018 vam concloure que l\u2019educaci\u00f3 \u00e9s pol\u00edtica i que mai ser\u00e0 neutre; que la persona educadora t\u00e9 un poder sobre els infants i adolescents i que lluny de caure en la no-intervenci\u00f3 amb el risc que aix\u00f2 pot comportar, cal que l\u2019educadora utilitzi el seu poder per assegurar la finalitat de l\u2019educaci\u00f3: un proc\u00e9s de construcci\u00f3 propi, emancipador i alliberador, que fa possible incorporar-se al mo\u0301n de manera auto\u0300noma.<\/p>\n<p style=\"text-align: justify;\">Aix\u00ed doncs, aquest any hem volgut aprofundir en con\u00e8ixer i debatre com ha de ser aquest rol i poder adult. <strong>L\u2019adultocentrisme \u00e9s el paradigma que estableix relacions socials asim\u00e8triques i de poder entre les persones adultes i les persones joves, adolescents, infants o la gent gran<\/strong>. Neix de la construcci\u00f3 d\u2019una concepci\u00f3 de la inf\u00e0ncia i adolesc\u00e8ncia com a subjectes \u201cincomplets\u201d, establint que el valor d\u2019aquesta etapa es troba per venir, at\u00e8s que s\u00f3n les caracter\u00edstiques pr\u00f2pies de l\u2019adultesa les que determinen un \u00e9sser hum\u00e0 complet.<\/p>\n<p style=\"text-align: justify;\">Esplais Catalans organitzem aquesta edici\u00f3 de l\u2019Escola d\u2019Esplac amb la voluntat de revisar el paradigma adultocentrista que travessa les nostres pr\u00e0ctiques educatives. Volem con\u00e8ixer quins s\u00f3n els privilegis que tenim com a persones adultes en els espais educatius i quins rols de poder estem reproduint, descobrir quins interessos socioecon\u00f2mics amaga aquesta reproducci\u00f3 del sistema adultocentrista i quines emocions adultes intervenen en la relaci\u00f3 educativa i com limiten la participaci\u00f3 de l\u2019infant i l&#8217;adolescent.<\/p>\n<p style=\"text-align: justify;\">Aquests s\u00f3n alguns exemples d\u2019aquesta nova edici\u00f3 carregada d\u2019autocr\u00edtica i amb moltes ganes de reconstruir-nos com a persones i com a associaci\u00f3 educativa.<\/p>\n<p style=\"text-align: justify;\">Si tens ganes de detectar les pr\u00e0ctiques i actituds personals o col\u00b7lectives que duem a terme i que ajuden a reproduir el \u201cparadigma\u201d adultocentrista, si vols con\u00e8ixer bones pr\u00e0ctiques i fins i tot revisar el projecte educatiu de la teva associaci\u00f3 i entitat, fes la teva inscripci\u00f3 \u00a0i no et quedis sense pla\u00e7a!<\/p>\n<p style=\"text-align: justify;\">\n<p style=\"text-align: justify;\">Consulta <a href=\"http:\/\/esplac.cat\/escola-esplac\/\" target=\"_blank\" rel=\"noopener noreferrer\">la p\u00e0gina web de l\u2019Escola d\u2019Esplac<\/a> regularment per estar informada de les darreres novetats!<\/p>\n<p style=\"text-align: justify;\"><em><strong>Nota:<\/strong> la participaci\u00f3 en totes les sessions formatives de l&#8217;Escola d&#8217;Esplac, convalida 12 hores associatives dels cursos d&#8217;\u00c8xit del programa Marta Mata de l&#8217;Escola Lliure El Sol.<\/em><\/p>\n<p>&nbsp;<\/p>\n","protected":false},"excerpt":{"rendered":"<p>En aquesta sisena edici\u00f3 (16 i 17 de febrer del [&hellip;]<\/p>\n","protected":false},"author":1,"featured_media":23897,"comment_status":"closed","ping_status":"open","sticky":false,"template":"","format":"standard","meta":{"om_disable_all_campaigns":false,"_monsterinsights_skip_tracking":false,"_monsterinsights_sitenote_active":false,"_monsterinsights_sitenote_note":"","_monsterinsights_sitenote_category":0,"_uf_show_specific_survey":0,"_uf_disable_surveys":false,"footnotes":""},"categories":[1129,1167,1],"tags":[1023,1024,184,1003,54,225,1006,1025],"class_list":["post-23896","post","type-post","status-publish","format-standard","has-post-thumbnail","hentry","category-escola-desplac","category-infancia","category-sense-categoria","tag-adultocentrisme","tag-educaciopopular","tag-escola-desplac","tag-esplai","tag-formacio","tag-inscripcions","tag-lleure","tag-tranformacio-social"],"yoast_head":"<!-- This site is optimized with the Yoast SEO plugin v27.5 - https:\/\/yoast.com\/product\/yoast-seo-wordpress\/ -->\n<title>Obrim les inscripcions a l&#039;Escola d&#039;Esplac 2019 sobre adultocentrisme - Esplac<\/title>\n<meta name=\"robots\" content=\"index, follow, max-snippet:-1, max-image-preview:large, max-video-preview:-1\" \/>\n<link rel=\"canonical\" href=\"https:\/\/www.esplac.cat\/es\/obrim-inscripcions-escola-esplac-2019-sobre-adultocentrisme\/\" \/>\n<meta property=\"og:locale\" content=\"es_ES\" \/>\n<meta property=\"og:type\" content=\"article\" \/>\n<meta property=\"og:title\" content=\"Obrim les inscripcions a l&#039;Escola d&#039;Esplac 2019 sobre adultocentrisme - Esplac\" \/>\n<meta property=\"og:description\" content=\"En aquesta sisena edici\u00f3 (16 i 17 de febrer del [&hellip;]\" \/>\n<meta property=\"og:url\" content=\"https:\/\/www.esplac.cat\/es\/obrim-inscripcions-escola-esplac-2019-sobre-adultocentrisme\/\" \/>\n<meta property=\"og:site_name\" content=\"Esplac\" \/>\n<meta property=\"article:published_time\" content=\"2018-11-26T09:00:43+00:00\" \/>\n<meta property=\"article:modified_time\" content=\"2019-11-14T11:38:33+00:00\" \/>\n<meta property=\"og:image\" content=\"https:\/\/www.esplac.cat\/wp-content\/uploads\/2018\/11\/ADULTOCENTRSIMEPORTADA.jpg\" \/>\n\t<meta property=\"og:image:width\" content=\"847\" \/>\n\t<meta property=\"og:image:height\" content=\"350\" \/>\n\t<meta property=\"og:image:type\" content=\"image\/jpeg\" \/>\n<meta name=\"author\" content=\"root\" \/>\n<meta name=\"twitter:card\" content=\"summary_large_image\" \/>\n<meta name=\"twitter:label1\" content=\"Escrito por\" \/>\n\t<meta name=\"twitter:data1\" content=\"root\" \/>\n\t<meta name=\"twitter:label2\" content=\"Tiempo de lectura\" \/>\n\t<meta name=\"twitter:data2\" content=\"2 minutos\" \/>\n<script type=\"application\/ld+json\" class=\"yoast-schema-graph\">{\"@context\":\"https:\\\/\\\/schema.org\",\"@graph\":[{\"@type\":\"Article\",\"@id\":\"https:\\\/\\\/www.esplac.cat\\\/es\\\/obrim-inscripcions-escola-esplac-2019-sobre-adultocentrisme\\\/#article\",\"isPartOf\":{\"@id\":\"https:\\\/\\\/www.esplac.cat\\\/es\\\/obrim-inscripcions-escola-esplac-2019-sobre-adultocentrisme\\\/\"},\"author\":{\"name\":\"root\",\"@id\":\"https:\\\/\\\/www.esplac.cat\\\/#\\\/schema\\\/person\\\/8d7ee340c02b239b152b9ff2c3d40766\"},\"headline\":\"Obrim les inscripcions a l&#8217;Escola d&#8217;Esplac 2019 sobre adultocentrisme\",\"datePublished\":\"2018-11-26T09:00:43+00:00\",\"dateModified\":\"2019-11-14T11:38:33+00:00\",\"mainEntityOfPage\":{\"@id\":\"https:\\\/\\\/www.esplac.cat\\\/es\\\/obrim-inscripcions-escola-esplac-2019-sobre-adultocentrisme\\\/\"},\"wordCount\":475,\"publisher\":{\"@id\":\"https:\\\/\\\/www.esplac.cat\\\/#organization\"},\"image\":{\"@id\":\"https:\\\/\\\/www.esplac.cat\\\/es\\\/obrim-inscripcions-escola-esplac-2019-sobre-adultocentrisme\\\/#primaryimage\"},\"thumbnailUrl\":\"https:\\\/\\\/www.esplac.cat\\\/wp-content\\\/uploads\\\/2018\\\/11\\\/ADULTOCENTRSIMEPORTADA.jpg\",\"keywords\":[\"Adultocentrisme\",\"educaci\u00f3popular\",\"escola d'Esplac\",\"esplai\",\"formaci\u00f3\",\"inscripcions\",\"lleure\",\"tranformacio social\"],\"articleSection\":[\"Escola d'Esplac\",\"Inf\u00e0ncia i Esplaiada\",\"Sense categoria\"],\"inLanguage\":\"es\"},{\"@type\":\"WebPage\",\"@id\":\"https:\\\/\\\/www.esplac.cat\\\/es\\\/obrim-inscripcions-escola-esplac-2019-sobre-adultocentrisme\\\/\",\"url\":\"https:\\\/\\\/www.esplac.cat\\\/es\\\/obrim-inscripcions-escola-esplac-2019-sobre-adultocentrisme\\\/\",\"name\":\"Obrim les inscripcions a l'Escola d'Esplac 2019 sobre adultocentrisme - Esplac\",\"isPartOf\":{\"@id\":\"https:\\\/\\\/www.esplac.cat\\\/#website\"},\"primaryImageOfPage\":{\"@id\":\"https:\\\/\\\/www.esplac.cat\\\/es\\\/obrim-inscripcions-escola-esplac-2019-sobre-adultocentrisme\\\/#primaryimage\"},\"image\":{\"@id\":\"https:\\\/\\\/www.esplac.cat\\\/es\\\/obrim-inscripcions-escola-esplac-2019-sobre-adultocentrisme\\\/#primaryimage\"},\"thumbnailUrl\":\"https:\\\/\\\/www.esplac.cat\\\/wp-content\\\/uploads\\\/2018\\\/11\\\/ADULTOCENTRSIMEPORTADA.jpg\",\"datePublished\":\"2018-11-26T09:00:43+00:00\",\"dateModified\":\"2019-11-14T11:38:33+00:00\",\"breadcrumb\":{\"@id\":\"https:\\\/\\\/www.esplac.cat\\\/es\\\/obrim-inscripcions-escola-esplac-2019-sobre-adultocentrisme\\\/#breadcrumb\"},\"inLanguage\":\"es\",\"potentialAction\":[{\"@type\":\"ReadAction\",\"target\":[\"https:\\\/\\\/www.esplac.cat\\\/es\\\/obrim-inscripcions-escola-esplac-2019-sobre-adultocentrisme\\\/\"]}]},{\"@type\":\"ImageObject\",\"inLanguage\":\"es\",\"@id\":\"https:\\\/\\\/www.esplac.cat\\\/es\\\/obrim-inscripcions-escola-esplac-2019-sobre-adultocentrisme\\\/#primaryimage\",\"url\":\"https:\\\/\\\/www.esplac.cat\\\/wp-content\\\/uploads\\\/2018\\\/11\\\/ADULTOCENTRSIMEPORTADA.jpg\",\"contentUrl\":\"https:\\\/\\\/www.esplac.cat\\\/wp-content\\\/uploads\\\/2018\\\/11\\\/ADULTOCENTRSIMEPORTADA.jpg\",\"width\":847,\"height\":350},{\"@type\":\"BreadcrumbList\",\"@id\":\"https:\\\/\\\/www.esplac.cat\\\/es\\\/obrim-inscripcions-escola-esplac-2019-sobre-adultocentrisme\\\/#breadcrumb\",\"itemListElement\":[{\"@type\":\"ListItem\",\"position\":1,\"name\":\"Inici\",\"item\":\"https:\\\/\\\/www.esplac.cat\\\/es\\\/\"},{\"@type\":\"ListItem\",\"position\":2,\"name\":\"Obrim les inscripcions a l&#8217;Escola d&#8217;Esplac 2019 sobre adultocentrisme\"}]},{\"@type\":\"WebSite\",\"@id\":\"https:\\\/\\\/www.esplac.cat\\\/#website\",\"url\":\"https:\\\/\\\/www.esplac.cat\\\/\",\"name\":\"Esplac\",\"description\":\"Esplais Catalans\",\"publisher\":{\"@id\":\"https:\\\/\\\/www.esplac.cat\\\/#organization\"},\"potentialAction\":[{\"@type\":\"SearchAction\",\"target\":{\"@type\":\"EntryPoint\",\"urlTemplate\":\"https:\\\/\\\/www.esplac.cat\\\/?s={search_term_string}\"},\"query-input\":{\"@type\":\"PropertyValueSpecification\",\"valueRequired\":true,\"valueName\":\"search_term_string\"}}],\"inLanguage\":\"es\"},{\"@type\":\"Organization\",\"@id\":\"https:\\\/\\\/www.esplac.cat\\\/#organization\",\"name\":\"Esplac\",\"url\":\"https:\\\/\\\/www.esplac.cat\\\/\",\"logo\":{\"@type\":\"ImageObject\",\"inLanguage\":\"es\",\"@id\":\"https:\\\/\\\/www.esplac.cat\\\/#\\\/schema\\\/logo\\\/image\\\/\",\"url\":\"https:\\\/\\\/www.esplac.cat\\\/wp-content\\\/uploads\\\/2019\\\/08\\\/logox2.png\",\"contentUrl\":\"https:\\\/\\\/www.esplac.cat\\\/wp-content\\\/uploads\\\/2019\\\/08\\\/logox2.png\",\"width\":600,\"height\":295,\"caption\":\"Esplac\"},\"image\":{\"@id\":\"https:\\\/\\\/www.esplac.cat\\\/#\\\/schema\\\/logo\\\/image\\\/\"}},{\"@type\":\"Person\",\"@id\":\"https:\\\/\\\/www.esplac.cat\\\/#\\\/schema\\\/person\\\/8d7ee340c02b239b152b9ff2c3d40766\",\"name\":\"root\",\"image\":{\"@type\":\"ImageObject\",\"inLanguage\":\"es\",\"@id\":\"https:\\\/\\\/secure.gravatar.com\\\/avatar\\\/9356757d53af8c5db257f894fbbd9ee7446c25af07cd2e7844bd1cf43acef754?s=96&d=mm&r=g\",\"url\":\"https:\\\/\\\/secure.gravatar.com\\\/avatar\\\/9356757d53af8c5db257f894fbbd9ee7446c25af07cd2e7844bd1cf43acef754?s=96&d=mm&r=g\",\"contentUrl\":\"https:\\\/\\\/secure.gravatar.com\\\/avatar\\\/9356757d53af8c5db257f894fbbd9ee7446c25af07cd2e7844bd1cf43acef754?s=96&d=mm&r=g\",\"caption\":\"root\"}}]}<\/script>\n<!-- \/ Yoast SEO plugin. -->","yoast_head_json":{"title":"Obrim les inscripcions a l'Escola d'Esplac 2019 sobre adultocentrisme - Esplac","robots":{"index":"index","follow":"follow","max-snippet":"max-snippet:-1","max-image-preview":"max-image-preview:large","max-video-preview":"max-video-preview:-1"},"canonical":"https:\/\/www.esplac.cat\/es\/obrim-inscripcions-escola-esplac-2019-sobre-adultocentrisme\/","og_locale":"es_ES","og_type":"article","og_title":"Obrim les inscripcions a l'Escola d'Esplac 2019 sobre adultocentrisme - Esplac","og_description":"En aquesta sisena edici\u00f3 (16 i 17 de febrer del [&hellip;]","og_url":"https:\/\/www.esplac.cat\/es\/obrim-inscripcions-escola-esplac-2019-sobre-adultocentrisme\/","og_site_name":"Esplac","article_published_time":"2018-11-26T09:00:43+00:00","article_modified_time":"2019-11-14T11:38:33+00:00","og_image":[{"width":847,"height":350,"url":"https:\/\/www.esplac.cat\/wp-content\/uploads\/2018\/11\/ADULTOCENTRSIMEPORTADA.jpg","type":"image\/jpeg"}],"author":"root","twitter_card":"summary_large_image","twitter_misc":{"Escrito por":"root","Tiempo de lectura":"2 minutos"},"schema":{"@context":"https:\/\/schema.org","@graph":[{"@type":"Article","@id":"https:\/\/www.esplac.cat\/es\/obrim-inscripcions-escola-esplac-2019-sobre-adultocentrisme\/#article","isPartOf":{"@id":"https:\/\/www.esplac.cat\/es\/obrim-inscripcions-escola-esplac-2019-sobre-adultocentrisme\/"},"author":{"name":"root","@id":"https:\/\/www.esplac.cat\/#\/schema\/person\/8d7ee340c02b239b152b9ff2c3d40766"},"headline":"Obrim les inscripcions a l&#8217;Escola d&#8217;Esplac 2019 sobre adultocentrisme","datePublished":"2018-11-26T09:00:43+00:00","dateModified":"2019-11-14T11:38:33+00:00","mainEntityOfPage":{"@id":"https:\/\/www.esplac.cat\/es\/obrim-inscripcions-escola-esplac-2019-sobre-adultocentrisme\/"},"wordCount":475,"publisher":{"@id":"https:\/\/www.esplac.cat\/#organization"},"image":{"@id":"https:\/\/www.esplac.cat\/es\/obrim-inscripcions-escola-esplac-2019-sobre-adultocentrisme\/#primaryimage"},"thumbnailUrl":"https:\/\/www.esplac.cat\/wp-content\/uploads\/2018\/11\/ADULTOCENTRSIMEPORTADA.jpg","keywords":["Adultocentrisme","educaci\u00f3popular","escola d'Esplac","esplai","formaci\u00f3","inscripcions","lleure","tranformacio social"],"articleSection":["Escola d'Esplac","Inf\u00e0ncia i Esplaiada","Sense categoria"],"inLanguage":"es"},{"@type":"WebPage","@id":"https:\/\/www.esplac.cat\/es\/obrim-inscripcions-escola-esplac-2019-sobre-adultocentrisme\/","url":"https:\/\/www.esplac.cat\/es\/obrim-inscripcions-escola-esplac-2019-sobre-adultocentrisme\/","name":"Obrim les inscripcions a l'Escola d'Esplac 2019 sobre adultocentrisme - Esplac","isPartOf":{"@id":"https:\/\/www.esplac.cat\/#website"},"primaryImageOfPage":{"@id":"https:\/\/www.esplac.cat\/es\/obrim-inscripcions-escola-esplac-2019-sobre-adultocentrisme\/#primaryimage"},"image":{"@id":"https:\/\/www.esplac.cat\/es\/obrim-inscripcions-escola-esplac-2019-sobre-adultocentrisme\/#primaryimage"},"thumbnailUrl":"https:\/\/www.esplac.cat\/wp-content\/uploads\/2018\/11\/ADULTOCENTRSIMEPORTADA.jpg","datePublished":"2018-11-26T09:00:43+00:00","dateModified":"2019-11-14T11:38:33+00:00","breadcrumb":{"@id":"https:\/\/www.esplac.cat\/es\/obrim-inscripcions-escola-esplac-2019-sobre-adultocentrisme\/#breadcrumb"},"inLanguage":"es","potentialAction":[{"@type":"ReadAction","target":["https:\/\/www.esplac.cat\/es\/obrim-inscripcions-escola-esplac-2019-sobre-adultocentrisme\/"]}]},{"@type":"ImageObject","inLanguage":"es","@id":"https:\/\/www.esplac.cat\/es\/obrim-inscripcions-escola-esplac-2019-sobre-adultocentrisme\/#primaryimage","url":"https:\/\/www.esplac.cat\/wp-content\/uploads\/2018\/11\/ADULTOCENTRSIMEPORTADA.jpg","contentUrl":"https:\/\/www.esplac.cat\/wp-content\/uploads\/2018\/11\/ADULTOCENTRSIMEPORTADA.jpg","width":847,"height":350},{"@type":"BreadcrumbList","@id":"https:\/\/www.esplac.cat\/es\/obrim-inscripcions-escola-esplac-2019-sobre-adultocentrisme\/#breadcrumb","itemListElement":[{"@type":"ListItem","position":1,"name":"Inici","item":"https:\/\/www.esplac.cat\/es\/"},{"@type":"ListItem","position":2,"name":"Obrim les inscripcions a l&#8217;Escola d&#8217;Esplac 2019 sobre adultocentrisme"}]},{"@type":"WebSite","@id":"https:\/\/www.esplac.cat\/#website","url":"https:\/\/www.esplac.cat\/","name":"Esplac","description":"Esplais Catalans","publisher":{"@id":"https:\/\/www.esplac.cat\/#organization"},"potentialAction":[{"@type":"SearchAction","target":{"@type":"EntryPoint","urlTemplate":"https:\/\/www.esplac.cat\/?s={search_term_string}"},"query-input":{"@type":"PropertyValueSpecification","valueRequired":true,"valueName":"search_term_string"}}],"inLanguage":"es"},{"@type":"Organization","@id":"https:\/\/www.esplac.cat\/#organization","name":"Esplac","url":"https:\/\/www.esplac.cat\/","logo":{"@type":"ImageObject","inLanguage":"es","@id":"https:\/\/www.esplac.cat\/#\/schema\/logo\/image\/","url":"https:\/\/www.esplac.cat\/wp-content\/uploads\/2019\/08\/logox2.png","contentUrl":"https:\/\/www.esplac.cat\/wp-content\/uploads\/2019\/08\/logox2.png","width":600,"height":295,"caption":"Esplac"},"image":{"@id":"https:\/\/www.esplac.cat\/#\/schema\/logo\/image\/"}},{"@type":"Person","@id":"https:\/\/www.esplac.cat\/#\/schema\/person\/8d7ee340c02b239b152b9ff2c3d40766","name":"root","image":{"@type":"ImageObject","inLanguage":"es","@id":"https:\/\/secure.gravatar.com\/avatar\/9356757d53af8c5db257f894fbbd9ee7446c25af07cd2e7844bd1cf43acef754?s=96&d=mm&r=g","url":"https:\/\/secure.gravatar.com\/avatar\/9356757d53af8c5db257f894fbbd9ee7446c25af07cd2e7844bd1cf43acef754?s=96&d=mm&r=g","contentUrl":"https:\/\/secure.gravatar.com\/avatar\/9356757d53af8c5db257f894fbbd9ee7446c25af07cd2e7844bd1cf43acef754?s=96&d=mm&r=g","caption":"root"}}]}},"_links":{"self":[{"href":"https:\/\/www.esplac.cat\/es\/wp-json\/wp\/v2\/posts\/23896","targetHints":{"allow":["GET"]}}],"collection":[{"href":"https:\/\/www.esplac.cat\/es\/wp-json\/wp\/v2\/posts"}],"about":[{"href":"https:\/\/www.esplac.cat\/es\/wp-json\/wp\/v2\/types\/post"}],"author":[{"embeddable":true,"href":"https:\/\/www.esplac.cat\/es\/wp-json\/wp\/v2\/users\/1"}],"replies":[{"embeddable":true,"href":"https:\/\/www.esplac.cat\/es\/wp-json\/wp\/v2\/comments?post=23896"}],"version-history":[{"count":0,"href":"https:\/\/www.esplac.cat\/es\/wp-json\/wp\/v2\/posts\/23896\/revisions"}],"wp:featuredmedia":[{"embeddable":true,"href":"https:\/\/www.esplac.cat\/es\/wp-json\/wp\/v2\/media\/23897"}],"wp:attachment":[{"href":"https:\/\/www.esplac.cat\/es\/wp-json\/wp\/v2\/media?parent=23896"}],"wp:term":[{"taxonomy":"category","embeddable":true,"href":"https:\/\/www.esplac.cat\/es\/wp-json\/wp\/v2\/categories?post=23896"},{"taxonomy":"post_tag","embeddable":true,"href":"https:\/\/www.esplac.cat\/es\/wp-json\/wp\/v2\/tags?post=23896"}],"curies":[{"name":"wp","href":"https:\/\/api.w.org\/{rel}","templated":true}]}}