{"id":23927,"date":"2018-11-06T09:05:08","date_gmt":"2018-11-06T07:05:08","guid":{"rendered":"http:\/\/esplac.cat\/?p=19633"},"modified":"2019-11-14T12:04:43","modified_gmt":"2019-11-14T10:04:43","slug":"jornades-ambientals-omplen-preguntes-especistes-esplais","status":"publish","type":"post","link":"https:\/\/www.esplac.cat\/es\/jornades-ambientals-omplen-preguntes-especistes-esplais\/","title":{"rendered":"Les Jornades Ambientals fan reflexionar sobre especisme als esplais"},"content":{"rendered":"<h4 style=\"text-align: justify;\">La cinquena edici\u00f3 de les Jornades Ambientals es va celebrar amb una participaci\u00f3 r\u00e8cord de\u00a056 persones.<\/h4>\n<p style=\"text-align: justify;\">Diuen que quan una persona, una associaci\u00f3 o un esdeveniment fa 5 anys significa que ja comen\u00e7ar a consolidare-se al m\u00f3n i a ser conegut per la resta. Si parlem de les Jornades Ambientals, podem afirmar que comencen a ser un espai de refer\u00e8ncia a Esplac per a repensar com volem, des dels Esplais, relacionar-nos amb el m\u00f3n.<\/p>\n<p style=\"text-align: justify;\">Tot i que el diumenge 7 d\u2019octubre es va llevar ben ennuvolat, aix\u00f2 no va espantar les <strong>56\u00a0monitores d\u2019esplac<\/strong> les quals a les 10 ja comen\u00e7aven a treure el cap al Casal Popular 3 Lliris de Gr\u00e0cia, hist\u00f2ric espai del barri que aquest any s\u2019ompliria de debat i reflexions.<\/p>\n<p style=\"text-align: justify;\">Amb un format similar al de l\u2019any passat, el mat\u00ed de les jornades va ser dedicat a escoltar i gaudir d\u2019una taula rodona on la <strong>Laura Fern\u00e1ndez<\/strong>, les youtubers<strong> reinas y repollos<\/strong> i <strong>l\u2019Eze Paez<\/strong> van debatre al voltant del car\u00e0cter especista de les societats on vivim i tamb\u00e9 all\u00f2 que podem fer des del nostre dia a dia a l\u2019Esplai. La taula rodona va acabar a l\u2019hora de dinar, moment que vam aprofitar per menjar una excel\u00b7lent paella de verdures i agafar forces per a la tarda.<\/p>\n<p style=\"text-align: justify;\">Cap a la primera hora de la tarda, va arribar el moment on els esplais pass\u00e0vem a ser els protagonistes:<strong> Que fem des de l\u2019esplai?<\/strong> <strong>Com tractem amb els infants la relaci\u00f3 amb el m\u00f3n animal i natural? Ho\u00a0parlem amb les fam\u00edlies?<\/strong> <strong>Com afrontem aquests debats a l\u2019equip de monis?<\/strong> A totes aquestes preguntes li vam donar voltes i van sortir idees molt interessants per a aterrar el batibull d\u2019idees que ten\u00edem.<\/p>\n<p style=\"text-align: justify;\">Finalment, el grup de teatre Deskallades van posar el punt a les jornades amb una impactant performance que fusionava a un mateix escenari reivindicacions feministes i antiespecistes de forma ben original.<\/p>\n<p style=\"text-align: justify;\"><a href=\"http:\/\/esplac.cat\/wp-content\/uploads\/2018\/11\/43336586_1971601992862689_1992335084077711360_n.jpg\"><img decoding=\"async\" class=\"wp-image-19637 aligncenter\" src=\"http:\/\/esplac.cat\/wp-content\/uploads\/2018\/11\/43336586_1971601992862689_1992335084077711360_n.jpg\" alt=\"\" width=\"511\" height=\"383\" \/><\/a><\/p>\n","protected":false},"excerpt":{"rendered":"<p>La cinquena edici\u00f3 de les Jornades Ambientals es va celebrar [&hellip;]<\/p>\n","protected":false},"author":1,"featured_media":23930,"comment_status":"closed","ping_status":"open","sticky":false,"template":"","format":"standard","meta":{"om_disable_all_campaigns":false,"_monsterinsights_skip_tracking":false,"_monsterinsights_sitenote_active":false,"_monsterinsights_sitenote_note":"","_monsterinsights_sitenote_category":0,"_uf_show_specific_survey":0,"_uf_disable_surveys":false,"footnotes":""},"categories":[1119,1159,1],"tags":[599,1002,965,1003,31,1006,211,40,1016],"class_list":["post-23927","post","type-post","status-publish","format-standard","has-post-thumbnail","hentry","category-activitats-comissions-grups-de-treball","category-jornades-ambientals","category-sense-categoria","tag-debat","tag-educacio-popular","tag-especisme","tag-esplai","tag-jornades-ambientals","tag-lleure","tag-monitores","tag-participacio","tag-reflexio"],"yoast_head":"<!-- This site is optimized with the Yoast SEO plugin v27.5 - https:\/\/yoast.com\/product\/yoast-seo-wordpress\/ -->\n<title>Les Jornades Ambientals fan reflexionar sobre especisme als esplais - Esplac<\/title>\n<meta name=\"robots\" content=\"index, follow, max-snippet:-1, max-image-preview:large, max-video-preview:-1\" \/>\n<link rel=\"canonical\" href=\"https:\/\/www.esplac.cat\/en\/jornades-ambientals-omplen-preguntes-especistes-esplais\/\" \/>\n<meta property=\"og:locale\" content=\"es_ES\" \/>\n<meta property=\"og:type\" content=\"article\" \/>\n<meta property=\"og:title\" content=\"Les Jornades Ambientals fan reflexionar sobre especisme als esplais - Esplac\" \/>\n<meta property=\"og:description\" content=\"La cinquena edici\u00f3 de les Jornades Ambientals es va celebrar [&hellip;]\" \/>\n<meta property=\"og:url\" content=\"https:\/\/www.esplac.cat\/en\/jornades-ambientals-omplen-preguntes-especistes-esplais\/\" \/>\n<meta property=\"og:site_name\" content=\"Esplac\" \/>\n<meta property=\"article:published_time\" content=\"2018-11-06T07:05:08+00:00\" \/>\n<meta property=\"article:modified_time\" content=\"2019-11-14T10:04:43+00:00\" \/>\n<meta property=\"og:image\" content=\"https:\/\/www.esplac.cat\/wp-content\/uploads\/2018\/11\/portadaja.jpg\" \/>\n\t<meta property=\"og:image:width\" content=\"847\" \/>\n\t<meta property=\"og:image:height\" content=\"350\" \/>\n\t<meta property=\"og:image:type\" content=\"image\/jpeg\" \/>\n<meta name=\"author\" content=\"root\" \/>\n<meta name=\"twitter:card\" content=\"summary_large_image\" \/>\n<meta name=\"twitter:label1\" content=\"Escrito por\" \/>\n\t<meta name=\"twitter:data1\" content=\"root\" \/>\n\t<meta name=\"twitter:label2\" content=\"Tiempo de lectura\" \/>\n\t<meta name=\"twitter:data2\" content=\"2 minutos\" \/>\n<script type=\"application\/ld+json\" class=\"yoast-schema-graph\">{\"@context\":\"https:\\\/\\\/schema.org\",\"@graph\":[{\"@type\":\"Article\",\"@id\":\"https:\\\/\\\/www.esplac.cat\\\/en\\\/jornades-ambientals-omplen-preguntes-especistes-esplais\\\/#article\",\"isPartOf\":{\"@id\":\"https:\\\/\\\/www.esplac.cat\\\/en\\\/jornades-ambientals-omplen-preguntes-especistes-esplais\\\/\"},\"author\":{\"name\":\"root\",\"@id\":\"https:\\\/\\\/www.esplac.cat\\\/#\\\/schema\\\/person\\\/8d7ee340c02b239b152b9ff2c3d40766\"},\"headline\":\"Les Jornades Ambientals fan reflexionar sobre especisme als esplais\",\"datePublished\":\"2018-11-06T07:05:08+00:00\",\"dateModified\":\"2019-11-14T10:04:43+00:00\",\"mainEntityOfPage\":{\"@id\":\"https:\\\/\\\/www.esplac.cat\\\/en\\\/jornades-ambientals-omplen-preguntes-especistes-esplais\\\/\"},\"wordCount\":346,\"publisher\":{\"@id\":\"https:\\\/\\\/www.esplac.cat\\\/#organization\"},\"image\":{\"@id\":\"https:\\\/\\\/www.esplac.cat\\\/en\\\/jornades-ambientals-omplen-preguntes-especistes-esplais\\\/#primaryimage\"},\"thumbnailUrl\":\"https:\\\/\\\/www.esplac.cat\\\/wp-content\\\/uploads\\\/2018\\\/11\\\/portadaja.jpg\",\"keywords\":[\"debat\",\"educaci\u00f3 popular\",\"especisme\",\"esplai\",\"jornades ambientals\",\"lleure\",\"monitores\",\"participaci\u00f3\",\"reflexi\u00f3\"],\"articleSection\":[\"Activitats comissions i grups de treball\",\"Jornades ambientals\",\"Sense categoria\"],\"inLanguage\":\"es\"},{\"@type\":\"WebPage\",\"@id\":\"https:\\\/\\\/www.esplac.cat\\\/en\\\/jornades-ambientals-omplen-preguntes-especistes-esplais\\\/\",\"url\":\"https:\\\/\\\/www.esplac.cat\\\/en\\\/jornades-ambientals-omplen-preguntes-especistes-esplais\\\/\",\"name\":\"Les Jornades Ambientals fan reflexionar sobre especisme als esplais - Esplac\",\"isPartOf\":{\"@id\":\"https:\\\/\\\/www.esplac.cat\\\/#website\"},\"primaryImageOfPage\":{\"@id\":\"https:\\\/\\\/www.esplac.cat\\\/en\\\/jornades-ambientals-omplen-preguntes-especistes-esplais\\\/#primaryimage\"},\"image\":{\"@id\":\"https:\\\/\\\/www.esplac.cat\\\/en\\\/jornades-ambientals-omplen-preguntes-especistes-esplais\\\/#primaryimage\"},\"thumbnailUrl\":\"https:\\\/\\\/www.esplac.cat\\\/wp-content\\\/uploads\\\/2018\\\/11\\\/portadaja.jpg\",\"datePublished\":\"2018-11-06T07:05:08+00:00\",\"dateModified\":\"2019-11-14T10:04:43+00:00\",\"breadcrumb\":{\"@id\":\"https:\\\/\\\/www.esplac.cat\\\/en\\\/jornades-ambientals-omplen-preguntes-especistes-esplais\\\/#breadcrumb\"},\"inLanguage\":\"es\",\"potentialAction\":[{\"@type\":\"ReadAction\",\"target\":[\"https:\\\/\\\/www.esplac.cat\\\/en\\\/jornades-ambientals-omplen-preguntes-especistes-esplais\\\/\"]}]},{\"@type\":\"ImageObject\",\"inLanguage\":\"es\",\"@id\":\"https:\\\/\\\/www.esplac.cat\\\/en\\\/jornades-ambientals-omplen-preguntes-especistes-esplais\\\/#primaryimage\",\"url\":\"https:\\\/\\\/www.esplac.cat\\\/wp-content\\\/uploads\\\/2018\\\/11\\\/portadaja.jpg\",\"contentUrl\":\"https:\\\/\\\/www.esplac.cat\\\/wp-content\\\/uploads\\\/2018\\\/11\\\/portadaja.jpg\",\"width\":847,\"height\":350},{\"@type\":\"BreadcrumbList\",\"@id\":\"https:\\\/\\\/www.esplac.cat\\\/en\\\/jornades-ambientals-omplen-preguntes-especistes-esplais\\\/#breadcrumb\",\"itemListElement\":[{\"@type\":\"ListItem\",\"position\":1,\"name\":\"Inici\",\"item\":\"https:\\\/\\\/www.esplac.cat\\\/es\\\/\"},{\"@type\":\"ListItem\",\"position\":2,\"name\":\"Les Jornades Ambientals fan reflexionar sobre especisme als esplais\"}]},{\"@type\":\"WebSite\",\"@id\":\"https:\\\/\\\/www.esplac.cat\\\/#website\",\"url\":\"https:\\\/\\\/www.esplac.cat\\\/\",\"name\":\"Esplac\",\"description\":\"Esplais Catalans\",\"publisher\":{\"@id\":\"https:\\\/\\\/www.esplac.cat\\\/#organization\"},\"potentialAction\":[{\"@type\":\"SearchAction\",\"target\":{\"@type\":\"EntryPoint\",\"urlTemplate\":\"https:\\\/\\\/www.esplac.cat\\\/?s={search_term_string}\"},\"query-input\":{\"@type\":\"PropertyValueSpecification\",\"valueRequired\":true,\"valueName\":\"search_term_string\"}}],\"inLanguage\":\"es\"},{\"@type\":\"Organization\",\"@id\":\"https:\\\/\\\/www.esplac.cat\\\/#organization\",\"name\":\"Esplac\",\"url\":\"https:\\\/\\\/www.esplac.cat\\\/\",\"logo\":{\"@type\":\"ImageObject\",\"inLanguage\":\"es\",\"@id\":\"https:\\\/\\\/www.esplac.cat\\\/#\\\/schema\\\/logo\\\/image\\\/\",\"url\":\"https:\\\/\\\/www.esplac.cat\\\/wp-content\\\/uploads\\\/2019\\\/08\\\/logox2.png\",\"contentUrl\":\"https:\\\/\\\/www.esplac.cat\\\/wp-content\\\/uploads\\\/2019\\\/08\\\/logox2.png\",\"width\":600,\"height\":295,\"caption\":\"Esplac\"},\"image\":{\"@id\":\"https:\\\/\\\/www.esplac.cat\\\/#\\\/schema\\\/logo\\\/image\\\/\"}},{\"@type\":\"Person\",\"@id\":\"https:\\\/\\\/www.esplac.cat\\\/#\\\/schema\\\/person\\\/8d7ee340c02b239b152b9ff2c3d40766\",\"name\":\"root\",\"image\":{\"@type\":\"ImageObject\",\"inLanguage\":\"es\",\"@id\":\"https:\\\/\\\/secure.gravatar.com\\\/avatar\\\/9356757d53af8c5db257f894fbbd9ee7446c25af07cd2e7844bd1cf43acef754?s=96&d=mm&r=g\",\"url\":\"https:\\\/\\\/secure.gravatar.com\\\/avatar\\\/9356757d53af8c5db257f894fbbd9ee7446c25af07cd2e7844bd1cf43acef754?s=96&d=mm&r=g\",\"contentUrl\":\"https:\\\/\\\/secure.gravatar.com\\\/avatar\\\/9356757d53af8c5db257f894fbbd9ee7446c25af07cd2e7844bd1cf43acef754?s=96&d=mm&r=g\",\"caption\":\"root\"}}]}<\/script>\n<!-- \/ Yoast SEO plugin. -->","yoast_head_json":{"title":"Les Jornades Ambientals fan reflexionar sobre especisme als esplais - Esplac","robots":{"index":"index","follow":"follow","max-snippet":"max-snippet:-1","max-image-preview":"max-image-preview:large","max-video-preview":"max-video-preview:-1"},"canonical":"https:\/\/www.esplac.cat\/en\/jornades-ambientals-omplen-preguntes-especistes-esplais\/","og_locale":"es_ES","og_type":"article","og_title":"Les Jornades Ambientals fan reflexionar sobre especisme als esplais - Esplac","og_description":"La cinquena edici\u00f3 de les Jornades Ambientals es va celebrar [&hellip;]","og_url":"https:\/\/www.esplac.cat\/en\/jornades-ambientals-omplen-preguntes-especistes-esplais\/","og_site_name":"Esplac","article_published_time":"2018-11-06T07:05:08+00:00","article_modified_time":"2019-11-14T10:04:43+00:00","og_image":[{"width":847,"height":350,"url":"https:\/\/www.esplac.cat\/wp-content\/uploads\/2018\/11\/portadaja.jpg","type":"image\/jpeg"}],"author":"root","twitter_card":"summary_large_image","twitter_misc":{"Escrito por":"root","Tiempo de lectura":"2 minutos"},"schema":{"@context":"https:\/\/schema.org","@graph":[{"@type":"Article","@id":"https:\/\/www.esplac.cat\/en\/jornades-ambientals-omplen-preguntes-especistes-esplais\/#article","isPartOf":{"@id":"https:\/\/www.esplac.cat\/en\/jornades-ambientals-omplen-preguntes-especistes-esplais\/"},"author":{"name":"root","@id":"https:\/\/www.esplac.cat\/#\/schema\/person\/8d7ee340c02b239b152b9ff2c3d40766"},"headline":"Les Jornades Ambientals fan reflexionar sobre especisme als esplais","datePublished":"2018-11-06T07:05:08+00:00","dateModified":"2019-11-14T10:04:43+00:00","mainEntityOfPage":{"@id":"https:\/\/www.esplac.cat\/en\/jornades-ambientals-omplen-preguntes-especistes-esplais\/"},"wordCount":346,"publisher":{"@id":"https:\/\/www.esplac.cat\/#organization"},"image":{"@id":"https:\/\/www.esplac.cat\/en\/jornades-ambientals-omplen-preguntes-especistes-esplais\/#primaryimage"},"thumbnailUrl":"https:\/\/www.esplac.cat\/wp-content\/uploads\/2018\/11\/portadaja.jpg","keywords":["debat","educaci\u00f3 popular","especisme","esplai","jornades ambientals","lleure","monitores","participaci\u00f3","reflexi\u00f3"],"articleSection":["Activitats comissions i grups de treball","Jornades ambientals","Sense categoria"],"inLanguage":"es"},{"@type":"WebPage","@id":"https:\/\/www.esplac.cat\/en\/jornades-ambientals-omplen-preguntes-especistes-esplais\/","url":"https:\/\/www.esplac.cat\/en\/jornades-ambientals-omplen-preguntes-especistes-esplais\/","name":"Les Jornades Ambientals fan reflexionar sobre especisme als esplais - Esplac","isPartOf":{"@id":"https:\/\/www.esplac.cat\/#website"},"primaryImageOfPage":{"@id":"https:\/\/www.esplac.cat\/en\/jornades-ambientals-omplen-preguntes-especistes-esplais\/#primaryimage"},"image":{"@id":"https:\/\/www.esplac.cat\/en\/jornades-ambientals-omplen-preguntes-especistes-esplais\/#primaryimage"},"thumbnailUrl":"https:\/\/www.esplac.cat\/wp-content\/uploads\/2018\/11\/portadaja.jpg","datePublished":"2018-11-06T07:05:08+00:00","dateModified":"2019-11-14T10:04:43+00:00","breadcrumb":{"@id":"https:\/\/www.esplac.cat\/en\/jornades-ambientals-omplen-preguntes-especistes-esplais\/#breadcrumb"},"inLanguage":"es","potentialAction":[{"@type":"ReadAction","target":["https:\/\/www.esplac.cat\/en\/jornades-ambientals-omplen-preguntes-especistes-esplais\/"]}]},{"@type":"ImageObject","inLanguage":"es","@id":"https:\/\/www.esplac.cat\/en\/jornades-ambientals-omplen-preguntes-especistes-esplais\/#primaryimage","url":"https:\/\/www.esplac.cat\/wp-content\/uploads\/2018\/11\/portadaja.jpg","contentUrl":"https:\/\/www.esplac.cat\/wp-content\/uploads\/2018\/11\/portadaja.jpg","width":847,"height":350},{"@type":"BreadcrumbList","@id":"https:\/\/www.esplac.cat\/en\/jornades-ambientals-omplen-preguntes-especistes-esplais\/#breadcrumb","itemListElement":[{"@type":"ListItem","position":1,"name":"Inici","item":"https:\/\/www.esplac.cat\/es\/"},{"@type":"ListItem","position":2,"name":"Les Jornades Ambientals fan reflexionar sobre especisme als esplais"}]},{"@type":"WebSite","@id":"https:\/\/www.esplac.cat\/#website","url":"https:\/\/www.esplac.cat\/","name":"Esplac","description":"Esplais Catalans","publisher":{"@id":"https:\/\/www.esplac.cat\/#organization"},"potentialAction":[{"@type":"SearchAction","target":{"@type":"EntryPoint","urlTemplate":"https:\/\/www.esplac.cat\/?s={search_term_string}"},"query-input":{"@type":"PropertyValueSpecification","valueRequired":true,"valueName":"search_term_string"}}],"inLanguage":"es"},{"@type":"Organization","@id":"https:\/\/www.esplac.cat\/#organization","name":"Esplac","url":"https:\/\/www.esplac.cat\/","logo":{"@type":"ImageObject","inLanguage":"es","@id":"https:\/\/www.esplac.cat\/#\/schema\/logo\/image\/","url":"https:\/\/www.esplac.cat\/wp-content\/uploads\/2019\/08\/logox2.png","contentUrl":"https:\/\/www.esplac.cat\/wp-content\/uploads\/2019\/08\/logox2.png","width":600,"height":295,"caption":"Esplac"},"image":{"@id":"https:\/\/www.esplac.cat\/#\/schema\/logo\/image\/"}},{"@type":"Person","@id":"https:\/\/www.esplac.cat\/#\/schema\/person\/8d7ee340c02b239b152b9ff2c3d40766","name":"root","image":{"@type":"ImageObject","inLanguage":"es","@id":"https:\/\/secure.gravatar.com\/avatar\/9356757d53af8c5db257f894fbbd9ee7446c25af07cd2e7844bd1cf43acef754?s=96&d=mm&r=g","url":"https:\/\/secure.gravatar.com\/avatar\/9356757d53af8c5db257f894fbbd9ee7446c25af07cd2e7844bd1cf43acef754?s=96&d=mm&r=g","contentUrl":"https:\/\/secure.gravatar.com\/avatar\/9356757d53af8c5db257f894fbbd9ee7446c25af07cd2e7844bd1cf43acef754?s=96&d=mm&r=g","caption":"root"}}]}},"_links":{"self":[{"href":"https:\/\/www.esplac.cat\/es\/wp-json\/wp\/v2\/posts\/23927","targetHints":{"allow":["GET"]}}],"collection":[{"href":"https:\/\/www.esplac.cat\/es\/wp-json\/wp\/v2\/posts"}],"about":[{"href":"https:\/\/www.esplac.cat\/es\/wp-json\/wp\/v2\/types\/post"}],"author":[{"embeddable":true,"href":"https:\/\/www.esplac.cat\/es\/wp-json\/wp\/v2\/users\/1"}],"replies":[{"embeddable":true,"href":"https:\/\/www.esplac.cat\/es\/wp-json\/wp\/v2\/comments?post=23927"}],"version-history":[{"count":0,"href":"https:\/\/www.esplac.cat\/es\/wp-json\/wp\/v2\/posts\/23927\/revisions"}],"wp:featuredmedia":[{"embeddable":true,"href":"https:\/\/www.esplac.cat\/es\/wp-json\/wp\/v2\/media\/23930"}],"wp:attachment":[{"href":"https:\/\/www.esplac.cat\/es\/wp-json\/wp\/v2\/media?parent=23927"}],"wp:term":[{"taxonomy":"category","embeddable":true,"href":"https:\/\/www.esplac.cat\/es\/wp-json\/wp\/v2\/categories?post=23927"},{"taxonomy":"post_tag","embeddable":true,"href":"https:\/\/www.esplac.cat\/es\/wp-json\/wp\/v2\/tags?post=23927"}],"curies":[{"name":"wp","href":"https:\/\/api.w.org\/{rel}","templated":true}]}}