{"id":23952,"date":"2018-10-15T09:20:56","date_gmt":"2018-10-15T07:20:56","guid":{"rendered":"http:\/\/esplac.cat\/?p=19009"},"modified":"2018-10-15T09:20:56","modified_gmt":"2018-10-15T07:20:56","slug":"sector-barcelona-comenca-curs-cim","status":"publish","type":"post","link":"https:\/\/www.esplac.cat\/es\/sector-barcelona-comenca-curs-cim\/","title":{"rendered":"El Sector Barcelona comen\u00e7a el curs celebrant el CIM!"},"content":{"rendered":"<h4>Els passats 28, 29 i 30 de setembre el Sector Barcelona va marxar a Vilassar de Dalt per comen\u00e7ar el curs celebrant el CIM! En total van participar a les formacions un total de 6 esplais i m\u00e9s de 50 premonitors i premonitores!<\/h4>\n<p>Des de fa anys, el Sector Barcelona\u00a0organitza el seu propi <strong>Curs d\u2019Iniciaci\u00f3 al Monitoratge<\/strong> on totes les premonis\u00a0que formen part del sector hi estan convidades per comen\u00e7ar l\u2019etapa de formaci\u00f3 que requereix el fet de pujar a monitora d\u2019un esplai.<\/p>\n<p style=\"text-align: justify;\">Aquest any vam marxar 6 esplais: l\u2019Esplai SCV-El Clot, l\u2019Esplai Xiroc, l\u2019Esplai Kasperle, l\u2019Esplai GMM, l\u2019Esplai Espurna i l\u2019Esplai Espurna de Gr\u00e0cia. \u00c9rem un total de <strong>52 premonis\u00a0i 15 formadores<\/strong> d\u2019aquests esplais, a part de formadores d\u2019altres esplais que tamb\u00e9 hi van participar.Ens vam allotjar a l\u2019espai c\u00edvic Les Escoles de Vilassar de Dalt, a Can Pons, un lloc situat nom\u00e9s a 25 minuts en bus de Barcelona, amb un munt de sales molt adequades per fer formacions i un terreny de sorra al voltant de la casa; amb lavabos, pissarres, aixetes, fonts, neveres, microones, sof\u00e0s, coixins, i fins i tot un futbol\u00edn! Vam estar-hi molt c\u00f2modes i molt contentes de l\u2019espai que hav\u00edem escollit per realitzar aquest CIM, ja que ens el va cedir l\u2019Ajuntament de Vilassar i per tant, nom\u00e9s vam haver de pagar el transport i el menjar.<\/p>\n<p style=\"text-align: justify;\">Com que vam marxar divendres a la tarda vam dividir el cap de setmana de la seg\u00fcent manera: a les 22h de divendres vam fer la primera formaci\u00f3, la de \u201cJocs\u201d, que durava dues hores, i a partir de les 00h vam treure dues guitarres i ens vam prendre la nit amb molta tranquil\u00b7litat, ja que al mat\u00ed seg\u00fcent hav\u00edem d\u2019estar tant premos com formadores llestes per fer les formacions! Dissabte ens vam llevar per esmorzar a les 9:15h, i a les 10h va comen\u00e7ar <strong>la primera tanda de formacions:<\/strong> \u201c<strong>Qu\u00e8 \u00e9s l\u2019esplai?<\/strong>\u201d i \u201c<strong>Pedagogia<\/strong>\u201d. Aquestes van durar quatre hores (amb una pausa al mig) i a les 14:30 vam comen\u00e7ar a dinar. A partir de les 16:30h, vam comen\u00e7ar la <strong>segona tanda de formacions<\/strong>: \u201cQu\u00e8 \u00e9s l\u2019esplai?\u201d, \u201cPedagogia\u201d i \u201cOrganitzaci\u00f3\u201d, que va durar fins les 20.30h i vam sopar totes juntes un altre cop. Aquest any, vam convidar a tres persones de l\u2019EquiCo perqu\u00e8 ens vinguessin a visitar i, despr\u00e9s de sopar, a explicar a les premos qui eren, qu\u00e8 feien i com funcionava ESPLAC!<\/p>\n<p style=\"text-align: justify;\">A partir de les 00h vam muntar una festeta sana amb un altaveu que vam parar a les 3 de la matinada per anar a dormir. Al mat\u00ed de diumenge, va comen\u00e7ar la<strong> \u00faltima tanda de formacions<\/strong> a les 10:30h: \u201cPedagogia\u201d i \u201cOrganitzaci\u00f3\u201d. Despr\u00e9s d\u2019aix\u00f2, vam netejar la casa, vam dinar (una amanida de llenties preparada amb molt d\u2019amor per les formadores) i vam valorar el cap de setmana.<\/p>\n<p style=\"text-align: justify;\">Dimecres 10 d\u2019octubre vam quedar les formadores per valorar el CIM i despedir-nos, amb molta pena ja que estem orgulloses de la feina que vam fer i sobretot, perqu\u00e8 ens ho vam passar d\u2019all\u00f2 m\u00e9s b\u00e9!<\/p>\n<p style=\"text-align: justify;\">Esperem que el CIM de l\u2019any que ve ho peti tant com el d\u2019aques<\/p>\n<p style=\"text-align: justify;\"><a href=\"http:\/\/esplac.cat\/wp-content\/uploads\/2018\/10\/42967038_1828834770563736_4887980465715150848_n.jpg\"><img decoding=\"async\" class=\"wp-image-19014 aligncenter\" src=\"http:\/\/esplac.cat\/wp-content\/uploads\/2018\/10\/42967038_1828834770563736_4887980465715150848_n.jpg\" alt=\"\" width=\"607\" height=\"342\" \/><\/a><\/p>\n<p style=\"text-align: justify;\">\n<p style=\"text-align: justify;\">\n<p style=\"text-align: justify;\"><a href=\"http:\/\/esplac.cat\/wp-content\/uploads\/2018\/10\/43042956_1561158620651254_6166575814369345536_n-1.jpg\"><img decoding=\"async\" class=\"wp-image-19015 aligncenter\" src=\"http:\/\/esplac.cat\/wp-content\/uploads\/2018\/10\/43042956_1561158620651254_6166575814369345536_n-1.jpg\" alt=\"\" width=\"612\" height=\"344\" \/><\/a><\/p>\n","protected":false},"excerpt":{"rendered":"<p>Els passats 28, 29 i 30 de setembre el Sector [&hellip;]<\/p>\n","protected":false},"author":1,"featured_media":23955,"comment_status":"closed","ping_status":"open","sticky":false,"template":"","format":"standard","meta":{"om_disable_all_campaigns":false,"_monsterinsights_skip_tracking":false,"_monsterinsights_sitenote_active":false,"_monsterinsights_sitenote_note":"","_monsterinsights_sitenote_category":0,"_uf_show_specific_survey":0,"_uf_disable_surveys":false,"footnotes":""},"categories":[1128,1],"tags":[481,1009,1002,1003,443,211,1010],"class_list":["post-23952","post","type-post","status-publish","format-standard","has-post-thumbnail","hentry","category-sector-barcelona","category-sense-categoria","tag-barcelona","tag-curs","tag-educacio-popular","tag-esplai","tag-formacions","tag-monitores","tag-vilassar-de-dalt"],"yoast_head":"<!-- This site is optimized with the Yoast SEO plugin v27.5 - https:\/\/yoast.com\/product\/yoast-seo-wordpress\/ -->\n<title>El Sector Barcelona comen\u00e7a el curs celebrant el CIM! - Esplac<\/title>\n<meta name=\"robots\" content=\"index, follow, max-snippet:-1, max-image-preview:large, max-video-preview:-1\" \/>\n<link rel=\"canonical\" href=\"https:\/\/www.esplac.cat\/sector-barcelona-comenca-curs-cim\/\" \/>\n<meta property=\"og:locale\" content=\"es_ES\" \/>\n<meta property=\"og:type\" content=\"article\" \/>\n<meta property=\"og:title\" content=\"El Sector Barcelona comen\u00e7a el curs celebrant el CIM! - Esplac\" \/>\n<meta property=\"og:description\" content=\"Els passats 28, 29 i 30 de setembre el Sector [&hellip;]\" \/>\n<meta property=\"og:url\" content=\"https:\/\/www.esplac.cat\/sector-barcelona-comenca-curs-cim\/\" \/>\n<meta property=\"og:site_name\" content=\"Esplac\" \/>\n<meta property=\"article:published_time\" content=\"2018-10-15T07:20:56+00:00\" \/>\n<meta property=\"og:image\" content=\"https:\/\/www.esplac.cat\/wp-content\/uploads\/2018\/10\/portadaCIMbcn.jpg\" \/>\n\t<meta property=\"og:image:width\" content=\"847\" \/>\n\t<meta property=\"og:image:height\" content=\"350\" \/>\n\t<meta property=\"og:image:type\" content=\"image\/jpeg\" \/>\n<meta name=\"author\" content=\"root\" \/>\n<meta name=\"twitter:card\" content=\"summary_large_image\" \/>\n<meta name=\"twitter:label1\" content=\"Escrito por\" \/>\n\t<meta name=\"twitter:data1\" content=\"root\" \/>\n\t<meta name=\"twitter:label2\" content=\"Tiempo de lectura\" \/>\n\t<meta name=\"twitter:data2\" content=\"3 minutos\" \/>\n<script type=\"application\/ld+json\" class=\"yoast-schema-graph\">{\"@context\":\"https:\\\/\\\/schema.org\",\"@graph\":[{\"@type\":\"Article\",\"@id\":\"https:\\\/\\\/www.esplac.cat\\\/sector-barcelona-comenca-curs-cim\\\/#article\",\"isPartOf\":{\"@id\":\"https:\\\/\\\/www.esplac.cat\\\/sector-barcelona-comenca-curs-cim\\\/\"},\"author\":{\"name\":\"root\",\"@id\":\"https:\\\/\\\/www.esplac.cat\\\/#\\\/schema\\\/person\\\/8d7ee340c02b239b152b9ff2c3d40766\"},\"headline\":\"El Sector Barcelona comen\u00e7a el curs celebrant el CIM!\",\"datePublished\":\"2018-10-15T07:20:56+00:00\",\"mainEntityOfPage\":{\"@id\":\"https:\\\/\\\/www.esplac.cat\\\/sector-barcelona-comenca-curs-cim\\\/\"},\"wordCount\":567,\"publisher\":{\"@id\":\"https:\\\/\\\/www.esplac.cat\\\/#organization\"},\"image\":{\"@id\":\"https:\\\/\\\/www.esplac.cat\\\/sector-barcelona-comenca-curs-cim\\\/#primaryimage\"},\"thumbnailUrl\":\"https:\\\/\\\/www.esplac.cat\\\/wp-content\\\/uploads\\\/2018\\\/10\\\/portadaCIMbcn.jpg\",\"keywords\":[\"barcelona\",\"curs\",\"educaci\u00f3 popular\",\"esplai\",\"formacions\",\"monitores\",\"Vilassar de Dalt\"],\"articleSection\":[\"Sector Barcelona\",\"Sense categoria\"],\"inLanguage\":\"es\"},{\"@type\":\"WebPage\",\"@id\":\"https:\\\/\\\/www.esplac.cat\\\/sector-barcelona-comenca-curs-cim\\\/\",\"url\":\"https:\\\/\\\/www.esplac.cat\\\/sector-barcelona-comenca-curs-cim\\\/\",\"name\":\"El Sector Barcelona comen\u00e7a el curs celebrant el CIM! - Esplac\",\"isPartOf\":{\"@id\":\"https:\\\/\\\/www.esplac.cat\\\/#website\"},\"primaryImageOfPage\":{\"@id\":\"https:\\\/\\\/www.esplac.cat\\\/sector-barcelona-comenca-curs-cim\\\/#primaryimage\"},\"image\":{\"@id\":\"https:\\\/\\\/www.esplac.cat\\\/sector-barcelona-comenca-curs-cim\\\/#primaryimage\"},\"thumbnailUrl\":\"https:\\\/\\\/www.esplac.cat\\\/wp-content\\\/uploads\\\/2018\\\/10\\\/portadaCIMbcn.jpg\",\"datePublished\":\"2018-10-15T07:20:56+00:00\",\"breadcrumb\":{\"@id\":\"https:\\\/\\\/www.esplac.cat\\\/sector-barcelona-comenca-curs-cim\\\/#breadcrumb\"},\"inLanguage\":\"es\",\"potentialAction\":[{\"@type\":\"ReadAction\",\"target\":[\"https:\\\/\\\/www.esplac.cat\\\/sector-barcelona-comenca-curs-cim\\\/\"]}]},{\"@type\":\"ImageObject\",\"inLanguage\":\"es\",\"@id\":\"https:\\\/\\\/www.esplac.cat\\\/sector-barcelona-comenca-curs-cim\\\/#primaryimage\",\"url\":\"https:\\\/\\\/www.esplac.cat\\\/wp-content\\\/uploads\\\/2018\\\/10\\\/portadaCIMbcn.jpg\",\"contentUrl\":\"https:\\\/\\\/www.esplac.cat\\\/wp-content\\\/uploads\\\/2018\\\/10\\\/portadaCIMbcn.jpg\",\"width\":847,\"height\":350},{\"@type\":\"BreadcrumbList\",\"@id\":\"https:\\\/\\\/www.esplac.cat\\\/sector-barcelona-comenca-curs-cim\\\/#breadcrumb\",\"itemListElement\":[{\"@type\":\"ListItem\",\"position\":1,\"name\":\"Inici\",\"item\":\"https:\\\/\\\/www.esplac.cat\\\/es\\\/\"},{\"@type\":\"ListItem\",\"position\":2,\"name\":\"El Sector Barcelona comen\u00e7a el curs celebrant el CIM!\"}]},{\"@type\":\"WebSite\",\"@id\":\"https:\\\/\\\/www.esplac.cat\\\/#website\",\"url\":\"https:\\\/\\\/www.esplac.cat\\\/\",\"name\":\"Esplac\",\"description\":\"Esplais Catalans\",\"publisher\":{\"@id\":\"https:\\\/\\\/www.esplac.cat\\\/#organization\"},\"potentialAction\":[{\"@type\":\"SearchAction\",\"target\":{\"@type\":\"EntryPoint\",\"urlTemplate\":\"https:\\\/\\\/www.esplac.cat\\\/?s={search_term_string}\"},\"query-input\":{\"@type\":\"PropertyValueSpecification\",\"valueRequired\":true,\"valueName\":\"search_term_string\"}}],\"inLanguage\":\"es\"},{\"@type\":\"Organization\",\"@id\":\"https:\\\/\\\/www.esplac.cat\\\/#organization\",\"name\":\"Esplac\",\"url\":\"https:\\\/\\\/www.esplac.cat\\\/\",\"logo\":{\"@type\":\"ImageObject\",\"inLanguage\":\"es\",\"@id\":\"https:\\\/\\\/www.esplac.cat\\\/#\\\/schema\\\/logo\\\/image\\\/\",\"url\":\"https:\\\/\\\/www.esplac.cat\\\/wp-content\\\/uploads\\\/2019\\\/08\\\/logox2.png\",\"contentUrl\":\"https:\\\/\\\/www.esplac.cat\\\/wp-content\\\/uploads\\\/2019\\\/08\\\/logox2.png\",\"width\":600,\"height\":295,\"caption\":\"Esplac\"},\"image\":{\"@id\":\"https:\\\/\\\/www.esplac.cat\\\/#\\\/schema\\\/logo\\\/image\\\/\"}},{\"@type\":\"Person\",\"@id\":\"https:\\\/\\\/www.esplac.cat\\\/#\\\/schema\\\/person\\\/8d7ee340c02b239b152b9ff2c3d40766\",\"name\":\"root\",\"image\":{\"@type\":\"ImageObject\",\"inLanguage\":\"es\",\"@id\":\"https:\\\/\\\/secure.gravatar.com\\\/avatar\\\/9356757d53af8c5db257f894fbbd9ee7446c25af07cd2e7844bd1cf43acef754?s=96&d=mm&r=g\",\"url\":\"https:\\\/\\\/secure.gravatar.com\\\/avatar\\\/9356757d53af8c5db257f894fbbd9ee7446c25af07cd2e7844bd1cf43acef754?s=96&d=mm&r=g\",\"contentUrl\":\"https:\\\/\\\/secure.gravatar.com\\\/avatar\\\/9356757d53af8c5db257f894fbbd9ee7446c25af07cd2e7844bd1cf43acef754?s=96&d=mm&r=g\",\"caption\":\"root\"}}]}<\/script>\n<!-- \/ Yoast SEO plugin. -->","yoast_head_json":{"title":"El Sector Barcelona comen\u00e7a el curs celebrant el CIM! - Esplac","robots":{"index":"index","follow":"follow","max-snippet":"max-snippet:-1","max-image-preview":"max-image-preview:large","max-video-preview":"max-video-preview:-1"},"canonical":"https:\/\/www.esplac.cat\/sector-barcelona-comenca-curs-cim\/","og_locale":"es_ES","og_type":"article","og_title":"El Sector Barcelona comen\u00e7a el curs celebrant el CIM! - Esplac","og_description":"Els passats 28, 29 i 30 de setembre el Sector [&hellip;]","og_url":"https:\/\/www.esplac.cat\/sector-barcelona-comenca-curs-cim\/","og_site_name":"Esplac","article_published_time":"2018-10-15T07:20:56+00:00","og_image":[{"width":847,"height":350,"url":"https:\/\/www.esplac.cat\/wp-content\/uploads\/2018\/10\/portadaCIMbcn.jpg","type":"image\/jpeg"}],"author":"root","twitter_card":"summary_large_image","twitter_misc":{"Escrito por":"root","Tiempo de lectura":"3 minutos"},"schema":{"@context":"https:\/\/schema.org","@graph":[{"@type":"Article","@id":"https:\/\/www.esplac.cat\/sector-barcelona-comenca-curs-cim\/#article","isPartOf":{"@id":"https:\/\/www.esplac.cat\/sector-barcelona-comenca-curs-cim\/"},"author":{"name":"root","@id":"https:\/\/www.esplac.cat\/#\/schema\/person\/8d7ee340c02b239b152b9ff2c3d40766"},"headline":"El Sector Barcelona comen\u00e7a el curs celebrant el CIM!","datePublished":"2018-10-15T07:20:56+00:00","mainEntityOfPage":{"@id":"https:\/\/www.esplac.cat\/sector-barcelona-comenca-curs-cim\/"},"wordCount":567,"publisher":{"@id":"https:\/\/www.esplac.cat\/#organization"},"image":{"@id":"https:\/\/www.esplac.cat\/sector-barcelona-comenca-curs-cim\/#primaryimage"},"thumbnailUrl":"https:\/\/www.esplac.cat\/wp-content\/uploads\/2018\/10\/portadaCIMbcn.jpg","keywords":["barcelona","curs","educaci\u00f3 popular","esplai","formacions","monitores","Vilassar de Dalt"],"articleSection":["Sector Barcelona","Sense categoria"],"inLanguage":"es"},{"@type":"WebPage","@id":"https:\/\/www.esplac.cat\/sector-barcelona-comenca-curs-cim\/","url":"https:\/\/www.esplac.cat\/sector-barcelona-comenca-curs-cim\/","name":"El Sector Barcelona comen\u00e7a el curs celebrant el CIM! - Esplac","isPartOf":{"@id":"https:\/\/www.esplac.cat\/#website"},"primaryImageOfPage":{"@id":"https:\/\/www.esplac.cat\/sector-barcelona-comenca-curs-cim\/#primaryimage"},"image":{"@id":"https:\/\/www.esplac.cat\/sector-barcelona-comenca-curs-cim\/#primaryimage"},"thumbnailUrl":"https:\/\/www.esplac.cat\/wp-content\/uploads\/2018\/10\/portadaCIMbcn.jpg","datePublished":"2018-10-15T07:20:56+00:00","breadcrumb":{"@id":"https:\/\/www.esplac.cat\/sector-barcelona-comenca-curs-cim\/#breadcrumb"},"inLanguage":"es","potentialAction":[{"@type":"ReadAction","target":["https:\/\/www.esplac.cat\/sector-barcelona-comenca-curs-cim\/"]}]},{"@type":"ImageObject","inLanguage":"es","@id":"https:\/\/www.esplac.cat\/sector-barcelona-comenca-curs-cim\/#primaryimage","url":"https:\/\/www.esplac.cat\/wp-content\/uploads\/2018\/10\/portadaCIMbcn.jpg","contentUrl":"https:\/\/www.esplac.cat\/wp-content\/uploads\/2018\/10\/portadaCIMbcn.jpg","width":847,"height":350},{"@type":"BreadcrumbList","@id":"https:\/\/www.esplac.cat\/sector-barcelona-comenca-curs-cim\/#breadcrumb","itemListElement":[{"@type":"ListItem","position":1,"name":"Inici","item":"https:\/\/www.esplac.cat\/es\/"},{"@type":"ListItem","position":2,"name":"El Sector Barcelona comen\u00e7a el curs celebrant el CIM!"}]},{"@type":"WebSite","@id":"https:\/\/www.esplac.cat\/#website","url":"https:\/\/www.esplac.cat\/","name":"Esplac","description":"Esplais Catalans","publisher":{"@id":"https:\/\/www.esplac.cat\/#organization"},"potentialAction":[{"@type":"SearchAction","target":{"@type":"EntryPoint","urlTemplate":"https:\/\/www.esplac.cat\/?s={search_term_string}"},"query-input":{"@type":"PropertyValueSpecification","valueRequired":true,"valueName":"search_term_string"}}],"inLanguage":"es"},{"@type":"Organization","@id":"https:\/\/www.esplac.cat\/#organization","name":"Esplac","url":"https:\/\/www.esplac.cat\/","logo":{"@type":"ImageObject","inLanguage":"es","@id":"https:\/\/www.esplac.cat\/#\/schema\/logo\/image\/","url":"https:\/\/www.esplac.cat\/wp-content\/uploads\/2019\/08\/logox2.png","contentUrl":"https:\/\/www.esplac.cat\/wp-content\/uploads\/2019\/08\/logox2.png","width":600,"height":295,"caption":"Esplac"},"image":{"@id":"https:\/\/www.esplac.cat\/#\/schema\/logo\/image\/"}},{"@type":"Person","@id":"https:\/\/www.esplac.cat\/#\/schema\/person\/8d7ee340c02b239b152b9ff2c3d40766","name":"root","image":{"@type":"ImageObject","inLanguage":"es","@id":"https:\/\/secure.gravatar.com\/avatar\/9356757d53af8c5db257f894fbbd9ee7446c25af07cd2e7844bd1cf43acef754?s=96&d=mm&r=g","url":"https:\/\/secure.gravatar.com\/avatar\/9356757d53af8c5db257f894fbbd9ee7446c25af07cd2e7844bd1cf43acef754?s=96&d=mm&r=g","contentUrl":"https:\/\/secure.gravatar.com\/avatar\/9356757d53af8c5db257f894fbbd9ee7446c25af07cd2e7844bd1cf43acef754?s=96&d=mm&r=g","caption":"root"}}]}},"_links":{"self":[{"href":"https:\/\/www.esplac.cat\/es\/wp-json\/wp\/v2\/posts\/23952","targetHints":{"allow":["GET"]}}],"collection":[{"href":"https:\/\/www.esplac.cat\/es\/wp-json\/wp\/v2\/posts"}],"about":[{"href":"https:\/\/www.esplac.cat\/es\/wp-json\/wp\/v2\/types\/post"}],"author":[{"embeddable":true,"href":"https:\/\/www.esplac.cat\/es\/wp-json\/wp\/v2\/users\/1"}],"replies":[{"embeddable":true,"href":"https:\/\/www.esplac.cat\/es\/wp-json\/wp\/v2\/comments?post=23952"}],"version-history":[{"count":0,"href":"https:\/\/www.esplac.cat\/es\/wp-json\/wp\/v2\/posts\/23952\/revisions"}],"wp:featuredmedia":[{"embeddable":true,"href":"https:\/\/www.esplac.cat\/es\/wp-json\/wp\/v2\/media\/23955"}],"wp:attachment":[{"href":"https:\/\/www.esplac.cat\/es\/wp-json\/wp\/v2\/media?parent=23952"}],"wp:term":[{"taxonomy":"category","embeddable":true,"href":"https:\/\/www.esplac.cat\/es\/wp-json\/wp\/v2\/categories?post=23952"},{"taxonomy":"post_tag","embeddable":true,"href":"https:\/\/www.esplac.cat\/es\/wp-json\/wp\/v2\/tags?post=23952"}],"curies":[{"name":"wp","href":"https:\/\/api.w.org\/{rel}","templated":true}]}}