{"id":23962,"date":"2018-10-08T10:27:21","date_gmt":"2018-10-08T08:27:21","guid":{"rendered":"http:\/\/esplac.cat\/?p=18679"},"modified":"2019-11-14T13:38:34","modified_gmt":"2019-11-14T11:38:34","slug":"camp-tarragona-trobada-monitores","status":"publish","type":"post","link":"https:\/\/www.esplac.cat\/es\/camp-tarragona-trobada-monitores\/","title":{"rendered":"El Camp de Tarragona comen\u00e7a el curs amb una Trobada de Monitores ben completa!"},"content":{"rendered":"<h4 style=\"text-align: justify;\">Els esplais del sector es van reunir a Santa Coloma de Queralt per formar-se i marcar les l\u00ednies d&#8217;actuaci\u00f3 del nou curs.<\/h4>\n<p style=\"text-align: justify;\">El dissabte 29 de setembre va ser un dia molt complet per les monitores del <a href=\"http:\/\/esplac.cat\/sector-geografic-camp-de-tarragona\/\" target=\"_blank\" rel=\"noopener noreferrer\">Sector Camp de Tarragona<\/a>, que van celebrar l&#8217;AGO durant la Trobada de Monitores. La jornada es va ubicar a Santa Coloma de Queralt, la poblaci\u00f3 de l&#8217;esplai Cal Nialet, que l&#8217;any passat es va incorporar al sector com a s\u00f2ci observador.<\/p>\n<p style=\"text-align: justify;\">Al mat\u00ed les monitores van fer una formaci\u00f3 sobre <strong>Atenci\u00f3 a la Inf\u00e0ncia i l&#8217;Adolesc\u00e8ncia<\/strong> <strong>en risc<\/strong>, que les va inspirar per programar noves formacions que les monitores del sector aniran fent al llarg del curs. I a l&#8217;AGO tamb\u00e9 van incorporar una gran novetat pel nou curs: els esplais del sector faran intercanvis de grups d&#8217;edat d&#8217;una tarda! I, a l&#8217;acabar, un comiat a l&#8217;Elvira, l&#8217;EGS del Sector, que aquest any ens deixa.<\/p>\n<p style=\"text-align: justify;\">Sense cap dubte aquest nou curs serem imparables i viurem l&#8217;esplai amb m\u00e9s energia que mai!<\/p>\n","protected":false},"excerpt":{"rendered":"<p>Els esplais del sector es van reunir a Santa Coloma [&hellip;]<\/p>\n","protected":false},"author":1,"featured_media":23963,"comment_status":"closed","ping_status":"open","sticky":false,"template":"","format":"standard","meta":{"om_disable_all_campaigns":false,"_monsterinsights_skip_tracking":false,"_monsterinsights_sitenote_active":false,"_monsterinsights_sitenote_note":"","_monsterinsights_sitenote_category":0,"_uf_show_specific_survey":0,"_uf_disable_surveys":false,"footnotes":""},"categories":[1167,1122,1],"tags":[774,1002,1003,54,558,1004],"class_list":["post-23962","post","type-post","status-publish","format-standard","has-post-thumbnail","hentry","category-infancia","category-sector-camp-de-tarragona","category-sense-categoria","tag-camp-de-tarragona","tag-educacio-popular","tag-esplai","tag-formacio","tag-nou-curs","tag-santa-coloma-de-queralt"],"yoast_head":"<!-- This site is optimized with the Yoast SEO plugin v27.5 - https:\/\/yoast.com\/product\/yoast-seo-wordpress\/ -->\n<title>El Camp de Tarragona comen\u00e7a el curs amb una Trobada de Monitores ben completa! - Esplac<\/title>\n<meta name=\"robots\" content=\"index, follow, max-snippet:-1, max-image-preview:large, max-video-preview:-1\" \/>\n<link rel=\"canonical\" href=\"https:\/\/www.esplac.cat\/en\/camp-tarragona-trobada-monitores\/\" \/>\n<meta property=\"og:locale\" content=\"es_ES\" \/>\n<meta property=\"og:type\" content=\"article\" \/>\n<meta property=\"og:title\" content=\"El Camp de Tarragona comen\u00e7a el curs amb una Trobada de Monitores ben completa! - Esplac\" \/>\n<meta property=\"og:description\" content=\"Els esplais del sector es van reunir a Santa Coloma [&hellip;]\" \/>\n<meta property=\"og:url\" content=\"https:\/\/www.esplac.cat\/en\/camp-tarragona-trobada-monitores\/\" \/>\n<meta property=\"og:site_name\" content=\"Esplac\" \/>\n<meta property=\"article:published_time\" content=\"2018-10-08T08:27:21+00:00\" \/>\n<meta property=\"article:modified_time\" content=\"2019-11-14T11:38:34+00:00\" \/>\n<meta property=\"og:image\" content=\"https:\/\/www.esplac.cat\/wp-content\/uploads\/2018\/10\/agocdt.jpg\" \/>\n\t<meta property=\"og:image:width\" content=\"847\" \/>\n\t<meta property=\"og:image:height\" content=\"350\" \/>\n\t<meta property=\"og:image:type\" content=\"image\/jpeg\" \/>\n<meta name=\"author\" content=\"root\" \/>\n<meta name=\"twitter:card\" content=\"summary_large_image\" \/>\n<meta name=\"twitter:label1\" content=\"Escrito por\" \/>\n\t<meta name=\"twitter:data1\" content=\"root\" \/>\n\t<meta name=\"twitter:label2\" content=\"Tiempo de lectura\" \/>\n\t<meta name=\"twitter:data2\" content=\"1 minuto\" \/>\n<script type=\"application\/ld+json\" class=\"yoast-schema-graph\">{\"@context\":\"https:\\\/\\\/schema.org\",\"@graph\":[{\"@type\":\"Article\",\"@id\":\"https:\\\/\\\/www.esplac.cat\\\/en\\\/camp-tarragona-trobada-monitores\\\/#article\",\"isPartOf\":{\"@id\":\"https:\\\/\\\/www.esplac.cat\\\/en\\\/camp-tarragona-trobada-monitores\\\/\"},\"author\":{\"name\":\"root\",\"@id\":\"https:\\\/\\\/www.esplac.cat\\\/#\\\/schema\\\/person\\\/8d7ee340c02b239b152b9ff2c3d40766\"},\"headline\":\"El Camp de Tarragona comen\u00e7a el curs amb una Trobada de Monitores ben completa!\",\"datePublished\":\"2018-10-08T08:27:21+00:00\",\"dateModified\":\"2019-11-14T11:38:34+00:00\",\"mainEntityOfPage\":{\"@id\":\"https:\\\/\\\/www.esplac.cat\\\/en\\\/camp-tarragona-trobada-monitores\\\/\"},\"wordCount\":199,\"publisher\":{\"@id\":\"https:\\\/\\\/www.esplac.cat\\\/#organization\"},\"image\":{\"@id\":\"https:\\\/\\\/www.esplac.cat\\\/en\\\/camp-tarragona-trobada-monitores\\\/#primaryimage\"},\"thumbnailUrl\":\"https:\\\/\\\/www.esplac.cat\\\/wp-content\\\/uploads\\\/2018\\\/10\\\/agocdt.jpg\",\"keywords\":[\"Camp de Tarragona\",\"educaci\u00f3 popular\",\"esplai\",\"formaci\u00f3\",\"nou curs\",\"Santa Coloma de Queralt\"],\"articleSection\":[\"Inf\u00e0ncia i Esplaiada\",\"Sector Camp de Tarragona\",\"Sense categoria\"],\"inLanguage\":\"es\"},{\"@type\":\"WebPage\",\"@id\":\"https:\\\/\\\/www.esplac.cat\\\/en\\\/camp-tarragona-trobada-monitores\\\/\",\"url\":\"https:\\\/\\\/www.esplac.cat\\\/en\\\/camp-tarragona-trobada-monitores\\\/\",\"name\":\"El Camp de Tarragona comen\u00e7a el curs amb una Trobada de Monitores ben completa! - Esplac\",\"isPartOf\":{\"@id\":\"https:\\\/\\\/www.esplac.cat\\\/#website\"},\"primaryImageOfPage\":{\"@id\":\"https:\\\/\\\/www.esplac.cat\\\/en\\\/camp-tarragona-trobada-monitores\\\/#primaryimage\"},\"image\":{\"@id\":\"https:\\\/\\\/www.esplac.cat\\\/en\\\/camp-tarragona-trobada-monitores\\\/#primaryimage\"},\"thumbnailUrl\":\"https:\\\/\\\/www.esplac.cat\\\/wp-content\\\/uploads\\\/2018\\\/10\\\/agocdt.jpg\",\"datePublished\":\"2018-10-08T08:27:21+00:00\",\"dateModified\":\"2019-11-14T11:38:34+00:00\",\"breadcrumb\":{\"@id\":\"https:\\\/\\\/www.esplac.cat\\\/en\\\/camp-tarragona-trobada-monitores\\\/#breadcrumb\"},\"inLanguage\":\"es\",\"potentialAction\":[{\"@type\":\"ReadAction\",\"target\":[\"https:\\\/\\\/www.esplac.cat\\\/en\\\/camp-tarragona-trobada-monitores\\\/\"]}]},{\"@type\":\"ImageObject\",\"inLanguage\":\"es\",\"@id\":\"https:\\\/\\\/www.esplac.cat\\\/en\\\/camp-tarragona-trobada-monitores\\\/#primaryimage\",\"url\":\"https:\\\/\\\/www.esplac.cat\\\/wp-content\\\/uploads\\\/2018\\\/10\\\/agocdt.jpg\",\"contentUrl\":\"https:\\\/\\\/www.esplac.cat\\\/wp-content\\\/uploads\\\/2018\\\/10\\\/agocdt.jpg\",\"width\":847,\"height\":350},{\"@type\":\"BreadcrumbList\",\"@id\":\"https:\\\/\\\/www.esplac.cat\\\/en\\\/camp-tarragona-trobada-monitores\\\/#breadcrumb\",\"itemListElement\":[{\"@type\":\"ListItem\",\"position\":1,\"name\":\"Inici\",\"item\":\"https:\\\/\\\/www.esplac.cat\\\/es\\\/\"},{\"@type\":\"ListItem\",\"position\":2,\"name\":\"El Camp de Tarragona comen\u00e7a el curs amb una Trobada de Monitores ben completa!\"}]},{\"@type\":\"WebSite\",\"@id\":\"https:\\\/\\\/www.esplac.cat\\\/#website\",\"url\":\"https:\\\/\\\/www.esplac.cat\\\/\",\"name\":\"Esplac\",\"description\":\"Esplais Catalans\",\"publisher\":{\"@id\":\"https:\\\/\\\/www.esplac.cat\\\/#organization\"},\"potentialAction\":[{\"@type\":\"SearchAction\",\"target\":{\"@type\":\"EntryPoint\",\"urlTemplate\":\"https:\\\/\\\/www.esplac.cat\\\/?s={search_term_string}\"},\"query-input\":{\"@type\":\"PropertyValueSpecification\",\"valueRequired\":true,\"valueName\":\"search_term_string\"}}],\"inLanguage\":\"es\"},{\"@type\":\"Organization\",\"@id\":\"https:\\\/\\\/www.esplac.cat\\\/#organization\",\"name\":\"Esplac\",\"url\":\"https:\\\/\\\/www.esplac.cat\\\/\",\"logo\":{\"@type\":\"ImageObject\",\"inLanguage\":\"es\",\"@id\":\"https:\\\/\\\/www.esplac.cat\\\/#\\\/schema\\\/logo\\\/image\\\/\",\"url\":\"https:\\\/\\\/www.esplac.cat\\\/wp-content\\\/uploads\\\/2019\\\/08\\\/logox2.png\",\"contentUrl\":\"https:\\\/\\\/www.esplac.cat\\\/wp-content\\\/uploads\\\/2019\\\/08\\\/logox2.png\",\"width\":600,\"height\":295,\"caption\":\"Esplac\"},\"image\":{\"@id\":\"https:\\\/\\\/www.esplac.cat\\\/#\\\/schema\\\/logo\\\/image\\\/\"}},{\"@type\":\"Person\",\"@id\":\"https:\\\/\\\/www.esplac.cat\\\/#\\\/schema\\\/person\\\/8d7ee340c02b239b152b9ff2c3d40766\",\"name\":\"root\",\"image\":{\"@type\":\"ImageObject\",\"inLanguage\":\"es\",\"@id\":\"https:\\\/\\\/secure.gravatar.com\\\/avatar\\\/9356757d53af8c5db257f894fbbd9ee7446c25af07cd2e7844bd1cf43acef754?s=96&d=mm&r=g\",\"url\":\"https:\\\/\\\/secure.gravatar.com\\\/avatar\\\/9356757d53af8c5db257f894fbbd9ee7446c25af07cd2e7844bd1cf43acef754?s=96&d=mm&r=g\",\"contentUrl\":\"https:\\\/\\\/secure.gravatar.com\\\/avatar\\\/9356757d53af8c5db257f894fbbd9ee7446c25af07cd2e7844bd1cf43acef754?s=96&d=mm&r=g\",\"caption\":\"root\"}}]}<\/script>\n<!-- \/ Yoast SEO plugin. -->","yoast_head_json":{"title":"El Camp de Tarragona comen\u00e7a el curs amb una Trobada de Monitores ben completa! - Esplac","robots":{"index":"index","follow":"follow","max-snippet":"max-snippet:-1","max-image-preview":"max-image-preview:large","max-video-preview":"max-video-preview:-1"},"canonical":"https:\/\/www.esplac.cat\/en\/camp-tarragona-trobada-monitores\/","og_locale":"es_ES","og_type":"article","og_title":"El Camp de Tarragona comen\u00e7a el curs amb una Trobada de Monitores ben completa! - Esplac","og_description":"Els esplais del sector es van reunir a Santa Coloma [&hellip;]","og_url":"https:\/\/www.esplac.cat\/en\/camp-tarragona-trobada-monitores\/","og_site_name":"Esplac","article_published_time":"2018-10-08T08:27:21+00:00","article_modified_time":"2019-11-14T11:38:34+00:00","og_image":[{"width":847,"height":350,"url":"https:\/\/www.esplac.cat\/wp-content\/uploads\/2018\/10\/agocdt.jpg","type":"image\/jpeg"}],"author":"root","twitter_card":"summary_large_image","twitter_misc":{"Escrito por":"root","Tiempo de lectura":"1 minuto"},"schema":{"@context":"https:\/\/schema.org","@graph":[{"@type":"Article","@id":"https:\/\/www.esplac.cat\/en\/camp-tarragona-trobada-monitores\/#article","isPartOf":{"@id":"https:\/\/www.esplac.cat\/en\/camp-tarragona-trobada-monitores\/"},"author":{"name":"root","@id":"https:\/\/www.esplac.cat\/#\/schema\/person\/8d7ee340c02b239b152b9ff2c3d40766"},"headline":"El Camp de Tarragona comen\u00e7a el curs amb una Trobada de Monitores ben completa!","datePublished":"2018-10-08T08:27:21+00:00","dateModified":"2019-11-14T11:38:34+00:00","mainEntityOfPage":{"@id":"https:\/\/www.esplac.cat\/en\/camp-tarragona-trobada-monitores\/"},"wordCount":199,"publisher":{"@id":"https:\/\/www.esplac.cat\/#organization"},"image":{"@id":"https:\/\/www.esplac.cat\/en\/camp-tarragona-trobada-monitores\/#primaryimage"},"thumbnailUrl":"https:\/\/www.esplac.cat\/wp-content\/uploads\/2018\/10\/agocdt.jpg","keywords":["Camp de Tarragona","educaci\u00f3 popular","esplai","formaci\u00f3","nou curs","Santa Coloma de Queralt"],"articleSection":["Inf\u00e0ncia i Esplaiada","Sector Camp de Tarragona","Sense categoria"],"inLanguage":"es"},{"@type":"WebPage","@id":"https:\/\/www.esplac.cat\/en\/camp-tarragona-trobada-monitores\/","url":"https:\/\/www.esplac.cat\/en\/camp-tarragona-trobada-monitores\/","name":"El Camp de Tarragona comen\u00e7a el curs amb una Trobada de Monitores ben completa! - Esplac","isPartOf":{"@id":"https:\/\/www.esplac.cat\/#website"},"primaryImageOfPage":{"@id":"https:\/\/www.esplac.cat\/en\/camp-tarragona-trobada-monitores\/#primaryimage"},"image":{"@id":"https:\/\/www.esplac.cat\/en\/camp-tarragona-trobada-monitores\/#primaryimage"},"thumbnailUrl":"https:\/\/www.esplac.cat\/wp-content\/uploads\/2018\/10\/agocdt.jpg","datePublished":"2018-10-08T08:27:21+00:00","dateModified":"2019-11-14T11:38:34+00:00","breadcrumb":{"@id":"https:\/\/www.esplac.cat\/en\/camp-tarragona-trobada-monitores\/#breadcrumb"},"inLanguage":"es","potentialAction":[{"@type":"ReadAction","target":["https:\/\/www.esplac.cat\/en\/camp-tarragona-trobada-monitores\/"]}]},{"@type":"ImageObject","inLanguage":"es","@id":"https:\/\/www.esplac.cat\/en\/camp-tarragona-trobada-monitores\/#primaryimage","url":"https:\/\/www.esplac.cat\/wp-content\/uploads\/2018\/10\/agocdt.jpg","contentUrl":"https:\/\/www.esplac.cat\/wp-content\/uploads\/2018\/10\/agocdt.jpg","width":847,"height":350},{"@type":"BreadcrumbList","@id":"https:\/\/www.esplac.cat\/en\/camp-tarragona-trobada-monitores\/#breadcrumb","itemListElement":[{"@type":"ListItem","position":1,"name":"Inici","item":"https:\/\/www.esplac.cat\/es\/"},{"@type":"ListItem","position":2,"name":"El Camp de Tarragona comen\u00e7a el curs amb una Trobada de Monitores ben completa!"}]},{"@type":"WebSite","@id":"https:\/\/www.esplac.cat\/#website","url":"https:\/\/www.esplac.cat\/","name":"Esplac","description":"Esplais Catalans","publisher":{"@id":"https:\/\/www.esplac.cat\/#organization"},"potentialAction":[{"@type":"SearchAction","target":{"@type":"EntryPoint","urlTemplate":"https:\/\/www.esplac.cat\/?s={search_term_string}"},"query-input":{"@type":"PropertyValueSpecification","valueRequired":true,"valueName":"search_term_string"}}],"inLanguage":"es"},{"@type":"Organization","@id":"https:\/\/www.esplac.cat\/#organization","name":"Esplac","url":"https:\/\/www.esplac.cat\/","logo":{"@type":"ImageObject","inLanguage":"es","@id":"https:\/\/www.esplac.cat\/#\/schema\/logo\/image\/","url":"https:\/\/www.esplac.cat\/wp-content\/uploads\/2019\/08\/logox2.png","contentUrl":"https:\/\/www.esplac.cat\/wp-content\/uploads\/2019\/08\/logox2.png","width":600,"height":295,"caption":"Esplac"},"image":{"@id":"https:\/\/www.esplac.cat\/#\/schema\/logo\/image\/"}},{"@type":"Person","@id":"https:\/\/www.esplac.cat\/#\/schema\/person\/8d7ee340c02b239b152b9ff2c3d40766","name":"root","image":{"@type":"ImageObject","inLanguage":"es","@id":"https:\/\/secure.gravatar.com\/avatar\/9356757d53af8c5db257f894fbbd9ee7446c25af07cd2e7844bd1cf43acef754?s=96&d=mm&r=g","url":"https:\/\/secure.gravatar.com\/avatar\/9356757d53af8c5db257f894fbbd9ee7446c25af07cd2e7844bd1cf43acef754?s=96&d=mm&r=g","contentUrl":"https:\/\/secure.gravatar.com\/avatar\/9356757d53af8c5db257f894fbbd9ee7446c25af07cd2e7844bd1cf43acef754?s=96&d=mm&r=g","caption":"root"}}]}},"_links":{"self":[{"href":"https:\/\/www.esplac.cat\/es\/wp-json\/wp\/v2\/posts\/23962","targetHints":{"allow":["GET"]}}],"collection":[{"href":"https:\/\/www.esplac.cat\/es\/wp-json\/wp\/v2\/posts"}],"about":[{"href":"https:\/\/www.esplac.cat\/es\/wp-json\/wp\/v2\/types\/post"}],"author":[{"embeddable":true,"href":"https:\/\/www.esplac.cat\/es\/wp-json\/wp\/v2\/users\/1"}],"replies":[{"embeddable":true,"href":"https:\/\/www.esplac.cat\/es\/wp-json\/wp\/v2\/comments?post=23962"}],"version-history":[{"count":0,"href":"https:\/\/www.esplac.cat\/es\/wp-json\/wp\/v2\/posts\/23962\/revisions"}],"wp:featuredmedia":[{"embeddable":true,"href":"https:\/\/www.esplac.cat\/es\/wp-json\/wp\/v2\/media\/23963"}],"wp:attachment":[{"href":"https:\/\/www.esplac.cat\/es\/wp-json\/wp\/v2\/media?parent=23962"}],"wp:term":[{"taxonomy":"category","embeddable":true,"href":"https:\/\/www.esplac.cat\/es\/wp-json\/wp\/v2\/categories?post=23962"},{"taxonomy":"post_tag","embeddable":true,"href":"https:\/\/www.esplac.cat\/es\/wp-json\/wp\/v2\/tags?post=23962"}],"curies":[{"name":"wp","href":"https:\/\/api.w.org\/{rel}","templated":true}]}}