{"id":23964,"date":"2018-10-04T14:27:38","date_gmt":"2018-10-04T12:27:38","guid":{"rendered":"http:\/\/esplac.cat\/?p=18692"},"modified":"2018-10-04T14:27:38","modified_gmt":"2018-10-04T12:27:38","slug":"feina-tecnica-informatica","status":"publish","type":"post","link":"https:\/\/www.esplac.cat\/es\/feina-tecnica-informatica\/","title":{"rendered":"Obrim una pla\u00e7a de t\u00e8cnic\/a de suport inform\u00e0tic"},"content":{"rendered":"<p>Amics i amigues,<br \/>\nAmb la present volem comunicar-vos que hem obert un termini per a la presentaci\u00f3 de curr\u00edculums amb l\u2019objectiu de cobrir una pla\u00e7a de t\u00e8cnic\/a inform\u00e0tic\/a d&#8217;Esplais Catalans a trav\u00e9s de la subvenci\u00f3 del<strong> Servei d\u2019Ocupaci\u00f3 de Catalunya (SOC)<\/strong>. Aquesta persona ser\u00e0 l\u2019encarregada de donar suport a l\u2019\u00e0rea d\u2019inform\u00e0tica de l&#8217;entitat en la programaci\u00f3 de les aplicacions inform\u00e0tiques amb les que treballem a Esplais Catalans. El termini per presentar candidatura finalitza el dia <strong>15 d\u2019octubre de 2018<\/strong> . Els curr\u00edculums els heu de fer arribar a <strong>esplac@esplac.cat<\/strong> amb la refer\u00e8ncia <strong>Inform\u00e0ticaSTSOC<\/strong> a l&#8217;assumpte del mail.<\/p>\n<p><strong>Funcions:<\/strong><br \/>\n\u2022 Elaboraci\u00f3, execuci\u00f3 i avaluaci\u00f3 del pla de treball de les aplicacions inform\u00e0tiques que s&#8217;usen a Esplac donant suport a la tasca de la coordinadora inform\u00e0tica.<br \/>\n\u2022 Dur a terme canvis i millores a les eines inform\u00e0tiques pr\u00f2pies de treball de l&#8217;entitat: Intranets i webs.<br \/>\n\u2022 Coordinaci\u00f3 amb els equips de treball i dirigents de l\u2019entitat per a les funcions assignades i d&#8217;altres que puguin sorgir.<\/p>\n<p><strong>Es demana:<\/strong><br \/>\n\u2022 Possessi\u00f3 d\u2019un t\u00edtol universitari o de formaci\u00f3 professional de grau mig o superior o altre t\u00edtol oficialment reconegut com a equivalent, o un certificat de professionalitat, especialment Grau en Enginyeria Inform\u00e0tica o Cicle Formatiu de Grau Superior (CFGS) de Desenvolupament d&#8217;Aplicacions Web (DAW) o Desenvolupament d\u2019Aplicacions Multiplataforma (DAM) o coneixements equivalents demostrables.<br \/>\n\u2022 Coneixement b\u00e0sic en bases de dades .<br \/>\n\u2022 Coneixement o experi\u00e8ncia en desenvolupament d&#8217;aplicacions web<br \/>\n\u2022 Compet\u00e8ncia escrita: capacitat de redacci\u00f3 i capacitat de s\u00edntesi.<br \/>\n\u2022 Capacitat d&#8217;organitzaci\u00f3, gesti\u00f3 del temps i compliments de terminis, treball en equip, autonomia personal, flexibilitat i adaptabilitat.<br \/>\n\u2022 Assist\u00e8ncia a reunions o activitats d\u2019especial inter\u00e8s fora de l\u2019horari laboral, vocaci\u00f3 de servei als esplais i comprom\u00eds amb els valors d&#8217;Esplais Catalans.<br \/>\n\u2022 Tenir menys de 30 anys.<\/p>\n<p><strong>Qu\u00e8 demana el SOC:<\/strong><br \/>\nPer poder accedir a aquesta pla\u00e7a subvencionada els candidats i candidates han de ser joves entre 16 i 30 anys, beneficiaris del Sistema Nacional de Garantia Juvenil, inscrits com a demandants d\u2019ocupaci\u00f3 no ocupats (DONO) a les oficines del Servei P\u00fablic d\u2019Ocupaci\u00f3 de Catalunya i que puguin acreditar la possessi\u00f3 d\u2019un t\u00edtol universitari o de formaci\u00f3 professional de grau mig o superior o t\u00edtols oficialment reconeguts com a equivalents, o d\u2019un certificat de professionalitat, que els habilitin per a l\u2019exercici professional, aix\u00ed com complir els requisits que exigeix la modalitat del contracte de treball en pr\u00e0ctiques.<\/p>\n<p><strong>Per poder inscriure&#8217;t a la Garantia Juvenil has de:<\/strong><br \/>\n\u2022 Tenir nacionalitat espanyola o ser ciutad\u00e0 de la Uni\u00f3 o dels Estats que formen part de l&#8217;Acord sobre l&#8217;espai Econ\u00f2mic Europeu o Su\u00efssa que es trobin a Espanya en exercici de la lliure circulaci\u00f3 i resid\u00e8ncia. Tamb\u00e9 podran inscriure-s&#8217;hi els estrangers titulars d&#8217;una autoritzaci\u00f3 per a residir en territori espanyol que habiliti per a treballar.<br \/>\n\u2022 Estar empadronat a qualsevol municipi de Catalunya.<br \/>\n\u2022 Tenir m\u00e9s de 16 anys i menys de 30 anys en el moment de sol\u00b7licitar la inscripci\u00f3 en el Fitxer del Sistema Nacional de Garantia Juvenil.<br \/>\n\u2022 No haver treballat en el dia natural anterior a la data de presentaci\u00f3 de la sol\u00b7licitud.<br \/>\n\u2022 No haver rebut accions educatives en el dia natural anterior a la data de presentaci\u00f3 de la sol\u00b7licitud.<br \/>\n\u2022 No haver rebut accions formatives en el dia natural anterior a la data de presentaci\u00f3 de la sol\u00b7licitud.<br \/>\n\u2022 Presentar una declaraci\u00f3 expressa de tenir inter\u00e8s en participar en el Sistema Nacional de Garantia Juvenil, adquirint un comprom\u00eds de participaci\u00f3 activa en les actuacions que es desenvolupin en el marc de la Garantia Juvenil.<\/p>\n<p><strong>Es valorar\u00e0:<\/strong><br \/>\n\u2022 Experi\u00e8ncia en les funcions descrites.<br \/>\n\u2022 Facilitat per con\u00e8ixer noves eines de treball.<br \/>\n\u2022 Experi\u00e8ncia amb l&#8217;stack MEAN i concretament amb Angular+2<br \/>\n\u2022 Experi\u00e8ncia en especificaci\u00f3 i disseny de bases de dades.<br \/>\n\u2022 Coneixement de disseny web.<br \/>\n\u2022 Coneixement de linux i terminal bash.<br \/>\n\u2022 Coneixement o experi\u00e8ncia en gesti\u00f3 de sistemes, cron i pm2.<br \/>\n\u2022 Experi\u00e8ncia amb sistema de versions, especialment Git i l&#8217;entorn GitLab<br \/>\n\u2022 Coneixement i experi\u00e8ncia en l&#8217;\u00e0mbit de l&#8217;associacionisme educatiu i els esplais<br \/>\n\u2022 Coneixement en temes espec\u00edfics relacionats amb el projecte educatiu d\u2019Esplais Catalans<\/p>\n<p><strong>Condicions laborals:<\/strong><br \/>\n\u2022 Contracte laboral en pr\u00e0ctiques a jornada completa.<br \/>\n\u2022 Sou brut de segons convocat\u00f2ria del SOC.<br \/>\n\u2022 Incorporaci\u00f3 immediata.<br \/>\n\u2022 Durada del contracte: 6 mesos.<br \/>\n\u2022 Lloc de treball habitual: Barcelona.<\/p>\n<p><strong>Podeu llegir la convocat\u00f2ria en PDF\u00a0<a href=\"http:\/\/esplac.cat\/wp-content\/uploads\/2018\/10\/convocatoria_SOC_INFOR-1.pdf\">aqu\u00ed\u00a0<\/a><\/strong><\/p>\n","protected":false},"excerpt":{"rendered":"<p>Amics i amigues, Amb la present volem comunicar-vos que hem [&hellip;]<\/p>\n","protected":false},"author":3,"featured_media":23590,"comment_status":"closed","ping_status":"open","sticky":false,"template":"","format":"standard","meta":{"om_disable_all_campaigns":false,"_monsterinsights_skip_tracking":false,"_monsterinsights_sitenote_active":false,"_monsterinsights_sitenote_note":"","_monsterinsights_sitenote_category":0,"_uf_show_specific_survey":0,"_uf_disable_surveys":false,"footnotes":""},"categories":[1116,1],"tags":[1002,336,1003,152,306,440,441,1006,389,1005],"class_list":["post-23964","post","type-post","status-publish","format-standard","has-post-thumbnail","hentry","category-secretaria-esplac","category-sense-categoria","tag-educacio-popular","tag-esplac","tag-esplai","tag-esplais-catalans","tag-feina","tag-informatica","tag-laboral","tag-lleure","tag-tecnic","tag-tecnica"],"yoast_head":"<!-- This site is optimized with the Yoast SEO plugin v27.4 - https:\/\/yoast.com\/product\/yoast-seo-wordpress\/ -->\n<title>Obrim una pla\u00e7a de t\u00e8cnic\/a de suport inform\u00e0tic - Esplac<\/title>\n<meta name=\"robots\" content=\"index, follow, max-snippet:-1, max-image-preview:large, max-video-preview:-1\" \/>\n<link rel=\"canonical\" href=\"https:\/\/www.esplac.cat\/es\/feina-tecnica-informatica\/\" \/>\n<meta property=\"og:locale\" content=\"es_ES\" \/>\n<meta property=\"og:type\" content=\"article\" \/>\n<meta property=\"og:title\" content=\"Obrim una pla\u00e7a de t\u00e8cnic\/a de suport inform\u00e0tic - Esplac\" \/>\n<meta property=\"og:description\" content=\"Amics i amigues, Amb la present volem comunicar-vos que hem [&hellip;]\" \/>\n<meta property=\"og:url\" content=\"https:\/\/www.esplac.cat\/es\/feina-tecnica-informatica\/\" \/>\n<meta property=\"og:site_name\" content=\"Esplac\" \/>\n<meta property=\"article:published_time\" content=\"2018-10-04T12:27:38+00:00\" \/>\n<meta property=\"og:image\" content=\"https:\/\/www.esplac.cat\/wp-content\/uploads\/2018\/05\/Noti_Web_Valles_AGO-2.jpg\" \/>\n\t<meta property=\"og:image:width\" content=\"847\" \/>\n\t<meta property=\"og:image:height\" content=\"350\" \/>\n\t<meta property=\"og:image:type\" content=\"image\/jpeg\" \/>\n<meta name=\"author\" content=\"Comunicaci\u00f3 Esplac\" \/>\n<meta name=\"twitter:card\" content=\"summary_large_image\" \/>\n<meta name=\"twitter:label1\" content=\"Escrito por\" \/>\n\t<meta name=\"twitter:data1\" content=\"Comunicaci\u00f3 Esplac\" \/>\n\t<meta name=\"twitter:label2\" content=\"Tiempo de lectura\" \/>\n\t<meta name=\"twitter:data2\" content=\"4 minutos\" \/>\n<script type=\"application\/ld+json\" class=\"yoast-schema-graph\">{\"@context\":\"https:\\\/\\\/schema.org\",\"@graph\":[{\"@type\":\"Article\",\"@id\":\"https:\\\/\\\/www.esplac.cat\\\/es\\\/feina-tecnica-informatica\\\/#article\",\"isPartOf\":{\"@id\":\"https:\\\/\\\/www.esplac.cat\\\/es\\\/feina-tecnica-informatica\\\/\"},\"author\":{\"name\":\"Comunicaci\u00f3 Esplac\",\"@id\":\"https:\\\/\\\/www.esplac.cat\\\/#\\\/schema\\\/person\\\/908383cf240be18b68f8855d0583faca\"},\"headline\":\"Obrim una pla\u00e7a de t\u00e8cnic\\\/a de suport inform\u00e0tic\",\"datePublished\":\"2018-10-04T12:27:38+00:00\",\"mainEntityOfPage\":{\"@id\":\"https:\\\/\\\/www.esplac.cat\\\/es\\\/feina-tecnica-informatica\\\/\"},\"wordCount\":777,\"publisher\":{\"@id\":\"https:\\\/\\\/www.esplac.cat\\\/#organization\"},\"image\":{\"@id\":\"https:\\\/\\\/www.esplac.cat\\\/es\\\/feina-tecnica-informatica\\\/#primaryimage\"},\"thumbnailUrl\":\"https:\\\/\\\/www.esplac.cat\\\/wp-content\\\/uploads\\\/2018\\\/05\\\/Noti_Web_Valles_AGO-2.jpg\",\"keywords\":[\"educaci\u00f3 popular\",\"Esplac\",\"esplai\",\"esplais catalans\",\"feina\",\"informatica\",\"laboral\",\"lleure\",\"t\u00e8cnic\",\"t\u00e8cnica\"],\"articleSection\":[\"Secretaria T\u00e8cnica\",\"Sense categoria\"],\"inLanguage\":\"es\"},{\"@type\":\"WebPage\",\"@id\":\"https:\\\/\\\/www.esplac.cat\\\/es\\\/feina-tecnica-informatica\\\/\",\"url\":\"https:\\\/\\\/www.esplac.cat\\\/es\\\/feina-tecnica-informatica\\\/\",\"name\":\"Obrim una pla\u00e7a de t\u00e8cnic\\\/a de suport inform\u00e0tic - Esplac\",\"isPartOf\":{\"@id\":\"https:\\\/\\\/www.esplac.cat\\\/#website\"},\"primaryImageOfPage\":{\"@id\":\"https:\\\/\\\/www.esplac.cat\\\/es\\\/feina-tecnica-informatica\\\/#primaryimage\"},\"image\":{\"@id\":\"https:\\\/\\\/www.esplac.cat\\\/es\\\/feina-tecnica-informatica\\\/#primaryimage\"},\"thumbnailUrl\":\"https:\\\/\\\/www.esplac.cat\\\/wp-content\\\/uploads\\\/2018\\\/05\\\/Noti_Web_Valles_AGO-2.jpg\",\"datePublished\":\"2018-10-04T12:27:38+00:00\",\"breadcrumb\":{\"@id\":\"https:\\\/\\\/www.esplac.cat\\\/es\\\/feina-tecnica-informatica\\\/#breadcrumb\"},\"inLanguage\":\"es\",\"potentialAction\":[{\"@type\":\"ReadAction\",\"target\":[\"https:\\\/\\\/www.esplac.cat\\\/es\\\/feina-tecnica-informatica\\\/\"]}]},{\"@type\":\"ImageObject\",\"inLanguage\":\"es\",\"@id\":\"https:\\\/\\\/www.esplac.cat\\\/es\\\/feina-tecnica-informatica\\\/#primaryimage\",\"url\":\"https:\\\/\\\/www.esplac.cat\\\/wp-content\\\/uploads\\\/2018\\\/05\\\/Noti_Web_Valles_AGO-2.jpg\",\"contentUrl\":\"https:\\\/\\\/www.esplac.cat\\\/wp-content\\\/uploads\\\/2018\\\/05\\\/Noti_Web_Valles_AGO-2.jpg\",\"width\":847,\"height\":350},{\"@type\":\"BreadcrumbList\",\"@id\":\"https:\\\/\\\/www.esplac.cat\\\/es\\\/feina-tecnica-informatica\\\/#breadcrumb\",\"itemListElement\":[{\"@type\":\"ListItem\",\"position\":1,\"name\":\"Inici\",\"item\":\"https:\\\/\\\/www.esplac.cat\\\/es\\\/\"},{\"@type\":\"ListItem\",\"position\":2,\"name\":\"Obrim una pla\u00e7a de t\u00e8cnic\\\/a de suport inform\u00e0tic\"}]},{\"@type\":\"WebSite\",\"@id\":\"https:\\\/\\\/www.esplac.cat\\\/#website\",\"url\":\"https:\\\/\\\/www.esplac.cat\\\/\",\"name\":\"Esplac\",\"description\":\"Esplais Catalans\",\"publisher\":{\"@id\":\"https:\\\/\\\/www.esplac.cat\\\/#organization\"},\"potentialAction\":[{\"@type\":\"SearchAction\",\"target\":{\"@type\":\"EntryPoint\",\"urlTemplate\":\"https:\\\/\\\/www.esplac.cat\\\/?s={search_term_string}\"},\"query-input\":{\"@type\":\"PropertyValueSpecification\",\"valueRequired\":true,\"valueName\":\"search_term_string\"}}],\"inLanguage\":\"es\"},{\"@type\":\"Organization\",\"@id\":\"https:\\\/\\\/www.esplac.cat\\\/#organization\",\"name\":\"Esplac\",\"url\":\"https:\\\/\\\/www.esplac.cat\\\/\",\"logo\":{\"@type\":\"ImageObject\",\"inLanguage\":\"es\",\"@id\":\"https:\\\/\\\/www.esplac.cat\\\/#\\\/schema\\\/logo\\\/image\\\/\",\"url\":\"https:\\\/\\\/www.esplac.cat\\\/wp-content\\\/uploads\\\/2019\\\/08\\\/logox2.png\",\"contentUrl\":\"https:\\\/\\\/www.esplac.cat\\\/wp-content\\\/uploads\\\/2019\\\/08\\\/logox2.png\",\"width\":600,\"height\":295,\"caption\":\"Esplac\"},\"image\":{\"@id\":\"https:\\\/\\\/www.esplac.cat\\\/#\\\/schema\\\/logo\\\/image\\\/\"}},{\"@type\":\"Person\",\"@id\":\"https:\\\/\\\/www.esplac.cat\\\/#\\\/schema\\\/person\\\/908383cf240be18b68f8855d0583faca\",\"name\":\"Comunicaci\u00f3 Esplac\",\"image\":{\"@type\":\"ImageObject\",\"inLanguage\":\"es\",\"@id\":\"https:\\\/\\\/secure.gravatar.com\\\/avatar\\\/7a4cf8feb412a76ea4a740ca02d95b06b2907b5a6c648c2dd0a1082a093c3141?s=96&d=mm&r=g\",\"url\":\"https:\\\/\\\/secure.gravatar.com\\\/avatar\\\/7a4cf8feb412a76ea4a740ca02d95b06b2907b5a6c648c2dd0a1082a093c3141?s=96&d=mm&r=g\",\"contentUrl\":\"https:\\\/\\\/secure.gravatar.com\\\/avatar\\\/7a4cf8feb412a76ea4a740ca02d95b06b2907b5a6c648c2dd0a1082a093c3141?s=96&d=mm&r=g\",\"caption\":\"Comunicaci\u00f3 Esplac\"}}]}<\/script>\n<!-- \/ Yoast SEO plugin. -->","yoast_head_json":{"title":"Obrim una pla\u00e7a de t\u00e8cnic\/a de suport inform\u00e0tic - Esplac","robots":{"index":"index","follow":"follow","max-snippet":"max-snippet:-1","max-image-preview":"max-image-preview:large","max-video-preview":"max-video-preview:-1"},"canonical":"https:\/\/www.esplac.cat\/es\/feina-tecnica-informatica\/","og_locale":"es_ES","og_type":"article","og_title":"Obrim una pla\u00e7a de t\u00e8cnic\/a de suport inform\u00e0tic - Esplac","og_description":"Amics i amigues, Amb la present volem comunicar-vos que hem [&hellip;]","og_url":"https:\/\/www.esplac.cat\/es\/feina-tecnica-informatica\/","og_site_name":"Esplac","article_published_time":"2018-10-04T12:27:38+00:00","og_image":[{"width":847,"height":350,"url":"https:\/\/www.esplac.cat\/wp-content\/uploads\/2018\/05\/Noti_Web_Valles_AGO-2.jpg","type":"image\/jpeg"}],"author":"Comunicaci\u00f3 Esplac","twitter_card":"summary_large_image","twitter_misc":{"Escrito por":"Comunicaci\u00f3 Esplac","Tiempo de lectura":"4 minutos"},"schema":{"@context":"https:\/\/schema.org","@graph":[{"@type":"Article","@id":"https:\/\/www.esplac.cat\/es\/feina-tecnica-informatica\/#article","isPartOf":{"@id":"https:\/\/www.esplac.cat\/es\/feina-tecnica-informatica\/"},"author":{"name":"Comunicaci\u00f3 Esplac","@id":"https:\/\/www.esplac.cat\/#\/schema\/person\/908383cf240be18b68f8855d0583faca"},"headline":"Obrim una pla\u00e7a de t\u00e8cnic\/a de suport inform\u00e0tic","datePublished":"2018-10-04T12:27:38+00:00","mainEntityOfPage":{"@id":"https:\/\/www.esplac.cat\/es\/feina-tecnica-informatica\/"},"wordCount":777,"publisher":{"@id":"https:\/\/www.esplac.cat\/#organization"},"image":{"@id":"https:\/\/www.esplac.cat\/es\/feina-tecnica-informatica\/#primaryimage"},"thumbnailUrl":"https:\/\/www.esplac.cat\/wp-content\/uploads\/2018\/05\/Noti_Web_Valles_AGO-2.jpg","keywords":["educaci\u00f3 popular","Esplac","esplai","esplais catalans","feina","informatica","laboral","lleure","t\u00e8cnic","t\u00e8cnica"],"articleSection":["Secretaria T\u00e8cnica","Sense categoria"],"inLanguage":"es"},{"@type":"WebPage","@id":"https:\/\/www.esplac.cat\/es\/feina-tecnica-informatica\/","url":"https:\/\/www.esplac.cat\/es\/feina-tecnica-informatica\/","name":"Obrim una pla\u00e7a de t\u00e8cnic\/a de suport inform\u00e0tic - Esplac","isPartOf":{"@id":"https:\/\/www.esplac.cat\/#website"},"primaryImageOfPage":{"@id":"https:\/\/www.esplac.cat\/es\/feina-tecnica-informatica\/#primaryimage"},"image":{"@id":"https:\/\/www.esplac.cat\/es\/feina-tecnica-informatica\/#primaryimage"},"thumbnailUrl":"https:\/\/www.esplac.cat\/wp-content\/uploads\/2018\/05\/Noti_Web_Valles_AGO-2.jpg","datePublished":"2018-10-04T12:27:38+00:00","breadcrumb":{"@id":"https:\/\/www.esplac.cat\/es\/feina-tecnica-informatica\/#breadcrumb"},"inLanguage":"es","potentialAction":[{"@type":"ReadAction","target":["https:\/\/www.esplac.cat\/es\/feina-tecnica-informatica\/"]}]},{"@type":"ImageObject","inLanguage":"es","@id":"https:\/\/www.esplac.cat\/es\/feina-tecnica-informatica\/#primaryimage","url":"https:\/\/www.esplac.cat\/wp-content\/uploads\/2018\/05\/Noti_Web_Valles_AGO-2.jpg","contentUrl":"https:\/\/www.esplac.cat\/wp-content\/uploads\/2018\/05\/Noti_Web_Valles_AGO-2.jpg","width":847,"height":350},{"@type":"BreadcrumbList","@id":"https:\/\/www.esplac.cat\/es\/feina-tecnica-informatica\/#breadcrumb","itemListElement":[{"@type":"ListItem","position":1,"name":"Inici","item":"https:\/\/www.esplac.cat\/es\/"},{"@type":"ListItem","position":2,"name":"Obrim una pla\u00e7a de t\u00e8cnic\/a de suport inform\u00e0tic"}]},{"@type":"WebSite","@id":"https:\/\/www.esplac.cat\/#website","url":"https:\/\/www.esplac.cat\/","name":"Esplac","description":"Esplais Catalans","publisher":{"@id":"https:\/\/www.esplac.cat\/#organization"},"potentialAction":[{"@type":"SearchAction","target":{"@type":"EntryPoint","urlTemplate":"https:\/\/www.esplac.cat\/?s={search_term_string}"},"query-input":{"@type":"PropertyValueSpecification","valueRequired":true,"valueName":"search_term_string"}}],"inLanguage":"es"},{"@type":"Organization","@id":"https:\/\/www.esplac.cat\/#organization","name":"Esplac","url":"https:\/\/www.esplac.cat\/","logo":{"@type":"ImageObject","inLanguage":"es","@id":"https:\/\/www.esplac.cat\/#\/schema\/logo\/image\/","url":"https:\/\/www.esplac.cat\/wp-content\/uploads\/2019\/08\/logox2.png","contentUrl":"https:\/\/www.esplac.cat\/wp-content\/uploads\/2019\/08\/logox2.png","width":600,"height":295,"caption":"Esplac"},"image":{"@id":"https:\/\/www.esplac.cat\/#\/schema\/logo\/image\/"}},{"@type":"Person","@id":"https:\/\/www.esplac.cat\/#\/schema\/person\/908383cf240be18b68f8855d0583faca","name":"Comunicaci\u00f3 Esplac","image":{"@type":"ImageObject","inLanguage":"es","@id":"https:\/\/secure.gravatar.com\/avatar\/7a4cf8feb412a76ea4a740ca02d95b06b2907b5a6c648c2dd0a1082a093c3141?s=96&d=mm&r=g","url":"https:\/\/secure.gravatar.com\/avatar\/7a4cf8feb412a76ea4a740ca02d95b06b2907b5a6c648c2dd0a1082a093c3141?s=96&d=mm&r=g","contentUrl":"https:\/\/secure.gravatar.com\/avatar\/7a4cf8feb412a76ea4a740ca02d95b06b2907b5a6c648c2dd0a1082a093c3141?s=96&d=mm&r=g","caption":"Comunicaci\u00f3 Esplac"}}]}},"_links":{"self":[{"href":"https:\/\/www.esplac.cat\/es\/wp-json\/wp\/v2\/posts\/23964","targetHints":{"allow":["GET"]}}],"collection":[{"href":"https:\/\/www.esplac.cat\/es\/wp-json\/wp\/v2\/posts"}],"about":[{"href":"https:\/\/www.esplac.cat\/es\/wp-json\/wp\/v2\/types\/post"}],"author":[{"embeddable":true,"href":"https:\/\/www.esplac.cat\/es\/wp-json\/wp\/v2\/users\/3"}],"replies":[{"embeddable":true,"href":"https:\/\/www.esplac.cat\/es\/wp-json\/wp\/v2\/comments?post=23964"}],"version-history":[{"count":0,"href":"https:\/\/www.esplac.cat\/es\/wp-json\/wp\/v2\/posts\/23964\/revisions"}],"wp:featuredmedia":[{"embeddable":true,"href":"https:\/\/www.esplac.cat\/es\/wp-json\/wp\/v2\/media\/23590"}],"wp:attachment":[{"href":"https:\/\/www.esplac.cat\/es\/wp-json\/wp\/v2\/media?parent=23964"}],"wp:term":[{"taxonomy":"category","embeddable":true,"href":"https:\/\/www.esplac.cat\/es\/wp-json\/wp\/v2\/categories?post=23964"},{"taxonomy":"post_tag","embeddable":true,"href":"https:\/\/www.esplac.cat\/es\/wp-json\/wp\/v2\/tags?post=23964"}],"curies":[{"name":"wp","href":"https:\/\/api.w.org\/{rel}","templated":true}]}}